{"id":2899,"date":"2021-08-30T11:18:36","date_gmt":"2021-08-30T11:18:36","guid":{"rendered":"https:\/\/www.https:\/\/zozo.buyee.jp\/\/news\/?p=2899"},"modified":"2021-08-30T11:21:10","modified_gmt":"2021-08-30T11:21:10","slug":"cnam-plus-de-3-000-000-de-personnes-enrolees-a-la-date-du-23-aout-2021","status":"publish","type":"post","link":"https:\/\/www.amanien.info\/news\/cnam-plus-de-3-000-000-de-personnes-enrolees-a-la-date-du-23-aout-2021\/","title":{"rendered":"CNAM : Plus de 3 000 000 de personnes enr\u00f4l\u00e9es \u00e0 la date du 23 ao\u00fbt 2021"},"content":{"rendered":"<div><span style=\"font-size: large;\">Le Directeur G\u00e9n\u00e9ral de la CNAM ( Caisse Nationale d&rsquo;Assurance Maladie), Bamba Karim a proc\u00e9d\u00e9, ce mercredi 25 Ao\u00fbt \u00e0 Att\u00e9coub\u00e9, au lancement des \u00ab\u00a0\u00e9v\u00e9nements de la CNAM\u00a0\u00bb.\u00a0<\/span><\/div>\n<div>\n<div><span style=\"font-size: large;\">\u00a0<\/span><\/div>\n<div><span style=\"font-size: large;\">\u00a0<\/span><\/div>\n<div><span style=\"font-size: large;\">Dans son intervention, le Directeur G\u00e9n\u00e9ral de la CNAM, Bamba Karim a, d&#8217;embl\u00e9e, indiqu\u00e9 que la Couverture Maladie Universelle (CMU) est un syst\u00e8me national obligatoire de couverture contre le risque maladie dont l&rsquo;objectif est d&rsquo;assurer l&rsquo;acc\u00e8s \u00e0 des soins de sant\u00e9 de qualit\u00e9 \u00e0 moindre co\u00fbt, \u00e0 l&rsquo;ensemble des populations r\u00e9sidant en C\u00f4te d&rsquo;Ivoire, et non ivoiriennes.\u00a0<\/span><\/div>\n<div><span style=\"font-size: large;\">\u00a0<\/span><\/div>\n<div><span style=\"font-size: large;\">La CMU, indique-t-il, comprend 2 r\u00e9gimes.\u00a0<\/span><\/div>\n<div><span style=\"font-size: large;\">Il s&rsquo;agit du r\u00e9gime contributif, appel\u00e9 R\u00e9gime G\u00e9n\u00e9ral de Base(RGB) financ\u00e9 par les cotisations des assur\u00e9s, qui vise la majorit\u00e9 des populations r\u00e9sidant en C\u00f4te d&rsquo;Ivoire et du r\u00e9gime non contributif, d\u00e9nomm\u00e9 R\u00e9gime d&rsquo;Assistance M\u00e9dicale(RAM) qui vise les m\u00e9nages \u00e9conomiquement faibles ou d\u00e9munis et dans lequel l&rsquo;Etat se substitue aux assur\u00e9s pour le paiement des cotisations et de leur ticket mod\u00e9rateur.\u00a0<\/span><\/div>\n<div><span style=\"font-size: large;\">\u00a0<\/span><\/div>\n<div><span style=\"font-size: large;\">La gestion, explique-t-il, de ces 2 r\u00e9gimes a \u00e9t\u00e9 confi\u00e9e \u00e0 l&rsquo;Institution de Pr\u00e9voyance Sociale d\u00e9nomm\u00e9e IPS-CNAM cr\u00e9\u00e9e par le d\u00e9cret n\u00b02014-395 du 25 juin 2014.\u00a0<\/span><\/div>\n<div><span style=\"font-size: large;\">\u00a0<\/span><\/div>\n<div><span style=\"font-size: large;\">Pendant la p\u00e9riode d&rsquo;avril 2017 \u00e0 d\u00e9cembre 2018, la CMU est entr\u00e9e dans sa phase active avec le d\u00e9but des pr\u00e9l\u00e8vements des cotisations, le 1er octobre 2019 apr\u00e8s une phase exp\u00e9rimentale men\u00e9e sur la population cible des \u00e9tudiants.\u00a0<\/span><\/div>\n<div><span style=\"font-size: large;\">A la date du 23 ao\u00fbt 2021, 3 147 235 personnes se sont enr\u00f4l\u00e9es, 2 871 920 cartes ont \u00e9t\u00e9 produites et 2 007 830 cartes ont \u00e9t\u00e9 distribu\u00e9es.\u00a0<\/span><\/div>\n<div><span style=\"font-size: large;\">Pour ce qui est des prestations de soins, ce sont, au total, 173 060 assur\u00e9s trait\u00e9s, 542 268 actes d\u00e9livr\u00e9s et 181 183 ordonnances dispens\u00e9es.\u00a0<\/span><\/div>\n<div><span style=\"font-size: large;\">\u00a0<\/span><\/div>\n<div><span style=\"font-size: large;\">A en croire le DG Bamba Karim, \u00ab\u00a0malgr\u00e9 les r\u00e9sultats significatifs enregistr\u00e9s ces derni\u00e8res ann\u00e9es,\u00a0 certains d\u00e9fis restent \u00e0 relever dans les ann\u00e9es \u00e0 venir et ce, du fait de l&rsquo;ind\u00e9niable complexit\u00e9 de la mise en place d&rsquo;un syst\u00e8me de couverture contre le risque maladie\u00a0\u00bb a-t-il soulign\u00e9.\u00a0<\/span><\/div>\n<div><span style=\"font-size: large;\">\u00a0<\/span><\/div>\n<div><span style=\"font-size: large;\">Puis d&rsquo;ajouter :<i> &lt;&lt; Pour r\u00e9ussir la CMU, nous devons \u0153uvrer ensemble&gt;&gt;.\u00a0<\/i><\/span><\/div>\n<div><span style=\"font-size: large;\">\u00a0<\/span><\/div>\n<div><span style=\"font-size: large;\">\u00a0<\/span><\/div>\n<div><span style=\"font-size: large;\">Bamba Karim et son \u00e9quipe ont, par ailleurs, saisi cette occasion pour \u00e9tablir une plateforme de dialogue, sensibiliser les populations sur certaines pathologies non prises en charge par la CMU et sur certains fl\u00e9aux qui touchent les jeunes.\u00a0<\/span><\/div>\n<div><span style=\"font-size: large;\">A savoir, le tabagisme, l&rsquo;alcoolisme, la drogue, des substances qui, selon le Directeur G\u00e9n\u00e9ral, \u00ab\u00a0mettent en danger nos enfants\u00a0\u00bb.\u00a0<\/span><\/div>\n<div><span style=\"font-size: large;\">\u00a0<\/span><\/div>\n<div><span style=\"font-size: large;\"><i>&lt;&lt; Notre responsabilit\u00e9 soci\u00e9tale nous appelle et nous demande une sensibilisation pr\u00e9ventive, en direction de tous afin que les populations s&rsquo;inscrivent dans une hygi\u00e8ne de vie parfaite pour favoriser le maintien d&rsquo;une bonne sant\u00e9, gage de d\u00e9veloppement&gt;&gt;<\/i> a fait savoir le premier responsable de la CNAM.\u00a0<\/span><\/div>\n<div><span style=\"font-size: large;\">\u00a0<\/span><\/div>\n<div><span style=\"font-size: large;\">\u00a0<\/span><\/div>\n<div><span style=\"font-size: large;\">Notons que dans quelques semaines, les communes de Bingerville et Koumassi accueilliront les \u00e9v\u00e8nements de la CNAM.\u00a0<\/span><\/div>\n<div><span style=\"font-size: large;\">Toutes les communes de la ville d&rsquo;Abidjan et celles de l&rsquo;int\u00e9rieur du pays seront \u00e9galement sillonn\u00e9es.\u00a0<\/span><\/div>\n<div><\/div>\n<div><\/div>\n<div><\/div>\n<div><\/div>\n<div><\/div>\n<div><\/div>\n<div><b><span style=\"font-size: large;\">\u00a0 S.A.<\/span><\/b><\/div>\n<\/div>\n","protected":false},"excerpt":{"rendered":"<p>Le Directeur G\u00e9n\u00e9ral de la CNAM ( Caisse Nationale d&rsquo;Assurance Maladie), Bamba Karim a proc\u00e9d\u00e9, ce mercredi 25 Ao\u00fbt \u00e0 Att\u00e9coub\u00e9, au lancement des \u00ab\u00a0\u00e9v\u00e9nements de la CNAM\u00a0\u00bb.\u00a0 \u00a0 \u00a0 Dans son intervention, le Directeur G\u00e9n\u00e9ral de la CNAM, Bamba Karim a, d&#8217;embl\u00e9e, indiqu\u00e9 que la Couverture Maladie Universelle (CMU) est un syst\u00e8me national obligatoire [&hellip;]<\/p>\n","protected":false},"author":2,"featured_media":2900,"comment_status":"closed","ping_status":"closed","sticky":true,"template":"","format":"standard","meta":{"_acf_changed":false,"footnotes":""},"categories":[],"tags":[],"class_list":["post-2899","post","type-post","status-publish","format-standard","has-post-thumbnail","hentry"],"acf":[],"yoast_head":"<!-- This site is optimized with the Yoast SEO plugin v27.5 - https:\/\/yoast.com\/product\/yoast-seo-wordpress\/ -->\n<title>CNAM : Plus de 3 000 000 de personnes enr\u00f4l\u00e9es \u00e0 la date du 23 ao\u00fbt 2021 - Amanien| L&#039;actualit\u00e9 Ivoirienne et Internationale<\/title>\n<meta name=\"robots\" content=\"index, follow, max-snippet:-1, max-image-preview:large, max-video-preview:-1\" \/>\n<link rel=\"canonical\" href=\"https:\/\/www.amanien.info\/news\/cnam-plus-de-3-000-000-de-personnes-enrolees-a-la-date-du-23-aout-2021\/\" \/>\n<meta property=\"og:locale\" content=\"fr_FR\" \/>\n<meta property=\"og:type\" content=\"article\" \/>\n<meta property=\"og:title\" content=\"CNAM : Plus de 3 000 000 de personnes enr\u00f4l\u00e9es \u00e0 la date du 23 ao\u00fbt 2021 - Amanien| L&#039;actualit\u00e9 Ivoirienne et Internationale\" \/>\n<meta property=\"og:description\" content=\"Le Directeur G\u00e9n\u00e9ral de la CNAM ( Caisse Nationale d&rsquo;Assurance Maladie), Bamba Karim a proc\u00e9d\u00e9, ce mercredi 25 Ao\u00fbt \u00e0 Att\u00e9coub\u00e9, au lancement des \u00ab\u00a0\u00e9v\u00e9nements de la CNAM\u00a0\u00bb.\u00a0 \u00a0 \u00a0 Dans son intervention, le Directeur G\u00e9n\u00e9ral de la CNAM, Bamba Karim a, d&#8217;embl\u00e9e, indiqu\u00e9 que la Couverture Maladie Universelle (CMU) est un syst\u00e8me national obligatoire [&hellip;]\" \/>\n<meta property=\"og:url\" content=\"https:\/\/www.amanien.info\/news\/cnam-plus-de-3-000-000-de-personnes-enrolees-a-la-date-du-23-aout-2021\/\" \/>\n<meta property=\"og:site_name\" content=\"Amanien| L&#039;actualit\u00e9 Ivoirienne et Internationale\" \/>\n<meta property=\"article:published_time\" content=\"2021-08-30T11:18:36+00:00\" \/>\n<meta property=\"article:modified_time\" content=\"2021-08-30T11:21:10+00:00\" \/>\n<meta property=\"og:image\" content=\"https:\/\/www.amanien.info\/news\/wp-content\/uploads\/2021\/08\/thumbnail-6.jpg\" \/>\n\t<meta property=\"og:image:width\" content=\"1080\" \/>\n\t<meta property=\"og:image:height\" content=\"810\" \/>\n\t<meta property=\"og:image:type\" content=\"image\/jpeg\" \/>\n<meta name=\"author\" content=\"Germain Ndri\" \/>\n<meta name=\"twitter:card\" content=\"summary_large_image\" \/>\n<meta name=\"twitter:label1\" content=\"\u00c9crit par\" \/>\n\t<meta name=\"twitter:data1\" content=\"Germain Ndri\" \/>\n\t<meta name=\"twitter:label2\" content=\"Dur\u00e9e de lecture estim\u00e9e\" \/>\n\t<meta name=\"twitter:data2\" content=\"3 minutes\" \/>\n<script type=\"application\/ld+json\" class=\"yoast-schema-graph\">{\"@context\":\"https:\\\/\\\/schema.org\",\"@graph\":[{\"@type\":\"Article\",\"@id\":\"https:\\\/\\\/www.amanien.info\\\/news\\\/cnam-plus-de-3-000-000-de-personnes-enrolees-a-la-date-du-23-aout-2021\\\/#article\",\"isPartOf\":{\"@id\":\"https:\\\/\\\/www.amanien.info\\\/news\\\/cnam-plus-de-3-000-000-de-personnes-enrolees-a-la-date-du-23-aout-2021\\\/\"},\"author\":{\"name\":\"Germain Ndri\",\"@id\":\"https:\\\/\\\/www.amanien.info\\\/news\\\/#\\\/schema\\\/person\\\/b21093345753a1a98242d505bd894f42\"},\"headline\":\"CNAM : Plus de 3 000 000 de personnes enr\u00f4l\u00e9es \u00e0 la date du 23 ao\u00fbt 2021\",\"datePublished\":\"2021-08-30T11:18:36+00:00\",\"dateModified\":\"2021-08-30T11:21:10+00:00\",\"mainEntityOfPage\":{\"@id\":\"https:\\\/\\\/www.amanien.info\\\/news\\\/cnam-plus-de-3-000-000-de-personnes-enrolees-a-la-date-du-23-aout-2021\\\/\"},\"wordCount\":549,\"image\":{\"@id\":\"https:\\\/\\\/www.amanien.info\\\/news\\\/cnam-plus-de-3-000-000-de-personnes-enrolees-a-la-date-du-23-aout-2021\\\/#primaryimage\"},\"thumbnailUrl\":\"https:\\\/\\\/www.amanien.info\\\/news\\\/wp-content\\\/uploads\\\/2021\\\/08\\\/thumbnail-6.jpg\",\"inLanguage\":\"fr-FR\"},{\"@type\":\"WebPage\",\"@id\":\"https:\\\/\\\/www.amanien.info\\\/news\\\/cnam-plus-de-3-000-000-de-personnes-enrolees-a-la-date-du-23-aout-2021\\\/\",\"url\":\"https:\\\/\\\/www.amanien.info\\\/news\\\/cnam-plus-de-3-000-000-de-personnes-enrolees-a-la-date-du-23-aout-2021\\\/\",\"name\":\"CNAM : Plus de 3 000 000 de personnes enr\u00f4l\u00e9es \u00e0 la date du 23 ao\u00fbt 2021 - Amanien| L&#039;actualit\u00e9 Ivoirienne et Internationale\",\"isPartOf\":{\"@id\":\"https:\\\/\\\/www.amanien.info\\\/news\\\/#website\"},\"primaryImageOfPage\":{\"@id\":\"https:\\\/\\\/www.amanien.info\\\/news\\\/cnam-plus-de-3-000-000-de-personnes-enrolees-a-la-date-du-23-aout-2021\\\/#primaryimage\"},\"image\":{\"@id\":\"https:\\\/\\\/www.amanien.info\\\/news\\\/cnam-plus-de-3-000-000-de-personnes-enrolees-a-la-date-du-23-aout-2021\\\/#primaryimage\"},\"thumbnailUrl\":\"https:\\\/\\\/www.amanien.info\\\/news\\\/wp-content\\\/uploads\\\/2021\\\/08\\\/thumbnail-6.jpg\",\"datePublished\":\"2021-08-30T11:18:36+00:00\",\"dateModified\":\"2021-08-30T11:21:10+00:00\",\"author\":{\"@id\":\"https:\\\/\\\/www.amanien.info\\\/news\\\/#\\\/schema\\\/person\\\/b21093345753a1a98242d505bd894f42\"},\"breadcrumb\":{\"@id\":\"https:\\\/\\\/www.amanien.info\\\/news\\\/cnam-plus-de-3-000-000-de-personnes-enrolees-a-la-date-du-23-aout-2021\\\/#breadcrumb\"},\"inLanguage\":\"fr-FR\",\"potentialAction\":[{\"@type\":\"ReadAction\",\"target\":[\"https:\\\/\\\/www.amanien.info\\\/news\\\/cnam-plus-de-3-000-000-de-personnes-enrolees-a-la-date-du-23-aout-2021\\\/\"]}]},{\"@type\":\"ImageObject\",\"inLanguage\":\"fr-FR\",\"@id\":\"https:\\\/\\\/www.amanien.info\\\/news\\\/cnam-plus-de-3-000-000-de-personnes-enrolees-a-la-date-du-23-aout-2021\\\/#primaryimage\",\"url\":\"https:\\\/\\\/www.amanien.info\\\/news\\\/wp-content\\\/uploads\\\/2021\\\/08\\\/thumbnail-6.jpg\",\"contentUrl\":\"https:\\\/\\\/www.amanien.info\\\/news\\\/wp-content\\\/uploads\\\/2021\\\/08\\\/thumbnail-6.jpg\",\"width\":1080,\"height\":810},{\"@type\":\"BreadcrumbList\",\"@id\":\"https:\\\/\\\/www.amanien.info\\\/news\\\/cnam-plus-de-3-000-000-de-personnes-enrolees-a-la-date-du-23-aout-2021\\\/#breadcrumb\",\"itemListElement\":[{\"@type\":\"ListItem\",\"position\":1,\"name\":\"Accueil\",\"item\":\"https:\\\/\\\/www.amanien.info\\\/news\\\/\"},{\"@type\":\"ListItem\",\"position\":2,\"name\":\"CNAM : Plus de 3 000 000 de personnes enr\u00f4l\u00e9es \u00e0 la date du 23 ao\u00fbt 2021\"}]},{\"@type\":\"WebSite\",\"@id\":\"https:\\\/\\\/www.amanien.info\\\/news\\\/#website\",\"url\":\"https:\\\/\\\/www.amanien.info\\\/news\\\/\",\"name\":\"Amanien| L&#039;actualit\u00e9 Ivoirienne et Internationale\",\"description\":\"L&#039;actualit\u00e9 Ivoirienne et Internationale\",\"potentialAction\":[{\"@type\":\"SearchAction\",\"target\":{\"@type\":\"EntryPoint\",\"urlTemplate\":\"https:\\\/\\\/www.amanien.info\\\/news\\\/?s={search_term_string}\"},\"query-input\":{\"@type\":\"PropertyValueSpecification\",\"valueRequired\":true,\"valueName\":\"search_term_string\"}}],\"inLanguage\":\"fr-FR\"},{\"@type\":\"Person\",\"@id\":\"https:\\\/\\\/www.amanien.info\\\/news\\\/#\\\/schema\\\/person\\\/b21093345753a1a98242d505bd894f42\",\"name\":\"Germain Ndri\",\"url\":\"https:\\\/\\\/www.amanien.info\\\/news\\\/author\\\/amanien-infos\\\/\"}]}<\/script>\n<!-- \/ Yoast SEO plugin. -->","yoast_head_json":{"title":"CNAM : Plus de 3 000 000 de personnes enr\u00f4l\u00e9es \u00e0 la date du 23 ao\u00fbt 2021 - Amanien| L&#039;actualit\u00e9 Ivoirienne et Internationale","robots":{"index":"index","follow":"follow","max-snippet":"max-snippet:-1","max-image-preview":"max-image-preview:large","max-video-preview":"max-video-preview:-1"},"canonical":"https:\/\/www.amanien.info\/news\/cnam-plus-de-3-000-000-de-personnes-enrolees-a-la-date-du-23-aout-2021\/","og_locale":"fr_FR","og_type":"article","og_title":"CNAM : Plus de 3 000 000 de personnes enr\u00f4l\u00e9es \u00e0 la date du 23 ao\u00fbt 2021 - Amanien| L&#039;actualit\u00e9 Ivoirienne et Internationale","og_description":"Le Directeur G\u00e9n\u00e9ral de la CNAM ( Caisse Nationale d&rsquo;Assurance Maladie), Bamba Karim a proc\u00e9d\u00e9, ce mercredi 25 Ao\u00fbt \u00e0 Att\u00e9coub\u00e9, au lancement des \u00ab\u00a0\u00e9v\u00e9nements de la CNAM\u00a0\u00bb.\u00a0 \u00a0 \u00a0 Dans son intervention, le Directeur G\u00e9n\u00e9ral de la CNAM, Bamba Karim a, d&#8217;embl\u00e9e, indiqu\u00e9 que la Couverture Maladie Universelle (CMU) est un syst\u00e8me national obligatoire [&hellip;]","og_url":"https:\/\/www.amanien.info\/news\/cnam-plus-de-3-000-000-de-personnes-enrolees-a-la-date-du-23-aout-2021\/","og_site_name":"Amanien| L&#039;actualit\u00e9 Ivoirienne et Internationale","article_published_time":"2021-08-30T11:18:36+00:00","article_modified_time":"2021-08-30T11:21:10+00:00","og_image":[{"width":1080,"height":810,"url":"https:\/\/www.amanien.info\/news\/wp-content\/uploads\/2021\/08\/thumbnail-6.jpg","type":"image\/jpeg"}],"author":"Germain Ndri","twitter_card":"summary_large_image","twitter_misc":{"\u00c9crit par":"Germain Ndri","Dur\u00e9e de lecture estim\u00e9e":"3 minutes"},"schema":{"@context":"https:\/\/schema.org","@graph":[{"@type":"Article","@id":"https:\/\/www.amanien.info\/news\/cnam-plus-de-3-000-000-de-personnes-enrolees-a-la-date-du-23-aout-2021\/#article","isPartOf":{"@id":"https:\/\/www.amanien.info\/news\/cnam-plus-de-3-000-000-de-personnes-enrolees-a-la-date-du-23-aout-2021\/"},"author":{"name":"Germain Ndri","@id":"https:\/\/www.amanien.info\/news\/#\/schema\/person\/b21093345753a1a98242d505bd894f42"},"headline":"CNAM : Plus de 3 000 000 de personnes enr\u00f4l\u00e9es \u00e0 la date du 23 ao\u00fbt 2021","datePublished":"2021-08-30T11:18:36+00:00","dateModified":"2021-08-30T11:21:10+00:00","mainEntityOfPage":{"@id":"https:\/\/www.amanien.info\/news\/cnam-plus-de-3-000-000-de-personnes-enrolees-a-la-date-du-23-aout-2021\/"},"wordCount":549,"image":{"@id":"https:\/\/www.amanien.info\/news\/cnam-plus-de-3-000-000-de-personnes-enrolees-a-la-date-du-23-aout-2021\/#primaryimage"},"thumbnailUrl":"https:\/\/www.amanien.info\/news\/wp-content\/uploads\/2021\/08\/thumbnail-6.jpg","inLanguage":"fr-FR"},{"@type":"WebPage","@id":"https:\/\/www.amanien.info\/news\/cnam-plus-de-3-000-000-de-personnes-enrolees-a-la-date-du-23-aout-2021\/","url":"https:\/\/www.amanien.info\/news\/cnam-plus-de-3-000-000-de-personnes-enrolees-a-la-date-du-23-aout-2021\/","name":"CNAM : Plus de 3 000 000 de personnes enr\u00f4l\u00e9es \u00e0 la date du 23 ao\u00fbt 2021 - Amanien| L&#039;actualit\u00e9 Ivoirienne et Internationale","isPartOf":{"@id":"https:\/\/www.amanien.info\/news\/#website"},"primaryImageOfPage":{"@id":"https:\/\/www.amanien.info\/news\/cnam-plus-de-3-000-000-de-personnes-enrolees-a-la-date-du-23-aout-2021\/#primaryimage"},"image":{"@id":"https:\/\/www.amanien.info\/news\/cnam-plus-de-3-000-000-de-personnes-enrolees-a-la-date-du-23-aout-2021\/#primaryimage"},"thumbnailUrl":"https:\/\/www.amanien.info\/news\/wp-content\/uploads\/2021\/08\/thumbnail-6.jpg","datePublished":"2021-08-30T11:18:36+00:00","dateModified":"2021-08-30T11:21:10+00:00","author":{"@id":"https:\/\/www.amanien.info\/news\/#\/schema\/person\/b21093345753a1a98242d505bd894f42"},"breadcrumb":{"@id":"https:\/\/www.amanien.info\/news\/cnam-plus-de-3-000-000-de-personnes-enrolees-a-la-date-du-23-aout-2021\/#breadcrumb"},"inLanguage":"fr-FR","potentialAction":[{"@type":"ReadAction","target":["https:\/\/www.amanien.info\/news\/cnam-plus-de-3-000-000-de-personnes-enrolees-a-la-date-du-23-aout-2021\/"]}]},{"@type":"ImageObject","inLanguage":"fr-FR","@id":"https:\/\/www.amanien.info\/news\/cnam-plus-de-3-000-000-de-personnes-enrolees-a-la-date-du-23-aout-2021\/#primaryimage","url":"https:\/\/www.amanien.info\/news\/wp-content\/uploads\/2021\/08\/thumbnail-6.jpg","contentUrl":"https:\/\/www.amanien.info\/news\/wp-content\/uploads\/2021\/08\/thumbnail-6.jpg","width":1080,"height":810},{"@type":"BreadcrumbList","@id":"https:\/\/www.amanien.info\/news\/cnam-plus-de-3-000-000-de-personnes-enrolees-a-la-date-du-23-aout-2021\/#breadcrumb","itemListElement":[{"@type":"ListItem","position":1,"name":"Accueil","item":"https:\/\/www.amanien.info\/news\/"},{"@type":"ListItem","position":2,"name":"CNAM : Plus de 3 000 000 de personnes enr\u00f4l\u00e9es \u00e0 la date du 23 ao\u00fbt 2021"}]},{"@type":"WebSite","@id":"https:\/\/www.amanien.info\/news\/#website","url":"https:\/\/www.amanien.info\/news\/","name":"Amanien| L&#039;actualit\u00e9 Ivoirienne et Internationale","description":"L&#039;actualit\u00e9 Ivoirienne et Internationale","potentialAction":[{"@type":"SearchAction","target":{"@type":"EntryPoint","urlTemplate":"https:\/\/www.amanien.info\/news\/?s={search_term_string}"},"query-input":{"@type":"PropertyValueSpecification","valueRequired":true,"valueName":"search_term_string"}}],"inLanguage":"fr-FR"},{"@type":"Person","@id":"https:\/\/www.amanien.info\/news\/#\/schema\/person\/b21093345753a1a98242d505bd894f42","name":"Germain Ndri","url":"https:\/\/www.amanien.info\/news\/author\/amanien-infos\/"}]}},"_links":{"self":[{"href":"https:\/\/www.amanien.info\/news\/wp-json\/wp\/v2\/posts\/2899","targetHints":{"allow":["GET"]}}],"collection":[{"href":"https:\/\/www.amanien.info\/news\/wp-json\/wp\/v2\/posts"}],"about":[{"href":"https:\/\/www.amanien.info\/news\/wp-json\/wp\/v2\/types\/post"}],"author":[{"embeddable":true,"href":"https:\/\/www.amanien.info\/news\/wp-json\/wp\/v2\/users\/2"}],"replies":[{"embeddable":true,"href":"https:\/\/www.amanien.info\/news\/wp-json\/wp\/v2\/comments?post=2899"}],"version-history":[{"count":1,"href":"https:\/\/www.amanien.info\/news\/wp-json\/wp\/v2\/posts\/2899\/revisions"}],"predecessor-version":[{"id":2901,"href":"https:\/\/www.amanien.info\/news\/wp-json\/wp\/v2\/posts\/2899\/revisions\/2901"}],"wp:featuredmedia":[{"embeddable":true,"href":"https:\/\/www.amanien.info\/news\/wp-json\/wp\/v2\/media\/2900"}],"wp:attachment":[{"href":"https:\/\/www.amanien.info\/news\/wp-json\/wp\/v2\/media?parent=2899"}],"wp:term":[{"taxonomy":"category","embeddable":true,"href":"https:\/\/www.amanien.info\/news\/wp-json\/wp\/v2\/categories?post=2899"},{"taxonomy":"post_tag","embeddable":true,"href":"https:\/\/www.amanien.info\/news\/wp-json\/wp\/v2\/tags?post=2899"}],"curies":[{"name":"wp","href":"https:\/\/api.w.org\/{rel}","templated":true}]}}