{"id":2890,"date":"2021-08-18T10:02:12","date_gmt":"2021-08-18T10:02:12","guid":{"rendered":"https:\/\/www.https:\/\/zozo.buyee.jp\/\/news\/?p=2890"},"modified":"2021-08-18T10:02:43","modified_gmt":"2021-08-18T10:02:43","slug":"sport-can-de-football-2021-la-cote-divoire-dans-le-groupe-e","status":"publish","type":"post","link":"https:\/\/www.amanien.info\/news\/sport-can-de-football-2021-la-cote-divoire-dans-le-groupe-e\/","title":{"rendered":"Sport\/ Can de football 2021: La C\u00f4te d&rsquo;Ivoire dans le groupe E"},"content":{"rendered":"<div class=\"msg-body P_wpofO mq_AS\" data-test-id=\"message-view-body-content\">\n<div class=\"jb_0 X_6MGW N_6Fd5\">\n<div>\n<div id=\"yiv8260813354\">\n<div>\n<div>Le tirage au sort des poules de la coupe d Afrique des Nations de football 2021, qui se d\u00e9roulera du 9 janvier au 8 f\u00e9vrier 2022 au Cameroun, a \u00e9t\u00e9 effectu\u00e9 le 17 ao\u00fbt. La\u00a0 C\u00f4te d&rsquo;Ivoire \u00e9voluera dans le Groupe E en compagnie de l&rsquo;Alg\u00e9rie, de la Sierra Leone et la Guin\u00e9e Equatoriale.<\/div>\n<p>Le tirage au sort des groupes a \u00e9t\u00e9 fait par des anciennes gloires du football africain dont Didier Drogba, Samuel Eto&rsquo;o et Rabah Madjer, Assomoa Gyan et une joueuse de football, en pr\u00e9sence\u00a0 du pr\u00e9sident de la Conf\u00e9d\u00e9ration africaine de football (CAF), Patrice Motsepe.<br \/>\nCinq villes vont abriter cette 33\u00e8me \u00e9dition de la Can. Se sont Yaound\u00e9 pour les poules A et C, Bafoussam pour la poule B, Douala pour la poule E, Garoua la poule D et Limb\u00e9 la poule F. 24 pays participent \u00e0 cette \u00e9dition et le match d&rsquo; ouverture opposera le Cameroun au Burkna- Faso.<\/p>\n<div>Les diff\u00e9rents poules constitu\u00e9s:<br \/>\nA : Cameroun, Burkina Faso, \u00c9thiopie, Cap-Vert.<br \/>\nB : S\u00e9n\u00e9gal, Zimbabwe, Guin\u00e9e, Malawi.<br \/>\nC : Maroc, Ghana, Comores, Gabon.<br \/>\nD : Nigeria, Egypte, Soudan, Guin\u00e9e-Bissau.<br \/>\nE : Alg\u00e9rie, Sierra Leone, Guin\u00e9e \u00e9quatoriale, C\u00f4te d\u2019Ivoire.<br \/>\nF : Tunisie, Mali, Mauritanie, Gambie.<\/div>\n<div>C.W<\/div>\n<\/div>\n<\/div>\n<\/div>\n<\/div>\n<\/div>\n","protected":false},"excerpt":{"rendered":"<p>Le tirage au sort des poules de la coupe d Afrique des Nations de football 2021, qui se d\u00e9roulera du 9 janvier au 8 f\u00e9vrier 2022 au Cameroun, a \u00e9t\u00e9 effectu\u00e9 le 17 ao\u00fbt. La\u00a0 C\u00f4te d&rsquo;Ivoire \u00e9voluera dans le Groupe E en compagnie de l&rsquo;Alg\u00e9rie, de la Sierra Leone et la Guin\u00e9e Equatoriale. Le [&hellip;]<\/p>\n","protected":false},"author":2,"featured_media":2891,"comment_status":"closed","ping_status":"closed","sticky":true,"template":"","format":"standard","meta":{"_acf_changed":false,"footnotes":""},"categories":[],"tags":[],"class_list":["post-2890","post","type-post","status-publish","format-standard","has-post-thumbnail","hentry"],"acf":[],"yoast_head":"<!-- This site is optimized with the Yoast SEO plugin v27.5 - https:\/\/yoast.com\/product\/yoast-seo-wordpress\/ -->\n<title>Sport\/ Can de football 2021: La C\u00f4te d&#039;Ivoire dans le groupe E - Amanien| L&#039;actualit\u00e9 Ivoirienne et Internationale<\/title>\n<meta name=\"robots\" content=\"index, follow, max-snippet:-1, max-image-preview:large, max-video-preview:-1\" \/>\n<link rel=\"canonical\" href=\"https:\/\/www.amanien.info\/news\/sport-can-de-football-2021-la-cote-divoire-dans-le-groupe-e\/\" \/>\n<meta property=\"og:locale\" content=\"fr_FR\" \/>\n<meta property=\"og:type\" content=\"article\" \/>\n<meta property=\"og:title\" content=\"Sport\/ Can de football 2021: La C\u00f4te d&#039;Ivoire dans le groupe E - Amanien| L&#039;actualit\u00e9 Ivoirienne et Internationale\" \/>\n<meta property=\"og:description\" content=\"Le tirage au sort des poules de la coupe d Afrique des Nations de football 2021, qui se d\u00e9roulera du 9 janvier au 8 f\u00e9vrier 2022 au Cameroun, a \u00e9t\u00e9 effectu\u00e9 le 17 ao\u00fbt. La\u00a0 C\u00f4te d&rsquo;Ivoire \u00e9voluera dans le Groupe E en compagnie de l&rsquo;Alg\u00e9rie, de la Sierra Leone et la Guin\u00e9e Equatoriale. Le [&hellip;]\" \/>\n<meta property=\"og:url\" content=\"https:\/\/www.amanien.info\/news\/sport-can-de-football-2021-la-cote-divoire-dans-le-groupe-e\/\" \/>\n<meta property=\"og:site_name\" content=\"Amanien| L&#039;actualit\u00e9 Ivoirienne et Internationale\" \/>\n<meta property=\"article:published_time\" content=\"2021-08-18T10:02:12+00:00\" \/>\n<meta property=\"article:modified_time\" content=\"2021-08-18T10:02:43+00:00\" \/>\n<meta property=\"og:image\" content=\"https:\/\/www.amanien.info\/news\/wp-content\/uploads\/2021\/08\/thumbnail-5.png\" \/>\n\t<meta property=\"og:image:width\" content=\"900\" \/>\n\t<meta property=\"og:image:height\" content=\"506\" \/>\n\t<meta property=\"og:image:type\" content=\"image\/png\" \/>\n<meta name=\"author\" content=\"Germain Ndri\" \/>\n<meta name=\"twitter:card\" content=\"summary_large_image\" \/>\n<meta name=\"twitter:label1\" content=\"\u00c9crit par\" \/>\n\t<meta name=\"twitter:data1\" content=\"Germain Ndri\" \/>\n\t<meta name=\"twitter:label2\" content=\"Dur\u00e9e de lecture estim\u00e9e\" \/>\n\t<meta name=\"twitter:data2\" content=\"1 minute\" \/>\n<script type=\"application\/ld+json\" class=\"yoast-schema-graph\">{\"@context\":\"https:\\\/\\\/schema.org\",\"@graph\":[{\"@type\":\"Article\",\"@id\":\"https:\\\/\\\/www.amanien.info\\\/news\\\/sport-can-de-football-2021-la-cote-divoire-dans-le-groupe-e\\\/#article\",\"isPartOf\":{\"@id\":\"https:\\\/\\\/www.amanien.info\\\/news\\\/sport-can-de-football-2021-la-cote-divoire-dans-le-groupe-e\\\/\"},\"author\":{\"name\":\"Germain Ndri\",\"@id\":\"https:\\\/\\\/www.amanien.info\\\/news\\\/#\\\/schema\\\/person\\\/b21093345753a1a98242d505bd894f42\"},\"headline\":\"Sport\\\/ Can de football 2021: La C\u00f4te d&rsquo;Ivoire dans le groupe E\",\"datePublished\":\"2021-08-18T10:02:12+00:00\",\"dateModified\":\"2021-08-18T10:02:43+00:00\",\"mainEntityOfPage\":{\"@id\":\"https:\\\/\\\/www.amanien.info\\\/news\\\/sport-can-de-football-2021-la-cote-divoire-dans-le-groupe-e\\\/\"},\"wordCount\":222,\"image\":{\"@id\":\"https:\\\/\\\/www.amanien.info\\\/news\\\/sport-can-de-football-2021-la-cote-divoire-dans-le-groupe-e\\\/#primaryimage\"},\"thumbnailUrl\":\"https:\\\/\\\/www.amanien.info\\\/news\\\/wp-content\\\/uploads\\\/2021\\\/08\\\/thumbnail-5.png\",\"inLanguage\":\"fr-FR\"},{\"@type\":\"WebPage\",\"@id\":\"https:\\\/\\\/www.amanien.info\\\/news\\\/sport-can-de-football-2021-la-cote-divoire-dans-le-groupe-e\\\/\",\"url\":\"https:\\\/\\\/www.amanien.info\\\/news\\\/sport-can-de-football-2021-la-cote-divoire-dans-le-groupe-e\\\/\",\"name\":\"Sport\\\/ Can de football 2021: La C\u00f4te d'Ivoire dans le groupe E - Amanien| L&#039;actualit\u00e9 Ivoirienne et Internationale\",\"isPartOf\":{\"@id\":\"https:\\\/\\\/www.amanien.info\\\/news\\\/#website\"},\"primaryImageOfPage\":{\"@id\":\"https:\\\/\\\/www.amanien.info\\\/news\\\/sport-can-de-football-2021-la-cote-divoire-dans-le-groupe-e\\\/#primaryimage\"},\"image\":{\"@id\":\"https:\\\/\\\/www.amanien.info\\\/news\\\/sport-can-de-football-2021-la-cote-divoire-dans-le-groupe-e\\\/#primaryimage\"},\"thumbnailUrl\":\"https:\\\/\\\/www.amanien.info\\\/news\\\/wp-content\\\/uploads\\\/2021\\\/08\\\/thumbnail-5.png\",\"datePublished\":\"2021-08-18T10:02:12+00:00\",\"dateModified\":\"2021-08-18T10:02:43+00:00\",\"author\":{\"@id\":\"https:\\\/\\\/www.amanien.info\\\/news\\\/#\\\/schema\\\/person\\\/b21093345753a1a98242d505bd894f42\"},\"breadcrumb\":{\"@id\":\"https:\\\/\\\/www.amanien.info\\\/news\\\/sport-can-de-football-2021-la-cote-divoire-dans-le-groupe-e\\\/#breadcrumb\"},\"inLanguage\":\"fr-FR\",\"potentialAction\":[{\"@type\":\"ReadAction\",\"target\":[\"https:\\\/\\\/www.amanien.info\\\/news\\\/sport-can-de-football-2021-la-cote-divoire-dans-le-groupe-e\\\/\"]}]},{\"@type\":\"ImageObject\",\"inLanguage\":\"fr-FR\",\"@id\":\"https:\\\/\\\/www.amanien.info\\\/news\\\/sport-can-de-football-2021-la-cote-divoire-dans-le-groupe-e\\\/#primaryimage\",\"url\":\"https:\\\/\\\/www.amanien.info\\\/news\\\/wp-content\\\/uploads\\\/2021\\\/08\\\/thumbnail-5.png\",\"contentUrl\":\"https:\\\/\\\/www.amanien.info\\\/news\\\/wp-content\\\/uploads\\\/2021\\\/08\\\/thumbnail-5.png\",\"width\":900,\"height\":506},{\"@type\":\"BreadcrumbList\",\"@id\":\"https:\\\/\\\/www.amanien.info\\\/news\\\/sport-can-de-football-2021-la-cote-divoire-dans-le-groupe-e\\\/#breadcrumb\",\"itemListElement\":[{\"@type\":\"ListItem\",\"position\":1,\"name\":\"Accueil\",\"item\":\"https:\\\/\\\/www.amanien.info\\\/news\\\/\"},{\"@type\":\"ListItem\",\"position\":2,\"name\":\"Sport\\\/ Can de football 2021: La C\u00f4te d&rsquo;Ivoire dans le groupe E\"}]},{\"@type\":\"WebSite\",\"@id\":\"https:\\\/\\\/www.amanien.info\\\/news\\\/#website\",\"url\":\"https:\\\/\\\/www.amanien.info\\\/news\\\/\",\"name\":\"Amanien| L&#039;actualit\u00e9 Ivoirienne et Internationale\",\"description\":\"L&#039;actualit\u00e9 Ivoirienne et Internationale\",\"potentialAction\":[{\"@type\":\"SearchAction\",\"target\":{\"@type\":\"EntryPoint\",\"urlTemplate\":\"https:\\\/\\\/www.amanien.info\\\/news\\\/?s={search_term_string}\"},\"query-input\":{\"@type\":\"PropertyValueSpecification\",\"valueRequired\":true,\"valueName\":\"search_term_string\"}}],\"inLanguage\":\"fr-FR\"},{\"@type\":\"Person\",\"@id\":\"https:\\\/\\\/www.amanien.info\\\/news\\\/#\\\/schema\\\/person\\\/b21093345753a1a98242d505bd894f42\",\"name\":\"Germain Ndri\",\"url\":\"https:\\\/\\\/www.amanien.info\\\/news\\\/author\\\/amanien-infos\\\/\"}]}<\/script>\n<!-- \/ Yoast SEO plugin. -->","yoast_head_json":{"title":"Sport\/ Can de football 2021: La C\u00f4te d'Ivoire dans le groupe E - Amanien| L&#039;actualit\u00e9 Ivoirienne et Internationale","robots":{"index":"index","follow":"follow","max-snippet":"max-snippet:-1","max-image-preview":"max-image-preview:large","max-video-preview":"max-video-preview:-1"},"canonical":"https:\/\/www.amanien.info\/news\/sport-can-de-football-2021-la-cote-divoire-dans-le-groupe-e\/","og_locale":"fr_FR","og_type":"article","og_title":"Sport\/ Can de football 2021: La C\u00f4te d'Ivoire dans le groupe E - Amanien| L&#039;actualit\u00e9 Ivoirienne et Internationale","og_description":"Le tirage au sort des poules de la coupe d Afrique des Nations de football 2021, qui se d\u00e9roulera du 9 janvier au 8 f\u00e9vrier 2022 au Cameroun, a \u00e9t\u00e9 effectu\u00e9 le 17 ao\u00fbt. La\u00a0 C\u00f4te d&rsquo;Ivoire \u00e9voluera dans le Groupe E en compagnie de l&rsquo;Alg\u00e9rie, de la Sierra Leone et la Guin\u00e9e Equatoriale. Le [&hellip;]","og_url":"https:\/\/www.amanien.info\/news\/sport-can-de-football-2021-la-cote-divoire-dans-le-groupe-e\/","og_site_name":"Amanien| L&#039;actualit\u00e9 Ivoirienne et Internationale","article_published_time":"2021-08-18T10:02:12+00:00","article_modified_time":"2021-08-18T10:02:43+00:00","og_image":[{"width":900,"height":506,"url":"https:\/\/www.amanien.info\/news\/wp-content\/uploads\/2021\/08\/thumbnail-5.png","type":"image\/png"}],"author":"Germain Ndri","twitter_card":"summary_large_image","twitter_misc":{"\u00c9crit par":"Germain Ndri","Dur\u00e9e de lecture estim\u00e9e":"1 minute"},"schema":{"@context":"https:\/\/schema.org","@graph":[{"@type":"Article","@id":"https:\/\/www.amanien.info\/news\/sport-can-de-football-2021-la-cote-divoire-dans-le-groupe-e\/#article","isPartOf":{"@id":"https:\/\/www.amanien.info\/news\/sport-can-de-football-2021-la-cote-divoire-dans-le-groupe-e\/"},"author":{"name":"Germain Ndri","@id":"https:\/\/www.amanien.info\/news\/#\/schema\/person\/b21093345753a1a98242d505bd894f42"},"headline":"Sport\/ Can de football 2021: La C\u00f4te d&rsquo;Ivoire dans le groupe E","datePublished":"2021-08-18T10:02:12+00:00","dateModified":"2021-08-18T10:02:43+00:00","mainEntityOfPage":{"@id":"https:\/\/www.amanien.info\/news\/sport-can-de-football-2021-la-cote-divoire-dans-le-groupe-e\/"},"wordCount":222,"image":{"@id":"https:\/\/www.amanien.info\/news\/sport-can-de-football-2021-la-cote-divoire-dans-le-groupe-e\/#primaryimage"},"thumbnailUrl":"https:\/\/www.amanien.info\/news\/wp-content\/uploads\/2021\/08\/thumbnail-5.png","inLanguage":"fr-FR"},{"@type":"WebPage","@id":"https:\/\/www.amanien.info\/news\/sport-can-de-football-2021-la-cote-divoire-dans-le-groupe-e\/","url":"https:\/\/www.amanien.info\/news\/sport-can-de-football-2021-la-cote-divoire-dans-le-groupe-e\/","name":"Sport\/ Can de football 2021: La C\u00f4te d'Ivoire dans le groupe E - Amanien| L&#039;actualit\u00e9 Ivoirienne et Internationale","isPartOf":{"@id":"https:\/\/www.amanien.info\/news\/#website"},"primaryImageOfPage":{"@id":"https:\/\/www.amanien.info\/news\/sport-can-de-football-2021-la-cote-divoire-dans-le-groupe-e\/#primaryimage"},"image":{"@id":"https:\/\/www.amanien.info\/news\/sport-can-de-football-2021-la-cote-divoire-dans-le-groupe-e\/#primaryimage"},"thumbnailUrl":"https:\/\/www.amanien.info\/news\/wp-content\/uploads\/2021\/08\/thumbnail-5.png","datePublished":"2021-08-18T10:02:12+00:00","dateModified":"2021-08-18T10:02:43+00:00","author":{"@id":"https:\/\/www.amanien.info\/news\/#\/schema\/person\/b21093345753a1a98242d505bd894f42"},"breadcrumb":{"@id":"https:\/\/www.amanien.info\/news\/sport-can-de-football-2021-la-cote-divoire-dans-le-groupe-e\/#breadcrumb"},"inLanguage":"fr-FR","potentialAction":[{"@type":"ReadAction","target":["https:\/\/www.amanien.info\/news\/sport-can-de-football-2021-la-cote-divoire-dans-le-groupe-e\/"]}]},{"@type":"ImageObject","inLanguage":"fr-FR","@id":"https:\/\/www.amanien.info\/news\/sport-can-de-football-2021-la-cote-divoire-dans-le-groupe-e\/#primaryimage","url":"https:\/\/www.amanien.info\/news\/wp-content\/uploads\/2021\/08\/thumbnail-5.png","contentUrl":"https:\/\/www.amanien.info\/news\/wp-content\/uploads\/2021\/08\/thumbnail-5.png","width":900,"height":506},{"@type":"BreadcrumbList","@id":"https:\/\/www.amanien.info\/news\/sport-can-de-football-2021-la-cote-divoire-dans-le-groupe-e\/#breadcrumb","itemListElement":[{"@type":"ListItem","position":1,"name":"Accueil","item":"https:\/\/www.amanien.info\/news\/"},{"@type":"ListItem","position":2,"name":"Sport\/ Can de football 2021: La C\u00f4te d&rsquo;Ivoire dans le groupe E"}]},{"@type":"WebSite","@id":"https:\/\/www.amanien.info\/news\/#website","url":"https:\/\/www.amanien.info\/news\/","name":"Amanien| L&#039;actualit\u00e9 Ivoirienne et Internationale","description":"L&#039;actualit\u00e9 Ivoirienne et Internationale","potentialAction":[{"@type":"SearchAction","target":{"@type":"EntryPoint","urlTemplate":"https:\/\/www.amanien.info\/news\/?s={search_term_string}"},"query-input":{"@type":"PropertyValueSpecification","valueRequired":true,"valueName":"search_term_string"}}],"inLanguage":"fr-FR"},{"@type":"Person","@id":"https:\/\/www.amanien.info\/news\/#\/schema\/person\/b21093345753a1a98242d505bd894f42","name":"Germain Ndri","url":"https:\/\/www.amanien.info\/news\/author\/amanien-infos\/"}]}},"_links":{"self":[{"href":"https:\/\/www.amanien.info\/news\/wp-json\/wp\/v2\/posts\/2890","targetHints":{"allow":["GET"]}}],"collection":[{"href":"https:\/\/www.amanien.info\/news\/wp-json\/wp\/v2\/posts"}],"about":[{"href":"https:\/\/www.amanien.info\/news\/wp-json\/wp\/v2\/types\/post"}],"author":[{"embeddable":true,"href":"https:\/\/www.amanien.info\/news\/wp-json\/wp\/v2\/users\/2"}],"replies":[{"embeddable":true,"href":"https:\/\/www.amanien.info\/news\/wp-json\/wp\/v2\/comments?post=2890"}],"version-history":[{"count":1,"href":"https:\/\/www.amanien.info\/news\/wp-json\/wp\/v2\/posts\/2890\/revisions"}],"predecessor-version":[{"id":2892,"href":"https:\/\/www.amanien.info\/news\/wp-json\/wp\/v2\/posts\/2890\/revisions\/2892"}],"wp:featuredmedia":[{"embeddable":true,"href":"https:\/\/www.amanien.info\/news\/wp-json\/wp\/v2\/media\/2891"}],"wp:attachment":[{"href":"https:\/\/www.amanien.info\/news\/wp-json\/wp\/v2\/media?parent=2890"}],"wp:term":[{"taxonomy":"category","embeddable":true,"href":"https:\/\/www.amanien.info\/news\/wp-json\/wp\/v2\/categories?post=2890"},{"taxonomy":"post_tag","embeddable":true,"href":"https:\/\/www.amanien.info\/news\/wp-json\/wp\/v2\/tags?post=2890"}],"curies":[{"name":"wp","href":"https:\/\/api.w.org\/{rel}","templated":true}]}}