{"id":2887,"date":"2021-08-18T09:59:12","date_gmt":"2021-08-18T09:59:12","guid":{"rendered":"https:\/\/www.https:\/\/zozo.buyee.jp\/\/news\/?p=2887"},"modified":"2021-08-18T09:59:38","modified_gmt":"2021-08-18T09:59:38","slug":"sante-ebola-un-nouveau-cas-suspect-et-9-cas-contacts-suivis","status":"publish","type":"post","link":"https:\/\/www.amanien.info\/news\/sante-ebola-un-nouveau-cas-suspect-et-9-cas-contacts-suivis\/","title":{"rendered":"Sant\u00e9\/ Ebola: Un nouveau cas suspect et 9 cas contacts suivis"},"content":{"rendered":"<p>La C\u00f4te d\u2019Ivoire touch\u00e9e par un autre virus, a lanc\u00e9 la vaccination contre la maladie Ebola , des populations \u00e0 haut risque. Dont les travailleurs de sant\u00e9 en premi\u00e8re ligne et les contacts du cas confirm\u00e9, \u00e0 Abidjan, o\u00f9 une \u00e9pid\u00e9mie d\u2019Ebola a \u00e9t\u00e9 d\u00e9clar\u00e9e le 14 ao\u00fbt, selon un communiqu\u00e9 de presse de l&rsquo;organisation Mondiale de la sant\u00e9 (OMS). La C\u00f4te d\u2019Ivoire a pu rapidement commencer la vaccination, le lundi 16 ao\u00fbt avec le vaccin rVSV-ZEBOV contre Ebola fabriqu\u00e9 par le laboratoire Merck. Ce sont des doses que l\u2019Organisation Mondiale de la Sant\u00e9 (OMS) a contribu\u00e9 \u00e0 obtenir pour lutter contre une pr\u00e9c\u00e9dente \u00e9pid\u00e9mie d\u00a0\u00bb ebola en Guin\u00e9e qui ont \u00e9t\u00e9 promptement envoy\u00e9es par ce pays \u00e0 la C\u00f4te d\u2019Ivoire.<\/p>\n<p>En plus, la Guin\u00e9e a envoy\u00e9 3000 doses de vaccins Johnson &amp; Johnson, qui ont \u00e9t\u00e9 utilis\u00e9es pour renforcer la vaccination dans les zones ne connaissant pas de transmission active.<br \/>\nLa Guin\u00e9e a aussi d\u00e9ploy\u00e9e cinq experts de la vaccination et fourni des traitements par anticorps monoclonaux \u00e0 la C\u00f4te d\u2019Ivoire. La patiente qui a transport\u00e9 le virus en C\u00f4te d&rsquo;Ivoire suit actuellement un traitement.<br \/>\n\u00ab\u00a0Le vaccin contre Ebola est un outil essentiel dans la lutte contre le virus et la priorit\u00e9 absolue est donc d\u2019agir rapidement et de commencer \u00e0 prot\u00e9ger les personnes \u00e0 haut risque face \u00e0 la maladie\u00a0\u00bb, a dit le Dr Matshidiso Moeti, Directrice r\u00e9gionale de l\u2019OMS pour l\u2019Afrique. Selon elle, \u00a0\u00bb La vitesse \u00e0 laquelle la C\u00f4te d\u2019Ivoire a acc\u00e9l\u00e9r\u00e9 la vaccination est remarquable et montre qu\u2019avec une solidarit\u00e9 sous-r\u00e9gionale efficace, nous pouvons rapidement prendre des mesures pour \u00e9touffer des infections mortelles qui peuvent potentiellement devenir de grandes \u00e9pid\u00e9mies\u00a0\u00bb.<br \/>\nEn plus du cas confirm\u00e9, un cas suspect et neuf cas contacts ont \u00e9t\u00e9 identifi\u00e9s et sont suivis.<br \/>\nL&rsquo;OMS d\u00e9ploie des experts qui rejoindront leurs homologues bas\u00e9s dans le pays pour renforcer la pr\u00e9vention et le contr\u00f4le des infections, le diagnostic, le suivi des cas contact, le traitement, la mobilisation communautaire et la surveillance transfrontali\u00e8re.<\/p>\n","protected":false},"excerpt":{"rendered":"<p>La C\u00f4te d\u2019Ivoire touch\u00e9e par un autre virus, a lanc\u00e9 la vaccination contre la maladie Ebola , des populations \u00e0 haut risque. Dont les travailleurs de sant\u00e9 en premi\u00e8re ligne et les contacts du cas confirm\u00e9, \u00e0 Abidjan, o\u00f9 une \u00e9pid\u00e9mie d\u2019Ebola a \u00e9t\u00e9 d\u00e9clar\u00e9e le 14 ao\u00fbt, selon un communiqu\u00e9 de presse de l&rsquo;organisation [&hellip;]<\/p>\n","protected":false},"author":2,"featured_media":2888,"comment_status":"closed","ping_status":"closed","sticky":true,"template":"","format":"standard","meta":{"_acf_changed":false,"footnotes":""},"categories":[],"tags":[],"class_list":["post-2887","post","type-post","status-publish","format-standard","has-post-thumbnail","hentry"],"acf":[],"yoast_head":"<!-- This site is optimized with the Yoast SEO plugin v27.5 - https:\/\/yoast.com\/product\/yoast-seo-wordpress\/ -->\n<title>Sant\u00e9\/ Ebola: Un nouveau cas suspect et 9 cas contacts suivis - Amanien| L&#039;actualit\u00e9 Ivoirienne et Internationale<\/title>\n<meta name=\"robots\" content=\"index, follow, max-snippet:-1, max-image-preview:large, max-video-preview:-1\" \/>\n<link rel=\"canonical\" href=\"https:\/\/www.amanien.info\/news\/sante-ebola-un-nouveau-cas-suspect-et-9-cas-contacts-suivis\/\" \/>\n<meta property=\"og:locale\" content=\"fr_FR\" \/>\n<meta property=\"og:type\" content=\"article\" \/>\n<meta property=\"og:title\" content=\"Sant\u00e9\/ Ebola: Un nouveau cas suspect et 9 cas contacts suivis - Amanien| L&#039;actualit\u00e9 Ivoirienne et Internationale\" \/>\n<meta property=\"og:description\" content=\"La C\u00f4te d\u2019Ivoire touch\u00e9e par un autre virus, a lanc\u00e9 la vaccination contre la maladie Ebola , des populations \u00e0 haut risque. Dont les travailleurs de sant\u00e9 en premi\u00e8re ligne et les contacts du cas confirm\u00e9, \u00e0 Abidjan, o\u00f9 une \u00e9pid\u00e9mie d\u2019Ebola a \u00e9t\u00e9 d\u00e9clar\u00e9e le 14 ao\u00fbt, selon un communiqu\u00e9 de presse de l&rsquo;organisation [&hellip;]\" \/>\n<meta property=\"og:url\" content=\"https:\/\/www.amanien.info\/news\/sante-ebola-un-nouveau-cas-suspect-et-9-cas-contacts-suivis\/\" \/>\n<meta property=\"og:site_name\" content=\"Amanien| L&#039;actualit\u00e9 Ivoirienne et Internationale\" \/>\n<meta property=\"article:published_time\" content=\"2021-08-18T09:59:12+00:00\" \/>\n<meta property=\"article:modified_time\" content=\"2021-08-18T09:59:38+00:00\" \/>\n<meta property=\"og:image\" content=\"https:\/\/www.amanien.info\/news\/wp-content\/uploads\/2021\/08\/thumbnail-4.png\" \/>\n\t<meta property=\"og:image:width\" content=\"612\" \/>\n\t<meta property=\"og:image:height\" content=\"354\" \/>\n\t<meta property=\"og:image:type\" content=\"image\/png\" \/>\n<meta name=\"author\" content=\"Germain Ndri\" \/>\n<meta name=\"twitter:card\" content=\"summary_large_image\" \/>\n<meta name=\"twitter:label1\" content=\"\u00c9crit par\" \/>\n\t<meta name=\"twitter:data1\" content=\"Germain Ndri\" \/>\n\t<meta name=\"twitter:label2\" content=\"Dur\u00e9e de lecture estim\u00e9e\" \/>\n\t<meta name=\"twitter:data2\" content=\"2 minutes\" \/>\n<script type=\"application\/ld+json\" class=\"yoast-schema-graph\">{\"@context\":\"https:\\\/\\\/schema.org\",\"@graph\":[{\"@type\":\"Article\",\"@id\":\"https:\\\/\\\/www.amanien.info\\\/news\\\/sante-ebola-un-nouveau-cas-suspect-et-9-cas-contacts-suivis\\\/#article\",\"isPartOf\":{\"@id\":\"https:\\\/\\\/www.amanien.info\\\/news\\\/sante-ebola-un-nouveau-cas-suspect-et-9-cas-contacts-suivis\\\/\"},\"author\":{\"name\":\"Germain Ndri\",\"@id\":\"https:\\\/\\\/www.amanien.info\\\/news\\\/#\\\/schema\\\/person\\\/b21093345753a1a98242d505bd894f42\"},\"headline\":\"Sant\u00e9\\\/ Ebola: Un nouveau cas suspect et 9 cas contacts suivis\",\"datePublished\":\"2021-08-18T09:59:12+00:00\",\"dateModified\":\"2021-08-18T09:59:38+00:00\",\"mainEntityOfPage\":{\"@id\":\"https:\\\/\\\/www.amanien.info\\\/news\\\/sante-ebola-un-nouveau-cas-suspect-et-9-cas-contacts-suivis\\\/\"},\"wordCount\":375,\"image\":{\"@id\":\"https:\\\/\\\/www.amanien.info\\\/news\\\/sante-ebola-un-nouveau-cas-suspect-et-9-cas-contacts-suivis\\\/#primaryimage\"},\"thumbnailUrl\":\"https:\\\/\\\/www.amanien.info\\\/news\\\/wp-content\\\/uploads\\\/2021\\\/08\\\/thumbnail-4.png\",\"inLanguage\":\"fr-FR\"},{\"@type\":\"WebPage\",\"@id\":\"https:\\\/\\\/www.amanien.info\\\/news\\\/sante-ebola-un-nouveau-cas-suspect-et-9-cas-contacts-suivis\\\/\",\"url\":\"https:\\\/\\\/www.amanien.info\\\/news\\\/sante-ebola-un-nouveau-cas-suspect-et-9-cas-contacts-suivis\\\/\",\"name\":\"Sant\u00e9\\\/ Ebola: Un nouveau cas suspect et 9 cas contacts suivis - Amanien| L&#039;actualit\u00e9 Ivoirienne et Internationale\",\"isPartOf\":{\"@id\":\"https:\\\/\\\/www.amanien.info\\\/news\\\/#website\"},\"primaryImageOfPage\":{\"@id\":\"https:\\\/\\\/www.amanien.info\\\/news\\\/sante-ebola-un-nouveau-cas-suspect-et-9-cas-contacts-suivis\\\/#primaryimage\"},\"image\":{\"@id\":\"https:\\\/\\\/www.amanien.info\\\/news\\\/sante-ebola-un-nouveau-cas-suspect-et-9-cas-contacts-suivis\\\/#primaryimage\"},\"thumbnailUrl\":\"https:\\\/\\\/www.amanien.info\\\/news\\\/wp-content\\\/uploads\\\/2021\\\/08\\\/thumbnail-4.png\",\"datePublished\":\"2021-08-18T09:59:12+00:00\",\"dateModified\":\"2021-08-18T09:59:38+00:00\",\"author\":{\"@id\":\"https:\\\/\\\/www.amanien.info\\\/news\\\/#\\\/schema\\\/person\\\/b21093345753a1a98242d505bd894f42\"},\"breadcrumb\":{\"@id\":\"https:\\\/\\\/www.amanien.info\\\/news\\\/sante-ebola-un-nouveau-cas-suspect-et-9-cas-contacts-suivis\\\/#breadcrumb\"},\"inLanguage\":\"fr-FR\",\"potentialAction\":[{\"@type\":\"ReadAction\",\"target\":[\"https:\\\/\\\/www.amanien.info\\\/news\\\/sante-ebola-un-nouveau-cas-suspect-et-9-cas-contacts-suivis\\\/\"]}]},{\"@type\":\"ImageObject\",\"inLanguage\":\"fr-FR\",\"@id\":\"https:\\\/\\\/www.amanien.info\\\/news\\\/sante-ebola-un-nouveau-cas-suspect-et-9-cas-contacts-suivis\\\/#primaryimage\",\"url\":\"https:\\\/\\\/www.amanien.info\\\/news\\\/wp-content\\\/uploads\\\/2021\\\/08\\\/thumbnail-4.png\",\"contentUrl\":\"https:\\\/\\\/www.amanien.info\\\/news\\\/wp-content\\\/uploads\\\/2021\\\/08\\\/thumbnail-4.png\",\"width\":612,\"height\":354},{\"@type\":\"BreadcrumbList\",\"@id\":\"https:\\\/\\\/www.amanien.info\\\/news\\\/sante-ebola-un-nouveau-cas-suspect-et-9-cas-contacts-suivis\\\/#breadcrumb\",\"itemListElement\":[{\"@type\":\"ListItem\",\"position\":1,\"name\":\"Accueil\",\"item\":\"https:\\\/\\\/www.amanien.info\\\/news\\\/\"},{\"@type\":\"ListItem\",\"position\":2,\"name\":\"Sant\u00e9\\\/ Ebola: Un nouveau cas suspect et 9 cas contacts suivis\"}]},{\"@type\":\"WebSite\",\"@id\":\"https:\\\/\\\/www.amanien.info\\\/news\\\/#website\",\"url\":\"https:\\\/\\\/www.amanien.info\\\/news\\\/\",\"name\":\"Amanien| L&#039;actualit\u00e9 Ivoirienne et Internationale\",\"description\":\"L&#039;actualit\u00e9 Ivoirienne et Internationale\",\"potentialAction\":[{\"@type\":\"SearchAction\",\"target\":{\"@type\":\"EntryPoint\",\"urlTemplate\":\"https:\\\/\\\/www.amanien.info\\\/news\\\/?s={search_term_string}\"},\"query-input\":{\"@type\":\"PropertyValueSpecification\",\"valueRequired\":true,\"valueName\":\"search_term_string\"}}],\"inLanguage\":\"fr-FR\"},{\"@type\":\"Person\",\"@id\":\"https:\\\/\\\/www.amanien.info\\\/news\\\/#\\\/schema\\\/person\\\/b21093345753a1a98242d505bd894f42\",\"name\":\"Germain Ndri\",\"url\":\"https:\\\/\\\/www.amanien.info\\\/news\\\/author\\\/amanien-infos\\\/\"}]}<\/script>\n<!-- \/ Yoast SEO plugin. -->","yoast_head_json":{"title":"Sant\u00e9\/ Ebola: Un nouveau cas suspect et 9 cas contacts suivis - Amanien| L&#039;actualit\u00e9 Ivoirienne et Internationale","robots":{"index":"index","follow":"follow","max-snippet":"max-snippet:-1","max-image-preview":"max-image-preview:large","max-video-preview":"max-video-preview:-1"},"canonical":"https:\/\/www.amanien.info\/news\/sante-ebola-un-nouveau-cas-suspect-et-9-cas-contacts-suivis\/","og_locale":"fr_FR","og_type":"article","og_title":"Sant\u00e9\/ Ebola: Un nouveau cas suspect et 9 cas contacts suivis - Amanien| L&#039;actualit\u00e9 Ivoirienne et Internationale","og_description":"La C\u00f4te d\u2019Ivoire touch\u00e9e par un autre virus, a lanc\u00e9 la vaccination contre la maladie Ebola , des populations \u00e0 haut risque. Dont les travailleurs de sant\u00e9 en premi\u00e8re ligne et les contacts du cas confirm\u00e9, \u00e0 Abidjan, o\u00f9 une \u00e9pid\u00e9mie d\u2019Ebola a \u00e9t\u00e9 d\u00e9clar\u00e9e le 14 ao\u00fbt, selon un communiqu\u00e9 de presse de l&rsquo;organisation [&hellip;]","og_url":"https:\/\/www.amanien.info\/news\/sante-ebola-un-nouveau-cas-suspect-et-9-cas-contacts-suivis\/","og_site_name":"Amanien| L&#039;actualit\u00e9 Ivoirienne et Internationale","article_published_time":"2021-08-18T09:59:12+00:00","article_modified_time":"2021-08-18T09:59:38+00:00","og_image":[{"width":612,"height":354,"url":"https:\/\/www.amanien.info\/news\/wp-content\/uploads\/2021\/08\/thumbnail-4.png","type":"image\/png"}],"author":"Germain Ndri","twitter_card":"summary_large_image","twitter_misc":{"\u00c9crit par":"Germain Ndri","Dur\u00e9e de lecture estim\u00e9e":"2 minutes"},"schema":{"@context":"https:\/\/schema.org","@graph":[{"@type":"Article","@id":"https:\/\/www.amanien.info\/news\/sante-ebola-un-nouveau-cas-suspect-et-9-cas-contacts-suivis\/#article","isPartOf":{"@id":"https:\/\/www.amanien.info\/news\/sante-ebola-un-nouveau-cas-suspect-et-9-cas-contacts-suivis\/"},"author":{"name":"Germain Ndri","@id":"https:\/\/www.amanien.info\/news\/#\/schema\/person\/b21093345753a1a98242d505bd894f42"},"headline":"Sant\u00e9\/ Ebola: Un nouveau cas suspect et 9 cas contacts suivis","datePublished":"2021-08-18T09:59:12+00:00","dateModified":"2021-08-18T09:59:38+00:00","mainEntityOfPage":{"@id":"https:\/\/www.amanien.info\/news\/sante-ebola-un-nouveau-cas-suspect-et-9-cas-contacts-suivis\/"},"wordCount":375,"image":{"@id":"https:\/\/www.amanien.info\/news\/sante-ebola-un-nouveau-cas-suspect-et-9-cas-contacts-suivis\/#primaryimage"},"thumbnailUrl":"https:\/\/www.amanien.info\/news\/wp-content\/uploads\/2021\/08\/thumbnail-4.png","inLanguage":"fr-FR"},{"@type":"WebPage","@id":"https:\/\/www.amanien.info\/news\/sante-ebola-un-nouveau-cas-suspect-et-9-cas-contacts-suivis\/","url":"https:\/\/www.amanien.info\/news\/sante-ebola-un-nouveau-cas-suspect-et-9-cas-contacts-suivis\/","name":"Sant\u00e9\/ Ebola: Un nouveau cas suspect et 9 cas contacts suivis - Amanien| L&#039;actualit\u00e9 Ivoirienne et Internationale","isPartOf":{"@id":"https:\/\/www.amanien.info\/news\/#website"},"primaryImageOfPage":{"@id":"https:\/\/www.amanien.info\/news\/sante-ebola-un-nouveau-cas-suspect-et-9-cas-contacts-suivis\/#primaryimage"},"image":{"@id":"https:\/\/www.amanien.info\/news\/sante-ebola-un-nouveau-cas-suspect-et-9-cas-contacts-suivis\/#primaryimage"},"thumbnailUrl":"https:\/\/www.amanien.info\/news\/wp-content\/uploads\/2021\/08\/thumbnail-4.png","datePublished":"2021-08-18T09:59:12+00:00","dateModified":"2021-08-18T09:59:38+00:00","author":{"@id":"https:\/\/www.amanien.info\/news\/#\/schema\/person\/b21093345753a1a98242d505bd894f42"},"breadcrumb":{"@id":"https:\/\/www.amanien.info\/news\/sante-ebola-un-nouveau-cas-suspect-et-9-cas-contacts-suivis\/#breadcrumb"},"inLanguage":"fr-FR","potentialAction":[{"@type":"ReadAction","target":["https:\/\/www.amanien.info\/news\/sante-ebola-un-nouveau-cas-suspect-et-9-cas-contacts-suivis\/"]}]},{"@type":"ImageObject","inLanguage":"fr-FR","@id":"https:\/\/www.amanien.info\/news\/sante-ebola-un-nouveau-cas-suspect-et-9-cas-contacts-suivis\/#primaryimage","url":"https:\/\/www.amanien.info\/news\/wp-content\/uploads\/2021\/08\/thumbnail-4.png","contentUrl":"https:\/\/www.amanien.info\/news\/wp-content\/uploads\/2021\/08\/thumbnail-4.png","width":612,"height":354},{"@type":"BreadcrumbList","@id":"https:\/\/www.amanien.info\/news\/sante-ebola-un-nouveau-cas-suspect-et-9-cas-contacts-suivis\/#breadcrumb","itemListElement":[{"@type":"ListItem","position":1,"name":"Accueil","item":"https:\/\/www.amanien.info\/news\/"},{"@type":"ListItem","position":2,"name":"Sant\u00e9\/ Ebola: Un nouveau cas suspect et 9 cas contacts suivis"}]},{"@type":"WebSite","@id":"https:\/\/www.amanien.info\/news\/#website","url":"https:\/\/www.amanien.info\/news\/","name":"Amanien| L&#039;actualit\u00e9 Ivoirienne et Internationale","description":"L&#039;actualit\u00e9 Ivoirienne et Internationale","potentialAction":[{"@type":"SearchAction","target":{"@type":"EntryPoint","urlTemplate":"https:\/\/www.amanien.info\/news\/?s={search_term_string}"},"query-input":{"@type":"PropertyValueSpecification","valueRequired":true,"valueName":"search_term_string"}}],"inLanguage":"fr-FR"},{"@type":"Person","@id":"https:\/\/www.amanien.info\/news\/#\/schema\/person\/b21093345753a1a98242d505bd894f42","name":"Germain Ndri","url":"https:\/\/www.amanien.info\/news\/author\/amanien-infos\/"}]}},"_links":{"self":[{"href":"https:\/\/www.amanien.info\/news\/wp-json\/wp\/v2\/posts\/2887","targetHints":{"allow":["GET"]}}],"collection":[{"href":"https:\/\/www.amanien.info\/news\/wp-json\/wp\/v2\/posts"}],"about":[{"href":"https:\/\/www.amanien.info\/news\/wp-json\/wp\/v2\/types\/post"}],"author":[{"embeddable":true,"href":"https:\/\/www.amanien.info\/news\/wp-json\/wp\/v2\/users\/2"}],"replies":[{"embeddable":true,"href":"https:\/\/www.amanien.info\/news\/wp-json\/wp\/v2\/comments?post=2887"}],"version-history":[{"count":1,"href":"https:\/\/www.amanien.info\/news\/wp-json\/wp\/v2\/posts\/2887\/revisions"}],"predecessor-version":[{"id":2889,"href":"https:\/\/www.amanien.info\/news\/wp-json\/wp\/v2\/posts\/2887\/revisions\/2889"}],"wp:featuredmedia":[{"embeddable":true,"href":"https:\/\/www.amanien.info\/news\/wp-json\/wp\/v2\/media\/2888"}],"wp:attachment":[{"href":"https:\/\/www.amanien.info\/news\/wp-json\/wp\/v2\/media?parent=2887"}],"wp:term":[{"taxonomy":"category","embeddable":true,"href":"https:\/\/www.amanien.info\/news\/wp-json\/wp\/v2\/categories?post=2887"},{"taxonomy":"post_tag","embeddable":true,"href":"https:\/\/www.amanien.info\/news\/wp-json\/wp\/v2\/tags?post=2887"}],"curies":[{"name":"wp","href":"https:\/\/api.w.org\/{rel}","templated":true}]}}