{"id":2865,"date":"2021-08-07T10:46:53","date_gmt":"2021-08-07T10:46:53","guid":{"rendered":"https:\/\/www.https:\/\/zozo.buyee.jp\/\/news\/?p=2865"},"modified":"2021-08-07T10:47:46","modified_gmt":"2021-08-07T10:47:46","slug":"fete-de-l-independance-discours-de-l-ex-president-henri-konan-bedie","status":"publish","type":"post","link":"https:\/\/www.amanien.info\/news\/fete-de-l-independance-discours-de-l-ex-president-henri-konan-bedie\/","title":{"rendered":"F\u00eate de l&rsquo; ind\u00e9pendance: Discours de l&rsquo; ex pr\u00e9sident Henri Konan Bedi\u00e9"},"content":{"rendered":"<div class=\"I_52qC D_FY W_6D6F\" data-test-id=\"message-view-body\">\n<div class=\"msg-body P_wpofO mq_AS\" data-test-id=\"message-view-body-content\">\n<div class=\"jb_0 X_6MGW N_6Fd5\">\n<div>\n<div id=\"yiv2254542948\">\n<div>\n<div>Ivoiriens, Ivoiriennes, chers<\/div>\n<div>compatriotes,<br \/>\nEn ce jour anniversaire de l\u2019accession de notre pays, la C\u00f4te d\u2019Ivoire, \u00e0 l\u2019ind\u00e9pendance, je veux exprimer \u00e0 chacun et \u00e0 chacune d\u2019entre vous ainsi qu\u2019\u00e0 tous les peuples fr\u00e8res qui vivent avec nous sur la terre d\u2019esp\u00e9rance, mes v\u0153ux les plus sinc\u00e8res de paix, de bonheur partag\u00e9 et de prosp\u00e9rit\u00e9 pour notre Nation.<br \/>\nNous inspirant des racines culturelles d\u2019un des peuples de notre pays, les Atchans, nous pouvons affirmer que notre soixante-uni\u00e8me anniversaire marque le premier anniversaire du deuxi\u00e8me cycle g\u00e9n\u00e9rationnel de 60 ans.<br \/>\nLes trente premi\u00e8res ann\u00e9es ont \u00e9t\u00e9 des ann\u00e9es glorieuses, avec une croissance spectaculaire de l\u2019agriculture, de l\u2019industrie, de l\u2019\u00e9conomie, des infrastructures \u00e9conomiques et sociales.<br \/>\nNous avons r\u00e9alis\u00e9 sous la houlette du P\u00e8re de la Nation, Feu le Pr\u00e9sident F\u00e9lix HOUPHOUET BOIGNY, de prodigieux progr\u00e8s en transformant dans l\u2019Union, la Discipline et le Travail, la terre de nos anc\u00eatres pour en faire un mod\u00e8le de d\u00e9veloppement dans toute l\u2019Afrique.<br \/>\nNous avons construit une C\u00f4te d\u2019Ivoire fraternelle et solidaire, comp\u00e9titive mondialement sur le plan de l\u2019Agriculture, leader de l\u2019Afrique de l\u2019Ouest avec plus de 40 % de l\u2019\u00e9conomie de l\u2019UEMOA.Encore aujourd\u2019hui, nous exprimons notre gratitude profonde pour la lutte \u00e9mancipatrice, ainsi que pour tous les sacrifices consentis.<br \/>\nLes trente derni\u00e8res ann\u00e9es sont malheureusement marqu\u00e9es par les souffrances et les douleurs profondes pour nous tous, pour les jeunes, les femmes, les travailleurs, nos familles dans les villes et dans les campagnes les plus recul\u00e9es.<br \/>\nNotre pays a perdu son lustre d\u2019antan ; En t\u00e9moigne :<br \/>\n\u2022 Les coups d\u2019\u00c9tat, tentatives de coups d\u2019\u00c9tat avec leurs tristes lots de morts et de bless\u00e9s marqu\u00e9s \u00e0 vie ;\u2022 La destruction des biens priv\u00e9s, publics et des familles,\u2022 L\u2019organisation d\u2019\u00e9lections sanglantes et mortelles ;\u2022 Le niveau de pauvret\u00e9 encore \u00e9lev\u00e9 des populations rurales ;\u2022 Le taux de ch\u00f4mage inqui\u00e9tant de notre jeunesse ;\u2022 Le d\u00e9s\u00e9quilibre dans la r\u00e9partition des richesses de la Nation entre les diff\u00e9rentes couches de populations et les r\u00e9gions ;\u2022 Le faible niveau de d\u00e9veloppement humain avec une inqui\u00e9tude particuli\u00e8re pour notre syst\u00e8me \u00e9ducatif et hospitalier qui se d\u00e9gradent;\u2022 La destruction galopante de notre \u00e9co- syst\u00e8me avec un d\u00e9veloppement de l\u2019orpaillage clandestin.<br \/>\nAi-je besoin de rappeler ces crises profondes que traverse notre pays ?<br \/>\nNotre d\u00e9veloppement harmonieux a \u00e9t\u00e9 frein\u00e9 par nos propres fautes et nous avons pris du retard face \u00e0 d\u2019autres Nations qui avaient les m\u00eames indicateurs que notre pays en 1960.<br \/>\nCe jour du 7 Ao\u00fbt 2021, date du premier anniversaire de notre pays dans le nouveau cycle g\u00e9n\u00e9rationnel de 60 ans dans le r\u00e9f\u00e9rentiel de nos fr\u00e8res ATCHAN doit \u00eatre pour nous une journ\u00e9e exceptionnelle ; une journ\u00e9e pour prendre ensemble un engagement de redresser notre nation pour construire ensemble une C\u00f4te d\u2019Ivoire nouvelle.<br \/>\nDans 60 ans la grande majorit\u00e9 de ceux et celles d\u2019entre nous qui ont aujourd\u2019hui plus de 40 ans ne seront pas au rendez-vous du troisi\u00e8me cycle g\u00e9n\u00e9rationnel.Ensemble nous avons donc la responsabilit\u00e9 de pr\u00e9parer un h\u00e9ritage solide pour nos enfants, nos petits-enfants et pour les g\u00e9n\u00e9rations futures.<br \/>\nCet h\u00e9ritage sera celui d\u2019une C\u00f4te d\u2019Ivoire r\u00e9concili\u00e9e, unie et prosp\u00e8re ; il sera celui d\u2019une C\u00f4te d\u2019Ivoire plus d\u00e9mocratique o\u00f9 les valeurs d\u2019Union, de Discipline et de Travail reprennent toutes leurs places.<br \/>\nJe me suis engag\u00e9 avec vous, \u00e0 la reconstruction de notre pays, dans le dialogue avec mes jeunes fr\u00e8res, les Pr\u00e9sidents ALLASSANE OUATTARA et LAURENT GBAGBO avec l\u2019implication de tous les fils et les filles de notre beau pays.<br \/>\nVous pouvez compter sur ma ferme volont\u00e9 \u00e0 pr\u00e9parer dans la fraternit\u00e9 et l\u2019expression de toutes nos diversit\u00e9s ethniques, politiques et religieuses l\u2019h\u00e9ritage de bonheur pour les G\u00e9n\u00e9rations de demain.<br \/>\nLes g\u00e9n\u00e9rations futures nous seront reconnaissantes pour notre engagement en faveur de la paix par un dialogue inclusif.\u00a0 Bonne f\u00eate de l\u2019ind\u00e9pendance.Dieu B\u00e9nisse la C\u00f4te d\u2019Ivoire<\/div>\n<\/div>\n<\/div>\n<\/div>\n<\/div>\n<\/div>\n<div class=\"jb_0 X_6MGW N_6Fd5\"><\/div>\n<\/div>\n<div class=\"H_7jIs D_F ab_C Q_69H5 E_36RhU\" data-test-id=\"toolbar-hover-area\">\n<div class=\"D_F W_6D6F r_BN gl_C\" data-test-id=\"card-toolbar\">\n<div class=\"D_F ab_C en_0 b_Z14vXdP e_3mS2U I_52qC P_Z1otBpf\">\n<ul class=\"hd_n P_0 H_6D6F M_0 ir3_0 iy_h D_F ab_C\" tabindex=\"0\" role=\"menubar\" data-test-id=\"navigable-list\">\n<li class=\"G_e p_R\" role=\"menuitem\"><\/li>\n<\/ul>\n<\/div>\n<\/div>\n<\/div>\n","protected":false},"excerpt":{"rendered":"<p>Ivoiriens, Ivoiriennes, chers compatriotes, En ce jour anniversaire de l\u2019accession de notre pays, la C\u00f4te d\u2019Ivoire, \u00e0 l\u2019ind\u00e9pendance, je veux exprimer \u00e0 chacun et \u00e0 chacune d\u2019entre vous ainsi qu\u2019\u00e0 tous les peuples fr\u00e8res qui vivent avec nous sur la terre d\u2019esp\u00e9rance, mes v\u0153ux les plus sinc\u00e8res de paix, de bonheur partag\u00e9 et de prosp\u00e9rit\u00e9 [&hellip;]<\/p>\n","protected":false},"author":2,"featured_media":2866,"comment_status":"closed","ping_status":"closed","sticky":true,"template":"","format":"standard","meta":{"_acf_changed":false,"footnotes":""},"categories":[],"tags":[],"class_list":["post-2865","post","type-post","status-publish","format-standard","has-post-thumbnail","hentry"],"acf":[],"yoast_head":"<!-- This site is optimized with the Yoast SEO plugin v27.5 - https:\/\/yoast.com\/product\/yoast-seo-wordpress\/ -->\n<title>F\u00eate de l&#039; ind\u00e9pendance: Discours de l&#039; ex pr\u00e9sident Henri Konan Bedi\u00e9 - Amanien| L&#039;actualit\u00e9 Ivoirienne et Internationale<\/title>\n<meta name=\"robots\" content=\"index, follow, max-snippet:-1, max-image-preview:large, max-video-preview:-1\" \/>\n<link rel=\"canonical\" href=\"https:\/\/www.amanien.info\/news\/fete-de-l-independance-discours-de-l-ex-president-henri-konan-bedie\/\" \/>\n<meta property=\"og:locale\" content=\"fr_FR\" \/>\n<meta property=\"og:type\" content=\"article\" \/>\n<meta property=\"og:title\" content=\"F\u00eate de l&#039; ind\u00e9pendance: Discours de l&#039; ex pr\u00e9sident Henri Konan Bedi\u00e9 - Amanien| L&#039;actualit\u00e9 Ivoirienne et Internationale\" \/>\n<meta property=\"og:description\" content=\"Ivoiriens, Ivoiriennes, chers compatriotes, En ce jour anniversaire de l\u2019accession de notre pays, la C\u00f4te d\u2019Ivoire, \u00e0 l\u2019ind\u00e9pendance, je veux exprimer \u00e0 chacun et \u00e0 chacune d\u2019entre vous ainsi qu\u2019\u00e0 tous les peuples fr\u00e8res qui vivent avec nous sur la terre d\u2019esp\u00e9rance, mes v\u0153ux les plus sinc\u00e8res de paix, de bonheur partag\u00e9 et de prosp\u00e9rit\u00e9 [&hellip;]\" \/>\n<meta property=\"og:url\" content=\"https:\/\/www.amanien.info\/news\/fete-de-l-independance-discours-de-l-ex-president-henri-konan-bedie\/\" \/>\n<meta property=\"og:site_name\" content=\"Amanien| L&#039;actualit\u00e9 Ivoirienne et Internationale\" \/>\n<meta property=\"article:published_time\" content=\"2021-08-07T10:46:53+00:00\" \/>\n<meta property=\"article:modified_time\" content=\"2021-08-07T10:47:46+00:00\" \/>\n<meta property=\"og:image\" content=\"https:\/\/www.amanien.info\/news\/wp-content\/uploads\/2021\/08\/thumbnail-1.png\" \/>\n\t<meta property=\"og:image:width\" content=\"720\" \/>\n\t<meta property=\"og:image:height\" content=\"480\" \/>\n\t<meta property=\"og:image:type\" content=\"image\/png\" \/>\n<meta name=\"author\" content=\"Germain Ndri\" \/>\n<meta name=\"twitter:card\" content=\"summary_large_image\" \/>\n<meta name=\"twitter:label1\" content=\"\u00c9crit par\" \/>\n\t<meta name=\"twitter:data1\" content=\"Germain Ndri\" \/>\n\t<meta name=\"twitter:label2\" content=\"Dur\u00e9e de lecture estim\u00e9e\" \/>\n\t<meta name=\"twitter:data2\" content=\"3 minutes\" \/>\n<script type=\"application\/ld+json\" class=\"yoast-schema-graph\">{\"@context\":\"https:\\\/\\\/schema.org\",\"@graph\":[{\"@type\":\"Article\",\"@id\":\"https:\\\/\\\/www.amanien.info\\\/news\\\/fete-de-l-independance-discours-de-l-ex-president-henri-konan-bedie\\\/#article\",\"isPartOf\":{\"@id\":\"https:\\\/\\\/www.amanien.info\\\/news\\\/fete-de-l-independance-discours-de-l-ex-president-henri-konan-bedie\\\/\"},\"author\":{\"name\":\"Germain Ndri\",\"@id\":\"https:\\\/\\\/www.amanien.info\\\/news\\\/#\\\/schema\\\/person\\\/b21093345753a1a98242d505bd894f42\"},\"headline\":\"F\u00eate de l&rsquo; ind\u00e9pendance: Discours de l&rsquo; ex pr\u00e9sident Henri Konan Bedi\u00e9\",\"datePublished\":\"2021-08-07T10:46:53+00:00\",\"dateModified\":\"2021-08-07T10:47:46+00:00\",\"mainEntityOfPage\":{\"@id\":\"https:\\\/\\\/www.amanien.info\\\/news\\\/fete-de-l-independance-discours-de-l-ex-president-henri-konan-bedie\\\/\"},\"wordCount\":743,\"image\":{\"@id\":\"https:\\\/\\\/www.amanien.info\\\/news\\\/fete-de-l-independance-discours-de-l-ex-president-henri-konan-bedie\\\/#primaryimage\"},\"thumbnailUrl\":\"https:\\\/\\\/www.amanien.info\\\/news\\\/wp-content\\\/uploads\\\/2021\\\/08\\\/thumbnail-1.png\",\"inLanguage\":\"fr-FR\"},{\"@type\":\"WebPage\",\"@id\":\"https:\\\/\\\/www.amanien.info\\\/news\\\/fete-de-l-independance-discours-de-l-ex-president-henri-konan-bedie\\\/\",\"url\":\"https:\\\/\\\/www.amanien.info\\\/news\\\/fete-de-l-independance-discours-de-l-ex-president-henri-konan-bedie\\\/\",\"name\":\"F\u00eate de l' ind\u00e9pendance: Discours de l' ex pr\u00e9sident Henri Konan Bedi\u00e9 - Amanien| L&#039;actualit\u00e9 Ivoirienne et Internationale\",\"isPartOf\":{\"@id\":\"https:\\\/\\\/www.amanien.info\\\/news\\\/#website\"},\"primaryImageOfPage\":{\"@id\":\"https:\\\/\\\/www.amanien.info\\\/news\\\/fete-de-l-independance-discours-de-l-ex-president-henri-konan-bedie\\\/#primaryimage\"},\"image\":{\"@id\":\"https:\\\/\\\/www.amanien.info\\\/news\\\/fete-de-l-independance-discours-de-l-ex-president-henri-konan-bedie\\\/#primaryimage\"},\"thumbnailUrl\":\"https:\\\/\\\/www.amanien.info\\\/news\\\/wp-content\\\/uploads\\\/2021\\\/08\\\/thumbnail-1.png\",\"datePublished\":\"2021-08-07T10:46:53+00:00\",\"dateModified\":\"2021-08-07T10:47:46+00:00\",\"author\":{\"@id\":\"https:\\\/\\\/www.amanien.info\\\/news\\\/#\\\/schema\\\/person\\\/b21093345753a1a98242d505bd894f42\"},\"breadcrumb\":{\"@id\":\"https:\\\/\\\/www.amanien.info\\\/news\\\/fete-de-l-independance-discours-de-l-ex-president-henri-konan-bedie\\\/#breadcrumb\"},\"inLanguage\":\"fr-FR\",\"potentialAction\":[{\"@type\":\"ReadAction\",\"target\":[\"https:\\\/\\\/www.amanien.info\\\/news\\\/fete-de-l-independance-discours-de-l-ex-president-henri-konan-bedie\\\/\"]}]},{\"@type\":\"ImageObject\",\"inLanguage\":\"fr-FR\",\"@id\":\"https:\\\/\\\/www.amanien.info\\\/news\\\/fete-de-l-independance-discours-de-l-ex-president-henri-konan-bedie\\\/#primaryimage\",\"url\":\"https:\\\/\\\/www.amanien.info\\\/news\\\/wp-content\\\/uploads\\\/2021\\\/08\\\/thumbnail-1.png\",\"contentUrl\":\"https:\\\/\\\/www.amanien.info\\\/news\\\/wp-content\\\/uploads\\\/2021\\\/08\\\/thumbnail-1.png\",\"width\":720,\"height\":480},{\"@type\":\"BreadcrumbList\",\"@id\":\"https:\\\/\\\/www.amanien.info\\\/news\\\/fete-de-l-independance-discours-de-l-ex-president-henri-konan-bedie\\\/#breadcrumb\",\"itemListElement\":[{\"@type\":\"ListItem\",\"position\":1,\"name\":\"Accueil\",\"item\":\"https:\\\/\\\/www.amanien.info\\\/news\\\/\"},{\"@type\":\"ListItem\",\"position\":2,\"name\":\"F\u00eate de l&rsquo; ind\u00e9pendance: Discours de l&rsquo; ex pr\u00e9sident Henri Konan Bedi\u00e9\"}]},{\"@type\":\"WebSite\",\"@id\":\"https:\\\/\\\/www.amanien.info\\\/news\\\/#website\",\"url\":\"https:\\\/\\\/www.amanien.info\\\/news\\\/\",\"name\":\"Amanien| L&#039;actualit\u00e9 Ivoirienne et Internationale\",\"description\":\"L&#039;actualit\u00e9 Ivoirienne et Internationale\",\"potentialAction\":[{\"@type\":\"SearchAction\",\"target\":{\"@type\":\"EntryPoint\",\"urlTemplate\":\"https:\\\/\\\/www.amanien.info\\\/news\\\/?s={search_term_string}\"},\"query-input\":{\"@type\":\"PropertyValueSpecification\",\"valueRequired\":true,\"valueName\":\"search_term_string\"}}],\"inLanguage\":\"fr-FR\"},{\"@type\":\"Person\",\"@id\":\"https:\\\/\\\/www.amanien.info\\\/news\\\/#\\\/schema\\\/person\\\/b21093345753a1a98242d505bd894f42\",\"name\":\"Germain Ndri\",\"url\":\"https:\\\/\\\/www.amanien.info\\\/news\\\/author\\\/amanien-infos\\\/\"}]}<\/script>\n<!-- \/ Yoast SEO plugin. -->","yoast_head_json":{"title":"F\u00eate de l' ind\u00e9pendance: Discours de l' ex pr\u00e9sident Henri Konan Bedi\u00e9 - Amanien| L&#039;actualit\u00e9 Ivoirienne et Internationale","robots":{"index":"index","follow":"follow","max-snippet":"max-snippet:-1","max-image-preview":"max-image-preview:large","max-video-preview":"max-video-preview:-1"},"canonical":"https:\/\/www.amanien.info\/news\/fete-de-l-independance-discours-de-l-ex-president-henri-konan-bedie\/","og_locale":"fr_FR","og_type":"article","og_title":"F\u00eate de l' ind\u00e9pendance: Discours de l' ex pr\u00e9sident Henri Konan Bedi\u00e9 - Amanien| L&#039;actualit\u00e9 Ivoirienne et Internationale","og_description":"Ivoiriens, Ivoiriennes, chers compatriotes, En ce jour anniversaire de l\u2019accession de notre pays, la C\u00f4te d\u2019Ivoire, \u00e0 l\u2019ind\u00e9pendance, je veux exprimer \u00e0 chacun et \u00e0 chacune d\u2019entre vous ainsi qu\u2019\u00e0 tous les peuples fr\u00e8res qui vivent avec nous sur la terre d\u2019esp\u00e9rance, mes v\u0153ux les plus sinc\u00e8res de paix, de bonheur partag\u00e9 et de prosp\u00e9rit\u00e9 [&hellip;]","og_url":"https:\/\/www.amanien.info\/news\/fete-de-l-independance-discours-de-l-ex-president-henri-konan-bedie\/","og_site_name":"Amanien| L&#039;actualit\u00e9 Ivoirienne et Internationale","article_published_time":"2021-08-07T10:46:53+00:00","article_modified_time":"2021-08-07T10:47:46+00:00","og_image":[{"width":720,"height":480,"url":"https:\/\/www.amanien.info\/news\/wp-content\/uploads\/2021\/08\/thumbnail-1.png","type":"image\/png"}],"author":"Germain Ndri","twitter_card":"summary_large_image","twitter_misc":{"\u00c9crit par":"Germain Ndri","Dur\u00e9e de lecture estim\u00e9e":"3 minutes"},"schema":{"@context":"https:\/\/schema.org","@graph":[{"@type":"Article","@id":"https:\/\/www.amanien.info\/news\/fete-de-l-independance-discours-de-l-ex-president-henri-konan-bedie\/#article","isPartOf":{"@id":"https:\/\/www.amanien.info\/news\/fete-de-l-independance-discours-de-l-ex-president-henri-konan-bedie\/"},"author":{"name":"Germain Ndri","@id":"https:\/\/www.amanien.info\/news\/#\/schema\/person\/b21093345753a1a98242d505bd894f42"},"headline":"F\u00eate de l&rsquo; ind\u00e9pendance: Discours de l&rsquo; ex pr\u00e9sident Henri Konan Bedi\u00e9","datePublished":"2021-08-07T10:46:53+00:00","dateModified":"2021-08-07T10:47:46+00:00","mainEntityOfPage":{"@id":"https:\/\/www.amanien.info\/news\/fete-de-l-independance-discours-de-l-ex-president-henri-konan-bedie\/"},"wordCount":743,"image":{"@id":"https:\/\/www.amanien.info\/news\/fete-de-l-independance-discours-de-l-ex-president-henri-konan-bedie\/#primaryimage"},"thumbnailUrl":"https:\/\/www.amanien.info\/news\/wp-content\/uploads\/2021\/08\/thumbnail-1.png","inLanguage":"fr-FR"},{"@type":"WebPage","@id":"https:\/\/www.amanien.info\/news\/fete-de-l-independance-discours-de-l-ex-president-henri-konan-bedie\/","url":"https:\/\/www.amanien.info\/news\/fete-de-l-independance-discours-de-l-ex-president-henri-konan-bedie\/","name":"F\u00eate de l' ind\u00e9pendance: Discours de l' ex pr\u00e9sident Henri Konan Bedi\u00e9 - Amanien| L&#039;actualit\u00e9 Ivoirienne et Internationale","isPartOf":{"@id":"https:\/\/www.amanien.info\/news\/#website"},"primaryImageOfPage":{"@id":"https:\/\/www.amanien.info\/news\/fete-de-l-independance-discours-de-l-ex-president-henri-konan-bedie\/#primaryimage"},"image":{"@id":"https:\/\/www.amanien.info\/news\/fete-de-l-independance-discours-de-l-ex-president-henri-konan-bedie\/#primaryimage"},"thumbnailUrl":"https:\/\/www.amanien.info\/news\/wp-content\/uploads\/2021\/08\/thumbnail-1.png","datePublished":"2021-08-07T10:46:53+00:00","dateModified":"2021-08-07T10:47:46+00:00","author":{"@id":"https:\/\/www.amanien.info\/news\/#\/schema\/person\/b21093345753a1a98242d505bd894f42"},"breadcrumb":{"@id":"https:\/\/www.amanien.info\/news\/fete-de-l-independance-discours-de-l-ex-president-henri-konan-bedie\/#breadcrumb"},"inLanguage":"fr-FR","potentialAction":[{"@type":"ReadAction","target":["https:\/\/www.amanien.info\/news\/fete-de-l-independance-discours-de-l-ex-president-henri-konan-bedie\/"]}]},{"@type":"ImageObject","inLanguage":"fr-FR","@id":"https:\/\/www.amanien.info\/news\/fete-de-l-independance-discours-de-l-ex-president-henri-konan-bedie\/#primaryimage","url":"https:\/\/www.amanien.info\/news\/wp-content\/uploads\/2021\/08\/thumbnail-1.png","contentUrl":"https:\/\/www.amanien.info\/news\/wp-content\/uploads\/2021\/08\/thumbnail-1.png","width":720,"height":480},{"@type":"BreadcrumbList","@id":"https:\/\/www.amanien.info\/news\/fete-de-l-independance-discours-de-l-ex-president-henri-konan-bedie\/#breadcrumb","itemListElement":[{"@type":"ListItem","position":1,"name":"Accueil","item":"https:\/\/www.amanien.info\/news\/"},{"@type":"ListItem","position":2,"name":"F\u00eate de l&rsquo; ind\u00e9pendance: Discours de l&rsquo; ex pr\u00e9sident Henri Konan Bedi\u00e9"}]},{"@type":"WebSite","@id":"https:\/\/www.amanien.info\/news\/#website","url":"https:\/\/www.amanien.info\/news\/","name":"Amanien| L&#039;actualit\u00e9 Ivoirienne et Internationale","description":"L&#039;actualit\u00e9 Ivoirienne et Internationale","potentialAction":[{"@type":"SearchAction","target":{"@type":"EntryPoint","urlTemplate":"https:\/\/www.amanien.info\/news\/?s={search_term_string}"},"query-input":{"@type":"PropertyValueSpecification","valueRequired":true,"valueName":"search_term_string"}}],"inLanguage":"fr-FR"},{"@type":"Person","@id":"https:\/\/www.amanien.info\/news\/#\/schema\/person\/b21093345753a1a98242d505bd894f42","name":"Germain Ndri","url":"https:\/\/www.amanien.info\/news\/author\/amanien-infos\/"}]}},"_links":{"self":[{"href":"https:\/\/www.amanien.info\/news\/wp-json\/wp\/v2\/posts\/2865","targetHints":{"allow":["GET"]}}],"collection":[{"href":"https:\/\/www.amanien.info\/news\/wp-json\/wp\/v2\/posts"}],"about":[{"href":"https:\/\/www.amanien.info\/news\/wp-json\/wp\/v2\/types\/post"}],"author":[{"embeddable":true,"href":"https:\/\/www.amanien.info\/news\/wp-json\/wp\/v2\/users\/2"}],"replies":[{"embeddable":true,"href":"https:\/\/www.amanien.info\/news\/wp-json\/wp\/v2\/comments?post=2865"}],"version-history":[{"count":1,"href":"https:\/\/www.amanien.info\/news\/wp-json\/wp\/v2\/posts\/2865\/revisions"}],"predecessor-version":[{"id":2867,"href":"https:\/\/www.amanien.info\/news\/wp-json\/wp\/v2\/posts\/2865\/revisions\/2867"}],"wp:featuredmedia":[{"embeddable":true,"href":"https:\/\/www.amanien.info\/news\/wp-json\/wp\/v2\/media\/2866"}],"wp:attachment":[{"href":"https:\/\/www.amanien.info\/news\/wp-json\/wp\/v2\/media?parent=2865"}],"wp:term":[{"taxonomy":"category","embeddable":true,"href":"https:\/\/www.amanien.info\/news\/wp-json\/wp\/v2\/categories?post=2865"},{"taxonomy":"post_tag","embeddable":true,"href":"https:\/\/www.amanien.info\/news\/wp-json\/wp\/v2\/tags?post=2865"}],"curies":[{"name":"wp","href":"https:\/\/api.w.org\/{rel}","templated":true}]}}