{"id":2862,"date":"2021-08-07T10:42:38","date_gmt":"2021-08-07T10:42:38","guid":{"rendered":"https:\/\/www.https:\/\/zozo.buyee.jp\/\/news\/?p=2862"},"modified":"2021-08-07T10:43:31","modified_gmt":"2021-08-07T10:43:31","slug":"61e-anniversaire-de-lindependance-de-la-cote-divoire-message-a-la-nation-du-president-de-la-republique-alassane-ouattara","status":"publish","type":"post","link":"https:\/\/www.amanien.info\/news\/61e-anniversaire-de-lindependance-de-la-cote-divoire-message-a-la-nation-du-president-de-la-republique-alassane-ouattara\/","title":{"rendered":"61e anniversaire de l\u2019ind\u00e9pendance de la c\u00f4te d\u2019ivoire : message \u00e0 la Nation du pr\u00e9sident de la R\u00e9publique Alassane Ouattara"},"content":{"rendered":"<p>Ivoiriennes, Ivoiriens,Mes chers compatriotes,Chers amis de la C\u00f4te d\u2019Ivoire ;<br \/>\nC\u2019est toujours pour moi une immense joie de m\u2019adresser \u00e0 vous, chaque ann\u00e9e, \u00e0 l\u2019occasion de la comm\u00e9moration de l\u2019ind\u00e9pendance de notre beau pays, la C\u00f4ted\u2019Ivoire. Notre pays c\u00e9l\u00e8bre demain, ses 61 ans d\u2019ind\u00e9pendance.61 ans d\u2019histoire contemporaine, 61 ans d\u2019exp\u00e9riences tir\u00e9es de notre marche commune vers le d\u00e9veloppement.<br \/>\nC\u2019est \u00e9galement l\u2019occasion, pour nous, de jeter un regard r\u00e9trospectif sur les \u00e9v\u00e9nements, heureux ou malheureux, auxquels nous avons su faire face.Cette histoire commune, v\u00e9cue de g\u00e9n\u00e9ration en g\u00e9n\u00e9ration, doit nous servir \u00e0 faire toujours plus et toujours mieux, pour l\u2019\u00e9panouissement des Ivoiriens et la grandeur de notre Nation.<br \/>\nMes chers compatriotes,Chers fr\u00e8res, ch\u00e8res s\u0153urs,Dans ce moment de comm\u00e9moration, je voudrais saluer la m\u00e9moire du plus illustre de nos devanciers, le Pr\u00e9sident F\u00e9lix Houphou\u00ebt-Boigny, ainsi que celle de tous nos a\u00een\u00e9s qui ont men\u00e9, \u00e0 ses c\u00f4t\u00e9s, cette lutte pour notre ind\u00e9pendance.Je veux \u00e9galement saluer la m\u00e9moire de tous les b\u00e2tisseurs et de toutes les personnalit\u00e9s qui ont apport\u00e9 leur pierre \u00e0 l&rsquo;\u00e9difice de construction de notre beau pays.Je voudrais rappeler, avec \u00e9motion, le souvenir de la perte brutale de mes fils, feu Amadou GON COULIBALY et feu Hamed BAKAYOKO, qui ont \u00e9t\u00e9 arrach\u00e9s trop t\u00f4t \u00e0 notre affection.<br \/>\nJ\u2019ai une pens\u00e9e pieuse pour ces deux Hommes d\u2019Etat, dont la vie et l\u2019action ont fortement impact\u00e9 notre pays ainsi que pour tous ceux et celles qui nous ont quitt\u00e9s.Nous devons puiser en nous-m\u00eames les ressources n\u00e9cessaires pour surmonter ces \u00e9v\u00e9nements douloureux et poursuivre leur ambition pour notre pays.<br \/>\nMes chers compatriotes,Ce jour de souvenir nous donne \u00e9galement l&rsquo;occasion de faire l&rsquo;\u00e9tat de la Nation.Au plan politique, nous sortons d\u2019un cycle \u00e9lectoral complet, avec l\u2019organisation de l\u2019\u00e9lection pr\u00e9sidentielle, en octobre 2020, et des \u00e9lections l\u00e9gislatives, en mars 2021.<br \/>\nCe processus \u00e9lectoral a fait l\u2019objet d\u2019un dialogue inclusif, avec l\u2019ensemble des acteurs politiques et ceux de la soci\u00e9t\u00e9 civile. Il a abouti \u00e0 un consensus national autour des conditions d\u2019\u00e9lections justes, transparentes et d\u00e9mocratiques.En d\u00e9pit des efforts d\u00e9ploy\u00e9s par les diff\u00e9rentes parties prenantes au dialogue, l\u2019\u00e9lection pr\u00e9sidentielle a malheureusement \u00e9t\u00e9 entach\u00e9e d\u2019incidents, suite \u00e0 l\u2019appel de certains responsables de l\u2019opposition, \u00e0 la d\u00e9sob\u00e9issance civile. Cela s\u2019est sold\u00e9 par des pertes en vies humaines, des bless\u00e9s, la fragilisation du tissu social et des d\u00e9g\u00e2ts mat\u00e9riels importants.Je voudrais, \u00e0 nouveau, m\u2019incliner devant la m\u00e9moire des victimes et exprimer toute notre compassion \u00e0 leurs proches.C\u2019est le lieu de r\u00e9affirmer mon attachement au dialogue constructif, qui permet d&rsquo;apaiser davantage notre pays et d&rsquo;aller de l&rsquo;avant, pour son d\u00e9veloppement.Ainsi, dans un souci de paix et de coh\u00e9sion nationale, j\u2019ai instruit le Gouvernement de poursuivre le dialogue politique, pour cr\u00e9er les conditions d\u2019une participation plus importante de l\u2019opposition dans la vie politique nationale, dans le respect des Institutions de la R\u00e9publique.Je me r\u00e9jouis donc que l&rsquo;opposition ait pris part aux \u00e9lections l\u00e9gislatives de mars 2021. Nous avons aujourd\u2019hui une Assembl\u00e9e Nationale plurielle, pour la premi\u00e8re fois depuis deux d\u00e9cennies, comprenant tous les partis politiques significatifs de notre pays.Ce dialogue, je l&rsquo;ai poursuivi moi-m\u00eame avec mon ain\u00e9, le Pr\u00e9sident Henri Konan B\u00e9di\u00e9, le 11 novembre 2020, et plus r\u00e9cemment, avec mon jeune fr\u00e8re,le Pr\u00e9sident Laurent Gbagbo, le mardi 27 juillet 2021. Je salue la rencontre de mes deux fr\u00e8res, \u00e0 Daoukro, deux semaines auparavant.<br \/>\nMes chers compatriotes,Au plan s\u00e9curitaire, notre pays fait face \u00e0 des menaces terroristes, notamment \u00e0 notre fronti\u00e8re nord.Les vell\u00e9it\u00e9s d\u2019attaques terroristes sont sous contr\u00f4le gr\u00e2ce au professionnalisme et \u00e0 l\u2019esprit r\u00e9publicain de nos forces arm\u00e9es. Je les f\u00e9licite et je leur renouvelle toute ma confiance.Je m\u2019incline devant la m\u00e9moire de tous ceux qui sont tomb\u00e9s au champ d\u2019honneur, pour la d\u00e9fense de notre patrie.Je tiens \u00e0 rassurer l\u2019ensemble de nos populations que le Gouvernement ne m\u00e9nagera aucun effort pour garantir la s\u00e9curit\u00e9 des personnes et des biens, sur l\u2019ensemble du territoire national.L\u2019Etat continuera \u00e0 mettre les moyens n\u00e9cessaires \u00e0 la disposition de nos Forces de D\u00e9fense et de S\u00e9curit\u00e9, notamment en mati\u00e8re d\u2019\u00e9quipement et de formation \u00e0 travers l\u2019Acad\u00e9mie Internationale de Lutte Contre le Terrorisme (AILCT) de Jacqueville.<br \/>\nMes chers compatriotes,Depuis mars 2020, la C\u00f4te d&rsquo;Ivoire, \u00e0 l&rsquo;instar du monde entier, subit les impacts n\u00e9gatifs sociaux et \u00e9conomiques de la crise de la COVID-19.En d\u00e9pit de la justesse et de l\u2019ampleur de la riposte du Gouvernement, les effets socio-\u00e9conomiques de cette crise se ressentent au niveau des populations et des entreprises en C\u00f4te d\u2019Ivoire.Je regrette particuli\u00e8rement l\u2019augmentation du prix de certaines denr\u00e9es de premi\u00e8re n\u00e9cessit\u00e9.Cependant, je me r\u00e9jouis, qu\u2019apr\u00e8s concertation avec le secteur priv\u00e9, des mesures conservatoires aient \u00e9t\u00e9 prises lors du Conseil des Ministres du 21 juillet dernier, notamment sur l\u2019encadrement des prix des produits tels que le riz, l\u2019huile, la farine et la viande de b\u0153uf.Afin de trouver une solution p\u00e9renne \u00e0 cette probl\u00e9matique, le Gouvernement travaillera au renforcement du contr\u00f4le et de la surveillance des prix sur les march\u00e9s, \u00e0 l\u2019am\u00e9lioration de l&rsquo;offre des denr\u00e9es alimentaires, ainsi qu\u2019\u00e0 l\u2019acc\u00e9l\u00e9ration du d\u00e9veloppement de l\u2019industrie agroalimentaire.Je regrette \u00e9galement les coupures d&rsquo;\u00e9lectricit\u00e9 que nous avons subies, de mi-avril \u00e0 mi-juillet 2021, et qui ont caus\u00e9 de nombreux d\u00e9sagr\u00e9ments aux populations et aux entreprises.Cette situation conjoncturelle est aujourd\u2019hui derri\u00e8re nous avec, notamment, la r\u00e9solution des pannes techniques, et l\u2019entr\u00e9e en production de nouvelles centrales \u00e9lectriques dont la mise en service avait \u00e9t\u00e9 retard\u00e9e en raison de la pand\u00e9mie de COVID-19.Je voudrais saluer mes concitoyens ainsi que toutes les populations vivant en C\u00f4te d\u2019Ivoire qui ont fait preuve de compr\u00e9hension et de patience durant cette p\u00e9riode difficile.<br \/>\nMes chers compatriotes,Notre pays poursuit sa marche vers le d\u00e9veloppement en d\u00e9pit de ces difficult\u00e9s conjoncturelles et du contexte particulier li\u00e9 \u00e0 la pand\u00e9mie de COVID-19.Les actions men\u00e9es par le Gouvernement ont permis d\u2019am\u00e9liorer, de mani\u00e8re substantielle, les conditions d\u2019acc\u00e8s \u00e0 la sant\u00e9, \u00e0 la protection sociale, \u00e0 l\u2019\u00e9ducation, \u00e0 l\u2019emploi, \u00e0 l\u2019\u00e9lectricit\u00e9 et \u00e0 l\u2019eau potable.La r\u00e9silience de notre \u00e9conomie, combin\u00e9e \u00e0 l\u2019efficacit\u00e9 de notre plan de riposte \u00e9conomique et sanitaire, a permis de faire face \u00e0 cette crise, avec un taux de croissance positif d\u2019environ 2% en 2020, contre une contraction de 3% au niveau mondial.Par ailleurs, plus d\u2019un million de doses de vaccins ont d\u00e9j\u00e0 \u00e9t\u00e9 administr\u00e9es, et la bonne prise en charge des patients a permis d\u2019avoir un taux de mortalit\u00e9 qui se situe parmi les plus bas au monde. Je salue les efforts du Gouvernement, dirig\u00e9 par le Premier Ministre Patrick Achi, et je f\u00e9licite l\u2019ensemble des acteurs impliqu\u00e9s dans la lutte contre cette pand\u00e9mie.Toutefois, la maladie est toujours pr\u00e9sente, avec l\u2019apparition de nouveaux variants dans le monde.J\u2019invite donc tous nos concitoyens \u00e0 se faire vacciner, comme moi-m\u00eame, et \u00e0 continuer \u00e0 respecter les mesures barri\u00e8res. Mes chers compatriotes,Chers fr\u00e8res, ch\u00e8res s\u0153urs,Mon ambition est d\u2019aller encore plus loin dans la transformation de notre pays et l&rsquo;am\u00e9lioration des conditions de vie de chacun de nos compatriotes. Pour ce faire, nous devons \u00eatre unis. C\u2019est la base de notre programme : \u00ab Une C\u00f4te d\u2019Ivoire Solidaire \u00bb.La C\u00f4te d&rsquo;Ivoire a besoin du g\u00e9nie et de la force de travail de tous ses enfants, notamment de ses jeunes et de ses femmes.C&rsquo;est pourquoi, nous allons acc\u00e9l\u00e9rer l\u2019acc\u00e8s des populations \u00e0 l\u2019\u00e9ducation, \u00e0 la sant\u00e9 et aux financements des projets, \u00e0 travers la mise en place d\u2019un nouveau Programme Social du Gouvernement (PSGouv), qui viendra consolider les bases du programme initial, tout en mettant l\u2019accent sur les zones de fragilit\u00e9 telles que le Nord-Est.Nous allons \u00e9galement poursuivre le d\u00e9veloppement du secteur priv\u00e9 et promouvoir l\u2019\u00e9mergence de champions nationaux, afin de cr\u00e9er plus d\u2019emplois pour nos jeunes.Par ailleurs, notre administration doit \u00eatre plus exemplaire en mati\u00e8re d&rsquo;efficacit\u00e9 et d&rsquo;int\u00e9grit\u00e9. Ainsi, nous continuerons \u00e0 faire la promotion de la bonne gouvernance et \u00e0 lutter contre la corruption, avec force et d\u00e9termination.<\/p>\n<p>Mes chers compatriotes,Notre pays a la capacit\u00e9 de faire face \u00e0 tous les d\u00e9fis pour offrir, \u00e0 chacune de ses filles et \u00e0 chacun de ses fils, une vie meilleure.Pour cela, rien ne doit entraver la marche de la C\u00f4te d&rsquo;Ivoire vers son d\u00e9veloppement, et le bien-\u00eatre de chacun.C&rsquo;est pourquoi, je me r\u00e9jouis de toutes les initiatives visant \u00e0 l&rsquo;apaisement. Je ne m\u00e9nagerai aucun effort pour cela, dans le respect de la loi et des Institutions.Je note la mise sous contr\u00f4le judiciaire ou en libert\u00e9 provisoire, par les juridictions comp\u00e9tentes, de soixante-neuf (69) inculp\u00e9s d\u00e9tenus suite aux \u00e9v\u00e9nements survenus \u00e0 l\u2019occasion de l\u2019\u00e9lection pr\u00e9sidentielle d\u2019octobre 2020.Ce vendredi 6 ao\u00fbt, j\u2019ai proc\u00e9d\u00e9 \u00e0 la signature d\u2019un d\u00e9cret accordant la gr\u00e2ce \u00e0 neuf (09) personnes condamn\u00e9es pour des infractions commises \u00e0 l\u2019occasion de ces m\u00eames \u00e9v\u00e9nements. L\u2019examen de la situation d\u2019autres personnes encore d\u00e9tenues se poursuit.Par ailleurs, j\u2019ai aussi proc\u00e9d\u00e9 \u00e0 la signature d\u2019un d\u00e9cret accordant une remise gracieuse de peine \u00e0 trois-mille (3000) condamn\u00e9s, dont la peine restant \u00e0 ex\u00e9cuter est inf\u00e9rieure ou \u00e9gale \u00e0 un (01) an. Bien \u00e9videmment, cette mesure ne concerne pas les personnes condamn\u00e9es pour des crimes de sang.<br \/>\nMes chers compatriotes,Chers fr\u00e8res, ch\u00e8res s\u0153urs,Pour terminer, je veux insister sur la n\u00e9cessit\u00e9 de renforcer la coh\u00e9sion sociale en vue de consolider l\u2019atmosph\u00e8re de paix et de s\u00e9curit\u00e9 durement acquise.Nous devons continuer, sans rel\u00e2che, \u00e0 nous rassembler afin de relever, ensemble, le d\u00e9fi de notre g\u00e9n\u00e9ration ; celui de b\u00e2tir une Nation prosp\u00e8re, solidaire et r\u00e9concili\u00e9e avec elle-m\u00eame, dans la justice et le pardon mutuel.La comm\u00e9moration de l&rsquo;ind\u00e9pendance de notre pays nous invite \u00e0 nous r\u00e9approprier nos valeurs fondamentales : la tol\u00e9rance, le travail, le vivre ensemble, la discipline et l\u2019hospitalit\u00e9.Pour ma part, je crois en ces valeurs. Je crois en la C\u00f4te d&rsquo;Ivoire. Je consid\u00e8re que chaque jour est une nouvelle opportunit\u00e9 d\u2019\u0153uvrer au rayonnement de notre pays et \u00e0 l\u2019am\u00e9lioration des conditions de vie de chaque Ivoirienne et dechaque Ivoirien.<br \/>\nJ\u2019invite toutes les forces vives de la Nation \u00e0 travailler, main dans la main, \u00e0 cette noble ambition dans la fraternit\u00e9 et la responsabilit\u00e9.<br \/>\nBonne f\u00eate de l\u2019Ind\u00e9pendance \u00e0 toutes et \u00e0 tous !Vive la R\u00e9publique !Vive la C\u00f4te d\u2019Ivoire !Que Dieu b\u00e9nisse notre beau pays !<\/p>\n","protected":false},"excerpt":{"rendered":"<p>Ivoiriennes, Ivoiriens,Mes chers compatriotes,Chers amis de la C\u00f4te d\u2019Ivoire ; C\u2019est toujours pour moi une immense joie de m\u2019adresser \u00e0 vous, chaque ann\u00e9e, \u00e0 l\u2019occasion de la comm\u00e9moration de l\u2019ind\u00e9pendance de notre beau pays, la C\u00f4ted\u2019Ivoire. Notre pays c\u00e9l\u00e8bre demain, ses 61 ans d\u2019ind\u00e9pendance.61 ans d\u2019histoire contemporaine, 61 ans d\u2019exp\u00e9riences tir\u00e9es de notre marche commune [&hellip;]<\/p>\n","protected":false},"author":2,"featured_media":2863,"comment_status":"closed","ping_status":"closed","sticky":true,"template":"","format":"standard","meta":{"_acf_changed":false,"footnotes":""},"categories":[],"tags":[],"class_list":["post-2862","post","type-post","status-publish","format-standard","has-post-thumbnail","hentry"],"acf":[],"yoast_head":"<!-- This site is optimized with the Yoast SEO plugin v27.5 - https:\/\/yoast.com\/product\/yoast-seo-wordpress\/ -->\n<title>61e anniversaire de l\u2019ind\u00e9pendance de la c\u00f4te d\u2019ivoire : message \u00e0 la Nation du pr\u00e9sident de la R\u00e9publique Alassane Ouattara - Amanien| L&#039;actualit\u00e9 Ivoirienne et Internationale<\/title>\n<meta name=\"robots\" content=\"index, follow, max-snippet:-1, max-image-preview:large, max-video-preview:-1\" \/>\n<link rel=\"canonical\" href=\"https:\/\/www.amanien.info\/news\/61e-anniversaire-de-lindependance-de-la-cote-divoire-message-a-la-nation-du-president-de-la-republique-alassane-ouattara\/\" \/>\n<meta property=\"og:locale\" content=\"fr_FR\" \/>\n<meta property=\"og:type\" content=\"article\" \/>\n<meta property=\"og:title\" content=\"61e anniversaire de l\u2019ind\u00e9pendance de la c\u00f4te d\u2019ivoire : message \u00e0 la Nation du pr\u00e9sident de la R\u00e9publique Alassane Ouattara - Amanien| L&#039;actualit\u00e9 Ivoirienne et Internationale\" \/>\n<meta property=\"og:description\" content=\"Ivoiriennes, Ivoiriens,Mes chers compatriotes,Chers amis de la C\u00f4te d\u2019Ivoire ; C\u2019est toujours pour moi une immense joie de m\u2019adresser \u00e0 vous, chaque ann\u00e9e, \u00e0 l\u2019occasion de la comm\u00e9moration de l\u2019ind\u00e9pendance de notre beau pays, la C\u00f4ted\u2019Ivoire. Notre pays c\u00e9l\u00e8bre demain, ses 61 ans d\u2019ind\u00e9pendance.61 ans d\u2019histoire contemporaine, 61 ans d\u2019exp\u00e9riences tir\u00e9es de notre marche commune [&hellip;]\" \/>\n<meta property=\"og:url\" content=\"https:\/\/www.amanien.info\/news\/61e-anniversaire-de-lindependance-de-la-cote-divoire-message-a-la-nation-du-president-de-la-republique-alassane-ouattara\/\" \/>\n<meta property=\"og:site_name\" content=\"Amanien| L&#039;actualit\u00e9 Ivoirienne et Internationale\" \/>\n<meta property=\"article:published_time\" content=\"2021-08-07T10:42:38+00:00\" \/>\n<meta property=\"article:modified_time\" content=\"2021-08-07T10:43:31+00:00\" \/>\n<meta property=\"og:image\" content=\"https:\/\/www.amanien.info\/news\/wp-content\/uploads\/2021\/08\/thumbnail-2.jpg\" \/>\n\t<meta property=\"og:image:width\" content=\"720\" \/>\n\t<meta property=\"og:image:height\" content=\"480\" \/>\n\t<meta property=\"og:image:type\" content=\"image\/jpeg\" \/>\n<meta name=\"author\" content=\"Germain Ndri\" \/>\n<meta name=\"twitter:card\" content=\"summary_large_image\" \/>\n<meta name=\"twitter:label1\" content=\"\u00c9crit par\" \/>\n\t<meta name=\"twitter:data1\" content=\"Germain Ndri\" \/>\n\t<meta name=\"twitter:label2\" content=\"Dur\u00e9e de lecture estim\u00e9e\" \/>\n\t<meta name=\"twitter:data2\" content=\"8 minutes\" \/>\n<script type=\"application\/ld+json\" class=\"yoast-schema-graph\">{\"@context\":\"https:\\\/\\\/schema.org\",\"@graph\":[{\"@type\":\"Article\",\"@id\":\"https:\\\/\\\/www.amanien.info\\\/news\\\/61e-anniversaire-de-lindependance-de-la-cote-divoire-message-a-la-nation-du-president-de-la-republique-alassane-ouattara\\\/#article\",\"isPartOf\":{\"@id\":\"https:\\\/\\\/www.amanien.info\\\/news\\\/61e-anniversaire-de-lindependance-de-la-cote-divoire-message-a-la-nation-du-president-de-la-republique-alassane-ouattara\\\/\"},\"author\":{\"name\":\"Germain Ndri\",\"@id\":\"https:\\\/\\\/www.amanien.info\\\/news\\\/#\\\/schema\\\/person\\\/b21093345753a1a98242d505bd894f42\"},\"headline\":\"61e anniversaire de l\u2019ind\u00e9pendance de la c\u00f4te d\u2019ivoire : message \u00e0 la Nation du pr\u00e9sident de la R\u00e9publique Alassane Ouattara\",\"datePublished\":\"2021-08-07T10:42:38+00:00\",\"dateModified\":\"2021-08-07T10:43:31+00:00\",\"mainEntityOfPage\":{\"@id\":\"https:\\\/\\\/www.amanien.info\\\/news\\\/61e-anniversaire-de-lindependance-de-la-cote-divoire-message-a-la-nation-du-president-de-la-republique-alassane-ouattara\\\/\"},\"wordCount\":1966,\"image\":{\"@id\":\"https:\\\/\\\/www.amanien.info\\\/news\\\/61e-anniversaire-de-lindependance-de-la-cote-divoire-message-a-la-nation-du-president-de-la-republique-alassane-ouattara\\\/#primaryimage\"},\"thumbnailUrl\":\"https:\\\/\\\/www.amanien.info\\\/news\\\/wp-content\\\/uploads\\\/2021\\\/08\\\/thumbnail-2.jpg\",\"inLanguage\":\"fr-FR\"},{\"@type\":\"WebPage\",\"@id\":\"https:\\\/\\\/www.amanien.info\\\/news\\\/61e-anniversaire-de-lindependance-de-la-cote-divoire-message-a-la-nation-du-president-de-la-republique-alassane-ouattara\\\/\",\"url\":\"https:\\\/\\\/www.amanien.info\\\/news\\\/61e-anniversaire-de-lindependance-de-la-cote-divoire-message-a-la-nation-du-president-de-la-republique-alassane-ouattara\\\/\",\"name\":\"61e anniversaire de l\u2019ind\u00e9pendance de la c\u00f4te d\u2019ivoire : message \u00e0 la Nation du pr\u00e9sident de la R\u00e9publique Alassane Ouattara - Amanien| L&#039;actualit\u00e9 Ivoirienne et Internationale\",\"isPartOf\":{\"@id\":\"https:\\\/\\\/www.amanien.info\\\/news\\\/#website\"},\"primaryImageOfPage\":{\"@id\":\"https:\\\/\\\/www.amanien.info\\\/news\\\/61e-anniversaire-de-lindependance-de-la-cote-divoire-message-a-la-nation-du-president-de-la-republique-alassane-ouattara\\\/#primaryimage\"},\"image\":{\"@id\":\"https:\\\/\\\/www.amanien.info\\\/news\\\/61e-anniversaire-de-lindependance-de-la-cote-divoire-message-a-la-nation-du-president-de-la-republique-alassane-ouattara\\\/#primaryimage\"},\"thumbnailUrl\":\"https:\\\/\\\/www.amanien.info\\\/news\\\/wp-content\\\/uploads\\\/2021\\\/08\\\/thumbnail-2.jpg\",\"datePublished\":\"2021-08-07T10:42:38+00:00\",\"dateModified\":\"2021-08-07T10:43:31+00:00\",\"author\":{\"@id\":\"https:\\\/\\\/www.amanien.info\\\/news\\\/#\\\/schema\\\/person\\\/b21093345753a1a98242d505bd894f42\"},\"breadcrumb\":{\"@id\":\"https:\\\/\\\/www.amanien.info\\\/news\\\/61e-anniversaire-de-lindependance-de-la-cote-divoire-message-a-la-nation-du-president-de-la-republique-alassane-ouattara\\\/#breadcrumb\"},\"inLanguage\":\"fr-FR\",\"potentialAction\":[{\"@type\":\"ReadAction\",\"target\":[\"https:\\\/\\\/www.amanien.info\\\/news\\\/61e-anniversaire-de-lindependance-de-la-cote-divoire-message-a-la-nation-du-president-de-la-republique-alassane-ouattara\\\/\"]}]},{\"@type\":\"ImageObject\",\"inLanguage\":\"fr-FR\",\"@id\":\"https:\\\/\\\/www.amanien.info\\\/news\\\/61e-anniversaire-de-lindependance-de-la-cote-divoire-message-a-la-nation-du-president-de-la-republique-alassane-ouattara\\\/#primaryimage\",\"url\":\"https:\\\/\\\/www.amanien.info\\\/news\\\/wp-content\\\/uploads\\\/2021\\\/08\\\/thumbnail-2.jpg\",\"contentUrl\":\"https:\\\/\\\/www.amanien.info\\\/news\\\/wp-content\\\/uploads\\\/2021\\\/08\\\/thumbnail-2.jpg\",\"width\":720,\"height\":480},{\"@type\":\"BreadcrumbList\",\"@id\":\"https:\\\/\\\/www.amanien.info\\\/news\\\/61e-anniversaire-de-lindependance-de-la-cote-divoire-message-a-la-nation-du-president-de-la-republique-alassane-ouattara\\\/#breadcrumb\",\"itemListElement\":[{\"@type\":\"ListItem\",\"position\":1,\"name\":\"Accueil\",\"item\":\"https:\\\/\\\/www.amanien.info\\\/news\\\/\"},{\"@type\":\"ListItem\",\"position\":2,\"name\":\"61e anniversaire de l\u2019ind\u00e9pendance de la c\u00f4te d\u2019ivoire : message \u00e0 la Nation du pr\u00e9sident de la R\u00e9publique Alassane Ouattara\"}]},{\"@type\":\"WebSite\",\"@id\":\"https:\\\/\\\/www.amanien.info\\\/news\\\/#website\",\"url\":\"https:\\\/\\\/www.amanien.info\\\/news\\\/\",\"name\":\"Amanien| L&#039;actualit\u00e9 Ivoirienne et Internationale\",\"description\":\"L&#039;actualit\u00e9 Ivoirienne et Internationale\",\"potentialAction\":[{\"@type\":\"SearchAction\",\"target\":{\"@type\":\"EntryPoint\",\"urlTemplate\":\"https:\\\/\\\/www.amanien.info\\\/news\\\/?s={search_term_string}\"},\"query-input\":{\"@type\":\"PropertyValueSpecification\",\"valueRequired\":true,\"valueName\":\"search_term_string\"}}],\"inLanguage\":\"fr-FR\"},{\"@type\":\"Person\",\"@id\":\"https:\\\/\\\/www.amanien.info\\\/news\\\/#\\\/schema\\\/person\\\/b21093345753a1a98242d505bd894f42\",\"name\":\"Germain Ndri\",\"url\":\"https:\\\/\\\/www.amanien.info\\\/news\\\/author\\\/amanien-infos\\\/\"}]}<\/script>\n<!-- \/ Yoast SEO plugin. -->","yoast_head_json":{"title":"61e anniversaire de l\u2019ind\u00e9pendance de la c\u00f4te d\u2019ivoire : message \u00e0 la Nation du pr\u00e9sident de la R\u00e9publique Alassane Ouattara - Amanien| L&#039;actualit\u00e9 Ivoirienne et Internationale","robots":{"index":"index","follow":"follow","max-snippet":"max-snippet:-1","max-image-preview":"max-image-preview:large","max-video-preview":"max-video-preview:-1"},"canonical":"https:\/\/www.amanien.info\/news\/61e-anniversaire-de-lindependance-de-la-cote-divoire-message-a-la-nation-du-president-de-la-republique-alassane-ouattara\/","og_locale":"fr_FR","og_type":"article","og_title":"61e anniversaire de l\u2019ind\u00e9pendance de la c\u00f4te d\u2019ivoire : message \u00e0 la Nation du pr\u00e9sident de la R\u00e9publique Alassane Ouattara - Amanien| L&#039;actualit\u00e9 Ivoirienne et Internationale","og_description":"Ivoiriennes, Ivoiriens,Mes chers compatriotes,Chers amis de la C\u00f4te d\u2019Ivoire ; C\u2019est toujours pour moi une immense joie de m\u2019adresser \u00e0 vous, chaque ann\u00e9e, \u00e0 l\u2019occasion de la comm\u00e9moration de l\u2019ind\u00e9pendance de notre beau pays, la C\u00f4ted\u2019Ivoire. Notre pays c\u00e9l\u00e8bre demain, ses 61 ans d\u2019ind\u00e9pendance.61 ans d\u2019histoire contemporaine, 61 ans d\u2019exp\u00e9riences tir\u00e9es de notre marche commune [&hellip;]","og_url":"https:\/\/www.amanien.info\/news\/61e-anniversaire-de-lindependance-de-la-cote-divoire-message-a-la-nation-du-president-de-la-republique-alassane-ouattara\/","og_site_name":"Amanien| L&#039;actualit\u00e9 Ivoirienne et Internationale","article_published_time":"2021-08-07T10:42:38+00:00","article_modified_time":"2021-08-07T10:43:31+00:00","og_image":[{"width":720,"height":480,"url":"https:\/\/www.amanien.info\/news\/wp-content\/uploads\/2021\/08\/thumbnail-2.jpg","type":"image\/jpeg"}],"author":"Germain Ndri","twitter_card":"summary_large_image","twitter_misc":{"\u00c9crit par":"Germain Ndri","Dur\u00e9e de lecture estim\u00e9e":"8 minutes"},"schema":{"@context":"https:\/\/schema.org","@graph":[{"@type":"Article","@id":"https:\/\/www.amanien.info\/news\/61e-anniversaire-de-lindependance-de-la-cote-divoire-message-a-la-nation-du-president-de-la-republique-alassane-ouattara\/#article","isPartOf":{"@id":"https:\/\/www.amanien.info\/news\/61e-anniversaire-de-lindependance-de-la-cote-divoire-message-a-la-nation-du-president-de-la-republique-alassane-ouattara\/"},"author":{"name":"Germain Ndri","@id":"https:\/\/www.amanien.info\/news\/#\/schema\/person\/b21093345753a1a98242d505bd894f42"},"headline":"61e anniversaire de l\u2019ind\u00e9pendance de la c\u00f4te d\u2019ivoire : message \u00e0 la Nation du pr\u00e9sident de la R\u00e9publique Alassane Ouattara","datePublished":"2021-08-07T10:42:38+00:00","dateModified":"2021-08-07T10:43:31+00:00","mainEntityOfPage":{"@id":"https:\/\/www.amanien.info\/news\/61e-anniversaire-de-lindependance-de-la-cote-divoire-message-a-la-nation-du-president-de-la-republique-alassane-ouattara\/"},"wordCount":1966,"image":{"@id":"https:\/\/www.amanien.info\/news\/61e-anniversaire-de-lindependance-de-la-cote-divoire-message-a-la-nation-du-president-de-la-republique-alassane-ouattara\/#primaryimage"},"thumbnailUrl":"https:\/\/www.amanien.info\/news\/wp-content\/uploads\/2021\/08\/thumbnail-2.jpg","inLanguage":"fr-FR"},{"@type":"WebPage","@id":"https:\/\/www.amanien.info\/news\/61e-anniversaire-de-lindependance-de-la-cote-divoire-message-a-la-nation-du-president-de-la-republique-alassane-ouattara\/","url":"https:\/\/www.amanien.info\/news\/61e-anniversaire-de-lindependance-de-la-cote-divoire-message-a-la-nation-du-president-de-la-republique-alassane-ouattara\/","name":"61e anniversaire de l\u2019ind\u00e9pendance de la c\u00f4te d\u2019ivoire : message \u00e0 la Nation du pr\u00e9sident de la R\u00e9publique Alassane Ouattara - Amanien| L&#039;actualit\u00e9 Ivoirienne et Internationale","isPartOf":{"@id":"https:\/\/www.amanien.info\/news\/#website"},"primaryImageOfPage":{"@id":"https:\/\/www.amanien.info\/news\/61e-anniversaire-de-lindependance-de-la-cote-divoire-message-a-la-nation-du-president-de-la-republique-alassane-ouattara\/#primaryimage"},"image":{"@id":"https:\/\/www.amanien.info\/news\/61e-anniversaire-de-lindependance-de-la-cote-divoire-message-a-la-nation-du-president-de-la-republique-alassane-ouattara\/#primaryimage"},"thumbnailUrl":"https:\/\/www.amanien.info\/news\/wp-content\/uploads\/2021\/08\/thumbnail-2.jpg","datePublished":"2021-08-07T10:42:38+00:00","dateModified":"2021-08-07T10:43:31+00:00","author":{"@id":"https:\/\/www.amanien.info\/news\/#\/schema\/person\/b21093345753a1a98242d505bd894f42"},"breadcrumb":{"@id":"https:\/\/www.amanien.info\/news\/61e-anniversaire-de-lindependance-de-la-cote-divoire-message-a-la-nation-du-president-de-la-republique-alassane-ouattara\/#breadcrumb"},"inLanguage":"fr-FR","potentialAction":[{"@type":"ReadAction","target":["https:\/\/www.amanien.info\/news\/61e-anniversaire-de-lindependance-de-la-cote-divoire-message-a-la-nation-du-president-de-la-republique-alassane-ouattara\/"]}]},{"@type":"ImageObject","inLanguage":"fr-FR","@id":"https:\/\/www.amanien.info\/news\/61e-anniversaire-de-lindependance-de-la-cote-divoire-message-a-la-nation-du-president-de-la-republique-alassane-ouattara\/#primaryimage","url":"https:\/\/www.amanien.info\/news\/wp-content\/uploads\/2021\/08\/thumbnail-2.jpg","contentUrl":"https:\/\/www.amanien.info\/news\/wp-content\/uploads\/2021\/08\/thumbnail-2.jpg","width":720,"height":480},{"@type":"BreadcrumbList","@id":"https:\/\/www.amanien.info\/news\/61e-anniversaire-de-lindependance-de-la-cote-divoire-message-a-la-nation-du-president-de-la-republique-alassane-ouattara\/#breadcrumb","itemListElement":[{"@type":"ListItem","position":1,"name":"Accueil","item":"https:\/\/www.amanien.info\/news\/"},{"@type":"ListItem","position":2,"name":"61e anniversaire de l\u2019ind\u00e9pendance de la c\u00f4te d\u2019ivoire : message \u00e0 la Nation du pr\u00e9sident de la R\u00e9publique Alassane Ouattara"}]},{"@type":"WebSite","@id":"https:\/\/www.amanien.info\/news\/#website","url":"https:\/\/www.amanien.info\/news\/","name":"Amanien| L&#039;actualit\u00e9 Ivoirienne et Internationale","description":"L&#039;actualit\u00e9 Ivoirienne et Internationale","potentialAction":[{"@type":"SearchAction","target":{"@type":"EntryPoint","urlTemplate":"https:\/\/www.amanien.info\/news\/?s={search_term_string}"},"query-input":{"@type":"PropertyValueSpecification","valueRequired":true,"valueName":"search_term_string"}}],"inLanguage":"fr-FR"},{"@type":"Person","@id":"https:\/\/www.amanien.info\/news\/#\/schema\/person\/b21093345753a1a98242d505bd894f42","name":"Germain Ndri","url":"https:\/\/www.amanien.info\/news\/author\/amanien-infos\/"}]}},"_links":{"self":[{"href":"https:\/\/www.amanien.info\/news\/wp-json\/wp\/v2\/posts\/2862","targetHints":{"allow":["GET"]}}],"collection":[{"href":"https:\/\/www.amanien.info\/news\/wp-json\/wp\/v2\/posts"}],"about":[{"href":"https:\/\/www.amanien.info\/news\/wp-json\/wp\/v2\/types\/post"}],"author":[{"embeddable":true,"href":"https:\/\/www.amanien.info\/news\/wp-json\/wp\/v2\/users\/2"}],"replies":[{"embeddable":true,"href":"https:\/\/www.amanien.info\/news\/wp-json\/wp\/v2\/comments?post=2862"}],"version-history":[{"count":1,"href":"https:\/\/www.amanien.info\/news\/wp-json\/wp\/v2\/posts\/2862\/revisions"}],"predecessor-version":[{"id":2864,"href":"https:\/\/www.amanien.info\/news\/wp-json\/wp\/v2\/posts\/2862\/revisions\/2864"}],"wp:featuredmedia":[{"embeddable":true,"href":"https:\/\/www.amanien.info\/news\/wp-json\/wp\/v2\/media\/2863"}],"wp:attachment":[{"href":"https:\/\/www.amanien.info\/news\/wp-json\/wp\/v2\/media?parent=2862"}],"wp:term":[{"taxonomy":"category","embeddable":true,"href":"https:\/\/www.amanien.info\/news\/wp-json\/wp\/v2\/categories?post=2862"},{"taxonomy":"post_tag","embeddable":true,"href":"https:\/\/www.amanien.info\/news\/wp-json\/wp\/v2\/tags?post=2862"}],"curies":[{"name":"wp","href":"https:\/\/api.w.org\/{rel}","templated":true}]}}