{"id":2851,"date":"2021-08-02T08:05:20","date_gmt":"2021-08-02T08:05:20","guid":{"rendered":"https:\/\/www.https:\/\/zozo.buyee.jp\/\/news\/?p=2851"},"modified":"2021-08-02T08:06:08","modified_gmt":"2021-08-02T08:06:08","slug":"journee-internationale-de-la-femme-africaine-les-inventrices-ivoiriennes-lancent-un-appel-au-chef-de-letat","status":"publish","type":"post","link":"https:\/\/www.amanien.info\/news\/journee-internationale-de-la-femme-africaine-les-inventrices-ivoiriennes-lancent-un-appel-au-chef-de-letat\/","title":{"rendered":"Journ\u00e9e Internationale de la Femme Africaine: Les Inventrices Ivoiriennes lancent un appel au Chef de l&rsquo;\u00c9tat"},"content":{"rendered":"<p>Le 31 juillet est la journ\u00e9e Internationale de la Femme Africaine ( JIFA). Chaque ann\u00e9e, la F\u00e9d\u00e9ration des Inventeurs et innovateurs de C\u00f4te d&rsquo; Ivoire ( FEDINCI), avec son pr\u00e9sident Pierre Djibril Coulibaly, c\u00e9l\u00e8bre les femmes inventrices lors de ladite journ\u00e9e. A cette occasion, les femmes inventeurs, innovateurs, chercheurs, cr\u00e9ateurs et startups de C\u00f4te d&rsquo;Ivoire, ont fait une communication, dans laquelle elles lancent un appel pressant au Chef de l&rsquo;\u00c9tat Alassane Ouattara, afin qu&rsquo; il apporte plus d&rsquo; appui aux acteurs du g\u00e9nie ivoirien.<br \/>\nSelon la FEDINCI, l&rsquo; invention est le moteur du d\u00e9veloppement d&rsquo; un pays, et c&rsquo; est \u00e0 juste titre que la C\u00f4te d&rsquo;Ivoire peut se r\u00e9clamer pays d&rsquo; invention, au vu du classement mondial 2019 de l&rsquo; Organisation Mondiale de la Propri\u00e9t\u00e9 Intellectuelle ( OMPI). La C\u00f4te d&rsquo;Ivoire est d\u00e9tentrice de plus de 300 brevets d&rsquo; invention, dont l&rsquo; exploitation peut renforcer consid\u00e9rablement le pouvoir \u00e9conomique et strat\u00e9gique du pays, \u00e0 l&rsquo; image des puissances industrielles qui dominent le monde.<\/p>\n<p>\u00a0\u00bb A travers l&rsquo; activisme de la FEDINCI, dont le Salon International des Inventions ( ABIDJAN INNOVA), les inventeurs et inventrices font d\u00e9j\u00e0 beaucoup, mais leurs efforts sont largement insuffisants pour les enjeux \u00e9conomiques et sociaux induits par la valorisation des produits du g\u00e9nie. D&rsquo; o\u00f9 cet appel au p\u00e8re de la Nation, pour plus de soutien aux inventeurs dans la qu\u00eate de moyens, pour la vulgarisation du \u00a0\u00bb Made in C\u00f4te d&rsquo;Ivoire\u00a0\u00bb.<br \/>\nEn C\u00f4te d&rsquo;Ivoire, au moins 15% des inventeurs sont des femmes, et on les trouve dans tous les domaines. Les inventrices Ivoiriennes, soutenues par la FEDINCI, expriment leur gratitude \u00e0 son Excellence Monsieur le pr\u00e9sident de la R\u00e9publique et \u00e0 son \u00e9pouse Mme Dominique Ouattara, pour ce qu&rsquo; ils font d\u00e9j\u00e0, et pour ce qu&rsquo; ils feront encore en faveur du secteur invention et innovation.<br \/>\nC.W<\/p>\n","protected":false},"excerpt":{"rendered":"<p>Le 31 juillet est la journ\u00e9e Internationale de la Femme Africaine ( JIFA). Chaque ann\u00e9e, la F\u00e9d\u00e9ration des Inventeurs et innovateurs de C\u00f4te d&rsquo; Ivoire ( FEDINCI), avec son pr\u00e9sident Pierre Djibril Coulibaly, c\u00e9l\u00e8bre les femmes inventrices lors de ladite journ\u00e9e. A cette occasion, les femmes inventeurs, innovateurs, chercheurs, cr\u00e9ateurs et startups de C\u00f4te d&rsquo;Ivoire, [&hellip;]<\/p>\n","protected":false},"author":2,"featured_media":2852,"comment_status":"closed","ping_status":"closed","sticky":true,"template":"","format":"standard","meta":{"_acf_changed":false,"footnotes":""},"categories":[],"tags":[],"class_list":["post-2851","post","type-post","status-publish","format-standard","has-post-thumbnail","hentry"],"acf":[],"yoast_head":"<!-- This site is optimized with the Yoast SEO plugin v27.4 - https:\/\/yoast.com\/product\/yoast-seo-wordpress\/ -->\n<title>Journ\u00e9e Internationale de la Femme Africaine: Les Inventrices Ivoiriennes lancent un appel au Chef de l&#039;\u00c9tat - Amanien| L&#039;actualit\u00e9 Ivoirienne et Internationale<\/title>\n<meta name=\"robots\" content=\"index, follow, max-snippet:-1, max-image-preview:large, max-video-preview:-1\" \/>\n<link rel=\"canonical\" href=\"https:\/\/www.amanien.info\/news\/journee-internationale-de-la-femme-africaine-les-inventrices-ivoiriennes-lancent-un-appel-au-chef-de-letat\/\" \/>\n<meta property=\"og:locale\" content=\"fr_FR\" \/>\n<meta property=\"og:type\" content=\"article\" \/>\n<meta property=\"og:title\" content=\"Journ\u00e9e Internationale de la Femme Africaine: Les Inventrices Ivoiriennes lancent un appel au Chef de l&#039;\u00c9tat - Amanien| L&#039;actualit\u00e9 Ivoirienne et Internationale\" \/>\n<meta property=\"og:description\" content=\"Le 31 juillet est la journ\u00e9e Internationale de la Femme Africaine ( JIFA). Chaque ann\u00e9e, la F\u00e9d\u00e9ration des Inventeurs et innovateurs de C\u00f4te d&rsquo; Ivoire ( FEDINCI), avec son pr\u00e9sident Pierre Djibril Coulibaly, c\u00e9l\u00e8bre les femmes inventrices lors de ladite journ\u00e9e. A cette occasion, les femmes inventeurs, innovateurs, chercheurs, cr\u00e9ateurs et startups de C\u00f4te d&rsquo;Ivoire, [&hellip;]\" \/>\n<meta property=\"og:url\" content=\"https:\/\/www.amanien.info\/news\/journee-internationale-de-la-femme-africaine-les-inventrices-ivoiriennes-lancent-un-appel-au-chef-de-letat\/\" \/>\n<meta property=\"og:site_name\" content=\"Amanien| L&#039;actualit\u00e9 Ivoirienne et Internationale\" \/>\n<meta property=\"article:published_time\" content=\"2021-08-02T08:05:20+00:00\" \/>\n<meta property=\"article:modified_time\" content=\"2021-08-02T08:06:08+00:00\" \/>\n<meta property=\"og:image\" content=\"https:\/\/www.amanien.info\/news\/wp-content\/uploads\/2021\/08\/thumbnail.jpg\" \/>\n\t<meta property=\"og:image:width\" content=\"847\" \/>\n\t<meta property=\"og:image:height\" content=\"503\" \/>\n\t<meta property=\"og:image:type\" content=\"image\/jpeg\" \/>\n<meta name=\"author\" content=\"Germain Ndri\" \/>\n<meta name=\"twitter:card\" content=\"summary_large_image\" \/>\n<meta name=\"twitter:label1\" content=\"\u00c9crit par\" \/>\n\t<meta name=\"twitter:data1\" content=\"Germain Ndri\" \/>\n\t<meta name=\"twitter:label2\" content=\"Dur\u00e9e de lecture estim\u00e9e\" \/>\n\t<meta name=\"twitter:data2\" content=\"2 minutes\" \/>\n<script type=\"application\/ld+json\" class=\"yoast-schema-graph\">{\"@context\":\"https:\\\/\\\/schema.org\",\"@graph\":[{\"@type\":\"Article\",\"@id\":\"https:\\\/\\\/www.amanien.info\\\/news\\\/journee-internationale-de-la-femme-africaine-les-inventrices-ivoiriennes-lancent-un-appel-au-chef-de-letat\\\/#article\",\"isPartOf\":{\"@id\":\"https:\\\/\\\/www.amanien.info\\\/news\\\/journee-internationale-de-la-femme-africaine-les-inventrices-ivoiriennes-lancent-un-appel-au-chef-de-letat\\\/\"},\"author\":{\"name\":\"Germain Ndri\",\"@id\":\"https:\\\/\\\/www.amanien.info\\\/news\\\/#\\\/schema\\\/person\\\/b21093345753a1a98242d505bd894f42\"},\"headline\":\"Journ\u00e9e Internationale de la Femme Africaine: Les Inventrices Ivoiriennes lancent un appel au Chef de l&rsquo;\u00c9tat\",\"datePublished\":\"2021-08-02T08:05:20+00:00\",\"dateModified\":\"2021-08-02T08:06:08+00:00\",\"mainEntityOfPage\":{\"@id\":\"https:\\\/\\\/www.amanien.info\\\/news\\\/journee-internationale-de-la-femme-africaine-les-inventrices-ivoiriennes-lancent-un-appel-au-chef-de-letat\\\/\"},\"wordCount\":343,\"image\":{\"@id\":\"https:\\\/\\\/www.amanien.info\\\/news\\\/journee-internationale-de-la-femme-africaine-les-inventrices-ivoiriennes-lancent-un-appel-au-chef-de-letat\\\/#primaryimage\"},\"thumbnailUrl\":\"https:\\\/\\\/www.amanien.info\\\/news\\\/wp-content\\\/uploads\\\/2021\\\/08\\\/thumbnail.jpg\",\"inLanguage\":\"fr-FR\"},{\"@type\":\"WebPage\",\"@id\":\"https:\\\/\\\/www.amanien.info\\\/news\\\/journee-internationale-de-la-femme-africaine-les-inventrices-ivoiriennes-lancent-un-appel-au-chef-de-letat\\\/\",\"url\":\"https:\\\/\\\/www.amanien.info\\\/news\\\/journee-internationale-de-la-femme-africaine-les-inventrices-ivoiriennes-lancent-un-appel-au-chef-de-letat\\\/\",\"name\":\"Journ\u00e9e Internationale de la Femme Africaine: Les Inventrices Ivoiriennes lancent un appel au Chef de l'\u00c9tat - Amanien| L&#039;actualit\u00e9 Ivoirienne et Internationale\",\"isPartOf\":{\"@id\":\"https:\\\/\\\/www.amanien.info\\\/news\\\/#website\"},\"primaryImageOfPage\":{\"@id\":\"https:\\\/\\\/www.amanien.info\\\/news\\\/journee-internationale-de-la-femme-africaine-les-inventrices-ivoiriennes-lancent-un-appel-au-chef-de-letat\\\/#primaryimage\"},\"image\":{\"@id\":\"https:\\\/\\\/www.amanien.info\\\/news\\\/journee-internationale-de-la-femme-africaine-les-inventrices-ivoiriennes-lancent-un-appel-au-chef-de-letat\\\/#primaryimage\"},\"thumbnailUrl\":\"https:\\\/\\\/www.amanien.info\\\/news\\\/wp-content\\\/uploads\\\/2021\\\/08\\\/thumbnail.jpg\",\"datePublished\":\"2021-08-02T08:05:20+00:00\",\"dateModified\":\"2021-08-02T08:06:08+00:00\",\"author\":{\"@id\":\"https:\\\/\\\/www.amanien.info\\\/news\\\/#\\\/schema\\\/person\\\/b21093345753a1a98242d505bd894f42\"},\"breadcrumb\":{\"@id\":\"https:\\\/\\\/www.amanien.info\\\/news\\\/journee-internationale-de-la-femme-africaine-les-inventrices-ivoiriennes-lancent-un-appel-au-chef-de-letat\\\/#breadcrumb\"},\"inLanguage\":\"fr-FR\",\"potentialAction\":[{\"@type\":\"ReadAction\",\"target\":[\"https:\\\/\\\/www.amanien.info\\\/news\\\/journee-internationale-de-la-femme-africaine-les-inventrices-ivoiriennes-lancent-un-appel-au-chef-de-letat\\\/\"]}]},{\"@type\":\"ImageObject\",\"inLanguage\":\"fr-FR\",\"@id\":\"https:\\\/\\\/www.amanien.info\\\/news\\\/journee-internationale-de-la-femme-africaine-les-inventrices-ivoiriennes-lancent-un-appel-au-chef-de-letat\\\/#primaryimage\",\"url\":\"https:\\\/\\\/www.amanien.info\\\/news\\\/wp-content\\\/uploads\\\/2021\\\/08\\\/thumbnail.jpg\",\"contentUrl\":\"https:\\\/\\\/www.amanien.info\\\/news\\\/wp-content\\\/uploads\\\/2021\\\/08\\\/thumbnail.jpg\",\"width\":847,\"height\":503},{\"@type\":\"BreadcrumbList\",\"@id\":\"https:\\\/\\\/www.amanien.info\\\/news\\\/journee-internationale-de-la-femme-africaine-les-inventrices-ivoiriennes-lancent-un-appel-au-chef-de-letat\\\/#breadcrumb\",\"itemListElement\":[{\"@type\":\"ListItem\",\"position\":1,\"name\":\"Accueil\",\"item\":\"https:\\\/\\\/www.amanien.info\\\/news\\\/\"},{\"@type\":\"ListItem\",\"position\":2,\"name\":\"Journ\u00e9e Internationale de la Femme Africaine: Les Inventrices Ivoiriennes lancent un appel au Chef de l&rsquo;\u00c9tat\"}]},{\"@type\":\"WebSite\",\"@id\":\"https:\\\/\\\/www.amanien.info\\\/news\\\/#website\",\"url\":\"https:\\\/\\\/www.amanien.info\\\/news\\\/\",\"name\":\"Amanien| L&#039;actualit\u00e9 Ivoirienne et Internationale\",\"description\":\"L&#039;actualit\u00e9 Ivoirienne et Internationale\",\"potentialAction\":[{\"@type\":\"SearchAction\",\"target\":{\"@type\":\"EntryPoint\",\"urlTemplate\":\"https:\\\/\\\/www.amanien.info\\\/news\\\/?s={search_term_string}\"},\"query-input\":{\"@type\":\"PropertyValueSpecification\",\"valueRequired\":true,\"valueName\":\"search_term_string\"}}],\"inLanguage\":\"fr-FR\"},{\"@type\":\"Person\",\"@id\":\"https:\\\/\\\/www.amanien.info\\\/news\\\/#\\\/schema\\\/person\\\/b21093345753a1a98242d505bd894f42\",\"name\":\"Germain Ndri\",\"url\":\"https:\\\/\\\/www.amanien.info\\\/news\\\/author\\\/amanien-infos\\\/\"}]}<\/script>\n<!-- \/ Yoast SEO plugin. -->","yoast_head_json":{"title":"Journ\u00e9e Internationale de la Femme Africaine: Les Inventrices Ivoiriennes lancent un appel au Chef de l'\u00c9tat - Amanien| L&#039;actualit\u00e9 Ivoirienne et Internationale","robots":{"index":"index","follow":"follow","max-snippet":"max-snippet:-1","max-image-preview":"max-image-preview:large","max-video-preview":"max-video-preview:-1"},"canonical":"https:\/\/www.amanien.info\/news\/journee-internationale-de-la-femme-africaine-les-inventrices-ivoiriennes-lancent-un-appel-au-chef-de-letat\/","og_locale":"fr_FR","og_type":"article","og_title":"Journ\u00e9e Internationale de la Femme Africaine: Les Inventrices Ivoiriennes lancent un appel au Chef de l'\u00c9tat - Amanien| L&#039;actualit\u00e9 Ivoirienne et Internationale","og_description":"Le 31 juillet est la journ\u00e9e Internationale de la Femme Africaine ( JIFA). Chaque ann\u00e9e, la F\u00e9d\u00e9ration des Inventeurs et innovateurs de C\u00f4te d&rsquo; Ivoire ( FEDINCI), avec son pr\u00e9sident Pierre Djibril Coulibaly, c\u00e9l\u00e8bre les femmes inventrices lors de ladite journ\u00e9e. A cette occasion, les femmes inventeurs, innovateurs, chercheurs, cr\u00e9ateurs et startups de C\u00f4te d&rsquo;Ivoire, [&hellip;]","og_url":"https:\/\/www.amanien.info\/news\/journee-internationale-de-la-femme-africaine-les-inventrices-ivoiriennes-lancent-un-appel-au-chef-de-letat\/","og_site_name":"Amanien| L&#039;actualit\u00e9 Ivoirienne et Internationale","article_published_time":"2021-08-02T08:05:20+00:00","article_modified_time":"2021-08-02T08:06:08+00:00","og_image":[{"width":847,"height":503,"url":"https:\/\/www.amanien.info\/news\/wp-content\/uploads\/2021\/08\/thumbnail.jpg","type":"image\/jpeg"}],"author":"Germain Ndri","twitter_card":"summary_large_image","twitter_misc":{"\u00c9crit par":"Germain Ndri","Dur\u00e9e de lecture estim\u00e9e":"2 minutes"},"schema":{"@context":"https:\/\/schema.org","@graph":[{"@type":"Article","@id":"https:\/\/www.amanien.info\/news\/journee-internationale-de-la-femme-africaine-les-inventrices-ivoiriennes-lancent-un-appel-au-chef-de-letat\/#article","isPartOf":{"@id":"https:\/\/www.amanien.info\/news\/journee-internationale-de-la-femme-africaine-les-inventrices-ivoiriennes-lancent-un-appel-au-chef-de-letat\/"},"author":{"name":"Germain Ndri","@id":"https:\/\/www.amanien.info\/news\/#\/schema\/person\/b21093345753a1a98242d505bd894f42"},"headline":"Journ\u00e9e Internationale de la Femme Africaine: Les Inventrices Ivoiriennes lancent un appel au Chef de l&rsquo;\u00c9tat","datePublished":"2021-08-02T08:05:20+00:00","dateModified":"2021-08-02T08:06:08+00:00","mainEntityOfPage":{"@id":"https:\/\/www.amanien.info\/news\/journee-internationale-de-la-femme-africaine-les-inventrices-ivoiriennes-lancent-un-appel-au-chef-de-letat\/"},"wordCount":343,"image":{"@id":"https:\/\/www.amanien.info\/news\/journee-internationale-de-la-femme-africaine-les-inventrices-ivoiriennes-lancent-un-appel-au-chef-de-letat\/#primaryimage"},"thumbnailUrl":"https:\/\/www.amanien.info\/news\/wp-content\/uploads\/2021\/08\/thumbnail.jpg","inLanguage":"fr-FR"},{"@type":"WebPage","@id":"https:\/\/www.amanien.info\/news\/journee-internationale-de-la-femme-africaine-les-inventrices-ivoiriennes-lancent-un-appel-au-chef-de-letat\/","url":"https:\/\/www.amanien.info\/news\/journee-internationale-de-la-femme-africaine-les-inventrices-ivoiriennes-lancent-un-appel-au-chef-de-letat\/","name":"Journ\u00e9e Internationale de la Femme Africaine: Les Inventrices Ivoiriennes lancent un appel au Chef de l'\u00c9tat - Amanien| L&#039;actualit\u00e9 Ivoirienne et Internationale","isPartOf":{"@id":"https:\/\/www.amanien.info\/news\/#website"},"primaryImageOfPage":{"@id":"https:\/\/www.amanien.info\/news\/journee-internationale-de-la-femme-africaine-les-inventrices-ivoiriennes-lancent-un-appel-au-chef-de-letat\/#primaryimage"},"image":{"@id":"https:\/\/www.amanien.info\/news\/journee-internationale-de-la-femme-africaine-les-inventrices-ivoiriennes-lancent-un-appel-au-chef-de-letat\/#primaryimage"},"thumbnailUrl":"https:\/\/www.amanien.info\/news\/wp-content\/uploads\/2021\/08\/thumbnail.jpg","datePublished":"2021-08-02T08:05:20+00:00","dateModified":"2021-08-02T08:06:08+00:00","author":{"@id":"https:\/\/www.amanien.info\/news\/#\/schema\/person\/b21093345753a1a98242d505bd894f42"},"breadcrumb":{"@id":"https:\/\/www.amanien.info\/news\/journee-internationale-de-la-femme-africaine-les-inventrices-ivoiriennes-lancent-un-appel-au-chef-de-letat\/#breadcrumb"},"inLanguage":"fr-FR","potentialAction":[{"@type":"ReadAction","target":["https:\/\/www.amanien.info\/news\/journee-internationale-de-la-femme-africaine-les-inventrices-ivoiriennes-lancent-un-appel-au-chef-de-letat\/"]}]},{"@type":"ImageObject","inLanguage":"fr-FR","@id":"https:\/\/www.amanien.info\/news\/journee-internationale-de-la-femme-africaine-les-inventrices-ivoiriennes-lancent-un-appel-au-chef-de-letat\/#primaryimage","url":"https:\/\/www.amanien.info\/news\/wp-content\/uploads\/2021\/08\/thumbnail.jpg","contentUrl":"https:\/\/www.amanien.info\/news\/wp-content\/uploads\/2021\/08\/thumbnail.jpg","width":847,"height":503},{"@type":"BreadcrumbList","@id":"https:\/\/www.amanien.info\/news\/journee-internationale-de-la-femme-africaine-les-inventrices-ivoiriennes-lancent-un-appel-au-chef-de-letat\/#breadcrumb","itemListElement":[{"@type":"ListItem","position":1,"name":"Accueil","item":"https:\/\/www.amanien.info\/news\/"},{"@type":"ListItem","position":2,"name":"Journ\u00e9e Internationale de la Femme Africaine: Les Inventrices Ivoiriennes lancent un appel au Chef de l&rsquo;\u00c9tat"}]},{"@type":"WebSite","@id":"https:\/\/www.amanien.info\/news\/#website","url":"https:\/\/www.amanien.info\/news\/","name":"Amanien| L&#039;actualit\u00e9 Ivoirienne et Internationale","description":"L&#039;actualit\u00e9 Ivoirienne et Internationale","potentialAction":[{"@type":"SearchAction","target":{"@type":"EntryPoint","urlTemplate":"https:\/\/www.amanien.info\/news\/?s={search_term_string}"},"query-input":{"@type":"PropertyValueSpecification","valueRequired":true,"valueName":"search_term_string"}}],"inLanguage":"fr-FR"},{"@type":"Person","@id":"https:\/\/www.amanien.info\/news\/#\/schema\/person\/b21093345753a1a98242d505bd894f42","name":"Germain Ndri","url":"https:\/\/www.amanien.info\/news\/author\/amanien-infos\/"}]}},"_links":{"self":[{"href":"https:\/\/www.amanien.info\/news\/wp-json\/wp\/v2\/posts\/2851","targetHints":{"allow":["GET"]}}],"collection":[{"href":"https:\/\/www.amanien.info\/news\/wp-json\/wp\/v2\/posts"}],"about":[{"href":"https:\/\/www.amanien.info\/news\/wp-json\/wp\/v2\/types\/post"}],"author":[{"embeddable":true,"href":"https:\/\/www.amanien.info\/news\/wp-json\/wp\/v2\/users\/2"}],"replies":[{"embeddable":true,"href":"https:\/\/www.amanien.info\/news\/wp-json\/wp\/v2\/comments?post=2851"}],"version-history":[{"count":1,"href":"https:\/\/www.amanien.info\/news\/wp-json\/wp\/v2\/posts\/2851\/revisions"}],"predecessor-version":[{"id":2853,"href":"https:\/\/www.amanien.info\/news\/wp-json\/wp\/v2\/posts\/2851\/revisions\/2853"}],"wp:featuredmedia":[{"embeddable":true,"href":"https:\/\/www.amanien.info\/news\/wp-json\/wp\/v2\/media\/2852"}],"wp:attachment":[{"href":"https:\/\/www.amanien.info\/news\/wp-json\/wp\/v2\/media?parent=2851"}],"wp:term":[{"taxonomy":"category","embeddable":true,"href":"https:\/\/www.amanien.info\/news\/wp-json\/wp\/v2\/categories?post=2851"},{"taxonomy":"post_tag","embeddable":true,"href":"https:\/\/www.amanien.info\/news\/wp-json\/wp\/v2\/tags?post=2851"}],"curies":[{"name":"wp","href":"https:\/\/api.w.org\/{rel}","templated":true}]}}