{"id":2843,"date":"2021-07-29T07:07:38","date_gmt":"2021-07-29T07:07:38","guid":{"rendered":"https:\/\/www.https:\/\/zozo.buyee.jp\/\/news\/?p=2843"},"modified":"2021-07-29T07:08:46","modified_gmt":"2021-07-29T07:08:46","slug":"processus-de-reconciliation-nationale-le-chef-de-l-etat-et-laurent-gbagbo-donnent-le-ton","status":"publish","type":"post","link":"https:\/\/www.amanien.info\/news\/processus-de-reconciliation-nationale-le-chef-de-l-etat-et-laurent-gbagbo-donnent-le-ton\/","title":{"rendered":"Processus de r\u00e9conciliation nationale: Le chef de l&rsquo; \u00c9tat et Laurent Gbagbo donnent le ton"},"content":{"rendered":"<div class=\"I_52qC D_FY W_6D6F\" data-test-id=\"message-view-body\">\n<div class=\"msg-body P_wpofO mq_AS\" data-test-id=\"message-view-body-content\">\n<div class=\"jb_0 X_6MGW N_6Fd5\">\n<div>\n<div id=\"yiv2112666748\">\n<div>Le Pr\u00e9sident de la R\u00e9publique, S.E.M. Alassane OUATTARA, s\u2019est entretenu, ce mardi<\/p>\n<div>27 juillet 2021, avec l\u2019ancien Pr\u00e9sident Laurent GBGABO, au Palais de la Pr\u00e9sidence<br \/>\nde la R\u00e9publique.<\/p>\n<p>Le Chef de l\u2019Etat s\u2019est f\u00e9licit\u00e9 de cette rencontre cordiale et fraternelle qui a \u00e9t\u00e9 une<br \/>\noccasion de parler de la paix pour notre pays ainsi que de la n\u00e9cessit\u00e9 de continuer \u00e0<br \/>\nrenforcer la confiance, la coh\u00e9sion sociale et la r\u00e9conciliation nationale.<br \/>\nIl a souhait\u00e9 que les divergences n\u00e9es de la crise post-\u00e9lectorale de 2010 &#8211; 2011<br \/>\nsoient oubli\u00e9es, et a invit\u00e9 ses concitoyens \u00e0 aller de l\u2019avant, \u00e0 penser \u00e0 la C\u00f4te<br \/>\nd\u2019Ivoire et aux prochaines g\u00e9n\u00e9rations.<br \/>\nLe Pr\u00e9sident Alassane OUATTARA a profit\u00e9 de l\u2019occasion pour r\u00e9it\u00e9rer ses<br \/>\ncondol\u00e9ances \u00e0 son jeune fr\u00e8re Laurent GBAGBO, suite au d\u00e9c\u00e8s de sa m\u00e8re<br \/>\nMarguerite GADO et de son compagnon de lutte Aboudramane SANGARE.<br \/>\nIl a annonc\u00e9 d\u2019autres rencontres avec l\u2019ancien Chef de l\u2019Etat apr\u00e8s le mois d\u2019ao\u00fbt en y<br \/>\nassociant, le moment venu, d\u2019autres personnes dans l\u2019optique de continuer \u00e0 r\u00e9tablir<br \/>\nla confiance.<\/p>\n<p>Le Pr\u00e9sident de la R\u00e9publique a, par ailleurs, exhort\u00e9 ses concitoyens \u00e0 travailler,<br \/>\nensemble, pour continuer \u00e0 b\u00e2tir leur beau pays, dans la paix et la fraternit\u00e9.<br \/>\nL\u2019ancien Pr\u00e9sident Laurent GBAGBO s\u2019est \u00e9galement r\u00e9joui de cet entretien qui a<br \/>\npermis de parler de la C\u00f4te d\u2019Ivoire et de la volont\u00e9 des Ivoiriens d\u2019aller de l\u2019avant et<br \/>\nd\u2019oeuvrer au d\u00e9veloppement de leur pays.<br \/>\nIl a plaid\u00e9 aupr\u00e8s du Pr\u00e9sident de la R\u00e9publique pour la lib\u00e9ration des prisonniers de<br \/>\nla crise post-\u00e9lectorale de 2010 &#8211; 2011, qui sont encore en d\u00e9tention.<\/p><\/div>\n<\/div>\n<\/div>\n<\/div>\n<\/div>\n<\/div>\n<div class=\"jb_0 X_6MGW N_6Fd5\"><\/div>\n<\/div>\n<div class=\"H_7jIs D_F ab_C Q_69H5 E_36RhU\" data-test-id=\"toolbar-hover-area\">\n<div class=\"D_F W_6D6F r_BN gl_C\" data-test-id=\"card-toolbar\">\n<div class=\"D_F ab_C en_0 b_Z14vXdP e_3mS2U I_52qC P_Z1otBpf\">\n<ul class=\"hd_n P_0 H_6D6F M_0 ir3_0 iy_h D_F ab_C\" tabindex=\"0\" role=\"menubar\" data-test-id=\"navigable-list\">\n<li class=\"G_e p_R\" role=\"menuitem\"><\/li>\n<\/ul>\n<\/div>\n<\/div>\n<\/div>\n<ul>\n<li class=\"G_e p_R\" role=\"menuitem\"><\/li>\n<\/ul>\n","protected":false},"excerpt":{"rendered":"<p>Le Pr\u00e9sident de la R\u00e9publique, S.E.M. Alassane OUATTARA, s\u2019est entretenu, ce mardi 27 juillet 2021, avec l\u2019ancien Pr\u00e9sident Laurent GBGABO, au Palais de la Pr\u00e9sidence de la R\u00e9publique. Le Chef de l\u2019Etat s\u2019est f\u00e9licit\u00e9 de cette rencontre cordiale et fraternelle qui a \u00e9t\u00e9 une occasion de parler de la paix pour notre pays ainsi que [&hellip;]<\/p>\n","protected":false},"author":2,"featured_media":2844,"comment_status":"closed","ping_status":"closed","sticky":true,"template":"","format":"standard","meta":{"_acf_changed":false,"footnotes":""},"categories":[],"tags":[],"class_list":["post-2843","post","type-post","status-publish","format-standard","has-post-thumbnail","hentry"],"acf":[],"yoast_head":"<!-- This site is optimized with the Yoast SEO plugin v27.5 - https:\/\/yoast.com\/product\/yoast-seo-wordpress\/ -->\n<title>Processus de r\u00e9conciliation nationale: Le chef de l&#039; \u00c9tat et Laurent Gbagbo donnent le ton - Amanien| L&#039;actualit\u00e9 Ivoirienne et Internationale<\/title>\n<meta name=\"robots\" content=\"index, follow, max-snippet:-1, max-image-preview:large, max-video-preview:-1\" \/>\n<link rel=\"canonical\" href=\"https:\/\/www.amanien.info\/news\/processus-de-reconciliation-nationale-le-chef-de-l-etat-et-laurent-gbagbo-donnent-le-ton\/\" \/>\n<meta property=\"og:locale\" content=\"fr_FR\" \/>\n<meta property=\"og:type\" content=\"article\" \/>\n<meta property=\"og:title\" content=\"Processus de r\u00e9conciliation nationale: Le chef de l&#039; \u00c9tat et Laurent Gbagbo donnent le ton - Amanien| L&#039;actualit\u00e9 Ivoirienne et Internationale\" \/>\n<meta property=\"og:description\" content=\"Le Pr\u00e9sident de la R\u00e9publique, S.E.M. Alassane OUATTARA, s\u2019est entretenu, ce mardi 27 juillet 2021, avec l\u2019ancien Pr\u00e9sident Laurent GBGABO, au Palais de la Pr\u00e9sidence de la R\u00e9publique. Le Chef de l\u2019Etat s\u2019est f\u00e9licit\u00e9 de cette rencontre cordiale et fraternelle qui a \u00e9t\u00e9 une occasion de parler de la paix pour notre pays ainsi que [&hellip;]\" \/>\n<meta property=\"og:url\" content=\"https:\/\/www.amanien.info\/news\/processus-de-reconciliation-nationale-le-chef-de-l-etat-et-laurent-gbagbo-donnent-le-ton\/\" \/>\n<meta property=\"og:site_name\" content=\"Amanien| L&#039;actualit\u00e9 Ivoirienne et Internationale\" \/>\n<meta property=\"article:published_time\" content=\"2021-07-29T07:07:38+00:00\" \/>\n<meta property=\"article:modified_time\" content=\"2021-07-29T07:08:46+00:00\" \/>\n<meta property=\"og:image\" content=\"https:\/\/www.amanien.info\/news\/wp-content\/uploads\/2021\/07\/1627459375256-257050073.png\" \/>\n\t<meta property=\"og:image:width\" content=\"720\" \/>\n\t<meta property=\"og:image:height\" content=\"480\" \/>\n\t<meta property=\"og:image:type\" content=\"image\/png\" \/>\n<meta name=\"author\" content=\"Germain Ndri\" \/>\n<meta name=\"twitter:card\" content=\"summary_large_image\" \/>\n<meta name=\"twitter:label1\" content=\"\u00c9crit par\" \/>\n\t<meta name=\"twitter:data1\" content=\"Germain Ndri\" \/>\n\t<meta name=\"twitter:label2\" content=\"Dur\u00e9e de lecture estim\u00e9e\" \/>\n\t<meta name=\"twitter:data2\" content=\"2 minutes\" \/>\n<script type=\"application\/ld+json\" class=\"yoast-schema-graph\">{\"@context\":\"https:\\\/\\\/schema.org\",\"@graph\":[{\"@type\":\"Article\",\"@id\":\"https:\\\/\\\/www.amanien.info\\\/news\\\/processus-de-reconciliation-nationale-le-chef-de-l-etat-et-laurent-gbagbo-donnent-le-ton\\\/#article\",\"isPartOf\":{\"@id\":\"https:\\\/\\\/www.amanien.info\\\/news\\\/processus-de-reconciliation-nationale-le-chef-de-l-etat-et-laurent-gbagbo-donnent-le-ton\\\/\"},\"author\":{\"name\":\"Germain Ndri\",\"@id\":\"https:\\\/\\\/www.amanien.info\\\/news\\\/#\\\/schema\\\/person\\\/b21093345753a1a98242d505bd894f42\"},\"headline\":\"Processus de r\u00e9conciliation nationale: Le chef de l&rsquo; \u00c9tat et Laurent Gbagbo donnent le ton\",\"datePublished\":\"2021-07-29T07:07:38+00:00\",\"dateModified\":\"2021-07-29T07:08:46+00:00\",\"mainEntityOfPage\":{\"@id\":\"https:\\\/\\\/www.amanien.info\\\/news\\\/processus-de-reconciliation-nationale-le-chef-de-l-etat-et-laurent-gbagbo-donnent-le-ton\\\/\"},\"wordCount\":322,\"image\":{\"@id\":\"https:\\\/\\\/www.amanien.info\\\/news\\\/processus-de-reconciliation-nationale-le-chef-de-l-etat-et-laurent-gbagbo-donnent-le-ton\\\/#primaryimage\"},\"thumbnailUrl\":\"https:\\\/\\\/www.amanien.info\\\/news\\\/wp-content\\\/uploads\\\/2021\\\/07\\\/1627459375256-257050073.png\",\"inLanguage\":\"fr-FR\"},{\"@type\":\"WebPage\",\"@id\":\"https:\\\/\\\/www.amanien.info\\\/news\\\/processus-de-reconciliation-nationale-le-chef-de-l-etat-et-laurent-gbagbo-donnent-le-ton\\\/\",\"url\":\"https:\\\/\\\/www.amanien.info\\\/news\\\/processus-de-reconciliation-nationale-le-chef-de-l-etat-et-laurent-gbagbo-donnent-le-ton\\\/\",\"name\":\"Processus de r\u00e9conciliation nationale: Le chef de l' \u00c9tat et Laurent Gbagbo donnent le ton - Amanien| L&#039;actualit\u00e9 Ivoirienne et Internationale\",\"isPartOf\":{\"@id\":\"https:\\\/\\\/www.amanien.info\\\/news\\\/#website\"},\"primaryImageOfPage\":{\"@id\":\"https:\\\/\\\/www.amanien.info\\\/news\\\/processus-de-reconciliation-nationale-le-chef-de-l-etat-et-laurent-gbagbo-donnent-le-ton\\\/#primaryimage\"},\"image\":{\"@id\":\"https:\\\/\\\/www.amanien.info\\\/news\\\/processus-de-reconciliation-nationale-le-chef-de-l-etat-et-laurent-gbagbo-donnent-le-ton\\\/#primaryimage\"},\"thumbnailUrl\":\"https:\\\/\\\/www.amanien.info\\\/news\\\/wp-content\\\/uploads\\\/2021\\\/07\\\/1627459375256-257050073.png\",\"datePublished\":\"2021-07-29T07:07:38+00:00\",\"dateModified\":\"2021-07-29T07:08:46+00:00\",\"author\":{\"@id\":\"https:\\\/\\\/www.amanien.info\\\/news\\\/#\\\/schema\\\/person\\\/b21093345753a1a98242d505bd894f42\"},\"breadcrumb\":{\"@id\":\"https:\\\/\\\/www.amanien.info\\\/news\\\/processus-de-reconciliation-nationale-le-chef-de-l-etat-et-laurent-gbagbo-donnent-le-ton\\\/#breadcrumb\"},\"inLanguage\":\"fr-FR\",\"potentialAction\":[{\"@type\":\"ReadAction\",\"target\":[\"https:\\\/\\\/www.amanien.info\\\/news\\\/processus-de-reconciliation-nationale-le-chef-de-l-etat-et-laurent-gbagbo-donnent-le-ton\\\/\"]}]},{\"@type\":\"ImageObject\",\"inLanguage\":\"fr-FR\",\"@id\":\"https:\\\/\\\/www.amanien.info\\\/news\\\/processus-de-reconciliation-nationale-le-chef-de-l-etat-et-laurent-gbagbo-donnent-le-ton\\\/#primaryimage\",\"url\":\"https:\\\/\\\/www.amanien.info\\\/news\\\/wp-content\\\/uploads\\\/2021\\\/07\\\/1627459375256-257050073.png\",\"contentUrl\":\"https:\\\/\\\/www.amanien.info\\\/news\\\/wp-content\\\/uploads\\\/2021\\\/07\\\/1627459375256-257050073.png\",\"width\":720,\"height\":480},{\"@type\":\"BreadcrumbList\",\"@id\":\"https:\\\/\\\/www.amanien.info\\\/news\\\/processus-de-reconciliation-nationale-le-chef-de-l-etat-et-laurent-gbagbo-donnent-le-ton\\\/#breadcrumb\",\"itemListElement\":[{\"@type\":\"ListItem\",\"position\":1,\"name\":\"Accueil\",\"item\":\"https:\\\/\\\/www.amanien.info\\\/news\\\/\"},{\"@type\":\"ListItem\",\"position\":2,\"name\":\"Processus de r\u00e9conciliation nationale: Le chef de l&rsquo; \u00c9tat et Laurent Gbagbo donnent le ton\"}]},{\"@type\":\"WebSite\",\"@id\":\"https:\\\/\\\/www.amanien.info\\\/news\\\/#website\",\"url\":\"https:\\\/\\\/www.amanien.info\\\/news\\\/\",\"name\":\"Amanien| L&#039;actualit\u00e9 Ivoirienne et Internationale\",\"description\":\"L&#039;actualit\u00e9 Ivoirienne et Internationale\",\"potentialAction\":[{\"@type\":\"SearchAction\",\"target\":{\"@type\":\"EntryPoint\",\"urlTemplate\":\"https:\\\/\\\/www.amanien.info\\\/news\\\/?s={search_term_string}\"},\"query-input\":{\"@type\":\"PropertyValueSpecification\",\"valueRequired\":true,\"valueName\":\"search_term_string\"}}],\"inLanguage\":\"fr-FR\"},{\"@type\":\"Person\",\"@id\":\"https:\\\/\\\/www.amanien.info\\\/news\\\/#\\\/schema\\\/person\\\/b21093345753a1a98242d505bd894f42\",\"name\":\"Germain Ndri\",\"url\":\"https:\\\/\\\/www.amanien.info\\\/news\\\/author\\\/amanien-infos\\\/\"}]}<\/script>\n<!-- \/ Yoast SEO plugin. -->","yoast_head_json":{"title":"Processus de r\u00e9conciliation nationale: Le chef de l' \u00c9tat et Laurent Gbagbo donnent le ton - Amanien| L&#039;actualit\u00e9 Ivoirienne et Internationale","robots":{"index":"index","follow":"follow","max-snippet":"max-snippet:-1","max-image-preview":"max-image-preview:large","max-video-preview":"max-video-preview:-1"},"canonical":"https:\/\/www.amanien.info\/news\/processus-de-reconciliation-nationale-le-chef-de-l-etat-et-laurent-gbagbo-donnent-le-ton\/","og_locale":"fr_FR","og_type":"article","og_title":"Processus de r\u00e9conciliation nationale: Le chef de l' \u00c9tat et Laurent Gbagbo donnent le ton - Amanien| L&#039;actualit\u00e9 Ivoirienne et Internationale","og_description":"Le Pr\u00e9sident de la R\u00e9publique, S.E.M. Alassane OUATTARA, s\u2019est entretenu, ce mardi 27 juillet 2021, avec l\u2019ancien Pr\u00e9sident Laurent GBGABO, au Palais de la Pr\u00e9sidence de la R\u00e9publique. Le Chef de l\u2019Etat s\u2019est f\u00e9licit\u00e9 de cette rencontre cordiale et fraternelle qui a \u00e9t\u00e9 une occasion de parler de la paix pour notre pays ainsi que [&hellip;]","og_url":"https:\/\/www.amanien.info\/news\/processus-de-reconciliation-nationale-le-chef-de-l-etat-et-laurent-gbagbo-donnent-le-ton\/","og_site_name":"Amanien| L&#039;actualit\u00e9 Ivoirienne et Internationale","article_published_time":"2021-07-29T07:07:38+00:00","article_modified_time":"2021-07-29T07:08:46+00:00","og_image":[{"width":720,"height":480,"url":"https:\/\/www.amanien.info\/news\/wp-content\/uploads\/2021\/07\/1627459375256-257050073.png","type":"image\/png"}],"author":"Germain Ndri","twitter_card":"summary_large_image","twitter_misc":{"\u00c9crit par":"Germain Ndri","Dur\u00e9e de lecture estim\u00e9e":"2 minutes"},"schema":{"@context":"https:\/\/schema.org","@graph":[{"@type":"Article","@id":"https:\/\/www.amanien.info\/news\/processus-de-reconciliation-nationale-le-chef-de-l-etat-et-laurent-gbagbo-donnent-le-ton\/#article","isPartOf":{"@id":"https:\/\/www.amanien.info\/news\/processus-de-reconciliation-nationale-le-chef-de-l-etat-et-laurent-gbagbo-donnent-le-ton\/"},"author":{"name":"Germain Ndri","@id":"https:\/\/www.amanien.info\/news\/#\/schema\/person\/b21093345753a1a98242d505bd894f42"},"headline":"Processus de r\u00e9conciliation nationale: Le chef de l&rsquo; \u00c9tat et Laurent Gbagbo donnent le ton","datePublished":"2021-07-29T07:07:38+00:00","dateModified":"2021-07-29T07:08:46+00:00","mainEntityOfPage":{"@id":"https:\/\/www.amanien.info\/news\/processus-de-reconciliation-nationale-le-chef-de-l-etat-et-laurent-gbagbo-donnent-le-ton\/"},"wordCount":322,"image":{"@id":"https:\/\/www.amanien.info\/news\/processus-de-reconciliation-nationale-le-chef-de-l-etat-et-laurent-gbagbo-donnent-le-ton\/#primaryimage"},"thumbnailUrl":"https:\/\/www.amanien.info\/news\/wp-content\/uploads\/2021\/07\/1627459375256-257050073.png","inLanguage":"fr-FR"},{"@type":"WebPage","@id":"https:\/\/www.amanien.info\/news\/processus-de-reconciliation-nationale-le-chef-de-l-etat-et-laurent-gbagbo-donnent-le-ton\/","url":"https:\/\/www.amanien.info\/news\/processus-de-reconciliation-nationale-le-chef-de-l-etat-et-laurent-gbagbo-donnent-le-ton\/","name":"Processus de r\u00e9conciliation nationale: Le chef de l' \u00c9tat et Laurent Gbagbo donnent le ton - Amanien| L&#039;actualit\u00e9 Ivoirienne et Internationale","isPartOf":{"@id":"https:\/\/www.amanien.info\/news\/#website"},"primaryImageOfPage":{"@id":"https:\/\/www.amanien.info\/news\/processus-de-reconciliation-nationale-le-chef-de-l-etat-et-laurent-gbagbo-donnent-le-ton\/#primaryimage"},"image":{"@id":"https:\/\/www.amanien.info\/news\/processus-de-reconciliation-nationale-le-chef-de-l-etat-et-laurent-gbagbo-donnent-le-ton\/#primaryimage"},"thumbnailUrl":"https:\/\/www.amanien.info\/news\/wp-content\/uploads\/2021\/07\/1627459375256-257050073.png","datePublished":"2021-07-29T07:07:38+00:00","dateModified":"2021-07-29T07:08:46+00:00","author":{"@id":"https:\/\/www.amanien.info\/news\/#\/schema\/person\/b21093345753a1a98242d505bd894f42"},"breadcrumb":{"@id":"https:\/\/www.amanien.info\/news\/processus-de-reconciliation-nationale-le-chef-de-l-etat-et-laurent-gbagbo-donnent-le-ton\/#breadcrumb"},"inLanguage":"fr-FR","potentialAction":[{"@type":"ReadAction","target":["https:\/\/www.amanien.info\/news\/processus-de-reconciliation-nationale-le-chef-de-l-etat-et-laurent-gbagbo-donnent-le-ton\/"]}]},{"@type":"ImageObject","inLanguage":"fr-FR","@id":"https:\/\/www.amanien.info\/news\/processus-de-reconciliation-nationale-le-chef-de-l-etat-et-laurent-gbagbo-donnent-le-ton\/#primaryimage","url":"https:\/\/www.amanien.info\/news\/wp-content\/uploads\/2021\/07\/1627459375256-257050073.png","contentUrl":"https:\/\/www.amanien.info\/news\/wp-content\/uploads\/2021\/07\/1627459375256-257050073.png","width":720,"height":480},{"@type":"BreadcrumbList","@id":"https:\/\/www.amanien.info\/news\/processus-de-reconciliation-nationale-le-chef-de-l-etat-et-laurent-gbagbo-donnent-le-ton\/#breadcrumb","itemListElement":[{"@type":"ListItem","position":1,"name":"Accueil","item":"https:\/\/www.amanien.info\/news\/"},{"@type":"ListItem","position":2,"name":"Processus de r\u00e9conciliation nationale: Le chef de l&rsquo; \u00c9tat et Laurent Gbagbo donnent le ton"}]},{"@type":"WebSite","@id":"https:\/\/www.amanien.info\/news\/#website","url":"https:\/\/www.amanien.info\/news\/","name":"Amanien| L&#039;actualit\u00e9 Ivoirienne et Internationale","description":"L&#039;actualit\u00e9 Ivoirienne et Internationale","potentialAction":[{"@type":"SearchAction","target":{"@type":"EntryPoint","urlTemplate":"https:\/\/www.amanien.info\/news\/?s={search_term_string}"},"query-input":{"@type":"PropertyValueSpecification","valueRequired":true,"valueName":"search_term_string"}}],"inLanguage":"fr-FR"},{"@type":"Person","@id":"https:\/\/www.amanien.info\/news\/#\/schema\/person\/b21093345753a1a98242d505bd894f42","name":"Germain Ndri","url":"https:\/\/www.amanien.info\/news\/author\/amanien-infos\/"}]}},"_links":{"self":[{"href":"https:\/\/www.amanien.info\/news\/wp-json\/wp\/v2\/posts\/2843","targetHints":{"allow":["GET"]}}],"collection":[{"href":"https:\/\/www.amanien.info\/news\/wp-json\/wp\/v2\/posts"}],"about":[{"href":"https:\/\/www.amanien.info\/news\/wp-json\/wp\/v2\/types\/post"}],"author":[{"embeddable":true,"href":"https:\/\/www.amanien.info\/news\/wp-json\/wp\/v2\/users\/2"}],"replies":[{"embeddable":true,"href":"https:\/\/www.amanien.info\/news\/wp-json\/wp\/v2\/comments?post=2843"}],"version-history":[{"count":1,"href":"https:\/\/www.amanien.info\/news\/wp-json\/wp\/v2\/posts\/2843\/revisions"}],"predecessor-version":[{"id":2845,"href":"https:\/\/www.amanien.info\/news\/wp-json\/wp\/v2\/posts\/2843\/revisions\/2845"}],"wp:featuredmedia":[{"embeddable":true,"href":"https:\/\/www.amanien.info\/news\/wp-json\/wp\/v2\/media\/2844"}],"wp:attachment":[{"href":"https:\/\/www.amanien.info\/news\/wp-json\/wp\/v2\/media?parent=2843"}],"wp:term":[{"taxonomy":"category","embeddable":true,"href":"https:\/\/www.amanien.info\/news\/wp-json\/wp\/v2\/categories?post=2843"},{"taxonomy":"post_tag","embeddable":true,"href":"https:\/\/www.amanien.info\/news\/wp-json\/wp\/v2\/tags?post=2843"}],"curies":[{"name":"wp","href":"https:\/\/api.w.org\/{rel}","templated":true}]}}