{"id":2840,"date":"2021-07-24T19:15:47","date_gmt":"2021-07-24T19:15:47","guid":{"rendered":"https:\/\/www.https:\/\/zozo.buyee.jp\/\/news\/?p=2840"},"modified":"2021-07-24T19:17:56","modified_gmt":"2021-07-24T19:17:56","slug":"renouvellement-des-organes-dirigeants-de-la-mugef-ci-le-dr-kamara-laurence-deroule-son-programme","status":"publish","type":"post","link":"https:\/\/www.amanien.info\/news\/renouvellement-des-organes-dirigeants-de-la-mugef-ci-le-dr-kamara-laurence-deroule-son-programme\/","title":{"rendered":"Renouvellement des organes dirigeants de la MUGEF-CI: Le Dr Kamara Laurence d\u00e9roule son programme"},"content":{"rendered":"<div class=\"I_52qC D_FY W_6D6F\" data-test-id=\"message-view-body\">\n<div class=\"msg-body P_wpofO mq_AS\" data-test-id=\"message-view-body-content\">\n<div class=\"jb_0 X_6MGW N_6Fd5\">\n<div>\n<div id=\"yiv3349787676\">La t\u00eate de la liste Groupe Solidarit\u00e9- \u00c9galit\u00e9 ( GSE), pour l&rsquo; \u00e9lection \u00e0 la pr\u00e9sidence du conseil d&rsquo; administration de la Mutuelle G\u00e9n\u00e9rale des Fonctionnaires et Agents de l&rsquo; \u00e9tat de C\u00f4te d&rsquo; Ivoire ( Mugef- ci), Dr Kamara Laurence, a anim\u00e9 une conf\u00e9rence de presse le samedi 24 juillet dans la commune du plateau.\u00a0 M\u00e9decin de formation, titulaire entre autres d&rsquo; un Dess en \u00c9conomie de la sant\u00e9 obtenu au Cesag de Dakar et d&rsquo; un master2 en droit et science politique option gouvernance mutualiste obtenu \u00e0 l&rsquo; universit\u00e9 de Versailles en France, Dr Kamara Assetou Laurence a de grande ambition pour la Mugef- ci.<\/p>\n<div>Avec comme vision \u00a0\u00bb faire de la Mugef- ci une r\u00e9f\u00e9rence en mati\u00e8re de mutualit\u00e9 sociale\u00a0\u00bb, elle a pr\u00e9sent\u00e9 son programme, qui repose sur six axes. A savoir promouvoir les valeurs mutualistes, qui implique la sensibilisation des mutualistes \u00e0 s&rsquo; approprier la notion de mutualit\u00e9. Et les sensibiliser aux valeurs de solidarit\u00e9, d&rsquo; \u00e9galit\u00e9, de d\u00e9mocratie et de gestion participative responsable. Mais aussi garantir la transparence dans la gouvernance, par le respect des textes, des bonnes pratiques de gestion, et la mise \u00e0 disposition d&rsquo; un guide de proc\u00e9dures d&rsquo; acc\u00e8s aux prestations. Le second axe consiste en l&rsquo; am\u00e9lioration de l&rsquo; accessibilit\u00e9 aux prestations, en poursuivant l&rsquo;accessibilit\u00e9 g\u00e9ographique aux prestations par le rapprochement de la Mugef ci des mutualistes. Ce, en augmentant le nombre d&rsquo; h\u00f4pitaux mutualistes et de repr\u00e9sentations de la Mutuelle sur toute l&rsquo; \u00e9tendue du territoire national. Mais \u00e9galement en acc\u00e9l\u00e9rant le processus de d\u00e9ploiement de la carte unique et intelligente sur tout le territoire national. La candidate veut aussi par cet axe achever le processus de d\u00e9l\u00e9gation de prescription des bons par les infirmiers et sages- femmes. Ensuite \u00e9toffer le panier de soins et d\u00e9velopper une offre de service sp\u00e9cial pour les personnes vuln\u00e9rables, notamment les personnes en situation de handicap, les femmes enceintes et les seniors.<\/div>\n<div><\/div>\n<div>Le troisi\u00e8me axe du Dr Kamara vise \u00e0 dynamiser l&rsquo; acc\u00e8s \u00e0 l&rsquo; information, en optimisant le service de communication pour la rendre plus efficace et interactif. Puis cr\u00e9er une application \u00a0\u00bb Ma Mugefci\u00a0\u00bb utilisable sur t\u00e9l\u00e9phone android. Le quatri\u00e8me axe vise l&rsquo; accroissement des ressources de la Mugefci et le renforcement des capacit\u00e9s socio- \u00e9conomique des mutualistes. Ce qui passe par l&rsquo; agrandissement de la population mutualiste avec l&rsquo; int\u00e9gration des mutualistes statutaires laiss\u00e9s pour compte, l&rsquo;accroissement des activit\u00e9s g\u00e9n\u00e9ratrices de revenus et la poursuite de la transformation de la Mucrefci en banque des Fonctionnaires. Cet axe vise aussi la mise en place d&rsquo; un projet de logement sociaux pour les mutualistes.<\/div>\n<div>L&rsquo; axe cinq du Dr Kamara porte sur la cr\u00e9ation des structures cibl\u00e9es \u00e0 caract\u00e8re socio- sanitaires et l&rsquo; optimisation de la pr\u00e9vention. Avec \u00e0 la cl\u00e9 la cr\u00e9ation des maisons de g\u00e9rontologie et de r\u00e9\u00e9ducation, la cr\u00e9ation des cr\u00e8ches et des campagnes de d\u00e9pistage de maladies m\u00e9taboliques. Enfin, le sixi\u00e8me axe est la poursuite du processus de certification de la d\u00e9marche qualit\u00e9.<\/div>\n<div>\u00a0La conf\u00e9renci\u00e8re a d\u00e9plor\u00e9 le fait que les fonctionnaires ne soient plus bien soign\u00e9s depuis l&rsquo; av\u00e8nement de la Couverture Maladie Universelle (CMU). \u00a0\u00bb Sur les 20 milliards vers\u00e9s depuis le d\u00e9but de la Cmu, seulement 5% ont \u00e9t\u00e9 utilis\u00e9s pour soigner les mutualistes\u00a0\u00bb a-t-elle dit. Le mandat de l&rsquo; actuel pr\u00e9sident du conseil d&rsquo; administration de la Mugef- ci Mesmin Como\u00e9 arrive \u00e0 \u00e9ch\u00e9ance dans quelques mois. Le Dr Kamara postule pour \u00eatre le premier m\u00e9decin et la premi\u00e8re femme \u00e0 occuper ce fauteuil.<\/div>\n<div>Calvin Wandji<\/div>\n<div><\/div>\n<\/div>\n<\/div>\n<\/div>\n<\/div>\n<div class=\"jb_0 X_6MGW N_6Fd5\"><\/div>\n<\/div>\n<div class=\"H_7jIs D_F ab_C Q_69H5 E_36RhU\" data-test-id=\"toolbar-hover-area\">\n<div class=\"D_F W_6D6F r_BN gl_C\" data-test-id=\"card-toolbar\"><\/div>\n<\/div>\n","protected":false},"excerpt":{"rendered":"<p>La t\u00eate de la liste Groupe Solidarit\u00e9- \u00c9galit\u00e9 ( GSE), pour l&rsquo; \u00e9lection \u00e0 la pr\u00e9sidence du conseil d&rsquo; administration de la Mutuelle G\u00e9n\u00e9rale des Fonctionnaires et Agents de l&rsquo; \u00e9tat de C\u00f4te d&rsquo; Ivoire ( Mugef- ci), Dr Kamara Laurence, a anim\u00e9 une conf\u00e9rence de presse le samedi 24 juillet dans la commune du [&hellip;]<\/p>\n","protected":false},"author":2,"featured_media":2841,"comment_status":"closed","ping_status":"closed","sticky":true,"template":"","format":"standard","meta":{"_acf_changed":false,"footnotes":""},"categories":[],"tags":[],"class_list":["post-2840","post","type-post","status-publish","format-standard","has-post-thumbnail","hentry"],"acf":[],"yoast_head":"<!-- This site is optimized with the Yoast SEO plugin v27.5 - https:\/\/yoast.com\/product\/yoast-seo-wordpress\/ -->\n<title>Renouvellement des organes dirigeants de la MUGEF-CI: Le Dr Kamara Laurence d\u00e9roule son programme - Amanien| L&#039;actualit\u00e9 Ivoirienne et Internationale<\/title>\n<meta name=\"robots\" content=\"index, follow, max-snippet:-1, max-image-preview:large, max-video-preview:-1\" \/>\n<link rel=\"canonical\" href=\"https:\/\/www.amanien.info\/news\/renouvellement-des-organes-dirigeants-de-la-mugef-ci-le-dr-kamara-laurence-deroule-son-programme\/\" \/>\n<meta property=\"og:locale\" content=\"fr_FR\" \/>\n<meta property=\"og:type\" content=\"article\" \/>\n<meta property=\"og:title\" content=\"Renouvellement des organes dirigeants de la MUGEF-CI: Le Dr Kamara Laurence d\u00e9roule son programme - Amanien| L&#039;actualit\u00e9 Ivoirienne et Internationale\" \/>\n<meta property=\"og:description\" content=\"La t\u00eate de la liste Groupe Solidarit\u00e9- \u00c9galit\u00e9 ( GSE), pour l&rsquo; \u00e9lection \u00e0 la pr\u00e9sidence du conseil d&rsquo; administration de la Mutuelle G\u00e9n\u00e9rale des Fonctionnaires et Agents de l&rsquo; \u00e9tat de C\u00f4te d&rsquo; Ivoire ( Mugef- ci), Dr Kamara Laurence, a anim\u00e9 une conf\u00e9rence de presse le samedi 24 juillet dans la commune du [&hellip;]\" \/>\n<meta property=\"og:url\" content=\"https:\/\/www.amanien.info\/news\/renouvellement-des-organes-dirigeants-de-la-mugef-ci-le-dr-kamara-laurence-deroule-son-programme\/\" \/>\n<meta property=\"og:site_name\" content=\"Amanien| L&#039;actualit\u00e9 Ivoirienne et Internationale\" \/>\n<meta property=\"article:published_time\" content=\"2021-07-24T19:15:47+00:00\" \/>\n<meta property=\"article:modified_time\" content=\"2021-07-24T19:17:56+00:00\" \/>\n<meta property=\"og:image\" content=\"https:\/\/www.amanien.info\/news\/wp-content\/uploads\/2021\/07\/thumbnail-8.jpg\" \/>\n\t<meta property=\"og:image:width\" content=\"1080\" \/>\n\t<meta property=\"og:image:height\" content=\"810\" \/>\n\t<meta property=\"og:image:type\" content=\"image\/jpeg\" \/>\n<meta name=\"author\" content=\"Germain Ndri\" \/>\n<meta name=\"twitter:card\" content=\"summary_large_image\" \/>\n<meta name=\"twitter:label1\" content=\"\u00c9crit par\" \/>\n\t<meta name=\"twitter:data1\" content=\"Germain Ndri\" \/>\n\t<meta name=\"twitter:label2\" content=\"Dur\u00e9e de lecture estim\u00e9e\" \/>\n\t<meta name=\"twitter:data2\" content=\"3 minutes\" \/>\n<script type=\"application\/ld+json\" class=\"yoast-schema-graph\">{\"@context\":\"https:\\\/\\\/schema.org\",\"@graph\":[{\"@type\":\"Article\",\"@id\":\"https:\\\/\\\/www.amanien.info\\\/news\\\/renouvellement-des-organes-dirigeants-de-la-mugef-ci-le-dr-kamara-laurence-deroule-son-programme\\\/#article\",\"isPartOf\":{\"@id\":\"https:\\\/\\\/www.amanien.info\\\/news\\\/renouvellement-des-organes-dirigeants-de-la-mugef-ci-le-dr-kamara-laurence-deroule-son-programme\\\/\"},\"author\":{\"name\":\"Germain Ndri\",\"@id\":\"https:\\\/\\\/www.amanien.info\\\/news\\\/#\\\/schema\\\/person\\\/b21093345753a1a98242d505bd894f42\"},\"headline\":\"Renouvellement des organes dirigeants de la MUGEF-CI: Le Dr Kamara Laurence d\u00e9roule son programme\",\"datePublished\":\"2021-07-24T19:15:47+00:00\",\"dateModified\":\"2021-07-24T19:17:56+00:00\",\"mainEntityOfPage\":{\"@id\":\"https:\\\/\\\/www.amanien.info\\\/news\\\/renouvellement-des-organes-dirigeants-de-la-mugef-ci-le-dr-kamara-laurence-deroule-son-programme\\\/\"},\"wordCount\":645,\"image\":{\"@id\":\"https:\\\/\\\/www.amanien.info\\\/news\\\/renouvellement-des-organes-dirigeants-de-la-mugef-ci-le-dr-kamara-laurence-deroule-son-programme\\\/#primaryimage\"},\"thumbnailUrl\":\"https:\\\/\\\/www.amanien.info\\\/news\\\/wp-content\\\/uploads\\\/2021\\\/07\\\/thumbnail-8.jpg\",\"inLanguage\":\"fr-FR\"},{\"@type\":\"WebPage\",\"@id\":\"https:\\\/\\\/www.amanien.info\\\/news\\\/renouvellement-des-organes-dirigeants-de-la-mugef-ci-le-dr-kamara-laurence-deroule-son-programme\\\/\",\"url\":\"https:\\\/\\\/www.amanien.info\\\/news\\\/renouvellement-des-organes-dirigeants-de-la-mugef-ci-le-dr-kamara-laurence-deroule-son-programme\\\/\",\"name\":\"Renouvellement des organes dirigeants de la MUGEF-CI: Le Dr Kamara Laurence d\u00e9roule son programme - Amanien| L&#039;actualit\u00e9 Ivoirienne et Internationale\",\"isPartOf\":{\"@id\":\"https:\\\/\\\/www.amanien.info\\\/news\\\/#website\"},\"primaryImageOfPage\":{\"@id\":\"https:\\\/\\\/www.amanien.info\\\/news\\\/renouvellement-des-organes-dirigeants-de-la-mugef-ci-le-dr-kamara-laurence-deroule-son-programme\\\/#primaryimage\"},\"image\":{\"@id\":\"https:\\\/\\\/www.amanien.info\\\/news\\\/renouvellement-des-organes-dirigeants-de-la-mugef-ci-le-dr-kamara-laurence-deroule-son-programme\\\/#primaryimage\"},\"thumbnailUrl\":\"https:\\\/\\\/www.amanien.info\\\/news\\\/wp-content\\\/uploads\\\/2021\\\/07\\\/thumbnail-8.jpg\",\"datePublished\":\"2021-07-24T19:15:47+00:00\",\"dateModified\":\"2021-07-24T19:17:56+00:00\",\"author\":{\"@id\":\"https:\\\/\\\/www.amanien.info\\\/news\\\/#\\\/schema\\\/person\\\/b21093345753a1a98242d505bd894f42\"},\"breadcrumb\":{\"@id\":\"https:\\\/\\\/www.amanien.info\\\/news\\\/renouvellement-des-organes-dirigeants-de-la-mugef-ci-le-dr-kamara-laurence-deroule-son-programme\\\/#breadcrumb\"},\"inLanguage\":\"fr-FR\",\"potentialAction\":[{\"@type\":\"ReadAction\",\"target\":[\"https:\\\/\\\/www.amanien.info\\\/news\\\/renouvellement-des-organes-dirigeants-de-la-mugef-ci-le-dr-kamara-laurence-deroule-son-programme\\\/\"]}]},{\"@type\":\"ImageObject\",\"inLanguage\":\"fr-FR\",\"@id\":\"https:\\\/\\\/www.amanien.info\\\/news\\\/renouvellement-des-organes-dirigeants-de-la-mugef-ci-le-dr-kamara-laurence-deroule-son-programme\\\/#primaryimage\",\"url\":\"https:\\\/\\\/www.amanien.info\\\/news\\\/wp-content\\\/uploads\\\/2021\\\/07\\\/thumbnail-8.jpg\",\"contentUrl\":\"https:\\\/\\\/www.amanien.info\\\/news\\\/wp-content\\\/uploads\\\/2021\\\/07\\\/thumbnail-8.jpg\",\"width\":1080,\"height\":810},{\"@type\":\"BreadcrumbList\",\"@id\":\"https:\\\/\\\/www.amanien.info\\\/news\\\/renouvellement-des-organes-dirigeants-de-la-mugef-ci-le-dr-kamara-laurence-deroule-son-programme\\\/#breadcrumb\",\"itemListElement\":[{\"@type\":\"ListItem\",\"position\":1,\"name\":\"Accueil\",\"item\":\"https:\\\/\\\/www.amanien.info\\\/news\\\/\"},{\"@type\":\"ListItem\",\"position\":2,\"name\":\"Renouvellement des organes dirigeants de la MUGEF-CI: Le Dr Kamara Laurence d\u00e9roule son programme\"}]},{\"@type\":\"WebSite\",\"@id\":\"https:\\\/\\\/www.amanien.info\\\/news\\\/#website\",\"url\":\"https:\\\/\\\/www.amanien.info\\\/news\\\/\",\"name\":\"Amanien| L&#039;actualit\u00e9 Ivoirienne et Internationale\",\"description\":\"L&#039;actualit\u00e9 Ivoirienne et Internationale\",\"potentialAction\":[{\"@type\":\"SearchAction\",\"target\":{\"@type\":\"EntryPoint\",\"urlTemplate\":\"https:\\\/\\\/www.amanien.info\\\/news\\\/?s={search_term_string}\"},\"query-input\":{\"@type\":\"PropertyValueSpecification\",\"valueRequired\":true,\"valueName\":\"search_term_string\"}}],\"inLanguage\":\"fr-FR\"},{\"@type\":\"Person\",\"@id\":\"https:\\\/\\\/www.amanien.info\\\/news\\\/#\\\/schema\\\/person\\\/b21093345753a1a98242d505bd894f42\",\"name\":\"Germain Ndri\",\"url\":\"https:\\\/\\\/www.amanien.info\\\/news\\\/author\\\/amanien-infos\\\/\"}]}<\/script>\n<!-- \/ Yoast SEO plugin. -->","yoast_head_json":{"title":"Renouvellement des organes dirigeants de la MUGEF-CI: Le Dr Kamara Laurence d\u00e9roule son programme - Amanien| L&#039;actualit\u00e9 Ivoirienne et Internationale","robots":{"index":"index","follow":"follow","max-snippet":"max-snippet:-1","max-image-preview":"max-image-preview:large","max-video-preview":"max-video-preview:-1"},"canonical":"https:\/\/www.amanien.info\/news\/renouvellement-des-organes-dirigeants-de-la-mugef-ci-le-dr-kamara-laurence-deroule-son-programme\/","og_locale":"fr_FR","og_type":"article","og_title":"Renouvellement des organes dirigeants de la MUGEF-CI: Le Dr Kamara Laurence d\u00e9roule son programme - Amanien| L&#039;actualit\u00e9 Ivoirienne et Internationale","og_description":"La t\u00eate de la liste Groupe Solidarit\u00e9- \u00c9galit\u00e9 ( GSE), pour l&rsquo; \u00e9lection \u00e0 la pr\u00e9sidence du conseil d&rsquo; administration de la Mutuelle G\u00e9n\u00e9rale des Fonctionnaires et Agents de l&rsquo; \u00e9tat de C\u00f4te d&rsquo; Ivoire ( Mugef- ci), Dr Kamara Laurence, a anim\u00e9 une conf\u00e9rence de presse le samedi 24 juillet dans la commune du [&hellip;]","og_url":"https:\/\/www.amanien.info\/news\/renouvellement-des-organes-dirigeants-de-la-mugef-ci-le-dr-kamara-laurence-deroule-son-programme\/","og_site_name":"Amanien| L&#039;actualit\u00e9 Ivoirienne et Internationale","article_published_time":"2021-07-24T19:15:47+00:00","article_modified_time":"2021-07-24T19:17:56+00:00","og_image":[{"width":1080,"height":810,"url":"https:\/\/www.amanien.info\/news\/wp-content\/uploads\/2021\/07\/thumbnail-8.jpg","type":"image\/jpeg"}],"author":"Germain Ndri","twitter_card":"summary_large_image","twitter_misc":{"\u00c9crit par":"Germain Ndri","Dur\u00e9e de lecture estim\u00e9e":"3 minutes"},"schema":{"@context":"https:\/\/schema.org","@graph":[{"@type":"Article","@id":"https:\/\/www.amanien.info\/news\/renouvellement-des-organes-dirigeants-de-la-mugef-ci-le-dr-kamara-laurence-deroule-son-programme\/#article","isPartOf":{"@id":"https:\/\/www.amanien.info\/news\/renouvellement-des-organes-dirigeants-de-la-mugef-ci-le-dr-kamara-laurence-deroule-son-programme\/"},"author":{"name":"Germain Ndri","@id":"https:\/\/www.amanien.info\/news\/#\/schema\/person\/b21093345753a1a98242d505bd894f42"},"headline":"Renouvellement des organes dirigeants de la MUGEF-CI: Le Dr Kamara Laurence d\u00e9roule son programme","datePublished":"2021-07-24T19:15:47+00:00","dateModified":"2021-07-24T19:17:56+00:00","mainEntityOfPage":{"@id":"https:\/\/www.amanien.info\/news\/renouvellement-des-organes-dirigeants-de-la-mugef-ci-le-dr-kamara-laurence-deroule-son-programme\/"},"wordCount":645,"image":{"@id":"https:\/\/www.amanien.info\/news\/renouvellement-des-organes-dirigeants-de-la-mugef-ci-le-dr-kamara-laurence-deroule-son-programme\/#primaryimage"},"thumbnailUrl":"https:\/\/www.amanien.info\/news\/wp-content\/uploads\/2021\/07\/thumbnail-8.jpg","inLanguage":"fr-FR"},{"@type":"WebPage","@id":"https:\/\/www.amanien.info\/news\/renouvellement-des-organes-dirigeants-de-la-mugef-ci-le-dr-kamara-laurence-deroule-son-programme\/","url":"https:\/\/www.amanien.info\/news\/renouvellement-des-organes-dirigeants-de-la-mugef-ci-le-dr-kamara-laurence-deroule-son-programme\/","name":"Renouvellement des organes dirigeants de la MUGEF-CI: Le Dr Kamara Laurence d\u00e9roule son programme - Amanien| L&#039;actualit\u00e9 Ivoirienne et Internationale","isPartOf":{"@id":"https:\/\/www.amanien.info\/news\/#website"},"primaryImageOfPage":{"@id":"https:\/\/www.amanien.info\/news\/renouvellement-des-organes-dirigeants-de-la-mugef-ci-le-dr-kamara-laurence-deroule-son-programme\/#primaryimage"},"image":{"@id":"https:\/\/www.amanien.info\/news\/renouvellement-des-organes-dirigeants-de-la-mugef-ci-le-dr-kamara-laurence-deroule-son-programme\/#primaryimage"},"thumbnailUrl":"https:\/\/www.amanien.info\/news\/wp-content\/uploads\/2021\/07\/thumbnail-8.jpg","datePublished":"2021-07-24T19:15:47+00:00","dateModified":"2021-07-24T19:17:56+00:00","author":{"@id":"https:\/\/www.amanien.info\/news\/#\/schema\/person\/b21093345753a1a98242d505bd894f42"},"breadcrumb":{"@id":"https:\/\/www.amanien.info\/news\/renouvellement-des-organes-dirigeants-de-la-mugef-ci-le-dr-kamara-laurence-deroule-son-programme\/#breadcrumb"},"inLanguage":"fr-FR","potentialAction":[{"@type":"ReadAction","target":["https:\/\/www.amanien.info\/news\/renouvellement-des-organes-dirigeants-de-la-mugef-ci-le-dr-kamara-laurence-deroule-son-programme\/"]}]},{"@type":"ImageObject","inLanguage":"fr-FR","@id":"https:\/\/www.amanien.info\/news\/renouvellement-des-organes-dirigeants-de-la-mugef-ci-le-dr-kamara-laurence-deroule-son-programme\/#primaryimage","url":"https:\/\/www.amanien.info\/news\/wp-content\/uploads\/2021\/07\/thumbnail-8.jpg","contentUrl":"https:\/\/www.amanien.info\/news\/wp-content\/uploads\/2021\/07\/thumbnail-8.jpg","width":1080,"height":810},{"@type":"BreadcrumbList","@id":"https:\/\/www.amanien.info\/news\/renouvellement-des-organes-dirigeants-de-la-mugef-ci-le-dr-kamara-laurence-deroule-son-programme\/#breadcrumb","itemListElement":[{"@type":"ListItem","position":1,"name":"Accueil","item":"https:\/\/www.amanien.info\/news\/"},{"@type":"ListItem","position":2,"name":"Renouvellement des organes dirigeants de la MUGEF-CI: Le Dr Kamara Laurence d\u00e9roule son programme"}]},{"@type":"WebSite","@id":"https:\/\/www.amanien.info\/news\/#website","url":"https:\/\/www.amanien.info\/news\/","name":"Amanien| L&#039;actualit\u00e9 Ivoirienne et Internationale","description":"L&#039;actualit\u00e9 Ivoirienne et Internationale","potentialAction":[{"@type":"SearchAction","target":{"@type":"EntryPoint","urlTemplate":"https:\/\/www.amanien.info\/news\/?s={search_term_string}"},"query-input":{"@type":"PropertyValueSpecification","valueRequired":true,"valueName":"search_term_string"}}],"inLanguage":"fr-FR"},{"@type":"Person","@id":"https:\/\/www.amanien.info\/news\/#\/schema\/person\/b21093345753a1a98242d505bd894f42","name":"Germain Ndri","url":"https:\/\/www.amanien.info\/news\/author\/amanien-infos\/"}]}},"_links":{"self":[{"href":"https:\/\/www.amanien.info\/news\/wp-json\/wp\/v2\/posts\/2840","targetHints":{"allow":["GET"]}}],"collection":[{"href":"https:\/\/www.amanien.info\/news\/wp-json\/wp\/v2\/posts"}],"about":[{"href":"https:\/\/www.amanien.info\/news\/wp-json\/wp\/v2\/types\/post"}],"author":[{"embeddable":true,"href":"https:\/\/www.amanien.info\/news\/wp-json\/wp\/v2\/users\/2"}],"replies":[{"embeddable":true,"href":"https:\/\/www.amanien.info\/news\/wp-json\/wp\/v2\/comments?post=2840"}],"version-history":[{"count":1,"href":"https:\/\/www.amanien.info\/news\/wp-json\/wp\/v2\/posts\/2840\/revisions"}],"predecessor-version":[{"id":2842,"href":"https:\/\/www.amanien.info\/news\/wp-json\/wp\/v2\/posts\/2840\/revisions\/2842"}],"wp:featuredmedia":[{"embeddable":true,"href":"https:\/\/www.amanien.info\/news\/wp-json\/wp\/v2\/media\/2841"}],"wp:attachment":[{"href":"https:\/\/www.amanien.info\/news\/wp-json\/wp\/v2\/media?parent=2840"}],"wp:term":[{"taxonomy":"category","embeddable":true,"href":"https:\/\/www.amanien.info\/news\/wp-json\/wp\/v2\/categories?post=2840"},{"taxonomy":"post_tag","embeddable":true,"href":"https:\/\/www.amanien.info\/news\/wp-json\/wp\/v2\/tags?post=2840"}],"curies":[{"name":"wp","href":"https:\/\/api.w.org\/{rel}","templated":true}]}}