{"id":2830,"date":"2021-07-22T10:29:04","date_gmt":"2021-07-22T10:29:04","guid":{"rendered":"https:\/\/www.https:\/\/zozo.buyee.jp\/\/news\/?p=2830"},"modified":"2021-07-22T10:30:06","modified_gmt":"2021-07-22T10:30:06","slug":"processus-de-reconciliation-nationale-le-chef-de-letat-recoit-laurent-gbagbo-le-27-juillet","status":"publish","type":"post","link":"https:\/\/www.amanien.info\/news\/processus-de-reconciliation-nationale-le-chef-de-letat-recoit-laurent-gbagbo-le-27-juillet\/","title":{"rendered":"Processus de r\u00e9conciliation nationale: Le chef de l&rsquo;\u00c9tat re\u00e7oit Laurent Gbagbo le 27 juillet"},"content":{"rendered":"<p>Le pr\u00e9sident de la R\u00e9publique Alassane Ouattara et l&rsquo; ancien pr\u00e9sident Laurent Gbagbo, vont se rencontrer le mardi 27 juillet 2021 au palais de la pr\u00e9sidence. Cette annonce a \u00e9t\u00e9 faite le mercredi 21 juillet par le porte parole du gouvernement, le ministre de la Communication Amadou Coulibaly, apr\u00e8s le conseil des ministres. Cette rencontre entre l&rsquo; ex pr\u00e9sident de la R\u00e9publique Laurent Gbagbo et l&rsquo;actuel Alassane Ouattara, est un signal fort pour le processus de r\u00e9conciliation nationale.<br \/>\nAcquitt\u00e9 au terme de son proc\u00e8s devant la cour p\u00e9nale internationale ( CPI ), le fondateur du Front populaire Ivoirien ( FPI), est rentr\u00e9 en C\u00f4te d&rsquo;Ivoire le 17 juin dernier, apr\u00e8s la d\u00e9livrance de ses passeports ordinaire et diplomatique.<br \/>\nBien avant, le chef de l&rsquo;\u00c9tat Alassane Ouattara avait annonc\u00e9 qu&rsquo;il peut rentrer en C\u00f4te d&rsquo;Ivoire quand il le veut.<br \/>\nLaurent Gbagbo a \u00e9t\u00e9 re\u00e7u le 11 juillet \u00e0 Daoukro, par l&rsquo; ancien chef de l&rsquo;\u00c9tat et pr\u00e9sident du PDCI- RDA Henri Konan B\u00e9di\u00e9.<br \/>\nLe mardi 20 juillet, lors de la pri\u00e8re \u00e0 l&rsquo; occasion de la f\u00eate de Tabasky, le chef de l&rsquo;\u00c9tat a soulign\u00e9 que le dialogue et le processus de r\u00e9conciliation nationale doivent se poursuivre. Le 27 juillet, il accompagnera cette parole d&rsquo; acte concret.<br \/>\nCalvin Wandji<\/p>\n","protected":false},"excerpt":{"rendered":"<p>Le pr\u00e9sident de la R\u00e9publique Alassane Ouattara et l&rsquo; ancien pr\u00e9sident Laurent Gbagbo, vont se rencontrer le mardi 27 juillet 2021 au palais de la pr\u00e9sidence. Cette annonce a \u00e9t\u00e9 faite le mercredi 21 juillet par le porte parole du gouvernement, le ministre de la Communication Amadou Coulibaly, apr\u00e8s le conseil des ministres. Cette rencontre [&hellip;]<\/p>\n","protected":false},"author":2,"featured_media":2831,"comment_status":"closed","ping_status":"closed","sticky":true,"template":"","format":"standard","meta":{"_acf_changed":false,"footnotes":""},"categories":[],"tags":[],"class_list":["post-2830","post","type-post","status-publish","format-standard","has-post-thumbnail","hentry"],"acf":[],"yoast_head":"<!-- This site is optimized with the Yoast SEO plugin v27.5 - https:\/\/yoast.com\/product\/yoast-seo-wordpress\/ -->\n<title>Processus de r\u00e9conciliation nationale: Le chef de l&#039;\u00c9tat re\u00e7oit Laurent Gbagbo le 27 juillet - Amanien| L&#039;actualit\u00e9 Ivoirienne et Internationale<\/title>\n<meta name=\"robots\" content=\"index, follow, max-snippet:-1, max-image-preview:large, max-video-preview:-1\" \/>\n<link rel=\"canonical\" href=\"https:\/\/www.amanien.info\/news\/processus-de-reconciliation-nationale-le-chef-de-letat-recoit-laurent-gbagbo-le-27-juillet\/\" \/>\n<meta property=\"og:locale\" content=\"fr_FR\" \/>\n<meta property=\"og:type\" content=\"article\" \/>\n<meta property=\"og:title\" content=\"Processus de r\u00e9conciliation nationale: Le chef de l&#039;\u00c9tat re\u00e7oit Laurent Gbagbo le 27 juillet - Amanien| L&#039;actualit\u00e9 Ivoirienne et Internationale\" \/>\n<meta property=\"og:description\" content=\"Le pr\u00e9sident de la R\u00e9publique Alassane Ouattara et l&rsquo; ancien pr\u00e9sident Laurent Gbagbo, vont se rencontrer le mardi 27 juillet 2021 au palais de la pr\u00e9sidence. Cette annonce a \u00e9t\u00e9 faite le mercredi 21 juillet par le porte parole du gouvernement, le ministre de la Communication Amadou Coulibaly, apr\u00e8s le conseil des ministres. Cette rencontre [&hellip;]\" \/>\n<meta property=\"og:url\" content=\"https:\/\/www.amanien.info\/news\/processus-de-reconciliation-nationale-le-chef-de-letat-recoit-laurent-gbagbo-le-27-juillet\/\" \/>\n<meta property=\"og:site_name\" content=\"Amanien| L&#039;actualit\u00e9 Ivoirienne et Internationale\" \/>\n<meta property=\"article:published_time\" content=\"2021-07-22T10:29:04+00:00\" \/>\n<meta property=\"article:modified_time\" content=\"2021-07-22T10:30:06+00:00\" \/>\n<meta property=\"og:image\" content=\"https:\/\/www.amanien.info\/news\/wp-content\/uploads\/2021\/07\/thumbnail-1.png\" \/>\n\t<meta property=\"og:image:width\" content=\"720\" \/>\n\t<meta property=\"og:image:height\" content=\"381\" \/>\n\t<meta property=\"og:image:type\" content=\"image\/png\" \/>\n<meta name=\"author\" content=\"Germain Ndri\" \/>\n<meta name=\"twitter:card\" content=\"summary_large_image\" \/>\n<meta name=\"twitter:label1\" content=\"\u00c9crit par\" \/>\n\t<meta name=\"twitter:data1\" content=\"Germain Ndri\" \/>\n\t<meta name=\"twitter:label2\" content=\"Dur\u00e9e de lecture estim\u00e9e\" \/>\n\t<meta name=\"twitter:data2\" content=\"1 minute\" \/>\n<script type=\"application\/ld+json\" class=\"yoast-schema-graph\">{\"@context\":\"https:\\\/\\\/schema.org\",\"@graph\":[{\"@type\":\"Article\",\"@id\":\"https:\\\/\\\/www.amanien.info\\\/news\\\/processus-de-reconciliation-nationale-le-chef-de-letat-recoit-laurent-gbagbo-le-27-juillet\\\/#article\",\"isPartOf\":{\"@id\":\"https:\\\/\\\/www.amanien.info\\\/news\\\/processus-de-reconciliation-nationale-le-chef-de-letat-recoit-laurent-gbagbo-le-27-juillet\\\/\"},\"author\":{\"name\":\"Germain Ndri\",\"@id\":\"https:\\\/\\\/www.amanien.info\\\/news\\\/#\\\/schema\\\/person\\\/b21093345753a1a98242d505bd894f42\"},\"headline\":\"Processus de r\u00e9conciliation nationale: Le chef de l&rsquo;\u00c9tat re\u00e7oit Laurent Gbagbo le 27 juillet\",\"datePublished\":\"2021-07-22T10:29:04+00:00\",\"dateModified\":\"2021-07-22T10:30:06+00:00\",\"mainEntityOfPage\":{\"@id\":\"https:\\\/\\\/www.amanien.info\\\/news\\\/processus-de-reconciliation-nationale-le-chef-de-letat-recoit-laurent-gbagbo-le-27-juillet\\\/\"},\"wordCount\":239,\"image\":{\"@id\":\"https:\\\/\\\/www.amanien.info\\\/news\\\/processus-de-reconciliation-nationale-le-chef-de-letat-recoit-laurent-gbagbo-le-27-juillet\\\/#primaryimage\"},\"thumbnailUrl\":\"https:\\\/\\\/www.amanien.info\\\/news\\\/wp-content\\\/uploads\\\/2021\\\/07\\\/thumbnail-1.png\",\"inLanguage\":\"fr-FR\"},{\"@type\":\"WebPage\",\"@id\":\"https:\\\/\\\/www.amanien.info\\\/news\\\/processus-de-reconciliation-nationale-le-chef-de-letat-recoit-laurent-gbagbo-le-27-juillet\\\/\",\"url\":\"https:\\\/\\\/www.amanien.info\\\/news\\\/processus-de-reconciliation-nationale-le-chef-de-letat-recoit-laurent-gbagbo-le-27-juillet\\\/\",\"name\":\"Processus de r\u00e9conciliation nationale: Le chef de l'\u00c9tat re\u00e7oit Laurent Gbagbo le 27 juillet - Amanien| L&#039;actualit\u00e9 Ivoirienne et Internationale\",\"isPartOf\":{\"@id\":\"https:\\\/\\\/www.amanien.info\\\/news\\\/#website\"},\"primaryImageOfPage\":{\"@id\":\"https:\\\/\\\/www.amanien.info\\\/news\\\/processus-de-reconciliation-nationale-le-chef-de-letat-recoit-laurent-gbagbo-le-27-juillet\\\/#primaryimage\"},\"image\":{\"@id\":\"https:\\\/\\\/www.amanien.info\\\/news\\\/processus-de-reconciliation-nationale-le-chef-de-letat-recoit-laurent-gbagbo-le-27-juillet\\\/#primaryimage\"},\"thumbnailUrl\":\"https:\\\/\\\/www.amanien.info\\\/news\\\/wp-content\\\/uploads\\\/2021\\\/07\\\/thumbnail-1.png\",\"datePublished\":\"2021-07-22T10:29:04+00:00\",\"dateModified\":\"2021-07-22T10:30:06+00:00\",\"author\":{\"@id\":\"https:\\\/\\\/www.amanien.info\\\/news\\\/#\\\/schema\\\/person\\\/b21093345753a1a98242d505bd894f42\"},\"breadcrumb\":{\"@id\":\"https:\\\/\\\/www.amanien.info\\\/news\\\/processus-de-reconciliation-nationale-le-chef-de-letat-recoit-laurent-gbagbo-le-27-juillet\\\/#breadcrumb\"},\"inLanguage\":\"fr-FR\",\"potentialAction\":[{\"@type\":\"ReadAction\",\"target\":[\"https:\\\/\\\/www.amanien.info\\\/news\\\/processus-de-reconciliation-nationale-le-chef-de-letat-recoit-laurent-gbagbo-le-27-juillet\\\/\"]}]},{\"@type\":\"ImageObject\",\"inLanguage\":\"fr-FR\",\"@id\":\"https:\\\/\\\/www.amanien.info\\\/news\\\/processus-de-reconciliation-nationale-le-chef-de-letat-recoit-laurent-gbagbo-le-27-juillet\\\/#primaryimage\",\"url\":\"https:\\\/\\\/www.amanien.info\\\/news\\\/wp-content\\\/uploads\\\/2021\\\/07\\\/thumbnail-1.png\",\"contentUrl\":\"https:\\\/\\\/www.amanien.info\\\/news\\\/wp-content\\\/uploads\\\/2021\\\/07\\\/thumbnail-1.png\",\"width\":720,\"height\":381},{\"@type\":\"BreadcrumbList\",\"@id\":\"https:\\\/\\\/www.amanien.info\\\/news\\\/processus-de-reconciliation-nationale-le-chef-de-letat-recoit-laurent-gbagbo-le-27-juillet\\\/#breadcrumb\",\"itemListElement\":[{\"@type\":\"ListItem\",\"position\":1,\"name\":\"Accueil\",\"item\":\"https:\\\/\\\/www.amanien.info\\\/news\\\/\"},{\"@type\":\"ListItem\",\"position\":2,\"name\":\"Processus de r\u00e9conciliation nationale: Le chef de l&rsquo;\u00c9tat re\u00e7oit Laurent Gbagbo le 27 juillet\"}]},{\"@type\":\"WebSite\",\"@id\":\"https:\\\/\\\/www.amanien.info\\\/news\\\/#website\",\"url\":\"https:\\\/\\\/www.amanien.info\\\/news\\\/\",\"name\":\"Amanien| L&#039;actualit\u00e9 Ivoirienne et Internationale\",\"description\":\"L&#039;actualit\u00e9 Ivoirienne et Internationale\",\"potentialAction\":[{\"@type\":\"SearchAction\",\"target\":{\"@type\":\"EntryPoint\",\"urlTemplate\":\"https:\\\/\\\/www.amanien.info\\\/news\\\/?s={search_term_string}\"},\"query-input\":{\"@type\":\"PropertyValueSpecification\",\"valueRequired\":true,\"valueName\":\"search_term_string\"}}],\"inLanguage\":\"fr-FR\"},{\"@type\":\"Person\",\"@id\":\"https:\\\/\\\/www.amanien.info\\\/news\\\/#\\\/schema\\\/person\\\/b21093345753a1a98242d505bd894f42\",\"name\":\"Germain Ndri\",\"url\":\"https:\\\/\\\/www.amanien.info\\\/news\\\/author\\\/amanien-infos\\\/\"}]}<\/script>\n<!-- \/ Yoast SEO plugin. -->","yoast_head_json":{"title":"Processus de r\u00e9conciliation nationale: Le chef de l'\u00c9tat re\u00e7oit Laurent Gbagbo le 27 juillet - Amanien| L&#039;actualit\u00e9 Ivoirienne et Internationale","robots":{"index":"index","follow":"follow","max-snippet":"max-snippet:-1","max-image-preview":"max-image-preview:large","max-video-preview":"max-video-preview:-1"},"canonical":"https:\/\/www.amanien.info\/news\/processus-de-reconciliation-nationale-le-chef-de-letat-recoit-laurent-gbagbo-le-27-juillet\/","og_locale":"fr_FR","og_type":"article","og_title":"Processus de r\u00e9conciliation nationale: Le chef de l'\u00c9tat re\u00e7oit Laurent Gbagbo le 27 juillet - Amanien| L&#039;actualit\u00e9 Ivoirienne et Internationale","og_description":"Le pr\u00e9sident de la R\u00e9publique Alassane Ouattara et l&rsquo; ancien pr\u00e9sident Laurent Gbagbo, vont se rencontrer le mardi 27 juillet 2021 au palais de la pr\u00e9sidence. Cette annonce a \u00e9t\u00e9 faite le mercredi 21 juillet par le porte parole du gouvernement, le ministre de la Communication Amadou Coulibaly, apr\u00e8s le conseil des ministres. Cette rencontre [&hellip;]","og_url":"https:\/\/www.amanien.info\/news\/processus-de-reconciliation-nationale-le-chef-de-letat-recoit-laurent-gbagbo-le-27-juillet\/","og_site_name":"Amanien| L&#039;actualit\u00e9 Ivoirienne et Internationale","article_published_time":"2021-07-22T10:29:04+00:00","article_modified_time":"2021-07-22T10:30:06+00:00","og_image":[{"width":720,"height":381,"url":"https:\/\/www.amanien.info\/news\/wp-content\/uploads\/2021\/07\/thumbnail-1.png","type":"image\/png"}],"author":"Germain Ndri","twitter_card":"summary_large_image","twitter_misc":{"\u00c9crit par":"Germain Ndri","Dur\u00e9e de lecture estim\u00e9e":"1 minute"},"schema":{"@context":"https:\/\/schema.org","@graph":[{"@type":"Article","@id":"https:\/\/www.amanien.info\/news\/processus-de-reconciliation-nationale-le-chef-de-letat-recoit-laurent-gbagbo-le-27-juillet\/#article","isPartOf":{"@id":"https:\/\/www.amanien.info\/news\/processus-de-reconciliation-nationale-le-chef-de-letat-recoit-laurent-gbagbo-le-27-juillet\/"},"author":{"name":"Germain Ndri","@id":"https:\/\/www.amanien.info\/news\/#\/schema\/person\/b21093345753a1a98242d505bd894f42"},"headline":"Processus de r\u00e9conciliation nationale: Le chef de l&rsquo;\u00c9tat re\u00e7oit Laurent Gbagbo le 27 juillet","datePublished":"2021-07-22T10:29:04+00:00","dateModified":"2021-07-22T10:30:06+00:00","mainEntityOfPage":{"@id":"https:\/\/www.amanien.info\/news\/processus-de-reconciliation-nationale-le-chef-de-letat-recoit-laurent-gbagbo-le-27-juillet\/"},"wordCount":239,"image":{"@id":"https:\/\/www.amanien.info\/news\/processus-de-reconciliation-nationale-le-chef-de-letat-recoit-laurent-gbagbo-le-27-juillet\/#primaryimage"},"thumbnailUrl":"https:\/\/www.amanien.info\/news\/wp-content\/uploads\/2021\/07\/thumbnail-1.png","inLanguage":"fr-FR"},{"@type":"WebPage","@id":"https:\/\/www.amanien.info\/news\/processus-de-reconciliation-nationale-le-chef-de-letat-recoit-laurent-gbagbo-le-27-juillet\/","url":"https:\/\/www.amanien.info\/news\/processus-de-reconciliation-nationale-le-chef-de-letat-recoit-laurent-gbagbo-le-27-juillet\/","name":"Processus de r\u00e9conciliation nationale: Le chef de l'\u00c9tat re\u00e7oit Laurent Gbagbo le 27 juillet - Amanien| L&#039;actualit\u00e9 Ivoirienne et Internationale","isPartOf":{"@id":"https:\/\/www.amanien.info\/news\/#website"},"primaryImageOfPage":{"@id":"https:\/\/www.amanien.info\/news\/processus-de-reconciliation-nationale-le-chef-de-letat-recoit-laurent-gbagbo-le-27-juillet\/#primaryimage"},"image":{"@id":"https:\/\/www.amanien.info\/news\/processus-de-reconciliation-nationale-le-chef-de-letat-recoit-laurent-gbagbo-le-27-juillet\/#primaryimage"},"thumbnailUrl":"https:\/\/www.amanien.info\/news\/wp-content\/uploads\/2021\/07\/thumbnail-1.png","datePublished":"2021-07-22T10:29:04+00:00","dateModified":"2021-07-22T10:30:06+00:00","author":{"@id":"https:\/\/www.amanien.info\/news\/#\/schema\/person\/b21093345753a1a98242d505bd894f42"},"breadcrumb":{"@id":"https:\/\/www.amanien.info\/news\/processus-de-reconciliation-nationale-le-chef-de-letat-recoit-laurent-gbagbo-le-27-juillet\/#breadcrumb"},"inLanguage":"fr-FR","potentialAction":[{"@type":"ReadAction","target":["https:\/\/www.amanien.info\/news\/processus-de-reconciliation-nationale-le-chef-de-letat-recoit-laurent-gbagbo-le-27-juillet\/"]}]},{"@type":"ImageObject","inLanguage":"fr-FR","@id":"https:\/\/www.amanien.info\/news\/processus-de-reconciliation-nationale-le-chef-de-letat-recoit-laurent-gbagbo-le-27-juillet\/#primaryimage","url":"https:\/\/www.amanien.info\/news\/wp-content\/uploads\/2021\/07\/thumbnail-1.png","contentUrl":"https:\/\/www.amanien.info\/news\/wp-content\/uploads\/2021\/07\/thumbnail-1.png","width":720,"height":381},{"@type":"BreadcrumbList","@id":"https:\/\/www.amanien.info\/news\/processus-de-reconciliation-nationale-le-chef-de-letat-recoit-laurent-gbagbo-le-27-juillet\/#breadcrumb","itemListElement":[{"@type":"ListItem","position":1,"name":"Accueil","item":"https:\/\/www.amanien.info\/news\/"},{"@type":"ListItem","position":2,"name":"Processus de r\u00e9conciliation nationale: Le chef de l&rsquo;\u00c9tat re\u00e7oit Laurent Gbagbo le 27 juillet"}]},{"@type":"WebSite","@id":"https:\/\/www.amanien.info\/news\/#website","url":"https:\/\/www.amanien.info\/news\/","name":"Amanien| L&#039;actualit\u00e9 Ivoirienne et Internationale","description":"L&#039;actualit\u00e9 Ivoirienne et Internationale","potentialAction":[{"@type":"SearchAction","target":{"@type":"EntryPoint","urlTemplate":"https:\/\/www.amanien.info\/news\/?s={search_term_string}"},"query-input":{"@type":"PropertyValueSpecification","valueRequired":true,"valueName":"search_term_string"}}],"inLanguage":"fr-FR"},{"@type":"Person","@id":"https:\/\/www.amanien.info\/news\/#\/schema\/person\/b21093345753a1a98242d505bd894f42","name":"Germain Ndri","url":"https:\/\/www.amanien.info\/news\/author\/amanien-infos\/"}]}},"_links":{"self":[{"href":"https:\/\/www.amanien.info\/news\/wp-json\/wp\/v2\/posts\/2830","targetHints":{"allow":["GET"]}}],"collection":[{"href":"https:\/\/www.amanien.info\/news\/wp-json\/wp\/v2\/posts"}],"about":[{"href":"https:\/\/www.amanien.info\/news\/wp-json\/wp\/v2\/types\/post"}],"author":[{"embeddable":true,"href":"https:\/\/www.amanien.info\/news\/wp-json\/wp\/v2\/users\/2"}],"replies":[{"embeddable":true,"href":"https:\/\/www.amanien.info\/news\/wp-json\/wp\/v2\/comments?post=2830"}],"version-history":[{"count":1,"href":"https:\/\/www.amanien.info\/news\/wp-json\/wp\/v2\/posts\/2830\/revisions"}],"predecessor-version":[{"id":2832,"href":"https:\/\/www.amanien.info\/news\/wp-json\/wp\/v2\/posts\/2830\/revisions\/2832"}],"wp:featuredmedia":[{"embeddable":true,"href":"https:\/\/www.amanien.info\/news\/wp-json\/wp\/v2\/media\/2831"}],"wp:attachment":[{"href":"https:\/\/www.amanien.info\/news\/wp-json\/wp\/v2\/media?parent=2830"}],"wp:term":[{"taxonomy":"category","embeddable":true,"href":"https:\/\/www.amanien.info\/news\/wp-json\/wp\/v2\/categories?post=2830"},{"taxonomy":"post_tag","embeddable":true,"href":"https:\/\/www.amanien.info\/news\/wp-json\/wp\/v2\/tags?post=2830"}],"curies":[{"name":"wp","href":"https:\/\/api.w.org\/{rel}","templated":true}]}}