{"id":2820,"date":"2021-07-10T13:37:12","date_gmt":"2021-07-10T13:37:12","guid":{"rendered":"https:\/\/www.https:\/\/zozo.buyee.jp\/\/news\/?p=2820"},"modified":"2021-07-10T13:37:36","modified_gmt":"2021-07-10T13:37:36","slug":"la-4eme-edition-du-salon-africain-des-assurances-se-tiendra-les-16-et-17-septembre-prochain-a-abidjan","status":"publish","type":"post","link":"https:\/\/www.amanien.info\/news\/la-4eme-edition-du-salon-africain-des-assurances-se-tiendra-les-16-et-17-septembre-prochain-a-abidjan\/","title":{"rendered":"La 4\u00e8me \u00c9dition du Salon Africain des Assurances se tiendra les 16 et 17 septembre prochain \u00e0 Abidjan"},"content":{"rendered":"<div>\u00ab\u00a0La digitalisation de l&rsquo;assurance au profit de la population\u00a0\u00bb. Tel est le th\u00e8me de la 4\u00e8 Edition du Salon Africain des Assurances (SADA) qui se tiendra les 16 et 17 septembre prochain \u00e0 la Caistab, \u00e0 Abidjan-Plateau. L&rsquo;information a \u00e9t\u00e9 donn\u00e9e par la Commissaire G\u00e9n\u00e9rale, Mme Val\u00e9rie Kouam\u00e9 ce jeudi 08 juillet 2021 au si\u00e8ge de l&rsquo;ASA-CI( Association des Soci\u00e9t\u00e9s d&rsquo;Assurances de C\u00f4te d&rsquo;Ivoire), \u00e0 Cocody lors de la c\u00e9r\u00e9monie de lancement du SADA 2021.<\/div>\n<div>\n<div class=\"yiv0336138355gmail-gs\">\n<div class=\"yiv0336138355gmail-\">\n<div id=\"yiv0336138355gmail-:ny\" class=\"yiv0336138355gmail-ii yiv0336138355gmail-gt\">\n<div id=\"yiv0336138355gmail-:nx\" class=\"yiv0336138355gmail-a3s yiv0336138355gmail-aiL\">\n<div>\n<div><\/div>\n<div><\/div>\n<div>Cette \u00e9dition\u00a0 2021 sera meubl\u00e9e par des \u00e9changes sous la forme des JPO( Journ\u00e9es Portes ouvertes), un salon virtuel, des mini-conf\u00e9rences sur des th\u00e9matiques pr\u00e9cises de l&rsquo;assurance, des rencontres B2B, des awards( remise de prix aux soci\u00e9t\u00e9s d&rsquo;Assurances et autres) et verra la participation des pays fr\u00e8res du continent Africain et de l&rsquo;Occident. Elle est plac\u00e9e sous le parrainage du DG du Tr\u00e9sor et de la Comptabilit\u00e9 publique, Assahor\u00e9 Konan Jacques.<\/div>\n<div><\/div>\n<div>\u00ab\u00a0Dans un monde plus connect\u00e9, le digital devient la norme, une composante indispensable et attendue de l&rsquo;offre de service de toute entreprise\u00a0\u00bb a indiqu\u00e9 la Commissaire G\u00e9n\u00e9rale, Mme Val\u00e9rie Kouam\u00e9.<\/div>\n<div><\/div>\n<div>Avant d&rsquo;ajouter : &lt;&lt; Nous autres, acteurs du monde des assurances, nous n&rsquo;avons plus le choix : nous Digitaliser ou Dispara\u00eetre. Cette affirmation n&rsquo;est pas nouvelle. Elle impose une prise de conscience rapide, surtout les compagnies d&rsquo;assurances, qui ne sont pas n\u00e9es dans la culture digitale. Aucun secteur n&rsquo;\u00e9chappe \u00e0 la num\u00e9risation : on parle de Fin Tech, de Smart mobility ou de e-sant\u00e9, etc&gt;&gt; a fait savoir Val\u00e9rie Kouam\u00e9.<\/div>\n<div><\/div>\n<div><\/div>\n<div>Justifiant le choix du th\u00e8me de cette 4e \u00e9dition, Mme Val\u00e9rie Kouam\u00e9 a estim\u00e9 que la digitalisation est un processus qui devrait b\u00e9n\u00e9ficier d&rsquo;une grande attention de la part des compagnies d&rsquo;assurances et usagers des produits d&rsquo;assurance, \u00ab\u00a0pour faire d&rsquo;elle, une r\u00e9alit\u00e9 \u00e0 tout point de vue, dans le vaste domaine des assurances\u00a0\u00bb.<\/div>\n<div><\/div>\n<div>Aussi a-t-elle exhort\u00e9 les managers, les collaborateurs, les \u00e9quipes marketing\/communication ou DSI, les compagnies num\u00e9riques d&rsquo;assurances \u00e0 travailler ensemble afin d&rsquo;appr\u00e9hender les nouveaux enjeux num\u00e9riques, repenser les mod\u00e8les traditionnels d&rsquo;entreprise ou encore se familiariser avec les nouveaux outils digitaux.<\/div>\n<div><\/div>\n<div>C&rsquo;est pour cette raison que les acteurs du secteur des assurances maintiendront le cap en continuant \u00e0 communiquer sur des bases \u00e0 conna\u00eetre pour r\u00e9ussir la transformation digitale, \u00e0 le faire dans un cadre in\u00e9dit, alliant th\u00e9orie et pratique pour la compr\u00e9hension des d\u00e9fis et opportunit\u00e9s d\u00e9coulant de cette tendance.<\/div>\n<div><\/div>\n<div>\n<div>Cr\u00e9\u00e9 en 2017,\u00a0le Salon Africain des Assurances vise \u00e0 valoriser les Assurances, \u00e0 faire la promotion des produits d&rsquo;assurance, de faciliter l&rsquo;acc\u00e8s aux assurances et cr\u00e9er un espace de rencontre, \u00e0 vulgarisation des Assurances entre assureurs et les populations et \u00e0 lever les pr\u00e9jug\u00e9s sur ce secteur et faire la promotion des produits existants (Assurance Vie, Assurance Non-vie, M\u00e9tiers de l&rsquo;Assurance, l&rsquo;E-Assurance ainsi que la Bancassurance).<\/div>\n<div><\/div>\n<\/div>\n<\/div>\n<\/div>\n<\/div>\n<\/div>\n<\/div>\n<\/div>\n","protected":false},"excerpt":{"rendered":"<p>\u00ab\u00a0La digitalisation de l&rsquo;assurance au profit de la population\u00a0\u00bb. Tel est le th\u00e8me de la 4\u00e8 Edition du Salon Africain des Assurances (SADA) qui se tiendra les 16 et 17 septembre prochain \u00e0 la Caistab, \u00e0 Abidjan-Plateau. L&rsquo;information a \u00e9t\u00e9 donn\u00e9e par la Commissaire G\u00e9n\u00e9rale, Mme Val\u00e9rie Kouam\u00e9 ce jeudi 08 juillet 2021 au si\u00e8ge [&hellip;]<\/p>\n","protected":false},"author":2,"featured_media":2821,"comment_status":"closed","ping_status":"closed","sticky":true,"template":"","format":"standard","meta":{"_acf_changed":false,"footnotes":""},"categories":[],"tags":[],"class_list":["post-2820","post","type-post","status-publish","format-standard","has-post-thumbnail","hentry"],"acf":[],"yoast_head":"<!-- This site is optimized with the Yoast SEO plugin v27.5 - https:\/\/yoast.com\/product\/yoast-seo-wordpress\/ -->\n<title>La 4\u00e8me \u00c9dition du Salon Africain des Assurances se tiendra les 16 et 17 septembre prochain \u00e0 Abidjan - Amanien| L&#039;actualit\u00e9 Ivoirienne et Internationale<\/title>\n<meta name=\"robots\" content=\"index, follow, max-snippet:-1, max-image-preview:large, max-video-preview:-1\" \/>\n<link rel=\"canonical\" href=\"https:\/\/www.amanien.info\/news\/la-4eme-edition-du-salon-africain-des-assurances-se-tiendra-les-16-et-17-septembre-prochain-a-abidjan\/\" \/>\n<meta property=\"og:locale\" content=\"fr_FR\" \/>\n<meta property=\"og:type\" content=\"article\" \/>\n<meta property=\"og:title\" content=\"La 4\u00e8me \u00c9dition du Salon Africain des Assurances se tiendra les 16 et 17 septembre prochain \u00e0 Abidjan - Amanien| L&#039;actualit\u00e9 Ivoirienne et Internationale\" \/>\n<meta property=\"og:description\" content=\"\u00ab\u00a0La digitalisation de l&rsquo;assurance au profit de la population\u00a0\u00bb. Tel est le th\u00e8me de la 4\u00e8 Edition du Salon Africain des Assurances (SADA) qui se tiendra les 16 et 17 septembre prochain \u00e0 la Caistab, \u00e0 Abidjan-Plateau. L&rsquo;information a \u00e9t\u00e9 donn\u00e9e par la Commissaire G\u00e9n\u00e9rale, Mme Val\u00e9rie Kouam\u00e9 ce jeudi 08 juillet 2021 au si\u00e8ge [&hellip;]\" \/>\n<meta property=\"og:url\" content=\"https:\/\/www.amanien.info\/news\/la-4eme-edition-du-salon-africain-des-assurances-se-tiendra-les-16-et-17-septembre-prochain-a-abidjan\/\" \/>\n<meta property=\"og:site_name\" content=\"Amanien| L&#039;actualit\u00e9 Ivoirienne et Internationale\" \/>\n<meta property=\"article:published_time\" content=\"2021-07-10T13:37:12+00:00\" \/>\n<meta property=\"article:modified_time\" content=\"2021-07-10T13:37:36+00:00\" \/>\n<meta property=\"og:image\" content=\"https:\/\/www.amanien.info\/news\/wp-content\/uploads\/2021\/07\/thumbnail-3.jpg\" \/>\n\t<meta property=\"og:image:width\" content=\"1197\" \/>\n\t<meta property=\"og:image:height\" content=\"797\" \/>\n\t<meta property=\"og:image:type\" content=\"image\/jpeg\" \/>\n<meta name=\"author\" content=\"Germain Ndri\" \/>\n<meta name=\"twitter:card\" content=\"summary_large_image\" \/>\n<meta name=\"twitter:label1\" content=\"\u00c9crit par\" \/>\n\t<meta name=\"twitter:data1\" content=\"Germain Ndri\" \/>\n\t<meta name=\"twitter:label2\" content=\"Dur\u00e9e de lecture estim\u00e9e\" \/>\n\t<meta name=\"twitter:data2\" content=\"2 minutes\" \/>\n<script type=\"application\/ld+json\" class=\"yoast-schema-graph\">{\"@context\":\"https:\\\/\\\/schema.org\",\"@graph\":[{\"@type\":\"Article\",\"@id\":\"https:\\\/\\\/www.amanien.info\\\/news\\\/la-4eme-edition-du-salon-africain-des-assurances-se-tiendra-les-16-et-17-septembre-prochain-a-abidjan\\\/#article\",\"isPartOf\":{\"@id\":\"https:\\\/\\\/www.amanien.info\\\/news\\\/la-4eme-edition-du-salon-africain-des-assurances-se-tiendra-les-16-et-17-septembre-prochain-a-abidjan\\\/\"},\"author\":{\"name\":\"Germain Ndri\",\"@id\":\"https:\\\/\\\/www.amanien.info\\\/news\\\/#\\\/schema\\\/person\\\/b21093345753a1a98242d505bd894f42\"},\"headline\":\"La 4\u00e8me \u00c9dition du Salon Africain des Assurances se tiendra les 16 et 17 septembre prochain \u00e0 Abidjan\",\"datePublished\":\"2021-07-10T13:37:12+00:00\",\"dateModified\":\"2021-07-10T13:37:36+00:00\",\"mainEntityOfPage\":{\"@id\":\"https:\\\/\\\/www.amanien.info\\\/news\\\/la-4eme-edition-du-salon-africain-des-assurances-se-tiendra-les-16-et-17-septembre-prochain-a-abidjan\\\/\"},\"wordCount\":527,\"image\":{\"@id\":\"https:\\\/\\\/www.amanien.info\\\/news\\\/la-4eme-edition-du-salon-africain-des-assurances-se-tiendra-les-16-et-17-septembre-prochain-a-abidjan\\\/#primaryimage\"},\"thumbnailUrl\":\"https:\\\/\\\/www.amanien.info\\\/news\\\/wp-content\\\/uploads\\\/2021\\\/07\\\/thumbnail-3.jpg\",\"inLanguage\":\"fr-FR\"},{\"@type\":\"WebPage\",\"@id\":\"https:\\\/\\\/www.amanien.info\\\/news\\\/la-4eme-edition-du-salon-africain-des-assurances-se-tiendra-les-16-et-17-septembre-prochain-a-abidjan\\\/\",\"url\":\"https:\\\/\\\/www.amanien.info\\\/news\\\/la-4eme-edition-du-salon-africain-des-assurances-se-tiendra-les-16-et-17-septembre-prochain-a-abidjan\\\/\",\"name\":\"La 4\u00e8me \u00c9dition du Salon Africain des Assurances se tiendra les 16 et 17 septembre prochain \u00e0 Abidjan - Amanien| L&#039;actualit\u00e9 Ivoirienne et Internationale\",\"isPartOf\":{\"@id\":\"https:\\\/\\\/www.amanien.info\\\/news\\\/#website\"},\"primaryImageOfPage\":{\"@id\":\"https:\\\/\\\/www.amanien.info\\\/news\\\/la-4eme-edition-du-salon-africain-des-assurances-se-tiendra-les-16-et-17-septembre-prochain-a-abidjan\\\/#primaryimage\"},\"image\":{\"@id\":\"https:\\\/\\\/www.amanien.info\\\/news\\\/la-4eme-edition-du-salon-africain-des-assurances-se-tiendra-les-16-et-17-septembre-prochain-a-abidjan\\\/#primaryimage\"},\"thumbnailUrl\":\"https:\\\/\\\/www.amanien.info\\\/news\\\/wp-content\\\/uploads\\\/2021\\\/07\\\/thumbnail-3.jpg\",\"datePublished\":\"2021-07-10T13:37:12+00:00\",\"dateModified\":\"2021-07-10T13:37:36+00:00\",\"author\":{\"@id\":\"https:\\\/\\\/www.amanien.info\\\/news\\\/#\\\/schema\\\/person\\\/b21093345753a1a98242d505bd894f42\"},\"breadcrumb\":{\"@id\":\"https:\\\/\\\/www.amanien.info\\\/news\\\/la-4eme-edition-du-salon-africain-des-assurances-se-tiendra-les-16-et-17-septembre-prochain-a-abidjan\\\/#breadcrumb\"},\"inLanguage\":\"fr-FR\",\"potentialAction\":[{\"@type\":\"ReadAction\",\"target\":[\"https:\\\/\\\/www.amanien.info\\\/news\\\/la-4eme-edition-du-salon-africain-des-assurances-se-tiendra-les-16-et-17-septembre-prochain-a-abidjan\\\/\"]}]},{\"@type\":\"ImageObject\",\"inLanguage\":\"fr-FR\",\"@id\":\"https:\\\/\\\/www.amanien.info\\\/news\\\/la-4eme-edition-du-salon-africain-des-assurances-se-tiendra-les-16-et-17-septembre-prochain-a-abidjan\\\/#primaryimage\",\"url\":\"https:\\\/\\\/www.amanien.info\\\/news\\\/wp-content\\\/uploads\\\/2021\\\/07\\\/thumbnail-3.jpg\",\"contentUrl\":\"https:\\\/\\\/www.amanien.info\\\/news\\\/wp-content\\\/uploads\\\/2021\\\/07\\\/thumbnail-3.jpg\",\"width\":1197,\"height\":797},{\"@type\":\"BreadcrumbList\",\"@id\":\"https:\\\/\\\/www.amanien.info\\\/news\\\/la-4eme-edition-du-salon-africain-des-assurances-se-tiendra-les-16-et-17-septembre-prochain-a-abidjan\\\/#breadcrumb\",\"itemListElement\":[{\"@type\":\"ListItem\",\"position\":1,\"name\":\"Accueil\",\"item\":\"https:\\\/\\\/www.amanien.info\\\/news\\\/\"},{\"@type\":\"ListItem\",\"position\":2,\"name\":\"La 4\u00e8me \u00c9dition du Salon Africain des Assurances se tiendra les 16 et 17 septembre prochain \u00e0 Abidjan\"}]},{\"@type\":\"WebSite\",\"@id\":\"https:\\\/\\\/www.amanien.info\\\/news\\\/#website\",\"url\":\"https:\\\/\\\/www.amanien.info\\\/news\\\/\",\"name\":\"Amanien| L&#039;actualit\u00e9 Ivoirienne et Internationale\",\"description\":\"L&#039;actualit\u00e9 Ivoirienne et Internationale\",\"potentialAction\":[{\"@type\":\"SearchAction\",\"target\":{\"@type\":\"EntryPoint\",\"urlTemplate\":\"https:\\\/\\\/www.amanien.info\\\/news\\\/?s={search_term_string}\"},\"query-input\":{\"@type\":\"PropertyValueSpecification\",\"valueRequired\":true,\"valueName\":\"search_term_string\"}}],\"inLanguage\":\"fr-FR\"},{\"@type\":\"Person\",\"@id\":\"https:\\\/\\\/www.amanien.info\\\/news\\\/#\\\/schema\\\/person\\\/b21093345753a1a98242d505bd894f42\",\"name\":\"Germain Ndri\",\"url\":\"https:\\\/\\\/www.amanien.info\\\/news\\\/author\\\/amanien-infos\\\/\"}]}<\/script>\n<!-- \/ Yoast SEO plugin. -->","yoast_head_json":{"title":"La 4\u00e8me \u00c9dition du Salon Africain des Assurances se tiendra les 16 et 17 septembre prochain \u00e0 Abidjan - Amanien| L&#039;actualit\u00e9 Ivoirienne et Internationale","robots":{"index":"index","follow":"follow","max-snippet":"max-snippet:-1","max-image-preview":"max-image-preview:large","max-video-preview":"max-video-preview:-1"},"canonical":"https:\/\/www.amanien.info\/news\/la-4eme-edition-du-salon-africain-des-assurances-se-tiendra-les-16-et-17-septembre-prochain-a-abidjan\/","og_locale":"fr_FR","og_type":"article","og_title":"La 4\u00e8me \u00c9dition du Salon Africain des Assurances se tiendra les 16 et 17 septembre prochain \u00e0 Abidjan - Amanien| L&#039;actualit\u00e9 Ivoirienne et Internationale","og_description":"\u00ab\u00a0La digitalisation de l&rsquo;assurance au profit de la population\u00a0\u00bb. Tel est le th\u00e8me de la 4\u00e8 Edition du Salon Africain des Assurances (SADA) qui se tiendra les 16 et 17 septembre prochain \u00e0 la Caistab, \u00e0 Abidjan-Plateau. L&rsquo;information a \u00e9t\u00e9 donn\u00e9e par la Commissaire G\u00e9n\u00e9rale, Mme Val\u00e9rie Kouam\u00e9 ce jeudi 08 juillet 2021 au si\u00e8ge [&hellip;]","og_url":"https:\/\/www.amanien.info\/news\/la-4eme-edition-du-salon-africain-des-assurances-se-tiendra-les-16-et-17-septembre-prochain-a-abidjan\/","og_site_name":"Amanien| L&#039;actualit\u00e9 Ivoirienne et Internationale","article_published_time":"2021-07-10T13:37:12+00:00","article_modified_time":"2021-07-10T13:37:36+00:00","og_image":[{"width":1197,"height":797,"url":"https:\/\/www.amanien.info\/news\/wp-content\/uploads\/2021\/07\/thumbnail-3.jpg","type":"image\/jpeg"}],"author":"Germain Ndri","twitter_card":"summary_large_image","twitter_misc":{"\u00c9crit par":"Germain Ndri","Dur\u00e9e de lecture estim\u00e9e":"2 minutes"},"schema":{"@context":"https:\/\/schema.org","@graph":[{"@type":"Article","@id":"https:\/\/www.amanien.info\/news\/la-4eme-edition-du-salon-africain-des-assurances-se-tiendra-les-16-et-17-septembre-prochain-a-abidjan\/#article","isPartOf":{"@id":"https:\/\/www.amanien.info\/news\/la-4eme-edition-du-salon-africain-des-assurances-se-tiendra-les-16-et-17-septembre-prochain-a-abidjan\/"},"author":{"name":"Germain Ndri","@id":"https:\/\/www.amanien.info\/news\/#\/schema\/person\/b21093345753a1a98242d505bd894f42"},"headline":"La 4\u00e8me \u00c9dition du Salon Africain des Assurances se tiendra les 16 et 17 septembre prochain \u00e0 Abidjan","datePublished":"2021-07-10T13:37:12+00:00","dateModified":"2021-07-10T13:37:36+00:00","mainEntityOfPage":{"@id":"https:\/\/www.amanien.info\/news\/la-4eme-edition-du-salon-africain-des-assurances-se-tiendra-les-16-et-17-septembre-prochain-a-abidjan\/"},"wordCount":527,"image":{"@id":"https:\/\/www.amanien.info\/news\/la-4eme-edition-du-salon-africain-des-assurances-se-tiendra-les-16-et-17-septembre-prochain-a-abidjan\/#primaryimage"},"thumbnailUrl":"https:\/\/www.amanien.info\/news\/wp-content\/uploads\/2021\/07\/thumbnail-3.jpg","inLanguage":"fr-FR"},{"@type":"WebPage","@id":"https:\/\/www.amanien.info\/news\/la-4eme-edition-du-salon-africain-des-assurances-se-tiendra-les-16-et-17-septembre-prochain-a-abidjan\/","url":"https:\/\/www.amanien.info\/news\/la-4eme-edition-du-salon-africain-des-assurances-se-tiendra-les-16-et-17-septembre-prochain-a-abidjan\/","name":"La 4\u00e8me \u00c9dition du Salon Africain des Assurances se tiendra les 16 et 17 septembre prochain \u00e0 Abidjan - Amanien| L&#039;actualit\u00e9 Ivoirienne et Internationale","isPartOf":{"@id":"https:\/\/www.amanien.info\/news\/#website"},"primaryImageOfPage":{"@id":"https:\/\/www.amanien.info\/news\/la-4eme-edition-du-salon-africain-des-assurances-se-tiendra-les-16-et-17-septembre-prochain-a-abidjan\/#primaryimage"},"image":{"@id":"https:\/\/www.amanien.info\/news\/la-4eme-edition-du-salon-africain-des-assurances-se-tiendra-les-16-et-17-septembre-prochain-a-abidjan\/#primaryimage"},"thumbnailUrl":"https:\/\/www.amanien.info\/news\/wp-content\/uploads\/2021\/07\/thumbnail-3.jpg","datePublished":"2021-07-10T13:37:12+00:00","dateModified":"2021-07-10T13:37:36+00:00","author":{"@id":"https:\/\/www.amanien.info\/news\/#\/schema\/person\/b21093345753a1a98242d505bd894f42"},"breadcrumb":{"@id":"https:\/\/www.amanien.info\/news\/la-4eme-edition-du-salon-africain-des-assurances-se-tiendra-les-16-et-17-septembre-prochain-a-abidjan\/#breadcrumb"},"inLanguage":"fr-FR","potentialAction":[{"@type":"ReadAction","target":["https:\/\/www.amanien.info\/news\/la-4eme-edition-du-salon-africain-des-assurances-se-tiendra-les-16-et-17-septembre-prochain-a-abidjan\/"]}]},{"@type":"ImageObject","inLanguage":"fr-FR","@id":"https:\/\/www.amanien.info\/news\/la-4eme-edition-du-salon-africain-des-assurances-se-tiendra-les-16-et-17-septembre-prochain-a-abidjan\/#primaryimage","url":"https:\/\/www.amanien.info\/news\/wp-content\/uploads\/2021\/07\/thumbnail-3.jpg","contentUrl":"https:\/\/www.amanien.info\/news\/wp-content\/uploads\/2021\/07\/thumbnail-3.jpg","width":1197,"height":797},{"@type":"BreadcrumbList","@id":"https:\/\/www.amanien.info\/news\/la-4eme-edition-du-salon-africain-des-assurances-se-tiendra-les-16-et-17-septembre-prochain-a-abidjan\/#breadcrumb","itemListElement":[{"@type":"ListItem","position":1,"name":"Accueil","item":"https:\/\/www.amanien.info\/news\/"},{"@type":"ListItem","position":2,"name":"La 4\u00e8me \u00c9dition du Salon Africain des Assurances se tiendra les 16 et 17 septembre prochain \u00e0 Abidjan"}]},{"@type":"WebSite","@id":"https:\/\/www.amanien.info\/news\/#website","url":"https:\/\/www.amanien.info\/news\/","name":"Amanien| L&#039;actualit\u00e9 Ivoirienne et Internationale","description":"L&#039;actualit\u00e9 Ivoirienne et Internationale","potentialAction":[{"@type":"SearchAction","target":{"@type":"EntryPoint","urlTemplate":"https:\/\/www.amanien.info\/news\/?s={search_term_string}"},"query-input":{"@type":"PropertyValueSpecification","valueRequired":true,"valueName":"search_term_string"}}],"inLanguage":"fr-FR"},{"@type":"Person","@id":"https:\/\/www.amanien.info\/news\/#\/schema\/person\/b21093345753a1a98242d505bd894f42","name":"Germain Ndri","url":"https:\/\/www.amanien.info\/news\/author\/amanien-infos\/"}]}},"_links":{"self":[{"href":"https:\/\/www.amanien.info\/news\/wp-json\/wp\/v2\/posts\/2820","targetHints":{"allow":["GET"]}}],"collection":[{"href":"https:\/\/www.amanien.info\/news\/wp-json\/wp\/v2\/posts"}],"about":[{"href":"https:\/\/www.amanien.info\/news\/wp-json\/wp\/v2\/types\/post"}],"author":[{"embeddable":true,"href":"https:\/\/www.amanien.info\/news\/wp-json\/wp\/v2\/users\/2"}],"replies":[{"embeddable":true,"href":"https:\/\/www.amanien.info\/news\/wp-json\/wp\/v2\/comments?post=2820"}],"version-history":[{"count":1,"href":"https:\/\/www.amanien.info\/news\/wp-json\/wp\/v2\/posts\/2820\/revisions"}],"predecessor-version":[{"id":2822,"href":"https:\/\/www.amanien.info\/news\/wp-json\/wp\/v2\/posts\/2820\/revisions\/2822"}],"wp:featuredmedia":[{"embeddable":true,"href":"https:\/\/www.amanien.info\/news\/wp-json\/wp\/v2\/media\/2821"}],"wp:attachment":[{"href":"https:\/\/www.amanien.info\/news\/wp-json\/wp\/v2\/media?parent=2820"}],"wp:term":[{"taxonomy":"category","embeddable":true,"href":"https:\/\/www.amanien.info\/news\/wp-json\/wp\/v2\/categories?post=2820"},{"taxonomy":"post_tag","embeddable":true,"href":"https:\/\/www.amanien.info\/news\/wp-json\/wp\/v2\/tags?post=2820"}],"curies":[{"name":"wp","href":"https:\/\/api.w.org\/{rel}","templated":true}]}}