{"id":2816,"date":"2021-07-10T12:39:39","date_gmt":"2021-07-10T12:39:39","guid":{"rendered":"https:\/\/www.https:\/\/zozo.buyee.jp\/\/news\/?p=2816"},"modified":"2021-07-10T13:27:32","modified_gmt":"2021-07-10T13:27:32","slug":"inclusion-sociale-et-economique-des-menages-beneficiaires-du-projet-filets-sociaux-productifs-une-ceremonie-de-remise-dequipements-aux-structures-dencadrement-organisee-a-yopougon","status":"publish","type":"post","link":"https:\/\/www.amanien.info\/news\/inclusion-sociale-et-economique-des-menages-beneficiaires-du-projet-filets-sociaux-productifs-une-ceremonie-de-remise-dequipements-aux-structures-dencadrement-organisee-a-yopougon\/","title":{"rendered":"Inclusion sociale et \u00e9conomique des m\u00e9nages b\u00e9n\u00e9ficiaires du Projet Filets Sociaux Productifs : Une c\u00e9r\u00e9monie de remise d&rsquo;\u00e9quipements aux structures d&rsquo;encadrement organis\u00e9e \u00e0 Yopougon"},"content":{"rendered":"<p>La Ministre en charge de la solidarit\u00e9 et de la lutte contre la pauvret\u00e9, Belmonde DOGO a proc\u00e9d\u00e9, ce mercredi 07 juillet 2021 \u00e0 la mairie de Yopougon, \u00e0 la remise symbolique de mat\u00e9riels roulants aux structures d&rsquo;encadrement de proximit\u00e9 des b\u00e9n\u00e9ficiaires des transferts mon\u00e9taires.<br \/>\nC&rsquo;\u00e9tait en pr\u00e9sence du Maire de la commune de Yopougon, Gilbert Kafana Kon\u00e9.<\/p>\n<p>Aux dires de la Ministre de la solidarit\u00e9 et de la lutte contre la pauvret\u00e9, Myss Belmonde DOGO, le Projet Filets sociaux Productifs a b\u00e9n\u00e9fici\u00e9, pour la p\u00e9riode 2015-2020, d&rsquo;un financement initial de la Banque Mondiale d&rsquo;un montant de 22,5 milliards de FCFA et, en 2019, d&rsquo;un financement additionnel de 58,4 milliards pour la p\u00e9riode 2020-2024.<br \/>\nPour sa part, ajoute-t-elle, l&rsquo;Etat, avec un appui budg\u00e9taire de 14,4 milliards de FCFA de la BAD pour le cas du Programme Social du Gouvernement ( PS-Gouv), a mobilis\u00e9 environ 20 milliards de FCFA.<br \/>\nCe qui a permis, dit-elle, d&rsquo;\u00e9largir la couverture du projet sur l&rsquo;ensemble du territoire national et d&rsquo;augmenter le nombre de m\u00e9nages b\u00e9n\u00e9ficiaires de 35 000 f \u00e0 227 000 f en moins de 3 ans.<\/p>\n<p>Ainsi, les paiements cumul\u00e9s d\u00e9caiss\u00e9s de mars 2017 \u00e0 la fin du mois de juin 2021 sont d&rsquo;un volume de 47 531 970 400 f .<\/p>\n<p>En outre, au mois de mars 2021, l&rsquo;ensemble des Associations Villageoises d&rsquo;Epargne et de Cr\u00e9dits (AVEC (311 au total) ) avaient permis de mobiliser comme \u00e9pargne 141 623 447 F.<\/p>\n<p>Ce, gr\u00e2ce \u00e0 \u00ab\u00a0la confiance des populations, \u00e0 l&rsquo;\u00e9ducation des chefs de communaut\u00e9 et celle tr\u00e8s importante du corps pr\u00e9fectoral pour le travail de sensibilisation et de ciblage conjoint qui est r\u00e9alis\u00e9 avec les services d&rsquo;action sociale, le Minist\u00e8re de l&#8217;emploi et de la protection sociale ainsi que le Secr\u00e9tariat d&rsquo;Etat en charge de la protection sociale\u00a0\u00bb a soutenu la Ministre Belmonde DOGO.<\/p>\n<p>Avant de saisir cette occasion pour exhorter tous les acteurs locaux \u00e0 travailler dans une synergie d&rsquo;action avec tous les services du domaine social dans les r\u00e9gions.<\/p>\n<p>Elle a, par ailleurs, pr\u00e9cis\u00e9 que les dotations en motos et en v\u00e9hicules \u00e0 l&rsquo;endroit des diff\u00e9rentes structures de base, s&rsquo;inscrivent dans le cadre de la mise en \u0153uvre efficace et efficiente des activit\u00e9s du projet.<br \/>\nIl s&rsquo;agit notamment de la supervision sur le terrain et de l&rsquo;accompagnement de proximit\u00e9 des m\u00e9nages b\u00e9n\u00e9ficiaires.<\/p>\n<p>&lt;&lt;Il est donc important d&rsquo;en prendre soin afin qu&rsquo;ils contribuent efficacement \u00e0 l&rsquo;atteinte des objectifs du projet&gt;&gt; a-t-elle recommand\u00e9.<\/p>\n<p>Le Repr\u00e9sentant des travailleurs sociaux et des b\u00e9n\u00e9ficiaires, Akafou \u00c9douard a, quant \u00e0 lui, traduit sa reconnaissance \u00e0 la Ministre de la solidarit\u00e9 et de la lutte contre la pauvret\u00e9.<br \/>\nIl l&rsquo;a \u00e9galement rassur\u00e9e qu&rsquo;ils en feront un tr\u00e8s bon usage.<\/p>\n<p>A en croire le Repr\u00e9sentant des travailleurs sociaux, le Projet Filets sociaux Productifs a permis de rendre tangibles leurs actions dans les communaut\u00e9s, de renforcer l&rsquo;ancrage des centres sociaux et la fr\u00e9quentation des structures.<br \/>\n&lt;&lt; Le projet Filets sociaux Productifs permet aujourd&rsquo;hui \u00e0 nos structures de disposer de donn\u00e9es factuelles pour orienter toutes nos actions sociales non pas sur l&rsquo;\u00e9motion mais sur la base de l&rsquo;\u00e9vidence. C&rsquo;est pourquoi, je voudrais saluer le gouvernement pour cette initiative et l&rsquo;UGP pour avoir donn\u00e9 une vision et une orientation qualitative au projet&gt;&gt; a-t-il affirm\u00e9.<\/p>\n<p>Cependant, il n&rsquo;a pas manqu\u00e9 d&rsquo;\u00e9voquer quelques difficult\u00e9s qui entravent leurs actions.<br \/>\nIl s&rsquo;agit, entre autres, de l&rsquo;insuffisance du personnel social, l&rsquo;insuffisance de mat\u00e9riel, du probl\u00e8me de mobilit\u00e9 et de communication.<\/p>\n<p>Notons que, depuis mars 2017, le Projet Filets sociaux productifs a permis d&rsquo;octroyer r\u00e9guli\u00e8rement \u00e0 des m\u00e9nages choisis parmi les plus pauvres, un soutien en esp\u00e8ces, non remboursable, d&rsquo;un montant de 36 000 de nos Francs tous les trois mois, soit 144 000 FCFA par an sur une p\u00e9riode de trois ans, assortis d&rsquo;un ensemble de mesures d&rsquo;accompagnement.<\/p>\n<p>&nbsp;<\/p>\n<p>&nbsp;<\/p>\n<p>S.A.<\/p>\n","protected":false},"excerpt":{"rendered":"<p>La Ministre en charge de la solidarit\u00e9 et de la lutte contre la pauvret\u00e9, Belmonde DOGO a proc\u00e9d\u00e9, ce mercredi 07 juillet 2021 \u00e0 la mairie de Yopougon, \u00e0 la remise symbolique de mat\u00e9riels roulants aux structures d&rsquo;encadrement de proximit\u00e9 des b\u00e9n\u00e9ficiaires des transferts mon\u00e9taires. C&rsquo;\u00e9tait en pr\u00e9sence du Maire de la commune de Yopougon, [&hellip;]<\/p>\n","protected":false},"author":2,"featured_media":2817,"comment_status":"closed","ping_status":"closed","sticky":true,"template":"","format":"standard","meta":{"_acf_changed":false,"footnotes":""},"categories":[],"tags":[],"class_list":["post-2816","post","type-post","status-publish","format-standard","has-post-thumbnail","hentry"],"acf":[],"yoast_head":"<!-- This site is optimized with the Yoast SEO plugin v27.5 - https:\/\/yoast.com\/product\/yoast-seo-wordpress\/ -->\n<title>Inclusion sociale et \u00e9conomique des m\u00e9nages b\u00e9n\u00e9ficiaires du Projet Filets Sociaux Productifs : Une c\u00e9r\u00e9monie de remise d&#039;\u00e9quipements aux structures d&#039;encadrement organis\u00e9e \u00e0 Yopougon - Amanien| L&#039;actualit\u00e9 Ivoirienne et Internationale<\/title>\n<meta name=\"robots\" content=\"index, follow, max-snippet:-1, max-image-preview:large, max-video-preview:-1\" \/>\n<link rel=\"canonical\" href=\"https:\/\/www.amanien.info\/news\/inclusion-sociale-et-economique-des-menages-beneficiaires-du-projet-filets-sociaux-productifs-une-ceremonie-de-remise-dequipements-aux-structures-dencadrement-organisee-a-yopougon\/\" \/>\n<meta property=\"og:locale\" content=\"fr_FR\" \/>\n<meta property=\"og:type\" content=\"article\" \/>\n<meta property=\"og:title\" content=\"Inclusion sociale et \u00e9conomique des m\u00e9nages b\u00e9n\u00e9ficiaires du Projet Filets Sociaux Productifs : Une c\u00e9r\u00e9monie de remise d&#039;\u00e9quipements aux structures d&#039;encadrement organis\u00e9e \u00e0 Yopougon - Amanien| L&#039;actualit\u00e9 Ivoirienne et Internationale\" \/>\n<meta property=\"og:description\" content=\"La Ministre en charge de la solidarit\u00e9 et de la lutte contre la pauvret\u00e9, Belmonde DOGO a proc\u00e9d\u00e9, ce mercredi 07 juillet 2021 \u00e0 la mairie de Yopougon, \u00e0 la remise symbolique de mat\u00e9riels roulants aux structures d&rsquo;encadrement de proximit\u00e9 des b\u00e9n\u00e9ficiaires des transferts mon\u00e9taires. C&rsquo;\u00e9tait en pr\u00e9sence du Maire de la commune de Yopougon, [&hellip;]\" \/>\n<meta property=\"og:url\" content=\"https:\/\/www.amanien.info\/news\/inclusion-sociale-et-economique-des-menages-beneficiaires-du-projet-filets-sociaux-productifs-une-ceremonie-de-remise-dequipements-aux-structures-dencadrement-organisee-a-yopougon\/\" \/>\n<meta property=\"og:site_name\" content=\"Amanien| L&#039;actualit\u00e9 Ivoirienne et Internationale\" \/>\n<meta property=\"article:published_time\" content=\"2021-07-10T12:39:39+00:00\" \/>\n<meta property=\"article:modified_time\" content=\"2021-07-10T13:27:32+00:00\" \/>\n<meta property=\"og:image\" content=\"https:\/\/www.amanien.info\/news\/wp-content\/uploads\/2021\/07\/thumbnail-2.jpg\" \/>\n\t<meta property=\"og:image:width\" content=\"1080\" \/>\n\t<meta property=\"og:image:height\" content=\"720\" \/>\n\t<meta property=\"og:image:type\" content=\"image\/jpeg\" \/>\n<meta name=\"author\" content=\"Germain Ndri\" \/>\n<meta name=\"twitter:card\" content=\"summary_large_image\" \/>\n<meta name=\"twitter:label1\" content=\"\u00c9crit par\" \/>\n\t<meta name=\"twitter:data1\" content=\"Germain Ndri\" \/>\n\t<meta name=\"twitter:label2\" content=\"Dur\u00e9e de lecture estim\u00e9e\" \/>\n\t<meta name=\"twitter:data2\" content=\"3 minutes\" \/>\n<script type=\"application\/ld+json\" class=\"yoast-schema-graph\">{\"@context\":\"https:\\\/\\\/schema.org\",\"@graph\":[{\"@type\":\"Article\",\"@id\":\"https:\\\/\\\/www.amanien.info\\\/news\\\/inclusion-sociale-et-economique-des-menages-beneficiaires-du-projet-filets-sociaux-productifs-une-ceremonie-de-remise-dequipements-aux-structures-dencadrement-organisee-a-yopougon\\\/#article\",\"isPartOf\":{\"@id\":\"https:\\\/\\\/www.amanien.info\\\/news\\\/inclusion-sociale-et-economique-des-menages-beneficiaires-du-projet-filets-sociaux-productifs-une-ceremonie-de-remise-dequipements-aux-structures-dencadrement-organisee-a-yopougon\\\/\"},\"author\":{\"name\":\"Germain Ndri\",\"@id\":\"https:\\\/\\\/www.amanien.info\\\/news\\\/#\\\/schema\\\/person\\\/b21093345753a1a98242d505bd894f42\"},\"headline\":\"Inclusion sociale et \u00e9conomique des m\u00e9nages b\u00e9n\u00e9ficiaires du Projet Filets Sociaux Productifs : Une c\u00e9r\u00e9monie de remise d&rsquo;\u00e9quipements aux structures d&rsquo;encadrement organis\u00e9e \u00e0 Yopougon\",\"datePublished\":\"2021-07-10T12:39:39+00:00\",\"dateModified\":\"2021-07-10T13:27:32+00:00\",\"mainEntityOfPage\":{\"@id\":\"https:\\\/\\\/www.amanien.info\\\/news\\\/inclusion-sociale-et-economique-des-menages-beneficiaires-du-projet-filets-sociaux-productifs-une-ceremonie-de-remise-dequipements-aux-structures-dencadrement-organisee-a-yopougon\\\/\"},\"wordCount\":709,\"image\":{\"@id\":\"https:\\\/\\\/www.amanien.info\\\/news\\\/inclusion-sociale-et-economique-des-menages-beneficiaires-du-projet-filets-sociaux-productifs-une-ceremonie-de-remise-dequipements-aux-structures-dencadrement-organisee-a-yopougon\\\/#primaryimage\"},\"thumbnailUrl\":\"https:\\\/\\\/www.amanien.info\\\/news\\\/wp-content\\\/uploads\\\/2021\\\/07\\\/thumbnail-2.jpg\",\"inLanguage\":\"fr-FR\"},{\"@type\":\"WebPage\",\"@id\":\"https:\\\/\\\/www.amanien.info\\\/news\\\/inclusion-sociale-et-economique-des-menages-beneficiaires-du-projet-filets-sociaux-productifs-une-ceremonie-de-remise-dequipements-aux-structures-dencadrement-organisee-a-yopougon\\\/\",\"url\":\"https:\\\/\\\/www.amanien.info\\\/news\\\/inclusion-sociale-et-economique-des-menages-beneficiaires-du-projet-filets-sociaux-productifs-une-ceremonie-de-remise-dequipements-aux-structures-dencadrement-organisee-a-yopougon\\\/\",\"name\":\"Inclusion sociale et \u00e9conomique des m\u00e9nages b\u00e9n\u00e9ficiaires du Projet Filets Sociaux Productifs : Une c\u00e9r\u00e9monie de remise d'\u00e9quipements aux structures d'encadrement organis\u00e9e \u00e0 Yopougon - Amanien| L&#039;actualit\u00e9 Ivoirienne et Internationale\",\"isPartOf\":{\"@id\":\"https:\\\/\\\/www.amanien.info\\\/news\\\/#website\"},\"primaryImageOfPage\":{\"@id\":\"https:\\\/\\\/www.amanien.info\\\/news\\\/inclusion-sociale-et-economique-des-menages-beneficiaires-du-projet-filets-sociaux-productifs-une-ceremonie-de-remise-dequipements-aux-structures-dencadrement-organisee-a-yopougon\\\/#primaryimage\"},\"image\":{\"@id\":\"https:\\\/\\\/www.amanien.info\\\/news\\\/inclusion-sociale-et-economique-des-menages-beneficiaires-du-projet-filets-sociaux-productifs-une-ceremonie-de-remise-dequipements-aux-structures-dencadrement-organisee-a-yopougon\\\/#primaryimage\"},\"thumbnailUrl\":\"https:\\\/\\\/www.amanien.info\\\/news\\\/wp-content\\\/uploads\\\/2021\\\/07\\\/thumbnail-2.jpg\",\"datePublished\":\"2021-07-10T12:39:39+00:00\",\"dateModified\":\"2021-07-10T13:27:32+00:00\",\"author\":{\"@id\":\"https:\\\/\\\/www.amanien.info\\\/news\\\/#\\\/schema\\\/person\\\/b21093345753a1a98242d505bd894f42\"},\"breadcrumb\":{\"@id\":\"https:\\\/\\\/www.amanien.info\\\/news\\\/inclusion-sociale-et-economique-des-menages-beneficiaires-du-projet-filets-sociaux-productifs-une-ceremonie-de-remise-dequipements-aux-structures-dencadrement-organisee-a-yopougon\\\/#breadcrumb\"},\"inLanguage\":\"fr-FR\",\"potentialAction\":[{\"@type\":\"ReadAction\",\"target\":[\"https:\\\/\\\/www.amanien.info\\\/news\\\/inclusion-sociale-et-economique-des-menages-beneficiaires-du-projet-filets-sociaux-productifs-une-ceremonie-de-remise-dequipements-aux-structures-dencadrement-organisee-a-yopougon\\\/\"]}]},{\"@type\":\"ImageObject\",\"inLanguage\":\"fr-FR\",\"@id\":\"https:\\\/\\\/www.amanien.info\\\/news\\\/inclusion-sociale-et-economique-des-menages-beneficiaires-du-projet-filets-sociaux-productifs-une-ceremonie-de-remise-dequipements-aux-structures-dencadrement-organisee-a-yopougon\\\/#primaryimage\",\"url\":\"https:\\\/\\\/www.amanien.info\\\/news\\\/wp-content\\\/uploads\\\/2021\\\/07\\\/thumbnail-2.jpg\",\"contentUrl\":\"https:\\\/\\\/www.amanien.info\\\/news\\\/wp-content\\\/uploads\\\/2021\\\/07\\\/thumbnail-2.jpg\",\"width\":1080,\"height\":720},{\"@type\":\"BreadcrumbList\",\"@id\":\"https:\\\/\\\/www.amanien.info\\\/news\\\/inclusion-sociale-et-economique-des-menages-beneficiaires-du-projet-filets-sociaux-productifs-une-ceremonie-de-remise-dequipements-aux-structures-dencadrement-organisee-a-yopougon\\\/#breadcrumb\",\"itemListElement\":[{\"@type\":\"ListItem\",\"position\":1,\"name\":\"Accueil\",\"item\":\"https:\\\/\\\/www.amanien.info\\\/news\\\/\"},{\"@type\":\"ListItem\",\"position\":2,\"name\":\"Inclusion sociale et \u00e9conomique des m\u00e9nages b\u00e9n\u00e9ficiaires du Projet Filets Sociaux Productifs : Une c\u00e9r\u00e9monie de remise d&rsquo;\u00e9quipements aux structures d&rsquo;encadrement organis\u00e9e \u00e0 Yopougon\"}]},{\"@type\":\"WebSite\",\"@id\":\"https:\\\/\\\/www.amanien.info\\\/news\\\/#website\",\"url\":\"https:\\\/\\\/www.amanien.info\\\/news\\\/\",\"name\":\"Amanien| L&#039;actualit\u00e9 Ivoirienne et Internationale\",\"description\":\"L&#039;actualit\u00e9 Ivoirienne et Internationale\",\"potentialAction\":[{\"@type\":\"SearchAction\",\"target\":{\"@type\":\"EntryPoint\",\"urlTemplate\":\"https:\\\/\\\/www.amanien.info\\\/news\\\/?s={search_term_string}\"},\"query-input\":{\"@type\":\"PropertyValueSpecification\",\"valueRequired\":true,\"valueName\":\"search_term_string\"}}],\"inLanguage\":\"fr-FR\"},{\"@type\":\"Person\",\"@id\":\"https:\\\/\\\/www.amanien.info\\\/news\\\/#\\\/schema\\\/person\\\/b21093345753a1a98242d505bd894f42\",\"name\":\"Germain Ndri\",\"url\":\"https:\\\/\\\/www.amanien.info\\\/news\\\/author\\\/amanien-infos\\\/\"}]}<\/script>\n<!-- \/ Yoast SEO plugin. -->","yoast_head_json":{"title":"Inclusion sociale et \u00e9conomique des m\u00e9nages b\u00e9n\u00e9ficiaires du Projet Filets Sociaux Productifs : Une c\u00e9r\u00e9monie de remise d'\u00e9quipements aux structures d'encadrement organis\u00e9e \u00e0 Yopougon - Amanien| L&#039;actualit\u00e9 Ivoirienne et Internationale","robots":{"index":"index","follow":"follow","max-snippet":"max-snippet:-1","max-image-preview":"max-image-preview:large","max-video-preview":"max-video-preview:-1"},"canonical":"https:\/\/www.amanien.info\/news\/inclusion-sociale-et-economique-des-menages-beneficiaires-du-projet-filets-sociaux-productifs-une-ceremonie-de-remise-dequipements-aux-structures-dencadrement-organisee-a-yopougon\/","og_locale":"fr_FR","og_type":"article","og_title":"Inclusion sociale et \u00e9conomique des m\u00e9nages b\u00e9n\u00e9ficiaires du Projet Filets Sociaux Productifs : Une c\u00e9r\u00e9monie de remise d'\u00e9quipements aux structures d'encadrement organis\u00e9e \u00e0 Yopougon - Amanien| L&#039;actualit\u00e9 Ivoirienne et Internationale","og_description":"La Ministre en charge de la solidarit\u00e9 et de la lutte contre la pauvret\u00e9, Belmonde DOGO a proc\u00e9d\u00e9, ce mercredi 07 juillet 2021 \u00e0 la mairie de Yopougon, \u00e0 la remise symbolique de mat\u00e9riels roulants aux structures d&rsquo;encadrement de proximit\u00e9 des b\u00e9n\u00e9ficiaires des transferts mon\u00e9taires. C&rsquo;\u00e9tait en pr\u00e9sence du Maire de la commune de Yopougon, [&hellip;]","og_url":"https:\/\/www.amanien.info\/news\/inclusion-sociale-et-economique-des-menages-beneficiaires-du-projet-filets-sociaux-productifs-une-ceremonie-de-remise-dequipements-aux-structures-dencadrement-organisee-a-yopougon\/","og_site_name":"Amanien| L&#039;actualit\u00e9 Ivoirienne et Internationale","article_published_time":"2021-07-10T12:39:39+00:00","article_modified_time":"2021-07-10T13:27:32+00:00","og_image":[{"width":1080,"height":720,"url":"https:\/\/www.amanien.info\/news\/wp-content\/uploads\/2021\/07\/thumbnail-2.jpg","type":"image\/jpeg"}],"author":"Germain Ndri","twitter_card":"summary_large_image","twitter_misc":{"\u00c9crit par":"Germain Ndri","Dur\u00e9e de lecture estim\u00e9e":"3 minutes"},"schema":{"@context":"https:\/\/schema.org","@graph":[{"@type":"Article","@id":"https:\/\/www.amanien.info\/news\/inclusion-sociale-et-economique-des-menages-beneficiaires-du-projet-filets-sociaux-productifs-une-ceremonie-de-remise-dequipements-aux-structures-dencadrement-organisee-a-yopougon\/#article","isPartOf":{"@id":"https:\/\/www.amanien.info\/news\/inclusion-sociale-et-economique-des-menages-beneficiaires-du-projet-filets-sociaux-productifs-une-ceremonie-de-remise-dequipements-aux-structures-dencadrement-organisee-a-yopougon\/"},"author":{"name":"Germain Ndri","@id":"https:\/\/www.amanien.info\/news\/#\/schema\/person\/b21093345753a1a98242d505bd894f42"},"headline":"Inclusion sociale et \u00e9conomique des m\u00e9nages b\u00e9n\u00e9ficiaires du Projet Filets Sociaux Productifs : Une c\u00e9r\u00e9monie de remise d&rsquo;\u00e9quipements aux structures d&rsquo;encadrement organis\u00e9e \u00e0 Yopougon","datePublished":"2021-07-10T12:39:39+00:00","dateModified":"2021-07-10T13:27:32+00:00","mainEntityOfPage":{"@id":"https:\/\/www.amanien.info\/news\/inclusion-sociale-et-economique-des-menages-beneficiaires-du-projet-filets-sociaux-productifs-une-ceremonie-de-remise-dequipements-aux-structures-dencadrement-organisee-a-yopougon\/"},"wordCount":709,"image":{"@id":"https:\/\/www.amanien.info\/news\/inclusion-sociale-et-economique-des-menages-beneficiaires-du-projet-filets-sociaux-productifs-une-ceremonie-de-remise-dequipements-aux-structures-dencadrement-organisee-a-yopougon\/#primaryimage"},"thumbnailUrl":"https:\/\/www.amanien.info\/news\/wp-content\/uploads\/2021\/07\/thumbnail-2.jpg","inLanguage":"fr-FR"},{"@type":"WebPage","@id":"https:\/\/www.amanien.info\/news\/inclusion-sociale-et-economique-des-menages-beneficiaires-du-projet-filets-sociaux-productifs-une-ceremonie-de-remise-dequipements-aux-structures-dencadrement-organisee-a-yopougon\/","url":"https:\/\/www.amanien.info\/news\/inclusion-sociale-et-economique-des-menages-beneficiaires-du-projet-filets-sociaux-productifs-une-ceremonie-de-remise-dequipements-aux-structures-dencadrement-organisee-a-yopougon\/","name":"Inclusion sociale et \u00e9conomique des m\u00e9nages b\u00e9n\u00e9ficiaires du Projet Filets Sociaux Productifs : Une c\u00e9r\u00e9monie de remise d'\u00e9quipements aux structures d'encadrement organis\u00e9e \u00e0 Yopougon - Amanien| L&#039;actualit\u00e9 Ivoirienne et Internationale","isPartOf":{"@id":"https:\/\/www.amanien.info\/news\/#website"},"primaryImageOfPage":{"@id":"https:\/\/www.amanien.info\/news\/inclusion-sociale-et-economique-des-menages-beneficiaires-du-projet-filets-sociaux-productifs-une-ceremonie-de-remise-dequipements-aux-structures-dencadrement-organisee-a-yopougon\/#primaryimage"},"image":{"@id":"https:\/\/www.amanien.info\/news\/inclusion-sociale-et-economique-des-menages-beneficiaires-du-projet-filets-sociaux-productifs-une-ceremonie-de-remise-dequipements-aux-structures-dencadrement-organisee-a-yopougon\/#primaryimage"},"thumbnailUrl":"https:\/\/www.amanien.info\/news\/wp-content\/uploads\/2021\/07\/thumbnail-2.jpg","datePublished":"2021-07-10T12:39:39+00:00","dateModified":"2021-07-10T13:27:32+00:00","author":{"@id":"https:\/\/www.amanien.info\/news\/#\/schema\/person\/b21093345753a1a98242d505bd894f42"},"breadcrumb":{"@id":"https:\/\/www.amanien.info\/news\/inclusion-sociale-et-economique-des-menages-beneficiaires-du-projet-filets-sociaux-productifs-une-ceremonie-de-remise-dequipements-aux-structures-dencadrement-organisee-a-yopougon\/#breadcrumb"},"inLanguage":"fr-FR","potentialAction":[{"@type":"ReadAction","target":["https:\/\/www.amanien.info\/news\/inclusion-sociale-et-economique-des-menages-beneficiaires-du-projet-filets-sociaux-productifs-une-ceremonie-de-remise-dequipements-aux-structures-dencadrement-organisee-a-yopougon\/"]}]},{"@type":"ImageObject","inLanguage":"fr-FR","@id":"https:\/\/www.amanien.info\/news\/inclusion-sociale-et-economique-des-menages-beneficiaires-du-projet-filets-sociaux-productifs-une-ceremonie-de-remise-dequipements-aux-structures-dencadrement-organisee-a-yopougon\/#primaryimage","url":"https:\/\/www.amanien.info\/news\/wp-content\/uploads\/2021\/07\/thumbnail-2.jpg","contentUrl":"https:\/\/www.amanien.info\/news\/wp-content\/uploads\/2021\/07\/thumbnail-2.jpg","width":1080,"height":720},{"@type":"BreadcrumbList","@id":"https:\/\/www.amanien.info\/news\/inclusion-sociale-et-economique-des-menages-beneficiaires-du-projet-filets-sociaux-productifs-une-ceremonie-de-remise-dequipements-aux-structures-dencadrement-organisee-a-yopougon\/#breadcrumb","itemListElement":[{"@type":"ListItem","position":1,"name":"Accueil","item":"https:\/\/www.amanien.info\/news\/"},{"@type":"ListItem","position":2,"name":"Inclusion sociale et \u00e9conomique des m\u00e9nages b\u00e9n\u00e9ficiaires du Projet Filets Sociaux Productifs : Une c\u00e9r\u00e9monie de remise d&rsquo;\u00e9quipements aux structures d&rsquo;encadrement organis\u00e9e \u00e0 Yopougon"}]},{"@type":"WebSite","@id":"https:\/\/www.amanien.info\/news\/#website","url":"https:\/\/www.amanien.info\/news\/","name":"Amanien| L&#039;actualit\u00e9 Ivoirienne et Internationale","description":"L&#039;actualit\u00e9 Ivoirienne et Internationale","potentialAction":[{"@type":"SearchAction","target":{"@type":"EntryPoint","urlTemplate":"https:\/\/www.amanien.info\/news\/?s={search_term_string}"},"query-input":{"@type":"PropertyValueSpecification","valueRequired":true,"valueName":"search_term_string"}}],"inLanguage":"fr-FR"},{"@type":"Person","@id":"https:\/\/www.amanien.info\/news\/#\/schema\/person\/b21093345753a1a98242d505bd894f42","name":"Germain Ndri","url":"https:\/\/www.amanien.info\/news\/author\/amanien-infos\/"}]}},"_links":{"self":[{"href":"https:\/\/www.amanien.info\/news\/wp-json\/wp\/v2\/posts\/2816","targetHints":{"allow":["GET"]}}],"collection":[{"href":"https:\/\/www.amanien.info\/news\/wp-json\/wp\/v2\/posts"}],"about":[{"href":"https:\/\/www.amanien.info\/news\/wp-json\/wp\/v2\/types\/post"}],"author":[{"embeddable":true,"href":"https:\/\/www.amanien.info\/news\/wp-json\/wp\/v2\/users\/2"}],"replies":[{"embeddable":true,"href":"https:\/\/www.amanien.info\/news\/wp-json\/wp\/v2\/comments?post=2816"}],"version-history":[{"count":1,"href":"https:\/\/www.amanien.info\/news\/wp-json\/wp\/v2\/posts\/2816\/revisions"}],"predecessor-version":[{"id":2818,"href":"https:\/\/www.amanien.info\/news\/wp-json\/wp\/v2\/posts\/2816\/revisions\/2818"}],"wp:featuredmedia":[{"embeddable":true,"href":"https:\/\/www.amanien.info\/news\/wp-json\/wp\/v2\/media\/2817"}],"wp:attachment":[{"href":"https:\/\/www.amanien.info\/news\/wp-json\/wp\/v2\/media?parent=2816"}],"wp:term":[{"taxonomy":"category","embeddable":true,"href":"https:\/\/www.amanien.info\/news\/wp-json\/wp\/v2\/categories?post=2816"},{"taxonomy":"post_tag","embeddable":true,"href":"https:\/\/www.amanien.info\/news\/wp-json\/wp\/v2\/tags?post=2816"}],"curies":[{"name":"wp","href":"https:\/\/api.w.org\/{rel}","templated":true}]}}