{"id":2811,"date":"2021-07-03T17:52:55","date_gmt":"2021-07-03T17:52:55","guid":{"rendered":"https:\/\/www.https:\/\/zozo.buyee.jp\/\/news\/?p=2811"},"modified":"2021-07-03T18:02:08","modified_gmt":"2021-07-03T18:02:08","slug":"negociation-entre-massip-et-de-la-cm-le-sg-national-du-massip-koulai-mangni-valentin-dresse-le-bilan-a-mi-parcours-de-la-satisfaction-des-points-de-revendications","status":"publish","type":"post","link":"https:\/\/www.amanien.info\/news\/negociation-entre-massip-et-de-la-cm-le-sg-national-du-massip-koulai-mangni-valentin-dresse-le-bilan-a-mi-parcours-de-la-satisfaction-des-points-de-revendications\/","title":{"rendered":"N\u00e9gociation entre MASSIP\/CM: Le SG National du MASSIP, KOULAI MANGNI Valentin dresse le bilan \u00e0 mi-parcours de la satisfaction des points de revendications"},"content":{"rendered":"<p>Le Secr\u00e9taire G\u00e9n\u00e9ral du MASSIP (Mouvement des Agents pour un Syst\u00e8me de Sant\u00e9 Ivoirien Performant), KOULAI MANGNI Valentin a anim\u00e9 une conf\u00e9rence de presse, ce samedi 03 juillet 2021 \u00e0 Yopougon, au cours de laquelle, il a dress\u00e9 le bilan \u00e0 mi-parcours de la satisfaction des points de revendications par le Ministre de la sant\u00e9, de l&rsquo;hygi\u00e8ne publique et de la Couverture Maladie Universelle, Pierre Dimba et lanc\u00e9 un appel aux Agents de Sant\u00e9 quant aux perspectives de la prochaine lutte syndicale.<br \/>\nIl a \u00e9galement annonc\u00e9 le d\u00e9but du processus de paiement des primes Covid-19 des Agents de Sant\u00e9 Fonctionnaires et Contractuels omis.<\/p>\n<p>Nous vous proposons l&rsquo;int\u00e9gralit\u00e9 des propos liminaires du SG National du MASSIP, KOULAI MANGNI Valentin :<\/p>\n<p>Contexte et Justification<br \/>\nDepuis Novembre 2018, les Agents de Sant\u00e9 de C\u00f4te d&rsquo;Ivoire, apr\u00e8s une gr\u00e8ve qu&rsquo;on pourrait qualifier de sauvage et qui a \u00e9t\u00e9 sanctionn\u00e9e par la promulgation d&rsquo;une Loi portant r\u00e9forme hospitali\u00e8re attendaient avec impatience la signature des d\u00e9crets d&rsquo;application pour l&rsquo;obtention d&rsquo;une prime trimestrielle et autres avantages financiers et professionnels.<br \/>\nC&rsquo;est dans cette attente, que survient la crise sanitaire \u00e0 Coronavirus en 2020 qui a permis l&rsquo;octroi d&rsquo;une prime Covid-19 \u00e0 tous les Agents de Sant\u00e9 selon les mots du Premier Ministre Feu Amadou Gon Coulibaly.<br \/>\nMalheureusement, plus de 15 000 Agents de Sant\u00e9 Fonctionnaires et Contractuels ont \u00e9t\u00e9 omis. Cette situation inattendue a occasionn\u00e9 plusieurs remous dans le secteur pour exiger leur prise en compte dans le processus de paiement.<br \/>\nAinsi, en f\u00e9vrier 2021, une enveloppe d&rsquo;environ 4 milliards fut d\u00e9gag\u00e9e par le Pr\u00e9sident de la R\u00e9publique pour leur paiement.<br \/>\nA cette situation alarmante est venue s&rsquo;ajouter le probl\u00e8me des Affectations d\u00e9finitives de la Promotion 2016-2019 qui, depuis janvier 2021, ont \u00e9t\u00e9 affect\u00e9s dans les r\u00e9gions sanitaires, mais qui jusqu&rsquo;\u00e0 juin 2021, n&rsquo;avaient pas \u00e9t\u00e9 affect\u00e9s d\u00e9finitivement dans les Districts Sanitaires et autres h\u00f4pitaux.<br \/>\nC&rsquo;est dans cette atmosph\u00e8re tendue que survint la nomination du Ministre Pierre Dimba \u00e0 la t\u00eate du Minist\u00e8re de la Sant\u00e9, de l&rsquo;Hygi\u00e8ne Pour et de la Couverture Maladie Universelle.<br \/>\nConscient de la lourdeur du fardeau \u00e0 lui confier par son pr\u00e9d\u00e9cesseur lors de sa passation de charge, et rythm\u00e9 par les nombreux Sit-in des Agents de Sant\u00e9 et des plaintes des populations, non sans compter les incarc\u00e9rations d&rsquo;agents de sant\u00e9 \u00e0 Adzop\u00e9, la fermeture de certains h\u00f4pitaux tr\u00e8s importants dont le CHU et la PMI de Yopougon, le service de Gyn\u00e9cologie du CHU de Treichville et le constat de l&rsquo;identification de pr\u00e8s de 300 Centres de Sant\u00e9 construits mais pas ouverts du fait de l&rsquo;absence de personnel et d&rsquo;Equipements en mat\u00e9rie, une r\u00e9union de prise de contact d&rsquo;avec l&rsquo;ensemble des fa\u00eeti\u00e8res syndicales a \u00e9t\u00e9 organis\u00e9e le jeudi 17 juin 2021 par le Ministre Pierre Dimba au cours de laquelle, apr\u00e8s expos\u00e9 de chacun des porte-paroles des fa\u00eeti\u00e8res sur les probl\u00e8mes v\u00e9cus par les agents de sant\u00e9, a partag\u00e9 sa vision du syst\u00e8me, en mettant en exergue sa volont\u00e9 de contribuer efficacement \u00e0 la mise en place d&rsquo;un syst\u00e8me de sant\u00e9 performant. Aussi n&rsquo;a-t-il pas manqu\u00e9 de plaider en faveur de l&rsquo;obtention d&rsquo;une tr\u00eave de 6 mois au cours de laquelle un comit\u00e9 multisectoriel de suivi et \u00e9valuation sera mis en place pour faire acc\u00e9l\u00e9rer le processus de signature des d\u00e9crets.<br \/>\nFaisant suite \u00e0 cette rencontre, une autre r\u00e9union fut convoqu\u00e9 le jeudi 24 juin 2021 au Cabinet du Ministre entre les syndicats et le Directeur de cabinet pour la mise en place d&rsquo;un cadre de collaboration entre les deux parties prenantes.<br \/>\nCette pr\u00e9sente Conf\u00e9rence de presse a pour objectif de faire le bilan \u00e0 mi-parcours de la satisfaction des points de revendications par le Ministre Pierre Dimba et de lancer un appel aux Agents de Sant\u00e9 quant aux perspectives de lutte syndicale \u00e0 venir.<\/p>\n<p>I-BILAN A MI-PARCOURS<\/p>\n<p>1-AU TITRE DE LA LUTTE EN FAVEUR DES OMIS DE LA PRIME COVID-19<\/p>\n<p>Promesse a \u00e9t\u00e9 faite pour le paiement des fonctionnaires cette semaine, car \u00e9tat de paiement adress\u00e9 au CCCT par la DAF.<\/p>\n<p>2-AU TITRE DE L &lsquo;AFFECTATION D\u00c9FINITIVE DES AGENTS DE SANT\u00c9 DE LA PROMOTION 2016-2019<\/p>\n<p>Dans cette semaine, les affectations d\u00e9finitives sont disponibles sur le site de la DRH Sant\u00e9, suite \u00e0 la validation et signature de arr\u00eat\u00e9 d&rsquo;affectation d\u00e9finitive par le Ministre.<\/p>\n<p>3-AU TITRE DES D\u00c9CRETS D&rsquo;APPLICATION DE LA LOI PORTANT R\u00c9FORME HOSPITALIERE<\/p>\n<p>Dix (10) avant-projets de d\u00e9crets ont \u00e9t\u00e9 achemin\u00e9s au Secr\u00e9tariat du Gouvernement parmi lesquels 3 portant sur les questions financi\u00e8res doivent faire l&rsquo;objet de relecture par un comit\u00e9 interminist\u00e9riel comprenant le Minist\u00e8re de l&rsquo;Economie et des Finances, le Minist\u00e8re du Budget et le Minist\u00e8re de la Fonction publique avant transmission au Secr\u00e9tariat du Gouvernement.<br \/>\nA cet effet, une correspondance du Ministre mise \u00e0 notre disposition pour v\u00e9rification du contenu a \u00e9t\u00e9 adress\u00e9e \u00e0 ses coll\u00e8gues.<\/p>\n<p>4-AU TITRE DE LA R\u00c9FORME DU STATUT DE L&rsquo; INFAS POUR L &lsquo;APPLICATION EFFECTIVE DU SYST\u00c8ME LMD<\/p>\n<p>Cette importante revendication pendant depuis 5 ans a re\u00e7u une oreille attentive de la part du Ministre Pierre Dimba qui a annonc\u00e9 faire de l&rsquo;INFAS une Ecole Nationale Sup\u00e9rieure de Sant\u00e9 avec la mise en place d&rsquo;un comit\u00e9 multisectoriel de suivi du processus de Signature du D\u00e9cret.<\/p>\n<p>5-AU TITRE DU RENFORCEMENT DES CAPACIT\u00c9S INFRASTRUCTURELLES ET D&rsquo;\u00c9QUIPEMENTS DES STRUCTURES SANITAIRES<\/p>\n<p>*R\u00e9habilitation et \u00e9quipement de l&rsquo;H\u00f4pital G\u00e9n\u00e9ral d&rsquo;Adzop\u00e9<\/p>\n<p>*Inauguration annonc\u00e9e du service de Gyn\u00e9co-Obstetrique du CHU de Treichville<\/p>\n<p>*Ouverture prochaine d&rsquo;environ 300 Centres de Sant\u00e9 construits depuis plusieurs ann\u00e9es mais rest\u00e9s ferm\u00e9s du fait de l&rsquo;absence d&rsquo;\u00e9quipement de personnel de Sant\u00e9<\/p>\n<p>*Relance des activit\u00e9s de la Commission de suivi de la politique de gratuit\u00e9 cibl\u00e9e par l&rsquo;implication des syndicats<\/p>\n<p>*La suspension du Directeur de la NPSP du fait de la d\u00e9couverte de nombreuses malversations.<\/p>\n<p>II-PERSPECTIVES<\/p>\n<p>Au regard de la volont\u00e9 du Ministre de la Sant\u00e9, de l&rsquo;hygi\u00e8ne publique et de la Couverture Maladie Universelle, de r\u00e9pondre effectivement aux pr\u00e9occupations des Agents de Sant\u00e9 et de la population pour un syst\u00e8me de sant\u00e9 ivoirien performant, le MASSIP SYNDICAT SANT\u00c9 voudrait, de prime abord, remercier et f\u00e9liciter le Ministre Pierre Dimba pour son engagement \u00e0 la satisfaction de nos revendications.<br \/>\nAussi, le MASSIP SYNDICAT SANT\u00c9 se r\u00e9serve le droit d&rsquo;inviter l&rsquo;ensemble des Agents de Sant\u00e9 \u00e0 accorder une p\u00e9riode de 6 mois \u00e0 notre Ministre de tutelle afin de lui permettre de faire signer tous nos d\u00e9crets en attente conform\u00e9ment \u00e0 sa dol\u00e9ance faite \u00e0 l&rsquo;ensemble des syndicats de la sant\u00e9.<br \/>\nPar ailleurs, le MASSIP SYNDICAT SANT\u00c9 exhorte les Camarades \u00e0 demeurer vigilants et mobilis\u00e9s tout en observant l&rsquo;\u00e9volution de nos dossiers de revendications.<br \/>\nA ce titre, des tourn\u00e9es de sensibilisation et d&rsquo;informations sont en cours et se poursuivront dans l&rsquo;ensemble des r\u00e9gions sanitaires du pays.<br \/>\nSachant compter sur votre sens \u00e9lev\u00e9 de critique et de jugement de valeur pour une lutte syndicale vraie et r\u00e9aliste.<br \/>\nJe vous remercie pour votre attention.<\/p>\n<p>&nbsp;<\/p>\n<p>Fait \u00e0 Abidjan, le 03 juillet 2021<br \/>\nLe Secr\u00e9taire G\u00e9n\u00e9ral National<br \/>\nKOULAI MANGNI Valentin<\/p>\n","protected":false},"excerpt":{"rendered":"<p>Le Secr\u00e9taire G\u00e9n\u00e9ral du MASSIP (Mouvement des Agents pour un Syst\u00e8me de Sant\u00e9 Ivoirien Performant), KOULAI MANGNI Valentin a anim\u00e9 une conf\u00e9rence de presse, ce samedi 03 juillet 2021 \u00e0 Yopougon, au cours de laquelle, il a dress\u00e9 le bilan \u00e0 mi-parcours de la satisfaction des points de revendications par le Ministre de la sant\u00e9, [&hellip;]<\/p>\n","protected":false},"author":2,"featured_media":2812,"comment_status":"closed","ping_status":"closed","sticky":true,"template":"","format":"standard","meta":{"_acf_changed":false,"footnotes":""},"categories":[],"tags":[],"class_list":["post-2811","post","type-post","status-publish","format-standard","has-post-thumbnail","hentry"],"acf":[],"yoast_head":"<!-- This site is optimized with the Yoast SEO plugin v27.5 - https:\/\/yoast.com\/product\/yoast-seo-wordpress\/ -->\n<title>N\u00e9gociation entre MASSIP\/CM: Le SG National du MASSIP, KOULAI MANGNI Valentin dresse le bilan \u00e0 mi-parcours de la satisfaction des points de revendications - Amanien| L&#039;actualit\u00e9 Ivoirienne et Internationale<\/title>\n<meta name=\"robots\" content=\"index, follow, max-snippet:-1, max-image-preview:large, max-video-preview:-1\" \/>\n<link rel=\"canonical\" href=\"https:\/\/www.amanien.info\/news\/negociation-entre-massip-et-de-la-cm-le-sg-national-du-massip-koulai-mangni-valentin-dresse-le-bilan-a-mi-parcours-de-la-satisfaction-des-points-de-revendications\/\" \/>\n<meta property=\"og:locale\" content=\"fr_FR\" \/>\n<meta property=\"og:type\" content=\"article\" \/>\n<meta property=\"og:title\" content=\"N\u00e9gociation entre MASSIP\/CM: Le SG National du MASSIP, KOULAI MANGNI Valentin dresse le bilan \u00e0 mi-parcours de la satisfaction des points de revendications - Amanien| L&#039;actualit\u00e9 Ivoirienne et Internationale\" \/>\n<meta property=\"og:description\" content=\"Le Secr\u00e9taire G\u00e9n\u00e9ral du MASSIP (Mouvement des Agents pour un Syst\u00e8me de Sant\u00e9 Ivoirien Performant), KOULAI MANGNI Valentin a anim\u00e9 une conf\u00e9rence de presse, ce samedi 03 juillet 2021 \u00e0 Yopougon, au cours de laquelle, il a dress\u00e9 le bilan \u00e0 mi-parcours de la satisfaction des points de revendications par le Ministre de la sant\u00e9, [&hellip;]\" \/>\n<meta property=\"og:url\" content=\"https:\/\/www.amanien.info\/news\/negociation-entre-massip-et-de-la-cm-le-sg-national-du-massip-koulai-mangni-valentin-dresse-le-bilan-a-mi-parcours-de-la-satisfaction-des-points-de-revendications\/\" \/>\n<meta property=\"og:site_name\" content=\"Amanien| L&#039;actualit\u00e9 Ivoirienne et Internationale\" \/>\n<meta property=\"article:published_time\" content=\"2021-07-03T17:52:55+00:00\" \/>\n<meta property=\"article:modified_time\" content=\"2021-07-03T18:02:08+00:00\" \/>\n<meta property=\"og:image\" content=\"https:\/\/www.amanien.info\/news\/wp-content\/uploads\/2021\/07\/thumbnail-1.jpg\" \/>\n\t<meta property=\"og:image:width\" content=\"1080\" \/>\n\t<meta property=\"og:image:height\" content=\"810\" \/>\n\t<meta property=\"og:image:type\" content=\"image\/jpeg\" \/>\n<meta name=\"author\" content=\"Germain Ndri\" \/>\n<meta name=\"twitter:card\" content=\"summary_large_image\" \/>\n<meta name=\"twitter:label1\" content=\"\u00c9crit par\" \/>\n\t<meta name=\"twitter:data1\" content=\"Germain Ndri\" \/>\n\t<meta name=\"twitter:label2\" content=\"Dur\u00e9e de lecture estim\u00e9e\" \/>\n\t<meta name=\"twitter:data2\" content=\"5 minutes\" \/>\n<script type=\"application\/ld+json\" class=\"yoast-schema-graph\">{\"@context\":\"https:\\\/\\\/schema.org\",\"@graph\":[{\"@type\":\"Article\",\"@id\":\"https:\\\/\\\/www.amanien.info\\\/news\\\/negociation-entre-massip-et-de-la-cm-le-sg-national-du-massip-koulai-mangni-valentin-dresse-le-bilan-a-mi-parcours-de-la-satisfaction-des-points-de-revendications\\\/#article\",\"isPartOf\":{\"@id\":\"https:\\\/\\\/www.amanien.info\\\/news\\\/negociation-entre-massip-et-de-la-cm-le-sg-national-du-massip-koulai-mangni-valentin-dresse-le-bilan-a-mi-parcours-de-la-satisfaction-des-points-de-revendications\\\/\"},\"author\":{\"name\":\"Germain Ndri\",\"@id\":\"https:\\\/\\\/www.amanien.info\\\/news\\\/#\\\/schema\\\/person\\\/b21093345753a1a98242d505bd894f42\"},\"headline\":\"N\u00e9gociation entre MASSIP\\\/CM: Le SG National du MASSIP, KOULAI MANGNI Valentin dresse le bilan \u00e0 mi-parcours de la satisfaction des points de revendications\",\"datePublished\":\"2021-07-03T17:52:55+00:00\",\"dateModified\":\"2021-07-03T18:02:08+00:00\",\"mainEntityOfPage\":{\"@id\":\"https:\\\/\\\/www.amanien.info\\\/news\\\/negociation-entre-massip-et-de-la-cm-le-sg-national-du-massip-koulai-mangni-valentin-dresse-le-bilan-a-mi-parcours-de-la-satisfaction-des-points-de-revendications\\\/\"},\"wordCount\":1273,\"image\":{\"@id\":\"https:\\\/\\\/www.amanien.info\\\/news\\\/negociation-entre-massip-et-de-la-cm-le-sg-national-du-massip-koulai-mangni-valentin-dresse-le-bilan-a-mi-parcours-de-la-satisfaction-des-points-de-revendications\\\/#primaryimage\"},\"thumbnailUrl\":\"https:\\\/\\\/www.amanien.info\\\/news\\\/wp-content\\\/uploads\\\/2021\\\/07\\\/thumbnail-1.jpg\",\"inLanguage\":\"fr-FR\"},{\"@type\":\"WebPage\",\"@id\":\"https:\\\/\\\/www.amanien.info\\\/news\\\/negociation-entre-massip-et-de-la-cm-le-sg-national-du-massip-koulai-mangni-valentin-dresse-le-bilan-a-mi-parcours-de-la-satisfaction-des-points-de-revendications\\\/\",\"url\":\"https:\\\/\\\/www.amanien.info\\\/news\\\/negociation-entre-massip-et-de-la-cm-le-sg-national-du-massip-koulai-mangni-valentin-dresse-le-bilan-a-mi-parcours-de-la-satisfaction-des-points-de-revendications\\\/\",\"name\":\"N\u00e9gociation entre MASSIP\\\/CM: Le SG National du MASSIP, KOULAI MANGNI Valentin dresse le bilan \u00e0 mi-parcours de la satisfaction des points de revendications - Amanien| L&#039;actualit\u00e9 Ivoirienne et Internationale\",\"isPartOf\":{\"@id\":\"https:\\\/\\\/www.amanien.info\\\/news\\\/#website\"},\"primaryImageOfPage\":{\"@id\":\"https:\\\/\\\/www.amanien.info\\\/news\\\/negociation-entre-massip-et-de-la-cm-le-sg-national-du-massip-koulai-mangni-valentin-dresse-le-bilan-a-mi-parcours-de-la-satisfaction-des-points-de-revendications\\\/#primaryimage\"},\"image\":{\"@id\":\"https:\\\/\\\/www.amanien.info\\\/news\\\/negociation-entre-massip-et-de-la-cm-le-sg-national-du-massip-koulai-mangni-valentin-dresse-le-bilan-a-mi-parcours-de-la-satisfaction-des-points-de-revendications\\\/#primaryimage\"},\"thumbnailUrl\":\"https:\\\/\\\/www.amanien.info\\\/news\\\/wp-content\\\/uploads\\\/2021\\\/07\\\/thumbnail-1.jpg\",\"datePublished\":\"2021-07-03T17:52:55+00:00\",\"dateModified\":\"2021-07-03T18:02:08+00:00\",\"author\":{\"@id\":\"https:\\\/\\\/www.amanien.info\\\/news\\\/#\\\/schema\\\/person\\\/b21093345753a1a98242d505bd894f42\"},\"breadcrumb\":{\"@id\":\"https:\\\/\\\/www.amanien.info\\\/news\\\/negociation-entre-massip-et-de-la-cm-le-sg-national-du-massip-koulai-mangni-valentin-dresse-le-bilan-a-mi-parcours-de-la-satisfaction-des-points-de-revendications\\\/#breadcrumb\"},\"inLanguage\":\"fr-FR\",\"potentialAction\":[{\"@type\":\"ReadAction\",\"target\":[\"https:\\\/\\\/www.amanien.info\\\/news\\\/negociation-entre-massip-et-de-la-cm-le-sg-national-du-massip-koulai-mangni-valentin-dresse-le-bilan-a-mi-parcours-de-la-satisfaction-des-points-de-revendications\\\/\"]}]},{\"@type\":\"ImageObject\",\"inLanguage\":\"fr-FR\",\"@id\":\"https:\\\/\\\/www.amanien.info\\\/news\\\/negociation-entre-massip-et-de-la-cm-le-sg-national-du-massip-koulai-mangni-valentin-dresse-le-bilan-a-mi-parcours-de-la-satisfaction-des-points-de-revendications\\\/#primaryimage\",\"url\":\"https:\\\/\\\/www.amanien.info\\\/news\\\/wp-content\\\/uploads\\\/2021\\\/07\\\/thumbnail-1.jpg\",\"contentUrl\":\"https:\\\/\\\/www.amanien.info\\\/news\\\/wp-content\\\/uploads\\\/2021\\\/07\\\/thumbnail-1.jpg\",\"width\":1080,\"height\":810},{\"@type\":\"BreadcrumbList\",\"@id\":\"https:\\\/\\\/www.amanien.info\\\/news\\\/negociation-entre-massip-et-de-la-cm-le-sg-national-du-massip-koulai-mangni-valentin-dresse-le-bilan-a-mi-parcours-de-la-satisfaction-des-points-de-revendications\\\/#breadcrumb\",\"itemListElement\":[{\"@type\":\"ListItem\",\"position\":1,\"name\":\"Accueil\",\"item\":\"https:\\\/\\\/www.amanien.info\\\/news\\\/\"},{\"@type\":\"ListItem\",\"position\":2,\"name\":\"N\u00e9gociation entre MASSIP\\\/CM: Le SG National du MASSIP, KOULAI MANGNI Valentin dresse le bilan \u00e0 mi-parcours de la satisfaction des points de revendications\"}]},{\"@type\":\"WebSite\",\"@id\":\"https:\\\/\\\/www.amanien.info\\\/news\\\/#website\",\"url\":\"https:\\\/\\\/www.amanien.info\\\/news\\\/\",\"name\":\"Amanien| L&#039;actualit\u00e9 Ivoirienne et Internationale\",\"description\":\"L&#039;actualit\u00e9 Ivoirienne et Internationale\",\"potentialAction\":[{\"@type\":\"SearchAction\",\"target\":{\"@type\":\"EntryPoint\",\"urlTemplate\":\"https:\\\/\\\/www.amanien.info\\\/news\\\/?s={search_term_string}\"},\"query-input\":{\"@type\":\"PropertyValueSpecification\",\"valueRequired\":true,\"valueName\":\"search_term_string\"}}],\"inLanguage\":\"fr-FR\"},{\"@type\":\"Person\",\"@id\":\"https:\\\/\\\/www.amanien.info\\\/news\\\/#\\\/schema\\\/person\\\/b21093345753a1a98242d505bd894f42\",\"name\":\"Germain Ndri\",\"url\":\"https:\\\/\\\/www.amanien.info\\\/news\\\/author\\\/amanien-infos\\\/\"}]}<\/script>\n<!-- \/ Yoast SEO plugin. -->","yoast_head_json":{"title":"N\u00e9gociation entre MASSIP\/CM: Le SG National du MASSIP, KOULAI MANGNI Valentin dresse le bilan \u00e0 mi-parcours de la satisfaction des points de revendications - Amanien| L&#039;actualit\u00e9 Ivoirienne et Internationale","robots":{"index":"index","follow":"follow","max-snippet":"max-snippet:-1","max-image-preview":"max-image-preview:large","max-video-preview":"max-video-preview:-1"},"canonical":"https:\/\/www.amanien.info\/news\/negociation-entre-massip-et-de-la-cm-le-sg-national-du-massip-koulai-mangni-valentin-dresse-le-bilan-a-mi-parcours-de-la-satisfaction-des-points-de-revendications\/","og_locale":"fr_FR","og_type":"article","og_title":"N\u00e9gociation entre MASSIP\/CM: Le SG National du MASSIP, KOULAI MANGNI Valentin dresse le bilan \u00e0 mi-parcours de la satisfaction des points de revendications - Amanien| L&#039;actualit\u00e9 Ivoirienne et Internationale","og_description":"Le Secr\u00e9taire G\u00e9n\u00e9ral du MASSIP (Mouvement des Agents pour un Syst\u00e8me de Sant\u00e9 Ivoirien Performant), KOULAI MANGNI Valentin a anim\u00e9 une conf\u00e9rence de presse, ce samedi 03 juillet 2021 \u00e0 Yopougon, au cours de laquelle, il a dress\u00e9 le bilan \u00e0 mi-parcours de la satisfaction des points de revendications par le Ministre de la sant\u00e9, [&hellip;]","og_url":"https:\/\/www.amanien.info\/news\/negociation-entre-massip-et-de-la-cm-le-sg-national-du-massip-koulai-mangni-valentin-dresse-le-bilan-a-mi-parcours-de-la-satisfaction-des-points-de-revendications\/","og_site_name":"Amanien| L&#039;actualit\u00e9 Ivoirienne et Internationale","article_published_time":"2021-07-03T17:52:55+00:00","article_modified_time":"2021-07-03T18:02:08+00:00","og_image":[{"width":1080,"height":810,"url":"https:\/\/www.amanien.info\/news\/wp-content\/uploads\/2021\/07\/thumbnail-1.jpg","type":"image\/jpeg"}],"author":"Germain Ndri","twitter_card":"summary_large_image","twitter_misc":{"\u00c9crit par":"Germain Ndri","Dur\u00e9e de lecture estim\u00e9e":"5 minutes"},"schema":{"@context":"https:\/\/schema.org","@graph":[{"@type":"Article","@id":"https:\/\/www.amanien.info\/news\/negociation-entre-massip-et-de-la-cm-le-sg-national-du-massip-koulai-mangni-valentin-dresse-le-bilan-a-mi-parcours-de-la-satisfaction-des-points-de-revendications\/#article","isPartOf":{"@id":"https:\/\/www.amanien.info\/news\/negociation-entre-massip-et-de-la-cm-le-sg-national-du-massip-koulai-mangni-valentin-dresse-le-bilan-a-mi-parcours-de-la-satisfaction-des-points-de-revendications\/"},"author":{"name":"Germain Ndri","@id":"https:\/\/www.amanien.info\/news\/#\/schema\/person\/b21093345753a1a98242d505bd894f42"},"headline":"N\u00e9gociation entre MASSIP\/CM: Le SG National du MASSIP, KOULAI MANGNI Valentin dresse le bilan \u00e0 mi-parcours de la satisfaction des points de revendications","datePublished":"2021-07-03T17:52:55+00:00","dateModified":"2021-07-03T18:02:08+00:00","mainEntityOfPage":{"@id":"https:\/\/www.amanien.info\/news\/negociation-entre-massip-et-de-la-cm-le-sg-national-du-massip-koulai-mangni-valentin-dresse-le-bilan-a-mi-parcours-de-la-satisfaction-des-points-de-revendications\/"},"wordCount":1273,"image":{"@id":"https:\/\/www.amanien.info\/news\/negociation-entre-massip-et-de-la-cm-le-sg-national-du-massip-koulai-mangni-valentin-dresse-le-bilan-a-mi-parcours-de-la-satisfaction-des-points-de-revendications\/#primaryimage"},"thumbnailUrl":"https:\/\/www.amanien.info\/news\/wp-content\/uploads\/2021\/07\/thumbnail-1.jpg","inLanguage":"fr-FR"},{"@type":"WebPage","@id":"https:\/\/www.amanien.info\/news\/negociation-entre-massip-et-de-la-cm-le-sg-national-du-massip-koulai-mangni-valentin-dresse-le-bilan-a-mi-parcours-de-la-satisfaction-des-points-de-revendications\/","url":"https:\/\/www.amanien.info\/news\/negociation-entre-massip-et-de-la-cm-le-sg-national-du-massip-koulai-mangni-valentin-dresse-le-bilan-a-mi-parcours-de-la-satisfaction-des-points-de-revendications\/","name":"N\u00e9gociation entre MASSIP\/CM: Le SG National du MASSIP, KOULAI MANGNI Valentin dresse le bilan \u00e0 mi-parcours de la satisfaction des points de revendications - Amanien| L&#039;actualit\u00e9 Ivoirienne et Internationale","isPartOf":{"@id":"https:\/\/www.amanien.info\/news\/#website"},"primaryImageOfPage":{"@id":"https:\/\/www.amanien.info\/news\/negociation-entre-massip-et-de-la-cm-le-sg-national-du-massip-koulai-mangni-valentin-dresse-le-bilan-a-mi-parcours-de-la-satisfaction-des-points-de-revendications\/#primaryimage"},"image":{"@id":"https:\/\/www.amanien.info\/news\/negociation-entre-massip-et-de-la-cm-le-sg-national-du-massip-koulai-mangni-valentin-dresse-le-bilan-a-mi-parcours-de-la-satisfaction-des-points-de-revendications\/#primaryimage"},"thumbnailUrl":"https:\/\/www.amanien.info\/news\/wp-content\/uploads\/2021\/07\/thumbnail-1.jpg","datePublished":"2021-07-03T17:52:55+00:00","dateModified":"2021-07-03T18:02:08+00:00","author":{"@id":"https:\/\/www.amanien.info\/news\/#\/schema\/person\/b21093345753a1a98242d505bd894f42"},"breadcrumb":{"@id":"https:\/\/www.amanien.info\/news\/negociation-entre-massip-et-de-la-cm-le-sg-national-du-massip-koulai-mangni-valentin-dresse-le-bilan-a-mi-parcours-de-la-satisfaction-des-points-de-revendications\/#breadcrumb"},"inLanguage":"fr-FR","potentialAction":[{"@type":"ReadAction","target":["https:\/\/www.amanien.info\/news\/negociation-entre-massip-et-de-la-cm-le-sg-national-du-massip-koulai-mangni-valentin-dresse-le-bilan-a-mi-parcours-de-la-satisfaction-des-points-de-revendications\/"]}]},{"@type":"ImageObject","inLanguage":"fr-FR","@id":"https:\/\/www.amanien.info\/news\/negociation-entre-massip-et-de-la-cm-le-sg-national-du-massip-koulai-mangni-valentin-dresse-le-bilan-a-mi-parcours-de-la-satisfaction-des-points-de-revendications\/#primaryimage","url":"https:\/\/www.amanien.info\/news\/wp-content\/uploads\/2021\/07\/thumbnail-1.jpg","contentUrl":"https:\/\/www.amanien.info\/news\/wp-content\/uploads\/2021\/07\/thumbnail-1.jpg","width":1080,"height":810},{"@type":"BreadcrumbList","@id":"https:\/\/www.amanien.info\/news\/negociation-entre-massip-et-de-la-cm-le-sg-national-du-massip-koulai-mangni-valentin-dresse-le-bilan-a-mi-parcours-de-la-satisfaction-des-points-de-revendications\/#breadcrumb","itemListElement":[{"@type":"ListItem","position":1,"name":"Accueil","item":"https:\/\/www.amanien.info\/news\/"},{"@type":"ListItem","position":2,"name":"N\u00e9gociation entre MASSIP\/CM: Le SG National du MASSIP, KOULAI MANGNI Valentin dresse le bilan \u00e0 mi-parcours de la satisfaction des points de revendications"}]},{"@type":"WebSite","@id":"https:\/\/www.amanien.info\/news\/#website","url":"https:\/\/www.amanien.info\/news\/","name":"Amanien| L&#039;actualit\u00e9 Ivoirienne et Internationale","description":"L&#039;actualit\u00e9 Ivoirienne et Internationale","potentialAction":[{"@type":"SearchAction","target":{"@type":"EntryPoint","urlTemplate":"https:\/\/www.amanien.info\/news\/?s={search_term_string}"},"query-input":{"@type":"PropertyValueSpecification","valueRequired":true,"valueName":"search_term_string"}}],"inLanguage":"fr-FR"},{"@type":"Person","@id":"https:\/\/www.amanien.info\/news\/#\/schema\/person\/b21093345753a1a98242d505bd894f42","name":"Germain Ndri","url":"https:\/\/www.amanien.info\/news\/author\/amanien-infos\/"}]}},"_links":{"self":[{"href":"https:\/\/www.amanien.info\/news\/wp-json\/wp\/v2\/posts\/2811","targetHints":{"allow":["GET"]}}],"collection":[{"href":"https:\/\/www.amanien.info\/news\/wp-json\/wp\/v2\/posts"}],"about":[{"href":"https:\/\/www.amanien.info\/news\/wp-json\/wp\/v2\/types\/post"}],"author":[{"embeddable":true,"href":"https:\/\/www.amanien.info\/news\/wp-json\/wp\/v2\/users\/2"}],"replies":[{"embeddable":true,"href":"https:\/\/www.amanien.info\/news\/wp-json\/wp\/v2\/comments?post=2811"}],"version-history":[{"count":2,"href":"https:\/\/www.amanien.info\/news\/wp-json\/wp\/v2\/posts\/2811\/revisions"}],"predecessor-version":[{"id":2814,"href":"https:\/\/www.amanien.info\/news\/wp-json\/wp\/v2\/posts\/2811\/revisions\/2814"}],"wp:featuredmedia":[{"embeddable":true,"href":"https:\/\/www.amanien.info\/news\/wp-json\/wp\/v2\/media\/2812"}],"wp:attachment":[{"href":"https:\/\/www.amanien.info\/news\/wp-json\/wp\/v2\/media?parent=2811"}],"wp:term":[{"taxonomy":"category","embeddable":true,"href":"https:\/\/www.amanien.info\/news\/wp-json\/wp\/v2\/categories?post=2811"},{"taxonomy":"post_tag","embeddable":true,"href":"https:\/\/www.amanien.info\/news\/wp-json\/wp\/v2\/tags?post=2811"}],"curies":[{"name":"wp","href":"https:\/\/api.w.org\/{rel}","templated":true}]}}