{"id":2805,"date":"2021-07-03T17:41:01","date_gmt":"2021-07-03T17:41:01","guid":{"rendered":"https:\/\/www.https:\/\/zozo.buyee.jp\/\/news\/?p=2805"},"modified":"2021-07-03T17:41:48","modified_gmt":"2021-07-03T17:41:48","slug":"lutte-contre-le-cancer-le-cnrao-a-organise-a-abidjan-un-atelier-de-reflexion-sur-la-mutualisation-des-ressources-en-vue-de-contribuer-au-renforcement-de-laccessibilite-financiere-aux-traitements-a","status":"publish","type":"post","link":"https:\/\/www.amanien.info\/news\/lutte-contre-le-cancer-le-cnrao-a-organise-a-abidjan-un-atelier-de-reflexion-sur-la-mutualisation-des-ressources-en-vue-de-contribuer-au-renforcement-de-laccessibilite-financiere-aux-traitements-a\/","title":{"rendered":"Lutte contre le cancer : Le CNRAO a organis\u00e9 \u00e0 Abidjan un atelier de r\u00e9flexion sur la mutualisation des ressources en vue de contribuer au renforcement de l&rsquo;accessibilit\u00e9 financi\u00e8re aux traitements anticanc\u00e9reux"},"content":{"rendered":"<p>Dans sa volont\u00e9 de faire de la C\u00f4te d&rsquo;Ivoire un pays o\u00f9 le cancer n&rsquo;est plus un drame mais une maladie chronique, l&rsquo;\u00c9tat de C\u00f4te d&rsquo;Ivoire a, dans sa politique sociale \u00e0 travers la Pr\u00e9sidence de la R\u00e9publique et le Minist\u00e8re de la Sant\u00e9, de l&rsquo;Hgi\u00e8ne publique et de la Couverture Maladie, men\u00e9 plusieurs actions sociales ( en terme d&rsquo;infrastructures m\u00e9dicales d\u00e9di\u00e9es au traitement du cancer, de d\u00e9pistage, de diagnostic et d&rsquo;accessibilit\u00e9 financi\u00e8re au traitement) \u00e0 l&rsquo;endroit des personnes touch\u00e9es par le cancer.<\/p>\n<p>En d\u00e9pit de ces actions sociales men\u00e9es par l&rsquo;Etat, force est de reconna\u00eetre que l&rsquo;information sur les possibilit\u00e9s de prise en charge des patients est tr\u00e8s peu relay\u00e9e par les associations et ONG de lutte contre le cancer en C\u00f4te d&rsquo;Ivoire.<br \/>\nEn vue de permettre au grand nombre de patients en difficult\u00e9s de b\u00e9n\u00e9ficier de ces actions sociales, le Centre National d&rsquo;Oncologie M\u00e9dicale et de Radioth\u00e9rapie Alassane Ouattara (CNRAO) a initi\u00e9, ce jeudi 1er juillet 2021 \u00e0 Cocody, une rencontre qui a r\u00e9uni la COLCC( Coalition de Lutte contre le cancer) et une dizaine d&rsquo;autres organisations et associations de lutte contre le cancer de C\u00f4te d&rsquo;Ivoire autour du th\u00e8me : \u00ab\u00a0Mutualisation des ressources en vue de contribuer au renforcement de l&rsquo;accessibilit\u00e9 financi\u00e8re aux traitements anticanc\u00e9reux\u00a0\u00bb.<\/p>\n<p>En organisant cet important atelier de r\u00e9flexion, l&rsquo;objectif du CNRAO est d&rsquo;informer les ONG et associations de lutte contre le cancer des actions sociales entreprises par l&rsquo;Etat dans la lutte contre le cancer ainsi que des dispositions sociales mises en place par le CNRAO \u00e0 l&rsquo;endroit des patients en difficult\u00e9s et cr\u00e9er une synergie d&rsquo;actions en vue de renforcer l&rsquo;accessibilit\u00e9 financi\u00e8res aux traitements anticanc\u00e9reux.<\/p>\n<p>Cet atelier a \u00e9t\u00e9 marqu\u00e9 par des t\u00e9moignages \u00e9difiants de trois (3) patientes du CNRAO ayant b\u00e9n\u00e9fici\u00e9 des actions sociales dudit centre, des travaux de 3 groupes (un groupe sur le circuit de paiement, un groupe sur le circuit de recouvrement et un autre groupe sur la mobilisation des ressources), la restitution des travaux de ces 3 groupes ainsi que des recommandations.<\/p>\n<p>Dans sa brillante pr\u00e9sentation, la Directrice du CNRAO, Pr DIDI-KOUKO Coulibaly a dress\u00e9 le bilan des activit\u00e9s sociales du CNRAO.<br \/>\nCes actions sociales se r\u00e9sument en la possibilit\u00e9 de commencer \u00e0 se traiter sans payer puis de proposer secondairement un rythme de paiement par fractionnement, la possibilit\u00e9 de d\u00e9buter un traitement en ne payant qu&rsquo;un acompte \u00e0 la hauteur de la disponibilit\u00e9 financi\u00e8re du moment puis de solder \u00e0 son rythme et la possibilit\u00e9 non seulement de b\u00e9n\u00e9ficier d&rsquo;une remise mais \u00e9galement de fractionner le paiement du montant restant.<br \/>\nToutes ces actions sociales permettent aux patients, dans un h\u00f4pital public, de lutter efficacement contre le cancer et b\u00e9n\u00e9ficier de toutes les chances de gu\u00e9rison avec un all\u00e8gement de la probl\u00e9matique financi\u00e8re.<\/p>\n<p>Selon le Pr DIDI-KOUKO Coulibaly, cet atelier de r\u00e9flexion rev\u00eat toute son importance en ce sens \u00ab\u00a0qu&rsquo;il y a aujourd&rsquo;hui plusieurs acteurs dans la lutte contre le cancer. Et tous ces acteurs ont entendu et vu aujourd&rsquo;hui la volont\u00e9 politique manifest\u00e9e de l&rsquo;Etat de C\u00f4te d&rsquo;Ivoire de lutter contre le cancer\u00a0\u00bb. Puis d&rsquo;ajouter que la r\u00e9ussite de la lutte contre le cancer est bas\u00e9e sur l&rsquo;\u00e9quipe et non le groupe. Car, dit-elle, \u00ab\u00a0notre objectif est le patient et non l&rsquo;h\u00f4pital ou l&rsquo;organisation\u00a0\u00bb.<\/p>\n<p>Elle a, par ailleurs, indiqu\u00e9 que le cancer n&rsquo;est pas une fatalit\u00e9 parce que, nous, \u00ab\u00a0membres de la soci\u00e9t\u00e9 civile, pouvons apporter notre part aux c\u00f4t\u00e9s du gouvernement ivoirien\u00a0\u00bb.<br \/>\n&lt;&lt; Le cancer se gu\u00e9rit de toutes les mani\u00e8res lorsqu&rsquo;il est d\u00e9couvert t\u00f4t. A d\u00e9faut, il peut se transformer en maladie chronique&gt;&gt; a-t-elle affirm\u00e9 en substance.<\/p>\n<p>A en croire le Directeur de Cabinet du minist\u00e8re de la sant\u00e9, de l&rsquo;hygi\u00e8ne publique et de la couverture maladie universelle, Dr KOFFI Aka Charles, le cancer est l&rsquo;une des principales causes de mortalit\u00e9 dans le monde.<br \/>\nEn effet, en Afrique subsaharienne et particuli\u00e8rement en C\u00f4te d&rsquo;Ivoire, cette maladie, indique-t-il, constitue un v\u00e9ritable probl\u00e8me de sant\u00e9 publique.<br \/>\n&lt;&lt; Chaque ann\u00e9e, 17 000 nous cas sont d\u00e9couverts et 11 560 d\u00e9c\u00e8s sont enregistr\u00e9s . Autrement consid\u00e9r\u00e9 comme la maladie des pays riches, le cancer est aujourd&rsquo;hui l&rsquo;apanage des pays pauvres comme le n\u00f4tre&gt;&gt; a-t-il affirm\u00e9.<br \/>\nFace \u00e0 cette situation, l&rsquo;\u00c9tat a men\u00e9 des actions en vue renforcer sa prise en charge.<br \/>\nSelon le Dr KOFFI Aka Charles, beaucoup a \u00e9t\u00e9 fait afin de permettre aux populations ivoiriennes de pouvoir se traiter convenablement en C\u00f4te d&rsquo;Ivoire m\u00eame si elles n&rsquo;ont pas les moyens. \u00ab\u00a0Cependant, lorsque nous regardons dans les d\u00e9fis qui se pr\u00e9sentent \u00e0 nous dans cette lutte, nous pouvons dire que du chemin reste encore \u00e0 \u00eatre parcouru\u00a0\u00bb a fait savoir Dr KOFFi Aka Charles.<br \/>\nTout en invitant tout le monde ( gouvernement, soci\u00e9t\u00e9 civile, Fondation, Entreprises et Particuliers) \u00e0 travailler d&rsquo;un commun accord, main dans la main afin de relever ces d\u00e9fis.<\/p>\n<p>Notons que depuis le 25 janvier 2018, date d&rsquo;ouverture du CNRAO jusqu&rsquo;au 28 mai 2021, l&rsquo;\u00e9tablissement re\u00e7u 5 099 nouveaux patients dont 976 ont b\u00e9n\u00e9fici\u00e9 des actions sociales, 109 patients ont b\u00e9n\u00e9fici\u00e9 d&rsquo;une prise en charge compl\u00e8te par la Pr\u00e9sidence de la R\u00e9publique \u00e0 hauteur de 29 048 991 de FCFA, 258 patients ont b\u00e9n\u00e9fici\u00e9 d&rsquo;une prise en charge compl\u00e8te par le conseil de s\u00e9curit\u00e9 estim\u00e9 \u00e0 214 956 766 FCFA et 609 patients ont b\u00e9n\u00e9fici\u00e9 du service social du CNRAO \u00e0 hauteur de 658 678 894 FCFA.<\/p>\n<p>Faut-il le rappeler, le CNRAO a \u00e9t\u00e9 inaugur\u00e9 le 18 d\u00e9cembre 2017 et a officiellement ouvert ses portes \u00e0 la population le 25 janvier 2018. C&rsquo;est un h\u00f4pital public sp\u00e9cialis\u00e9 dans la prise en charge holistique des personnes touch\u00e9es par le cancer et abrite le premier service de radioth\u00e9rapie de la C\u00f4te d&rsquo;Ivoire.<\/p>\n<p>&nbsp;<\/p>\n<p>S.A.<\/p>\n","protected":false},"excerpt":{"rendered":"<p>Dans sa volont\u00e9 de faire de la C\u00f4te d&rsquo;Ivoire un pays o\u00f9 le cancer n&rsquo;est plus un drame mais une maladie chronique, l&rsquo;\u00c9tat de C\u00f4te d&rsquo;Ivoire a, dans sa politique sociale \u00e0 travers la Pr\u00e9sidence de la R\u00e9publique et le Minist\u00e8re de la Sant\u00e9, de l&rsquo;Hgi\u00e8ne publique et de la Couverture Maladie, men\u00e9 plusieurs actions [&hellip;]<\/p>\n","protected":false},"author":2,"featured_media":2806,"comment_status":"closed","ping_status":"closed","sticky":true,"template":"","format":"standard","meta":{"_acf_changed":false,"footnotes":""},"categories":[],"tags":[],"class_list":["post-2805","post","type-post","status-publish","format-standard","has-post-thumbnail","hentry"],"acf":[],"yoast_head":"<!-- This site is optimized with the Yoast SEO plugin v27.5 - https:\/\/yoast.com\/product\/yoast-seo-wordpress\/ -->\n<title>Lutte contre le cancer : Le CNRAO a organis\u00e9 \u00e0 Abidjan un atelier de r\u00e9flexion sur la mutualisation des ressources en vue de contribuer au renforcement de l&#039;accessibilit\u00e9 financi\u00e8re aux traitements anticanc\u00e9reux - Amanien| L&#039;actualit\u00e9 Ivoirienne et Internationale<\/title>\n<meta name=\"robots\" content=\"index, follow, max-snippet:-1, max-image-preview:large, max-video-preview:-1\" \/>\n<link rel=\"canonical\" href=\"https:\/\/www.amanien.info\/news\/lutte-contre-le-cancer-le-cnrao-a-organise-a-abidjan-un-atelier-de-reflexion-sur-la-mutualisation-des-ressources-en-vue-de-contribuer-au-renforcement-de-laccessibilite-financiere-aux-traitements-a\/\" \/>\n<meta property=\"og:locale\" content=\"fr_FR\" \/>\n<meta property=\"og:type\" content=\"article\" \/>\n<meta property=\"og:title\" content=\"Lutte contre le cancer : Le CNRAO a organis\u00e9 \u00e0 Abidjan un atelier de r\u00e9flexion sur la mutualisation des ressources en vue de contribuer au renforcement de l&#039;accessibilit\u00e9 financi\u00e8re aux traitements anticanc\u00e9reux - Amanien| L&#039;actualit\u00e9 Ivoirienne et Internationale\" \/>\n<meta property=\"og:description\" content=\"Dans sa volont\u00e9 de faire de la C\u00f4te d&rsquo;Ivoire un pays o\u00f9 le cancer n&rsquo;est plus un drame mais une maladie chronique, l&rsquo;\u00c9tat de C\u00f4te d&rsquo;Ivoire a, dans sa politique sociale \u00e0 travers la Pr\u00e9sidence de la R\u00e9publique et le Minist\u00e8re de la Sant\u00e9, de l&rsquo;Hgi\u00e8ne publique et de la Couverture Maladie, men\u00e9 plusieurs actions [&hellip;]\" \/>\n<meta property=\"og:url\" content=\"https:\/\/www.amanien.info\/news\/lutte-contre-le-cancer-le-cnrao-a-organise-a-abidjan-un-atelier-de-reflexion-sur-la-mutualisation-des-ressources-en-vue-de-contribuer-au-renforcement-de-laccessibilite-financiere-aux-traitements-a\/\" \/>\n<meta property=\"og:site_name\" content=\"Amanien| L&#039;actualit\u00e9 Ivoirienne et Internationale\" \/>\n<meta property=\"article:published_time\" content=\"2021-07-03T17:41:01+00:00\" \/>\n<meta property=\"article:modified_time\" content=\"2021-07-03T17:41:48+00:00\" \/>\n<meta property=\"og:image\" content=\"https:\/\/www.amanien.info\/news\/wp-content\/uploads\/2021\/07\/thumbnail.jpg\" \/>\n\t<meta property=\"og:image:width\" content=\"1080\" \/>\n\t<meta property=\"og:image:height\" content=\"720\" \/>\n\t<meta property=\"og:image:type\" content=\"image\/jpeg\" \/>\n<meta name=\"author\" content=\"Germain Ndri\" \/>\n<meta name=\"twitter:card\" content=\"summary_large_image\" \/>\n<meta name=\"twitter:label1\" content=\"\u00c9crit par\" \/>\n\t<meta name=\"twitter:data1\" content=\"Germain Ndri\" \/>\n\t<meta name=\"twitter:label2\" content=\"Dur\u00e9e de lecture estim\u00e9e\" \/>\n\t<meta name=\"twitter:data2\" content=\"5 minutes\" \/>\n<script type=\"application\/ld+json\" class=\"yoast-schema-graph\">{\"@context\":\"https:\\\/\\\/schema.org\",\"@graph\":[{\"@type\":\"Article\",\"@id\":\"https:\\\/\\\/www.amanien.info\\\/news\\\/lutte-contre-le-cancer-le-cnrao-a-organise-a-abidjan-un-atelier-de-reflexion-sur-la-mutualisation-des-ressources-en-vue-de-contribuer-au-renforcement-de-laccessibilite-financiere-aux-traitements-a\\\/#article\",\"isPartOf\":{\"@id\":\"https:\\\/\\\/www.amanien.info\\\/news\\\/lutte-contre-le-cancer-le-cnrao-a-organise-a-abidjan-un-atelier-de-reflexion-sur-la-mutualisation-des-ressources-en-vue-de-contribuer-au-renforcement-de-laccessibilite-financiere-aux-traitements-a\\\/\"},\"author\":{\"name\":\"Germain Ndri\",\"@id\":\"https:\\\/\\\/www.amanien.info\\\/news\\\/#\\\/schema\\\/person\\\/b21093345753a1a98242d505bd894f42\"},\"headline\":\"Lutte contre le cancer : Le CNRAO a organis\u00e9 \u00e0 Abidjan un atelier de r\u00e9flexion sur la mutualisation des ressources en vue de contribuer au renforcement de l&rsquo;accessibilit\u00e9 financi\u00e8re aux traitements anticanc\u00e9reux\",\"datePublished\":\"2021-07-03T17:41:01+00:00\",\"dateModified\":\"2021-07-03T17:41:48+00:00\",\"mainEntityOfPage\":{\"@id\":\"https:\\\/\\\/www.amanien.info\\\/news\\\/lutte-contre-le-cancer-le-cnrao-a-organise-a-abidjan-un-atelier-de-reflexion-sur-la-mutualisation-des-ressources-en-vue-de-contribuer-au-renforcement-de-laccessibilite-financiere-aux-traitements-a\\\/\"},\"wordCount\":1083,\"image\":{\"@id\":\"https:\\\/\\\/www.amanien.info\\\/news\\\/lutte-contre-le-cancer-le-cnrao-a-organise-a-abidjan-un-atelier-de-reflexion-sur-la-mutualisation-des-ressources-en-vue-de-contribuer-au-renforcement-de-laccessibilite-financiere-aux-traitements-a\\\/#primaryimage\"},\"thumbnailUrl\":\"https:\\\/\\\/www.amanien.info\\\/news\\\/wp-content\\\/uploads\\\/2021\\\/07\\\/thumbnail.jpg\",\"inLanguage\":\"fr-FR\"},{\"@type\":\"WebPage\",\"@id\":\"https:\\\/\\\/www.amanien.info\\\/news\\\/lutte-contre-le-cancer-le-cnrao-a-organise-a-abidjan-un-atelier-de-reflexion-sur-la-mutualisation-des-ressources-en-vue-de-contribuer-au-renforcement-de-laccessibilite-financiere-aux-traitements-a\\\/\",\"url\":\"https:\\\/\\\/www.amanien.info\\\/news\\\/lutte-contre-le-cancer-le-cnrao-a-organise-a-abidjan-un-atelier-de-reflexion-sur-la-mutualisation-des-ressources-en-vue-de-contribuer-au-renforcement-de-laccessibilite-financiere-aux-traitements-a\\\/\",\"name\":\"Lutte contre le cancer : Le CNRAO a organis\u00e9 \u00e0 Abidjan un atelier de r\u00e9flexion sur la mutualisation des ressources en vue de contribuer au renforcement de l'accessibilit\u00e9 financi\u00e8re aux traitements anticanc\u00e9reux - Amanien| L&#039;actualit\u00e9 Ivoirienne et Internationale\",\"isPartOf\":{\"@id\":\"https:\\\/\\\/www.amanien.info\\\/news\\\/#website\"},\"primaryImageOfPage\":{\"@id\":\"https:\\\/\\\/www.amanien.info\\\/news\\\/lutte-contre-le-cancer-le-cnrao-a-organise-a-abidjan-un-atelier-de-reflexion-sur-la-mutualisation-des-ressources-en-vue-de-contribuer-au-renforcement-de-laccessibilite-financiere-aux-traitements-a\\\/#primaryimage\"},\"image\":{\"@id\":\"https:\\\/\\\/www.amanien.info\\\/news\\\/lutte-contre-le-cancer-le-cnrao-a-organise-a-abidjan-un-atelier-de-reflexion-sur-la-mutualisation-des-ressources-en-vue-de-contribuer-au-renforcement-de-laccessibilite-financiere-aux-traitements-a\\\/#primaryimage\"},\"thumbnailUrl\":\"https:\\\/\\\/www.amanien.info\\\/news\\\/wp-content\\\/uploads\\\/2021\\\/07\\\/thumbnail.jpg\",\"datePublished\":\"2021-07-03T17:41:01+00:00\",\"dateModified\":\"2021-07-03T17:41:48+00:00\",\"author\":{\"@id\":\"https:\\\/\\\/www.amanien.info\\\/news\\\/#\\\/schema\\\/person\\\/b21093345753a1a98242d505bd894f42\"},\"breadcrumb\":{\"@id\":\"https:\\\/\\\/www.amanien.info\\\/news\\\/lutte-contre-le-cancer-le-cnrao-a-organise-a-abidjan-un-atelier-de-reflexion-sur-la-mutualisation-des-ressources-en-vue-de-contribuer-au-renforcement-de-laccessibilite-financiere-aux-traitements-a\\\/#breadcrumb\"},\"inLanguage\":\"fr-FR\",\"potentialAction\":[{\"@type\":\"ReadAction\",\"target\":[\"https:\\\/\\\/www.amanien.info\\\/news\\\/lutte-contre-le-cancer-le-cnrao-a-organise-a-abidjan-un-atelier-de-reflexion-sur-la-mutualisation-des-ressources-en-vue-de-contribuer-au-renforcement-de-laccessibilite-financiere-aux-traitements-a\\\/\"]}]},{\"@type\":\"ImageObject\",\"inLanguage\":\"fr-FR\",\"@id\":\"https:\\\/\\\/www.amanien.info\\\/news\\\/lutte-contre-le-cancer-le-cnrao-a-organise-a-abidjan-un-atelier-de-reflexion-sur-la-mutualisation-des-ressources-en-vue-de-contribuer-au-renforcement-de-laccessibilite-financiere-aux-traitements-a\\\/#primaryimage\",\"url\":\"https:\\\/\\\/www.amanien.info\\\/news\\\/wp-content\\\/uploads\\\/2021\\\/07\\\/thumbnail.jpg\",\"contentUrl\":\"https:\\\/\\\/www.amanien.info\\\/news\\\/wp-content\\\/uploads\\\/2021\\\/07\\\/thumbnail.jpg\",\"width\":1080,\"height\":720},{\"@type\":\"BreadcrumbList\",\"@id\":\"https:\\\/\\\/www.amanien.info\\\/news\\\/lutte-contre-le-cancer-le-cnrao-a-organise-a-abidjan-un-atelier-de-reflexion-sur-la-mutualisation-des-ressources-en-vue-de-contribuer-au-renforcement-de-laccessibilite-financiere-aux-traitements-a\\\/#breadcrumb\",\"itemListElement\":[{\"@type\":\"ListItem\",\"position\":1,\"name\":\"Accueil\",\"item\":\"https:\\\/\\\/www.amanien.info\\\/news\\\/\"},{\"@type\":\"ListItem\",\"position\":2,\"name\":\"Lutte contre le cancer : Le CNRAO a organis\u00e9 \u00e0 Abidjan un atelier de r\u00e9flexion sur la mutualisation des ressources en vue de contribuer au renforcement de l&rsquo;accessibilit\u00e9 financi\u00e8re aux traitements anticanc\u00e9reux\"}]},{\"@type\":\"WebSite\",\"@id\":\"https:\\\/\\\/www.amanien.info\\\/news\\\/#website\",\"url\":\"https:\\\/\\\/www.amanien.info\\\/news\\\/\",\"name\":\"Amanien| L&#039;actualit\u00e9 Ivoirienne et Internationale\",\"description\":\"L&#039;actualit\u00e9 Ivoirienne et Internationale\",\"potentialAction\":[{\"@type\":\"SearchAction\",\"target\":{\"@type\":\"EntryPoint\",\"urlTemplate\":\"https:\\\/\\\/www.amanien.info\\\/news\\\/?s={search_term_string}\"},\"query-input\":{\"@type\":\"PropertyValueSpecification\",\"valueRequired\":true,\"valueName\":\"search_term_string\"}}],\"inLanguage\":\"fr-FR\"},{\"@type\":\"Person\",\"@id\":\"https:\\\/\\\/www.amanien.info\\\/news\\\/#\\\/schema\\\/person\\\/b21093345753a1a98242d505bd894f42\",\"name\":\"Germain Ndri\",\"url\":\"https:\\\/\\\/www.amanien.info\\\/news\\\/author\\\/amanien-infos\\\/\"}]}<\/script>\n<!-- \/ Yoast SEO plugin. -->","yoast_head_json":{"title":"Lutte contre le cancer : Le CNRAO a organis\u00e9 \u00e0 Abidjan un atelier de r\u00e9flexion sur la mutualisation des ressources en vue de contribuer au renforcement de l'accessibilit\u00e9 financi\u00e8re aux traitements anticanc\u00e9reux - Amanien| L&#039;actualit\u00e9 Ivoirienne et Internationale","robots":{"index":"index","follow":"follow","max-snippet":"max-snippet:-1","max-image-preview":"max-image-preview:large","max-video-preview":"max-video-preview:-1"},"canonical":"https:\/\/www.amanien.info\/news\/lutte-contre-le-cancer-le-cnrao-a-organise-a-abidjan-un-atelier-de-reflexion-sur-la-mutualisation-des-ressources-en-vue-de-contribuer-au-renforcement-de-laccessibilite-financiere-aux-traitements-a\/","og_locale":"fr_FR","og_type":"article","og_title":"Lutte contre le cancer : Le CNRAO a organis\u00e9 \u00e0 Abidjan un atelier de r\u00e9flexion sur la mutualisation des ressources en vue de contribuer au renforcement de l'accessibilit\u00e9 financi\u00e8re aux traitements anticanc\u00e9reux - Amanien| L&#039;actualit\u00e9 Ivoirienne et Internationale","og_description":"Dans sa volont\u00e9 de faire de la C\u00f4te d&rsquo;Ivoire un pays o\u00f9 le cancer n&rsquo;est plus un drame mais une maladie chronique, l&rsquo;\u00c9tat de C\u00f4te d&rsquo;Ivoire a, dans sa politique sociale \u00e0 travers la Pr\u00e9sidence de la R\u00e9publique et le Minist\u00e8re de la Sant\u00e9, de l&rsquo;Hgi\u00e8ne publique et de la Couverture Maladie, men\u00e9 plusieurs actions [&hellip;]","og_url":"https:\/\/www.amanien.info\/news\/lutte-contre-le-cancer-le-cnrao-a-organise-a-abidjan-un-atelier-de-reflexion-sur-la-mutualisation-des-ressources-en-vue-de-contribuer-au-renforcement-de-laccessibilite-financiere-aux-traitements-a\/","og_site_name":"Amanien| L&#039;actualit\u00e9 Ivoirienne et Internationale","article_published_time":"2021-07-03T17:41:01+00:00","article_modified_time":"2021-07-03T17:41:48+00:00","og_image":[{"width":1080,"height":720,"url":"https:\/\/www.amanien.info\/news\/wp-content\/uploads\/2021\/07\/thumbnail.jpg","type":"image\/jpeg"}],"author":"Germain Ndri","twitter_card":"summary_large_image","twitter_misc":{"\u00c9crit par":"Germain Ndri","Dur\u00e9e de lecture estim\u00e9e":"5 minutes"},"schema":{"@context":"https:\/\/schema.org","@graph":[{"@type":"Article","@id":"https:\/\/www.amanien.info\/news\/lutte-contre-le-cancer-le-cnrao-a-organise-a-abidjan-un-atelier-de-reflexion-sur-la-mutualisation-des-ressources-en-vue-de-contribuer-au-renforcement-de-laccessibilite-financiere-aux-traitements-a\/#article","isPartOf":{"@id":"https:\/\/www.amanien.info\/news\/lutte-contre-le-cancer-le-cnrao-a-organise-a-abidjan-un-atelier-de-reflexion-sur-la-mutualisation-des-ressources-en-vue-de-contribuer-au-renforcement-de-laccessibilite-financiere-aux-traitements-a\/"},"author":{"name":"Germain Ndri","@id":"https:\/\/www.amanien.info\/news\/#\/schema\/person\/b21093345753a1a98242d505bd894f42"},"headline":"Lutte contre le cancer : Le CNRAO a organis\u00e9 \u00e0 Abidjan un atelier de r\u00e9flexion sur la mutualisation des ressources en vue de contribuer au renforcement de l&rsquo;accessibilit\u00e9 financi\u00e8re aux traitements anticanc\u00e9reux","datePublished":"2021-07-03T17:41:01+00:00","dateModified":"2021-07-03T17:41:48+00:00","mainEntityOfPage":{"@id":"https:\/\/www.amanien.info\/news\/lutte-contre-le-cancer-le-cnrao-a-organise-a-abidjan-un-atelier-de-reflexion-sur-la-mutualisation-des-ressources-en-vue-de-contribuer-au-renforcement-de-laccessibilite-financiere-aux-traitements-a\/"},"wordCount":1083,"image":{"@id":"https:\/\/www.amanien.info\/news\/lutte-contre-le-cancer-le-cnrao-a-organise-a-abidjan-un-atelier-de-reflexion-sur-la-mutualisation-des-ressources-en-vue-de-contribuer-au-renforcement-de-laccessibilite-financiere-aux-traitements-a\/#primaryimage"},"thumbnailUrl":"https:\/\/www.amanien.info\/news\/wp-content\/uploads\/2021\/07\/thumbnail.jpg","inLanguage":"fr-FR"},{"@type":"WebPage","@id":"https:\/\/www.amanien.info\/news\/lutte-contre-le-cancer-le-cnrao-a-organise-a-abidjan-un-atelier-de-reflexion-sur-la-mutualisation-des-ressources-en-vue-de-contribuer-au-renforcement-de-laccessibilite-financiere-aux-traitements-a\/","url":"https:\/\/www.amanien.info\/news\/lutte-contre-le-cancer-le-cnrao-a-organise-a-abidjan-un-atelier-de-reflexion-sur-la-mutualisation-des-ressources-en-vue-de-contribuer-au-renforcement-de-laccessibilite-financiere-aux-traitements-a\/","name":"Lutte contre le cancer : Le CNRAO a organis\u00e9 \u00e0 Abidjan un atelier de r\u00e9flexion sur la mutualisation des ressources en vue de contribuer au renforcement de l'accessibilit\u00e9 financi\u00e8re aux traitements anticanc\u00e9reux - Amanien| L&#039;actualit\u00e9 Ivoirienne et Internationale","isPartOf":{"@id":"https:\/\/www.amanien.info\/news\/#website"},"primaryImageOfPage":{"@id":"https:\/\/www.amanien.info\/news\/lutte-contre-le-cancer-le-cnrao-a-organise-a-abidjan-un-atelier-de-reflexion-sur-la-mutualisation-des-ressources-en-vue-de-contribuer-au-renforcement-de-laccessibilite-financiere-aux-traitements-a\/#primaryimage"},"image":{"@id":"https:\/\/www.amanien.info\/news\/lutte-contre-le-cancer-le-cnrao-a-organise-a-abidjan-un-atelier-de-reflexion-sur-la-mutualisation-des-ressources-en-vue-de-contribuer-au-renforcement-de-laccessibilite-financiere-aux-traitements-a\/#primaryimage"},"thumbnailUrl":"https:\/\/www.amanien.info\/news\/wp-content\/uploads\/2021\/07\/thumbnail.jpg","datePublished":"2021-07-03T17:41:01+00:00","dateModified":"2021-07-03T17:41:48+00:00","author":{"@id":"https:\/\/www.amanien.info\/news\/#\/schema\/person\/b21093345753a1a98242d505bd894f42"},"breadcrumb":{"@id":"https:\/\/www.amanien.info\/news\/lutte-contre-le-cancer-le-cnrao-a-organise-a-abidjan-un-atelier-de-reflexion-sur-la-mutualisation-des-ressources-en-vue-de-contribuer-au-renforcement-de-laccessibilite-financiere-aux-traitements-a\/#breadcrumb"},"inLanguage":"fr-FR","potentialAction":[{"@type":"ReadAction","target":["https:\/\/www.amanien.info\/news\/lutte-contre-le-cancer-le-cnrao-a-organise-a-abidjan-un-atelier-de-reflexion-sur-la-mutualisation-des-ressources-en-vue-de-contribuer-au-renforcement-de-laccessibilite-financiere-aux-traitements-a\/"]}]},{"@type":"ImageObject","inLanguage":"fr-FR","@id":"https:\/\/www.amanien.info\/news\/lutte-contre-le-cancer-le-cnrao-a-organise-a-abidjan-un-atelier-de-reflexion-sur-la-mutualisation-des-ressources-en-vue-de-contribuer-au-renforcement-de-laccessibilite-financiere-aux-traitements-a\/#primaryimage","url":"https:\/\/www.amanien.info\/news\/wp-content\/uploads\/2021\/07\/thumbnail.jpg","contentUrl":"https:\/\/www.amanien.info\/news\/wp-content\/uploads\/2021\/07\/thumbnail.jpg","width":1080,"height":720},{"@type":"BreadcrumbList","@id":"https:\/\/www.amanien.info\/news\/lutte-contre-le-cancer-le-cnrao-a-organise-a-abidjan-un-atelier-de-reflexion-sur-la-mutualisation-des-ressources-en-vue-de-contribuer-au-renforcement-de-laccessibilite-financiere-aux-traitements-a\/#breadcrumb","itemListElement":[{"@type":"ListItem","position":1,"name":"Accueil","item":"https:\/\/www.amanien.info\/news\/"},{"@type":"ListItem","position":2,"name":"Lutte contre le cancer : Le CNRAO a organis\u00e9 \u00e0 Abidjan un atelier de r\u00e9flexion sur la mutualisation des ressources en vue de contribuer au renforcement de l&rsquo;accessibilit\u00e9 financi\u00e8re aux traitements anticanc\u00e9reux"}]},{"@type":"WebSite","@id":"https:\/\/www.amanien.info\/news\/#website","url":"https:\/\/www.amanien.info\/news\/","name":"Amanien| L&#039;actualit\u00e9 Ivoirienne et Internationale","description":"L&#039;actualit\u00e9 Ivoirienne et Internationale","potentialAction":[{"@type":"SearchAction","target":{"@type":"EntryPoint","urlTemplate":"https:\/\/www.amanien.info\/news\/?s={search_term_string}"},"query-input":{"@type":"PropertyValueSpecification","valueRequired":true,"valueName":"search_term_string"}}],"inLanguage":"fr-FR"},{"@type":"Person","@id":"https:\/\/www.amanien.info\/news\/#\/schema\/person\/b21093345753a1a98242d505bd894f42","name":"Germain Ndri","url":"https:\/\/www.amanien.info\/news\/author\/amanien-infos\/"}]}},"_links":{"self":[{"href":"https:\/\/www.amanien.info\/news\/wp-json\/wp\/v2\/posts\/2805","targetHints":{"allow":["GET"]}}],"collection":[{"href":"https:\/\/www.amanien.info\/news\/wp-json\/wp\/v2\/posts"}],"about":[{"href":"https:\/\/www.amanien.info\/news\/wp-json\/wp\/v2\/types\/post"}],"author":[{"embeddable":true,"href":"https:\/\/www.amanien.info\/news\/wp-json\/wp\/v2\/users\/2"}],"replies":[{"embeddable":true,"href":"https:\/\/www.amanien.info\/news\/wp-json\/wp\/v2\/comments?post=2805"}],"version-history":[{"count":1,"href":"https:\/\/www.amanien.info\/news\/wp-json\/wp\/v2\/posts\/2805\/revisions"}],"predecessor-version":[{"id":2807,"href":"https:\/\/www.amanien.info\/news\/wp-json\/wp\/v2\/posts\/2805\/revisions\/2807"}],"wp:featuredmedia":[{"embeddable":true,"href":"https:\/\/www.amanien.info\/news\/wp-json\/wp\/v2\/media\/2806"}],"wp:attachment":[{"href":"https:\/\/www.amanien.info\/news\/wp-json\/wp\/v2\/media?parent=2805"}],"wp:term":[{"taxonomy":"category","embeddable":true,"href":"https:\/\/www.amanien.info\/news\/wp-json\/wp\/v2\/categories?post=2805"},{"taxonomy":"post_tag","embeddable":true,"href":"https:\/\/www.amanien.info\/news\/wp-json\/wp\/v2\/tags?post=2805"}],"curies":[{"name":"wp","href":"https:\/\/api.w.org\/{rel}","templated":true}]}}