{"id":2774,"date":"2021-06-18T09:39:18","date_gmt":"2021-06-18T09:39:18","guid":{"rendered":"https:\/\/www.https:\/\/zozo.buyee.jp\/\/news\/?p=2774"},"modified":"2021-06-18T09:39:48","modified_gmt":"2021-06-18T09:39:48","slug":"sante-organisation-a-abidjan-de-la-premiere-edition-du-forum-des-metiers-de-la-pharmacie","status":"publish","type":"post","link":"https:\/\/www.amanien.info\/news\/sante-organisation-a-abidjan-de-la-premiere-edition-du-forum-des-metiers-de-la-pharmacie\/","title":{"rendered":"SANT\u00c9 : Organisation \u00e0 Abidjan de la premi\u00e8re \u00e9dition du Forum des m\u00e9tiers de la pharmacie"},"content":{"rendered":"<p>&lt;&lt; On se rend compte qu&rsquo;\u00e0 l&rsquo;issue de leurs \u00e9tudes en pharmacie, il y a \u00e9norm\u00e9ment d&rsquo;\u00e9tudiants qui ne savent m\u00eame pas o\u00f9 s&rsquo;orienter. C&rsquo;est pour r\u00e9pondre \u00e0 cette inqui\u00e9tude persistante qu&rsquo;on a d\u00e9cid\u00e9 d&rsquo;organiser le forum des m\u00e9tiers de la pharmacie. Et aussi expliquer au grand public ce qu&rsquo;est vraiment le m\u00e9tier de pharmacien&gt;&gt; a indiqu\u00e9 Kouadio Yao Kouadio Cheminard, Pr\u00e9sident de l&rsquo; Association des \u00c9tudiants en Pharmacie ( ADEPHARM) de C\u00f4te d&rsquo;Ivoire.<br \/>\nC&rsquo;\u00e9tait \u00e0 l&rsquo;issue du forum des m\u00e9tiers de la pharmacie organis\u00e9, ce samedi 12 juin 2021 \u00e0 l&rsquo;Unit\u00e9 de Formation et de Recherche (UFR) des Sciences Pharmaceutiques et Biologiques de l&rsquo;Universit\u00e9 FHB d&rsquo;Abidjan-Cocody.<\/p>\n<p>Selon le Pr\u00e9sident de l&rsquo;ADEPHARM, ce forum permet d&rsquo;expliquer au grand public que l&rsquo;officine de pharmacie n&rsquo;est pas le seul aspect de la profession pharmaceutique. Mais, dit-il, il en existe plusieurs.<\/p>\n<p>Repr\u00e9sentant le parrain de la c\u00e9r\u00e9monie, le Pr Zoulou C. de la nouvelle Pharmacie de la Sant\u00e9 Publique a indiqu\u00e9 que cette rencontre a permis de comprendre, d&rsquo;observer toutes les potentialit\u00e9s, les opportunit\u00e9s que peuvent embrasser les pharmaciens et aux \u00e9tudiants de comprendre qu&rsquo;ils ont beaucoup \u00e0 faire au niveau Pharmaceutique en C\u00f4te d&rsquo;Ivoire.<\/p>\n<p>Le Pr Zoulou C. a, au nom du parrain, rassur\u00e9 les \u00e9tudiants de son apport et de son soutien pour tout ce qu&rsquo;il aura \u00e0 faire pour que les \u00e9tudiants puissent pr\u00e9tendre ou montrer \u00e0 tout le monde une Pharmacie noble et une pharmacie qui lutte contre la rupture de stocks, les pertes de m\u00e9dicaments.<br \/>\n&lt;&lt; Le Pr Yapi nous a mandat\u00e9 de communiquer \u00e0 l&rsquo;effet de tous ces \u00e9tudiants et sa volont\u00e9 de pouvoir assurer \u00e0 ces \u00e9tudiants sa ferme conviction que nous, jeunes ivoiriens \u00e9tudiants de la facult\u00e9 de Pharmacie, pouvons relever les d\u00e9fis de la disponibilit\u00e9, d&rsquo;accessibilit\u00e9 des m\u00e9dicaments&gt;&gt; a-t-il ajout\u00e9.<\/p>\n<p>Avant d&rsquo;inviter les \u00e9tudiants en pharmacie d&rsquo;avoir le sens de la vision ( savoir o\u00f9 est-ce qu&rsquo;ils veulent aller), \u00e0 la loyaut\u00e9 face \u00e0 leurs responsables administratifs et hi\u00e9rarchiques et surtout le sens du service qui d\u00e9termine tout leur engagement \u00e0 pouvoir remplir leur profession.<\/p>\n<p>Le Pr N&rsquo;Guessan Iri\u00e9 Genevi\u00e8ve, Vice-Doyen Charg\u00e9 de la P\u00e9dagogie \u00e0 l&rsquo;UFR des Sciences Pharmaceutiques et Biologiques a, pour sa part, montr\u00e9 les diff\u00e9rentes \u00e9tapes \u00e0 franchir pour pouvoir \u00eatre enseignant en Sciences Pharmaceutiques et Biologiques.<\/p>\n<p>A en croire le Pr N&rsquo;Guessan Iri\u00e9 Genevi\u00e8ve, ces diff\u00e9rentes \u00e9tapes sont assez longues mais, dit-elle, \u00ab\u00a0demandent de la passion et de l&rsquo;endurance\u00a0\u00bb.<\/p>\n<p>Elle a, par ailleurs, soulign\u00e9 qu&rsquo;il y a des disciplines qui ne b\u00e9n\u00e9ficient pas d&rsquo;enseignants pharmaciens, notamment la botanique, la physiologie v\u00e9g\u00e9tale, la physiologie humaine, l&rsquo;informatique m\u00e9dicale, etc.<\/p>\n<p>C&rsquo;est pourquoi, le Pr Zoulou a f\u00e9licit\u00e9 l&rsquo;UFR des Sciences Pharmaceutiques et Biologiques qui a permis la passerelle entre les enseignants et les entreprises en prenant des enseignants vacataires pour assurer certains cours et \u00e0 travers \u00e9galement des masters qui sont r\u00e9alis\u00e9s.<\/p>\n<p>Notons que le forum des m\u00e9tiers de la pharmacie a \u00e9t\u00e9 meubl\u00e9 par une table ronde, des \u00e9changes, des d\u00e9bats, des conf\u00e9rences sur des th\u00e8mes tr\u00e8s enrichissants et instructifs.<\/p>\n<p>Le pr\u00e9sident de l&rsquo;ADEPHARM a annonc\u00e9 l&rsquo;organisation d&rsquo;autres fora plus larges (dans toutes les UFR) au cours desquels le m\u00e9tier de pharmacien sera expliqu\u00e9.<\/p>\n<p>Pour rappel, l&rsquo;association des \u00e9tudiants en pharmacie de C\u00f4te d&rsquo;Ivoire a \u00e9t\u00e9 cr\u00e9\u00e9e en 1995 et comprend aujourd&rsquo;hui plus de 400 membres.<\/p>\n<p>&nbsp;<\/p>\n<p>S.A.<\/p>\n","protected":false},"excerpt":{"rendered":"<p>&lt;&lt; On se rend compte qu&rsquo;\u00e0 l&rsquo;issue de leurs \u00e9tudes en pharmacie, il y a \u00e9norm\u00e9ment d&rsquo;\u00e9tudiants qui ne savent m\u00eame pas o\u00f9 s&rsquo;orienter. C&rsquo;est pour r\u00e9pondre \u00e0 cette inqui\u00e9tude persistante qu&rsquo;on a d\u00e9cid\u00e9 d&rsquo;organiser le forum des m\u00e9tiers de la pharmacie. Et aussi expliquer au grand public ce qu&rsquo;est vraiment le m\u00e9tier de pharmacien&gt;&gt; [&hellip;]<\/p>\n","protected":false},"author":2,"featured_media":2775,"comment_status":"closed","ping_status":"closed","sticky":true,"template":"","format":"standard","meta":{"_acf_changed":false,"footnotes":""},"categories":[],"tags":[],"class_list":["post-2774","post","type-post","status-publish","format-standard","has-post-thumbnail","hentry"],"acf":[],"yoast_head":"<!-- This site is optimized with the Yoast SEO plugin v27.5 - https:\/\/yoast.com\/product\/yoast-seo-wordpress\/ -->\n<title>SANT\u00c9 : Organisation \u00e0 Abidjan de la premi\u00e8re \u00e9dition du Forum des m\u00e9tiers de la pharmacie - Amanien| L&#039;actualit\u00e9 Ivoirienne et Internationale<\/title>\n<meta name=\"robots\" content=\"index, follow, max-snippet:-1, max-image-preview:large, max-video-preview:-1\" \/>\n<link rel=\"canonical\" href=\"https:\/\/www.amanien.info\/news\/sante-organisation-a-abidjan-de-la-premiere-edition-du-forum-des-metiers-de-la-pharmacie\/\" \/>\n<meta property=\"og:locale\" content=\"fr_FR\" \/>\n<meta property=\"og:type\" content=\"article\" \/>\n<meta property=\"og:title\" content=\"SANT\u00c9 : Organisation \u00e0 Abidjan de la premi\u00e8re \u00e9dition du Forum des m\u00e9tiers de la pharmacie - Amanien| L&#039;actualit\u00e9 Ivoirienne et Internationale\" \/>\n<meta property=\"og:description\" content=\"&lt;&lt; On se rend compte qu&rsquo;\u00e0 l&rsquo;issue de leurs \u00e9tudes en pharmacie, il y a \u00e9norm\u00e9ment d&rsquo;\u00e9tudiants qui ne savent m\u00eame pas o\u00f9 s&rsquo;orienter. C&rsquo;est pour r\u00e9pondre \u00e0 cette inqui\u00e9tude persistante qu&rsquo;on a d\u00e9cid\u00e9 d&rsquo;organiser le forum des m\u00e9tiers de la pharmacie. Et aussi expliquer au grand public ce qu&rsquo;est vraiment le m\u00e9tier de pharmacien&gt;&gt; [&hellip;]\" \/>\n<meta property=\"og:url\" content=\"https:\/\/www.amanien.info\/news\/sante-organisation-a-abidjan-de-la-premiere-edition-du-forum-des-metiers-de-la-pharmacie\/\" \/>\n<meta property=\"og:site_name\" content=\"Amanien| L&#039;actualit\u00e9 Ivoirienne et Internationale\" \/>\n<meta property=\"article:published_time\" content=\"2021-06-18T09:39:18+00:00\" \/>\n<meta property=\"article:modified_time\" content=\"2021-06-18T09:39:48+00:00\" \/>\n<meta property=\"og:image\" content=\"https:\/\/www.amanien.info\/news\/wp-content\/uploads\/2021\/06\/thumbnail-11.jpg\" \/>\n\t<meta property=\"og:image:width\" content=\"1080\" \/>\n\t<meta property=\"og:image:height\" content=\"810\" \/>\n\t<meta property=\"og:image:type\" content=\"image\/jpeg\" \/>\n<meta name=\"author\" content=\"Germain Ndri\" \/>\n<meta name=\"twitter:card\" content=\"summary_large_image\" \/>\n<meta name=\"twitter:label1\" content=\"\u00c9crit par\" \/>\n\t<meta name=\"twitter:data1\" content=\"Germain Ndri\" \/>\n\t<meta name=\"twitter:label2\" content=\"Dur\u00e9e de lecture estim\u00e9e\" \/>\n\t<meta name=\"twitter:data2\" content=\"3 minutes\" \/>\n<script type=\"application\/ld+json\" class=\"yoast-schema-graph\">{\"@context\":\"https:\\\/\\\/schema.org\",\"@graph\":[{\"@type\":\"Article\",\"@id\":\"https:\\\/\\\/www.amanien.info\\\/news\\\/sante-organisation-a-abidjan-de-la-premiere-edition-du-forum-des-metiers-de-la-pharmacie\\\/#article\",\"isPartOf\":{\"@id\":\"https:\\\/\\\/www.amanien.info\\\/news\\\/sante-organisation-a-abidjan-de-la-premiere-edition-du-forum-des-metiers-de-la-pharmacie\\\/\"},\"author\":{\"name\":\"Germain Ndri\",\"@id\":\"https:\\\/\\\/www.amanien.info\\\/news\\\/#\\\/schema\\\/person\\\/b21093345753a1a98242d505bd894f42\"},\"headline\":\"SANT\u00c9 : Organisation \u00e0 Abidjan de la premi\u00e8re \u00e9dition du Forum des m\u00e9tiers de la pharmacie\",\"datePublished\":\"2021-06-18T09:39:18+00:00\",\"dateModified\":\"2021-06-18T09:39:48+00:00\",\"mainEntityOfPage\":{\"@id\":\"https:\\\/\\\/www.amanien.info\\\/news\\\/sante-organisation-a-abidjan-de-la-premiere-edition-du-forum-des-metiers-de-la-pharmacie\\\/\"},\"wordCount\":636,\"image\":{\"@id\":\"https:\\\/\\\/www.amanien.info\\\/news\\\/sante-organisation-a-abidjan-de-la-premiere-edition-du-forum-des-metiers-de-la-pharmacie\\\/#primaryimage\"},\"thumbnailUrl\":\"https:\\\/\\\/www.amanien.info\\\/news\\\/wp-content\\\/uploads\\\/2021\\\/06\\\/thumbnail-11.jpg\",\"inLanguage\":\"fr-FR\"},{\"@type\":\"WebPage\",\"@id\":\"https:\\\/\\\/www.amanien.info\\\/news\\\/sante-organisation-a-abidjan-de-la-premiere-edition-du-forum-des-metiers-de-la-pharmacie\\\/\",\"url\":\"https:\\\/\\\/www.amanien.info\\\/news\\\/sante-organisation-a-abidjan-de-la-premiere-edition-du-forum-des-metiers-de-la-pharmacie\\\/\",\"name\":\"SANT\u00c9 : Organisation \u00e0 Abidjan de la premi\u00e8re \u00e9dition du Forum des m\u00e9tiers de la pharmacie - Amanien| L&#039;actualit\u00e9 Ivoirienne et Internationale\",\"isPartOf\":{\"@id\":\"https:\\\/\\\/www.amanien.info\\\/news\\\/#website\"},\"primaryImageOfPage\":{\"@id\":\"https:\\\/\\\/www.amanien.info\\\/news\\\/sante-organisation-a-abidjan-de-la-premiere-edition-du-forum-des-metiers-de-la-pharmacie\\\/#primaryimage\"},\"image\":{\"@id\":\"https:\\\/\\\/www.amanien.info\\\/news\\\/sante-organisation-a-abidjan-de-la-premiere-edition-du-forum-des-metiers-de-la-pharmacie\\\/#primaryimage\"},\"thumbnailUrl\":\"https:\\\/\\\/www.amanien.info\\\/news\\\/wp-content\\\/uploads\\\/2021\\\/06\\\/thumbnail-11.jpg\",\"datePublished\":\"2021-06-18T09:39:18+00:00\",\"dateModified\":\"2021-06-18T09:39:48+00:00\",\"author\":{\"@id\":\"https:\\\/\\\/www.amanien.info\\\/news\\\/#\\\/schema\\\/person\\\/b21093345753a1a98242d505bd894f42\"},\"breadcrumb\":{\"@id\":\"https:\\\/\\\/www.amanien.info\\\/news\\\/sante-organisation-a-abidjan-de-la-premiere-edition-du-forum-des-metiers-de-la-pharmacie\\\/#breadcrumb\"},\"inLanguage\":\"fr-FR\",\"potentialAction\":[{\"@type\":\"ReadAction\",\"target\":[\"https:\\\/\\\/www.amanien.info\\\/news\\\/sante-organisation-a-abidjan-de-la-premiere-edition-du-forum-des-metiers-de-la-pharmacie\\\/\"]}]},{\"@type\":\"ImageObject\",\"inLanguage\":\"fr-FR\",\"@id\":\"https:\\\/\\\/www.amanien.info\\\/news\\\/sante-organisation-a-abidjan-de-la-premiere-edition-du-forum-des-metiers-de-la-pharmacie\\\/#primaryimage\",\"url\":\"https:\\\/\\\/www.amanien.info\\\/news\\\/wp-content\\\/uploads\\\/2021\\\/06\\\/thumbnail-11.jpg\",\"contentUrl\":\"https:\\\/\\\/www.amanien.info\\\/news\\\/wp-content\\\/uploads\\\/2021\\\/06\\\/thumbnail-11.jpg\",\"width\":1080,\"height\":810},{\"@type\":\"BreadcrumbList\",\"@id\":\"https:\\\/\\\/www.amanien.info\\\/news\\\/sante-organisation-a-abidjan-de-la-premiere-edition-du-forum-des-metiers-de-la-pharmacie\\\/#breadcrumb\",\"itemListElement\":[{\"@type\":\"ListItem\",\"position\":1,\"name\":\"Accueil\",\"item\":\"https:\\\/\\\/www.amanien.info\\\/news\\\/\"},{\"@type\":\"ListItem\",\"position\":2,\"name\":\"SANT\u00c9 : Organisation \u00e0 Abidjan de la premi\u00e8re \u00e9dition du Forum des m\u00e9tiers de la pharmacie\"}]},{\"@type\":\"WebSite\",\"@id\":\"https:\\\/\\\/www.amanien.info\\\/news\\\/#website\",\"url\":\"https:\\\/\\\/www.amanien.info\\\/news\\\/\",\"name\":\"Amanien| L&#039;actualit\u00e9 Ivoirienne et Internationale\",\"description\":\"L&#039;actualit\u00e9 Ivoirienne et Internationale\",\"potentialAction\":[{\"@type\":\"SearchAction\",\"target\":{\"@type\":\"EntryPoint\",\"urlTemplate\":\"https:\\\/\\\/www.amanien.info\\\/news\\\/?s={search_term_string}\"},\"query-input\":{\"@type\":\"PropertyValueSpecification\",\"valueRequired\":true,\"valueName\":\"search_term_string\"}}],\"inLanguage\":\"fr-FR\"},{\"@type\":\"Person\",\"@id\":\"https:\\\/\\\/www.amanien.info\\\/news\\\/#\\\/schema\\\/person\\\/b21093345753a1a98242d505bd894f42\",\"name\":\"Germain Ndri\",\"url\":\"https:\\\/\\\/www.amanien.info\\\/news\\\/author\\\/amanien-infos\\\/\"}]}<\/script>\n<!-- \/ Yoast SEO plugin. -->","yoast_head_json":{"title":"SANT\u00c9 : Organisation \u00e0 Abidjan de la premi\u00e8re \u00e9dition du Forum des m\u00e9tiers de la pharmacie - Amanien| L&#039;actualit\u00e9 Ivoirienne et Internationale","robots":{"index":"index","follow":"follow","max-snippet":"max-snippet:-1","max-image-preview":"max-image-preview:large","max-video-preview":"max-video-preview:-1"},"canonical":"https:\/\/www.amanien.info\/news\/sante-organisation-a-abidjan-de-la-premiere-edition-du-forum-des-metiers-de-la-pharmacie\/","og_locale":"fr_FR","og_type":"article","og_title":"SANT\u00c9 : Organisation \u00e0 Abidjan de la premi\u00e8re \u00e9dition du Forum des m\u00e9tiers de la pharmacie - Amanien| L&#039;actualit\u00e9 Ivoirienne et Internationale","og_description":"&lt;&lt; On se rend compte qu&rsquo;\u00e0 l&rsquo;issue de leurs \u00e9tudes en pharmacie, il y a \u00e9norm\u00e9ment d&rsquo;\u00e9tudiants qui ne savent m\u00eame pas o\u00f9 s&rsquo;orienter. C&rsquo;est pour r\u00e9pondre \u00e0 cette inqui\u00e9tude persistante qu&rsquo;on a d\u00e9cid\u00e9 d&rsquo;organiser le forum des m\u00e9tiers de la pharmacie. Et aussi expliquer au grand public ce qu&rsquo;est vraiment le m\u00e9tier de pharmacien&gt;&gt; [&hellip;]","og_url":"https:\/\/www.amanien.info\/news\/sante-organisation-a-abidjan-de-la-premiere-edition-du-forum-des-metiers-de-la-pharmacie\/","og_site_name":"Amanien| L&#039;actualit\u00e9 Ivoirienne et Internationale","article_published_time":"2021-06-18T09:39:18+00:00","article_modified_time":"2021-06-18T09:39:48+00:00","og_image":[{"width":1080,"height":810,"url":"https:\/\/www.amanien.info\/news\/wp-content\/uploads\/2021\/06\/thumbnail-11.jpg","type":"image\/jpeg"}],"author":"Germain Ndri","twitter_card":"summary_large_image","twitter_misc":{"\u00c9crit par":"Germain Ndri","Dur\u00e9e de lecture estim\u00e9e":"3 minutes"},"schema":{"@context":"https:\/\/schema.org","@graph":[{"@type":"Article","@id":"https:\/\/www.amanien.info\/news\/sante-organisation-a-abidjan-de-la-premiere-edition-du-forum-des-metiers-de-la-pharmacie\/#article","isPartOf":{"@id":"https:\/\/www.amanien.info\/news\/sante-organisation-a-abidjan-de-la-premiere-edition-du-forum-des-metiers-de-la-pharmacie\/"},"author":{"name":"Germain Ndri","@id":"https:\/\/www.amanien.info\/news\/#\/schema\/person\/b21093345753a1a98242d505bd894f42"},"headline":"SANT\u00c9 : Organisation \u00e0 Abidjan de la premi\u00e8re \u00e9dition du Forum des m\u00e9tiers de la pharmacie","datePublished":"2021-06-18T09:39:18+00:00","dateModified":"2021-06-18T09:39:48+00:00","mainEntityOfPage":{"@id":"https:\/\/www.amanien.info\/news\/sante-organisation-a-abidjan-de-la-premiere-edition-du-forum-des-metiers-de-la-pharmacie\/"},"wordCount":636,"image":{"@id":"https:\/\/www.amanien.info\/news\/sante-organisation-a-abidjan-de-la-premiere-edition-du-forum-des-metiers-de-la-pharmacie\/#primaryimage"},"thumbnailUrl":"https:\/\/www.amanien.info\/news\/wp-content\/uploads\/2021\/06\/thumbnail-11.jpg","inLanguage":"fr-FR"},{"@type":"WebPage","@id":"https:\/\/www.amanien.info\/news\/sante-organisation-a-abidjan-de-la-premiere-edition-du-forum-des-metiers-de-la-pharmacie\/","url":"https:\/\/www.amanien.info\/news\/sante-organisation-a-abidjan-de-la-premiere-edition-du-forum-des-metiers-de-la-pharmacie\/","name":"SANT\u00c9 : Organisation \u00e0 Abidjan de la premi\u00e8re \u00e9dition du Forum des m\u00e9tiers de la pharmacie - Amanien| L&#039;actualit\u00e9 Ivoirienne et Internationale","isPartOf":{"@id":"https:\/\/www.amanien.info\/news\/#website"},"primaryImageOfPage":{"@id":"https:\/\/www.amanien.info\/news\/sante-organisation-a-abidjan-de-la-premiere-edition-du-forum-des-metiers-de-la-pharmacie\/#primaryimage"},"image":{"@id":"https:\/\/www.amanien.info\/news\/sante-organisation-a-abidjan-de-la-premiere-edition-du-forum-des-metiers-de-la-pharmacie\/#primaryimage"},"thumbnailUrl":"https:\/\/www.amanien.info\/news\/wp-content\/uploads\/2021\/06\/thumbnail-11.jpg","datePublished":"2021-06-18T09:39:18+00:00","dateModified":"2021-06-18T09:39:48+00:00","author":{"@id":"https:\/\/www.amanien.info\/news\/#\/schema\/person\/b21093345753a1a98242d505bd894f42"},"breadcrumb":{"@id":"https:\/\/www.amanien.info\/news\/sante-organisation-a-abidjan-de-la-premiere-edition-du-forum-des-metiers-de-la-pharmacie\/#breadcrumb"},"inLanguage":"fr-FR","potentialAction":[{"@type":"ReadAction","target":["https:\/\/www.amanien.info\/news\/sante-organisation-a-abidjan-de-la-premiere-edition-du-forum-des-metiers-de-la-pharmacie\/"]}]},{"@type":"ImageObject","inLanguage":"fr-FR","@id":"https:\/\/www.amanien.info\/news\/sante-organisation-a-abidjan-de-la-premiere-edition-du-forum-des-metiers-de-la-pharmacie\/#primaryimage","url":"https:\/\/www.amanien.info\/news\/wp-content\/uploads\/2021\/06\/thumbnail-11.jpg","contentUrl":"https:\/\/www.amanien.info\/news\/wp-content\/uploads\/2021\/06\/thumbnail-11.jpg","width":1080,"height":810},{"@type":"BreadcrumbList","@id":"https:\/\/www.amanien.info\/news\/sante-organisation-a-abidjan-de-la-premiere-edition-du-forum-des-metiers-de-la-pharmacie\/#breadcrumb","itemListElement":[{"@type":"ListItem","position":1,"name":"Accueil","item":"https:\/\/www.amanien.info\/news\/"},{"@type":"ListItem","position":2,"name":"SANT\u00c9 : Organisation \u00e0 Abidjan de la premi\u00e8re \u00e9dition du Forum des m\u00e9tiers de la pharmacie"}]},{"@type":"WebSite","@id":"https:\/\/www.amanien.info\/news\/#website","url":"https:\/\/www.amanien.info\/news\/","name":"Amanien| L&#039;actualit\u00e9 Ivoirienne et Internationale","description":"L&#039;actualit\u00e9 Ivoirienne et Internationale","potentialAction":[{"@type":"SearchAction","target":{"@type":"EntryPoint","urlTemplate":"https:\/\/www.amanien.info\/news\/?s={search_term_string}"},"query-input":{"@type":"PropertyValueSpecification","valueRequired":true,"valueName":"search_term_string"}}],"inLanguage":"fr-FR"},{"@type":"Person","@id":"https:\/\/www.amanien.info\/news\/#\/schema\/person\/b21093345753a1a98242d505bd894f42","name":"Germain Ndri","url":"https:\/\/www.amanien.info\/news\/author\/amanien-infos\/"}]}},"_links":{"self":[{"href":"https:\/\/www.amanien.info\/news\/wp-json\/wp\/v2\/posts\/2774","targetHints":{"allow":["GET"]}}],"collection":[{"href":"https:\/\/www.amanien.info\/news\/wp-json\/wp\/v2\/posts"}],"about":[{"href":"https:\/\/www.amanien.info\/news\/wp-json\/wp\/v2\/types\/post"}],"author":[{"embeddable":true,"href":"https:\/\/www.amanien.info\/news\/wp-json\/wp\/v2\/users\/2"}],"replies":[{"embeddable":true,"href":"https:\/\/www.amanien.info\/news\/wp-json\/wp\/v2\/comments?post=2774"}],"version-history":[{"count":0,"href":"https:\/\/www.amanien.info\/news\/wp-json\/wp\/v2\/posts\/2774\/revisions"}],"wp:featuredmedia":[{"embeddable":true,"href":"https:\/\/www.amanien.info\/news\/wp-json\/wp\/v2\/media\/2775"}],"wp:attachment":[{"href":"https:\/\/www.amanien.info\/news\/wp-json\/wp\/v2\/media?parent=2774"}],"wp:term":[{"taxonomy":"category","embeddable":true,"href":"https:\/\/www.amanien.info\/news\/wp-json\/wp\/v2\/categories?post=2774"},{"taxonomy":"post_tag","embeddable":true,"href":"https:\/\/www.amanien.info\/news\/wp-json\/wp\/v2\/tags?post=2774"}],"curies":[{"name":"wp","href":"https:\/\/api.w.org\/{rel}","templated":true}]}}