{"id":2769,"date":"2021-06-11T19:05:12","date_gmt":"2021-06-11T19:05:12","guid":{"rendered":"https:\/\/www.https:\/\/zozo.buyee.jp\/\/news\/?p=2769"},"modified":"2021-06-11T19:05:41","modified_gmt":"2021-06-11T19:05:41","slug":"abidjan-abritera-le-premier-sommet-de-lindependance-financiere-africaine-les-09-et-10-juillet-2021","status":"publish","type":"post","link":"https:\/\/www.amanien.info\/news\/abidjan-abritera-le-premier-sommet-de-lindependance-financiere-africaine-les-09-et-10-juillet-2021\/","title":{"rendered":"Abidjan abritera le premier sommet de l&rsquo;ind\u00e9pendance financi\u00e8re Africaine les 09 et 10 juillet 2021"},"content":{"rendered":"<p>&lt;&lt; Devenez finan\u00e7able&gt;&gt;. Tel est le th\u00e8me principal du premier Sommet de l&rsquo;Ind\u00e9pendance Financi\u00e8re Africaine (SIFA) qui se tiendra du 09 au 10 juillet prochain \u00e0 l&rsquo;Espace Latrille \u00c9vent d&rsquo;Abidjan-Cocody.<br \/>\nL&rsquo;information a \u00e9t\u00e9 donn\u00e9e, ce jeudi 10 juin lors d&rsquo;une conf\u00e9rence de presse \u00e0 Cocody, par le Commissaire G\u00e9n\u00e9ral du SIFA, M. Yann Amon qui avait \u00e0 ses c\u00f4t\u00e9s, Mme Tatiana ZOUZOU, Directrice de WECANDA ACADEMY et Mlle Sonia Deh GOZE, Pr\u00e9sidente du Comit\u00e9 d&rsquo;Organisation du SIFA.<\/p>\n<p>En organisant ce prestigieux \u00e9v\u00e9nement, l&rsquo;objectif principal de l&rsquo;entreprise RECREATION, est de faire du SIFA, une plateforme majeure de promotion de l&rsquo;ind\u00e9pendance financi\u00e8re et des acteurs du monde de la Finance Africaine d&rsquo;une part et de l&rsquo;\u00e9ducation financi\u00e8re d&rsquo;autre part.<\/p>\n<p>Des ateliers pratiques ainsi que des livres et contenus riches permettront de diffuser de fa\u00e7on efficace les notions et base de l&rsquo;\u00e9ducation financi\u00e8re pendant l&rsquo;\u00e9v\u00e9nement et plusieurs mois apr\u00e8s l&rsquo;\u00e9v\u00e9nement.<\/p>\n<p>Les panels de haut niveau permettront de faire l&rsquo;\u00e9tat des lieux des grandes politiques publiques et priv\u00e9es et de faire conna\u00eetre les strat\u00e9gies tant au niveau macro\u00e9conomique qu&rsquo;au niveau micro\u00e9conomique.<\/p>\n<p>D&rsquo;entr\u00e9e de jeu, le Commissaire G\u00e9n\u00e9ral du sommet, Yann Amon a pr\u00e9cis\u00e9 que cet \u00e9v\u00e9nement concerne tout le monde.<br \/>\n&lt;&lt; Le Sommet de l&rsquo;Ind\u00e9pendance Financi\u00e8re Africaine ne s&rsquo;adresse pas qu&rsquo;aux entrepreneurs. Il s&rsquo;adresse \u00e0 toutes les personnes, en g\u00e9n\u00e9ral. Cet \u00e9v\u00e9nement concerne les journalistes, les salari\u00e9s, les sportifs&gt;&gt; a pr\u00e9cis\u00e9 l&rsquo;Entrepreneur Yann Amon. Tout est indiquant que l&rsquo;ind\u00e9pendance financi\u00e8re est un enjeu national et international.<\/p>\n<p>Aussi a-t-il expliqu\u00e9 le choix du th\u00e8me principal du SIFA, qu&rsquo;est \u00ab\u00a0Devenez finan\u00e7able\u00a0\u00bb.<br \/>\n&lt;&lt; Beaucoup de personnes n&rsquo;organisent pas des \u00e9v\u00e8nements, ne cr\u00e9ent pas leurs entreprises parce qu&rsquo;elles ne sont pas finan\u00e7ables. Beaucoup d&rsquo;entreprises ne deviennent pas des entreprises qui valent un Chiffre d&rsquo;Affaires de 100 millions, 1 milliard, 50 milliards, 100 milliards parce qu&rsquo;elles ne comprennent pas le principe de la finance. Donc devenir finan\u00e7able est un enjeu. Il faut comprendre les principes bancaires, les principes du monde de la finance, l&rsquo;autofinancement. C&rsquo;est \u00e0 \u00e7a que r\u00e9pond le th\u00e8me de cet \u00e9v\u00e9nement&gt;&gt; a fait savoir l&rsquo;Entrepreneur Yann Amon.<\/p>\n<p>Cela veut dire qu&rsquo;au sortir du SIFA, dit-il, \u00ab\u00a0on veut que tous les participants aient suffisamment compris, enclench\u00e9 un r\u00e9glage pour devenir finan\u00e7able\u00a0\u00bb.<\/p>\n<p>Il a, par ailleurs, profit\u00e9 de cette occasion pour r\u00e9it\u00e9rer ses remerciements \u00e0 toutes les sommit\u00e9s, les personnalit\u00e9s qui ont voulu accompagner cet \u00e9v\u00e9nement et invit\u00e9 les populations, en particulier, les jeunes \u00e0 venir y prendre part massivement.<\/p>\n<p>Il convient de pr\u00e9ciser que l&rsquo;acc\u00e8s au SIFA est payant ( 10.000 F le pass simple et 25.000 F le pass VIP), plus 2 formations en bonus.<\/p>\n<p>Des conf\u00e9renciers de taille venant des pays Africains seront de la partie. A savoir, le Dr Claudel NOUBISSIE du Cameroun, Amina Habib de la Mauritanie, Ricardo KANIAMA de la RDC, sans oublier l&rsquo;Ivoirien Yann Amon, le Commissaire G\u00e9n\u00e9ral dudit sommet.<\/p>\n<p>Parrain\u00e9 par le Ministre ivoirien en charge de l&rsquo;\u00e9conomie et des finances, Adama Coulibaly, le premier Sommet de l&rsquo;Ind\u00e9pendance Financi\u00e8re Africaine ( SIFA) verra la participation de 1000 personnes ( le premier jour) et 1000 personnes ( le deuxi\u00e8me jour).<\/p>\n<p>&nbsp;<\/p>\n<p>S.A.<\/p>\n<p>&nbsp;<\/p>\n","protected":false},"excerpt":{"rendered":"<p>&lt;&lt; Devenez finan\u00e7able&gt;&gt;. Tel est le th\u00e8me principal du premier Sommet de l&rsquo;Ind\u00e9pendance Financi\u00e8re Africaine (SIFA) qui se tiendra du 09 au 10 juillet prochain \u00e0 l&rsquo;Espace Latrille \u00c9vent d&rsquo;Abidjan-Cocody. L&rsquo;information a \u00e9t\u00e9 donn\u00e9e, ce jeudi 10 juin lors d&rsquo;une conf\u00e9rence de presse \u00e0 Cocody, par le Commissaire G\u00e9n\u00e9ral du SIFA, M. Yann Amon qui [&hellip;]<\/p>\n","protected":false},"author":2,"featured_media":2770,"comment_status":"closed","ping_status":"closed","sticky":true,"template":"","format":"standard","meta":{"_acf_changed":false,"footnotes":""},"categories":[],"tags":[],"class_list":["post-2769","post","type-post","status-publish","format-standard","has-post-thumbnail","hentry"],"acf":[],"yoast_head":"<!-- This site is optimized with the Yoast SEO plugin v27.5 - https:\/\/yoast.com\/product\/yoast-seo-wordpress\/ -->\n<title>Abidjan abritera le premier sommet de l&#039;ind\u00e9pendance financi\u00e8re Africaine les 09 et 10 juillet 2021 - Amanien| L&#039;actualit\u00e9 Ivoirienne et Internationale<\/title>\n<meta name=\"robots\" content=\"index, follow, max-snippet:-1, max-image-preview:large, max-video-preview:-1\" \/>\n<link rel=\"canonical\" href=\"https:\/\/www.amanien.info\/news\/abidjan-abritera-le-premier-sommet-de-lindependance-financiere-africaine-les-09-et-10-juillet-2021\/\" \/>\n<meta property=\"og:locale\" content=\"fr_FR\" \/>\n<meta property=\"og:type\" content=\"article\" \/>\n<meta property=\"og:title\" content=\"Abidjan abritera le premier sommet de l&#039;ind\u00e9pendance financi\u00e8re Africaine les 09 et 10 juillet 2021 - Amanien| L&#039;actualit\u00e9 Ivoirienne et Internationale\" \/>\n<meta property=\"og:description\" content=\"&lt;&lt; Devenez finan\u00e7able&gt;&gt;. Tel est le th\u00e8me principal du premier Sommet de l&rsquo;Ind\u00e9pendance Financi\u00e8re Africaine (SIFA) qui se tiendra du 09 au 10 juillet prochain \u00e0 l&rsquo;Espace Latrille \u00c9vent d&rsquo;Abidjan-Cocody. L&rsquo;information a \u00e9t\u00e9 donn\u00e9e, ce jeudi 10 juin lors d&rsquo;une conf\u00e9rence de presse \u00e0 Cocody, par le Commissaire G\u00e9n\u00e9ral du SIFA, M. Yann Amon qui [&hellip;]\" \/>\n<meta property=\"og:url\" content=\"https:\/\/www.amanien.info\/news\/abidjan-abritera-le-premier-sommet-de-lindependance-financiere-africaine-les-09-et-10-juillet-2021\/\" \/>\n<meta property=\"og:site_name\" content=\"Amanien| L&#039;actualit\u00e9 Ivoirienne et Internationale\" \/>\n<meta property=\"article:published_time\" content=\"2021-06-11T19:05:12+00:00\" \/>\n<meta property=\"article:modified_time\" content=\"2021-06-11T19:05:41+00:00\" \/>\n<meta property=\"og:image\" content=\"https:\/\/www.amanien.info\/news\/wp-content\/uploads\/2021\/06\/thumbnail-10.jpg\" \/>\n\t<meta property=\"og:image:width\" content=\"1080\" \/>\n\t<meta property=\"og:image:height\" content=\"810\" \/>\n\t<meta property=\"og:image:type\" content=\"image\/jpeg\" \/>\n<meta name=\"author\" content=\"Germain Ndri\" \/>\n<meta name=\"twitter:card\" content=\"summary_large_image\" \/>\n<meta name=\"twitter:label1\" content=\"\u00c9crit par\" \/>\n\t<meta name=\"twitter:data1\" content=\"Germain Ndri\" \/>\n\t<meta name=\"twitter:label2\" content=\"Dur\u00e9e de lecture estim\u00e9e\" \/>\n\t<meta name=\"twitter:data2\" content=\"3 minutes\" \/>\n<script type=\"application\/ld+json\" class=\"yoast-schema-graph\">{\"@context\":\"https:\\\/\\\/schema.org\",\"@graph\":[{\"@type\":\"Article\",\"@id\":\"https:\\\/\\\/www.amanien.info\\\/news\\\/abidjan-abritera-le-premier-sommet-de-lindependance-financiere-africaine-les-09-et-10-juillet-2021\\\/#article\",\"isPartOf\":{\"@id\":\"https:\\\/\\\/www.amanien.info\\\/news\\\/abidjan-abritera-le-premier-sommet-de-lindependance-financiere-africaine-les-09-et-10-juillet-2021\\\/\"},\"author\":{\"name\":\"Germain Ndri\",\"@id\":\"https:\\\/\\\/www.amanien.info\\\/news\\\/#\\\/schema\\\/person\\\/b21093345753a1a98242d505bd894f42\"},\"headline\":\"Abidjan abritera le premier sommet de l&rsquo;ind\u00e9pendance financi\u00e8re Africaine les 09 et 10 juillet 2021\",\"datePublished\":\"2021-06-11T19:05:12+00:00\",\"dateModified\":\"2021-06-11T19:05:41+00:00\",\"mainEntityOfPage\":{\"@id\":\"https:\\\/\\\/www.amanien.info\\\/news\\\/abidjan-abritera-le-premier-sommet-de-lindependance-financiere-africaine-les-09-et-10-juillet-2021\\\/\"},\"wordCount\":615,\"image\":{\"@id\":\"https:\\\/\\\/www.amanien.info\\\/news\\\/abidjan-abritera-le-premier-sommet-de-lindependance-financiere-africaine-les-09-et-10-juillet-2021\\\/#primaryimage\"},\"thumbnailUrl\":\"https:\\\/\\\/www.amanien.info\\\/news\\\/wp-content\\\/uploads\\\/2021\\\/06\\\/thumbnail-10.jpg\",\"inLanguage\":\"fr-FR\"},{\"@type\":\"WebPage\",\"@id\":\"https:\\\/\\\/www.amanien.info\\\/news\\\/abidjan-abritera-le-premier-sommet-de-lindependance-financiere-africaine-les-09-et-10-juillet-2021\\\/\",\"url\":\"https:\\\/\\\/www.amanien.info\\\/news\\\/abidjan-abritera-le-premier-sommet-de-lindependance-financiere-africaine-les-09-et-10-juillet-2021\\\/\",\"name\":\"Abidjan abritera le premier sommet de l'ind\u00e9pendance financi\u00e8re Africaine les 09 et 10 juillet 2021 - Amanien| L&#039;actualit\u00e9 Ivoirienne et Internationale\",\"isPartOf\":{\"@id\":\"https:\\\/\\\/www.amanien.info\\\/news\\\/#website\"},\"primaryImageOfPage\":{\"@id\":\"https:\\\/\\\/www.amanien.info\\\/news\\\/abidjan-abritera-le-premier-sommet-de-lindependance-financiere-africaine-les-09-et-10-juillet-2021\\\/#primaryimage\"},\"image\":{\"@id\":\"https:\\\/\\\/www.amanien.info\\\/news\\\/abidjan-abritera-le-premier-sommet-de-lindependance-financiere-africaine-les-09-et-10-juillet-2021\\\/#primaryimage\"},\"thumbnailUrl\":\"https:\\\/\\\/www.amanien.info\\\/news\\\/wp-content\\\/uploads\\\/2021\\\/06\\\/thumbnail-10.jpg\",\"datePublished\":\"2021-06-11T19:05:12+00:00\",\"dateModified\":\"2021-06-11T19:05:41+00:00\",\"author\":{\"@id\":\"https:\\\/\\\/www.amanien.info\\\/news\\\/#\\\/schema\\\/person\\\/b21093345753a1a98242d505bd894f42\"},\"breadcrumb\":{\"@id\":\"https:\\\/\\\/www.amanien.info\\\/news\\\/abidjan-abritera-le-premier-sommet-de-lindependance-financiere-africaine-les-09-et-10-juillet-2021\\\/#breadcrumb\"},\"inLanguage\":\"fr-FR\",\"potentialAction\":[{\"@type\":\"ReadAction\",\"target\":[\"https:\\\/\\\/www.amanien.info\\\/news\\\/abidjan-abritera-le-premier-sommet-de-lindependance-financiere-africaine-les-09-et-10-juillet-2021\\\/\"]}]},{\"@type\":\"ImageObject\",\"inLanguage\":\"fr-FR\",\"@id\":\"https:\\\/\\\/www.amanien.info\\\/news\\\/abidjan-abritera-le-premier-sommet-de-lindependance-financiere-africaine-les-09-et-10-juillet-2021\\\/#primaryimage\",\"url\":\"https:\\\/\\\/www.amanien.info\\\/news\\\/wp-content\\\/uploads\\\/2021\\\/06\\\/thumbnail-10.jpg\",\"contentUrl\":\"https:\\\/\\\/www.amanien.info\\\/news\\\/wp-content\\\/uploads\\\/2021\\\/06\\\/thumbnail-10.jpg\",\"width\":1080,\"height\":810},{\"@type\":\"BreadcrumbList\",\"@id\":\"https:\\\/\\\/www.amanien.info\\\/news\\\/abidjan-abritera-le-premier-sommet-de-lindependance-financiere-africaine-les-09-et-10-juillet-2021\\\/#breadcrumb\",\"itemListElement\":[{\"@type\":\"ListItem\",\"position\":1,\"name\":\"Accueil\",\"item\":\"https:\\\/\\\/www.amanien.info\\\/news\\\/\"},{\"@type\":\"ListItem\",\"position\":2,\"name\":\"Abidjan abritera le premier sommet de l&rsquo;ind\u00e9pendance financi\u00e8re Africaine les 09 et 10 juillet 2021\"}]},{\"@type\":\"WebSite\",\"@id\":\"https:\\\/\\\/www.amanien.info\\\/news\\\/#website\",\"url\":\"https:\\\/\\\/www.amanien.info\\\/news\\\/\",\"name\":\"Amanien| L&#039;actualit\u00e9 Ivoirienne et Internationale\",\"description\":\"L&#039;actualit\u00e9 Ivoirienne et Internationale\",\"potentialAction\":[{\"@type\":\"SearchAction\",\"target\":{\"@type\":\"EntryPoint\",\"urlTemplate\":\"https:\\\/\\\/www.amanien.info\\\/news\\\/?s={search_term_string}\"},\"query-input\":{\"@type\":\"PropertyValueSpecification\",\"valueRequired\":true,\"valueName\":\"search_term_string\"}}],\"inLanguage\":\"fr-FR\"},{\"@type\":\"Person\",\"@id\":\"https:\\\/\\\/www.amanien.info\\\/news\\\/#\\\/schema\\\/person\\\/b21093345753a1a98242d505bd894f42\",\"name\":\"Germain Ndri\",\"url\":\"https:\\\/\\\/www.amanien.info\\\/news\\\/author\\\/amanien-infos\\\/\"}]}<\/script>\n<!-- \/ Yoast SEO plugin. -->","yoast_head_json":{"title":"Abidjan abritera le premier sommet de l'ind\u00e9pendance financi\u00e8re Africaine les 09 et 10 juillet 2021 - Amanien| L&#039;actualit\u00e9 Ivoirienne et Internationale","robots":{"index":"index","follow":"follow","max-snippet":"max-snippet:-1","max-image-preview":"max-image-preview:large","max-video-preview":"max-video-preview:-1"},"canonical":"https:\/\/www.amanien.info\/news\/abidjan-abritera-le-premier-sommet-de-lindependance-financiere-africaine-les-09-et-10-juillet-2021\/","og_locale":"fr_FR","og_type":"article","og_title":"Abidjan abritera le premier sommet de l'ind\u00e9pendance financi\u00e8re Africaine les 09 et 10 juillet 2021 - Amanien| L&#039;actualit\u00e9 Ivoirienne et Internationale","og_description":"&lt;&lt; Devenez finan\u00e7able&gt;&gt;. Tel est le th\u00e8me principal du premier Sommet de l&rsquo;Ind\u00e9pendance Financi\u00e8re Africaine (SIFA) qui se tiendra du 09 au 10 juillet prochain \u00e0 l&rsquo;Espace Latrille \u00c9vent d&rsquo;Abidjan-Cocody. L&rsquo;information a \u00e9t\u00e9 donn\u00e9e, ce jeudi 10 juin lors d&rsquo;une conf\u00e9rence de presse \u00e0 Cocody, par le Commissaire G\u00e9n\u00e9ral du SIFA, M. Yann Amon qui [&hellip;]","og_url":"https:\/\/www.amanien.info\/news\/abidjan-abritera-le-premier-sommet-de-lindependance-financiere-africaine-les-09-et-10-juillet-2021\/","og_site_name":"Amanien| L&#039;actualit\u00e9 Ivoirienne et Internationale","article_published_time":"2021-06-11T19:05:12+00:00","article_modified_time":"2021-06-11T19:05:41+00:00","og_image":[{"width":1080,"height":810,"url":"https:\/\/www.amanien.info\/news\/wp-content\/uploads\/2021\/06\/thumbnail-10.jpg","type":"image\/jpeg"}],"author":"Germain Ndri","twitter_card":"summary_large_image","twitter_misc":{"\u00c9crit par":"Germain Ndri","Dur\u00e9e de lecture estim\u00e9e":"3 minutes"},"schema":{"@context":"https:\/\/schema.org","@graph":[{"@type":"Article","@id":"https:\/\/www.amanien.info\/news\/abidjan-abritera-le-premier-sommet-de-lindependance-financiere-africaine-les-09-et-10-juillet-2021\/#article","isPartOf":{"@id":"https:\/\/www.amanien.info\/news\/abidjan-abritera-le-premier-sommet-de-lindependance-financiere-africaine-les-09-et-10-juillet-2021\/"},"author":{"name":"Germain Ndri","@id":"https:\/\/www.amanien.info\/news\/#\/schema\/person\/b21093345753a1a98242d505bd894f42"},"headline":"Abidjan abritera le premier sommet de l&rsquo;ind\u00e9pendance financi\u00e8re Africaine les 09 et 10 juillet 2021","datePublished":"2021-06-11T19:05:12+00:00","dateModified":"2021-06-11T19:05:41+00:00","mainEntityOfPage":{"@id":"https:\/\/www.amanien.info\/news\/abidjan-abritera-le-premier-sommet-de-lindependance-financiere-africaine-les-09-et-10-juillet-2021\/"},"wordCount":615,"image":{"@id":"https:\/\/www.amanien.info\/news\/abidjan-abritera-le-premier-sommet-de-lindependance-financiere-africaine-les-09-et-10-juillet-2021\/#primaryimage"},"thumbnailUrl":"https:\/\/www.amanien.info\/news\/wp-content\/uploads\/2021\/06\/thumbnail-10.jpg","inLanguage":"fr-FR"},{"@type":"WebPage","@id":"https:\/\/www.amanien.info\/news\/abidjan-abritera-le-premier-sommet-de-lindependance-financiere-africaine-les-09-et-10-juillet-2021\/","url":"https:\/\/www.amanien.info\/news\/abidjan-abritera-le-premier-sommet-de-lindependance-financiere-africaine-les-09-et-10-juillet-2021\/","name":"Abidjan abritera le premier sommet de l'ind\u00e9pendance financi\u00e8re Africaine les 09 et 10 juillet 2021 - Amanien| L&#039;actualit\u00e9 Ivoirienne et Internationale","isPartOf":{"@id":"https:\/\/www.amanien.info\/news\/#website"},"primaryImageOfPage":{"@id":"https:\/\/www.amanien.info\/news\/abidjan-abritera-le-premier-sommet-de-lindependance-financiere-africaine-les-09-et-10-juillet-2021\/#primaryimage"},"image":{"@id":"https:\/\/www.amanien.info\/news\/abidjan-abritera-le-premier-sommet-de-lindependance-financiere-africaine-les-09-et-10-juillet-2021\/#primaryimage"},"thumbnailUrl":"https:\/\/www.amanien.info\/news\/wp-content\/uploads\/2021\/06\/thumbnail-10.jpg","datePublished":"2021-06-11T19:05:12+00:00","dateModified":"2021-06-11T19:05:41+00:00","author":{"@id":"https:\/\/www.amanien.info\/news\/#\/schema\/person\/b21093345753a1a98242d505bd894f42"},"breadcrumb":{"@id":"https:\/\/www.amanien.info\/news\/abidjan-abritera-le-premier-sommet-de-lindependance-financiere-africaine-les-09-et-10-juillet-2021\/#breadcrumb"},"inLanguage":"fr-FR","potentialAction":[{"@type":"ReadAction","target":["https:\/\/www.amanien.info\/news\/abidjan-abritera-le-premier-sommet-de-lindependance-financiere-africaine-les-09-et-10-juillet-2021\/"]}]},{"@type":"ImageObject","inLanguage":"fr-FR","@id":"https:\/\/www.amanien.info\/news\/abidjan-abritera-le-premier-sommet-de-lindependance-financiere-africaine-les-09-et-10-juillet-2021\/#primaryimage","url":"https:\/\/www.amanien.info\/news\/wp-content\/uploads\/2021\/06\/thumbnail-10.jpg","contentUrl":"https:\/\/www.amanien.info\/news\/wp-content\/uploads\/2021\/06\/thumbnail-10.jpg","width":1080,"height":810},{"@type":"BreadcrumbList","@id":"https:\/\/www.amanien.info\/news\/abidjan-abritera-le-premier-sommet-de-lindependance-financiere-africaine-les-09-et-10-juillet-2021\/#breadcrumb","itemListElement":[{"@type":"ListItem","position":1,"name":"Accueil","item":"https:\/\/www.amanien.info\/news\/"},{"@type":"ListItem","position":2,"name":"Abidjan abritera le premier sommet de l&rsquo;ind\u00e9pendance financi\u00e8re Africaine les 09 et 10 juillet 2021"}]},{"@type":"WebSite","@id":"https:\/\/www.amanien.info\/news\/#website","url":"https:\/\/www.amanien.info\/news\/","name":"Amanien| L&#039;actualit\u00e9 Ivoirienne et Internationale","description":"L&#039;actualit\u00e9 Ivoirienne et Internationale","potentialAction":[{"@type":"SearchAction","target":{"@type":"EntryPoint","urlTemplate":"https:\/\/www.amanien.info\/news\/?s={search_term_string}"},"query-input":{"@type":"PropertyValueSpecification","valueRequired":true,"valueName":"search_term_string"}}],"inLanguage":"fr-FR"},{"@type":"Person","@id":"https:\/\/www.amanien.info\/news\/#\/schema\/person\/b21093345753a1a98242d505bd894f42","name":"Germain Ndri","url":"https:\/\/www.amanien.info\/news\/author\/amanien-infos\/"}]}},"_links":{"self":[{"href":"https:\/\/www.amanien.info\/news\/wp-json\/wp\/v2\/posts\/2769","targetHints":{"allow":["GET"]}}],"collection":[{"href":"https:\/\/www.amanien.info\/news\/wp-json\/wp\/v2\/posts"}],"about":[{"href":"https:\/\/www.amanien.info\/news\/wp-json\/wp\/v2\/types\/post"}],"author":[{"embeddable":true,"href":"https:\/\/www.amanien.info\/news\/wp-json\/wp\/v2\/users\/2"}],"replies":[{"embeddable":true,"href":"https:\/\/www.amanien.info\/news\/wp-json\/wp\/v2\/comments?post=2769"}],"version-history":[{"count":0,"href":"https:\/\/www.amanien.info\/news\/wp-json\/wp\/v2\/posts\/2769\/revisions"}],"wp:featuredmedia":[{"embeddable":true,"href":"https:\/\/www.amanien.info\/news\/wp-json\/wp\/v2\/media\/2770"}],"wp:attachment":[{"href":"https:\/\/www.amanien.info\/news\/wp-json\/wp\/v2\/media?parent=2769"}],"wp:term":[{"taxonomy":"category","embeddable":true,"href":"https:\/\/www.amanien.info\/news\/wp-json\/wp\/v2\/categories?post=2769"},{"taxonomy":"post_tag","embeddable":true,"href":"https:\/\/www.amanien.info\/news\/wp-json\/wp\/v2\/tags?post=2769"}],"curies":[{"name":"wp","href":"https:\/\/api.w.org\/{rel}","templated":true}]}}