{"id":2766,"date":"2021-06-11T19:01:38","date_gmt":"2021-06-11T19:01:38","guid":{"rendered":"https:\/\/www.https:\/\/zozo.buyee.jp\/\/news\/?p=2766"},"modified":"2021-06-11T19:02:55","modified_gmt":"2021-06-11T19:02:55","slug":"qnedd-le-ciapol-organise-un-dejeuner-debat-avec-les-operateurs-economiques","status":"publish","type":"post","link":"https:\/\/www.amanien.info\/news\/qnedd-le-ciapol-organise-un-dejeuner-debat-avec-les-operateurs-economiques\/","title":{"rendered":"QNEDD : Le CIAPOL organise un d\u00e9jeuner-d\u00e9bat avec les op\u00e9rateurs \u00e9conomiques"},"content":{"rendered":"<p>&lt;&lt; Ce d\u00e9jeuner d\u00e9bat est organis\u00e9 pour faire conna\u00eetre d&rsquo;abord les missions du CIAPOL, ce que nous faisons, notre r\u00f4le avec les op\u00e9rateurs priv\u00e9s&gt;&gt; a affirm\u00e9 Dibi Niagne Martin, Directeur du CIAPOL ( Centre Ivoirien Antipollution) \u00e0 l&rsquo;issue d&rsquo;un d\u00e9jeuner-d\u00e9bat organis\u00e9 ce vendredi 11 juin au Plateau.<\/p>\n<p>Puis d&rsquo;ajouter : &lt;&lt; Nous accompagnons les op\u00e9rateurs \u00e9conomiques. Ils faut qu&rsquo;ils prennent en compte l&rsquo;environnement dans leur d\u00e9veloppement \u00e9conomique&gt;&gt; a-t-il dit.<\/p>\n<p>Pour lui, une \u00e9conomie ne peut se d\u00e9velopper sans nuisance. Mais comment faire, pour minimiser ces nuisances ?<br \/>\nC&rsquo;est, pr\u00e9cise-t-il, le r\u00f4le du CIAPOL, \u00a0\u00bb accompagner les op\u00e9rateurs priv\u00e9s pour qu&rsquo;ils tiennent compte de leur environnement.<\/p>\n<p>Aussi le premier responsable du CIAPOL a-t-il indiqu\u00e9 que le d\u00e9veloppement \u00e9conomique et social repose sur trois pilliers que sont : l&rsquo;\u00e9conomie, le social et l&rsquo;environnement. Si, selon lui, l&rsquo;un de ces trois pilliers n&rsquo;est pas pris en compte, \u00ab\u00a0le d\u00e9veloppement ne saurait \u00eatre durable\u00a0\u00bb.<\/p>\n<p>Les d\u00e9fis qui restent \u00e0 relever sont l&rsquo;\u00e9quipement du centre, l&rsquo;application effective des textes mis en place par l&rsquo;Etat, l&rsquo;existence de laboratoires, l&rsquo;augmentation du nombre d&rsquo;inspecteurs asserment\u00e9s( pour les plaintes), etc.<\/p>\n<p>Notons que ce d\u00e9jeuner-d\u00e9bat, organis\u00e9 par le CIAPOL s&rsquo;inscrit dans le cadre de la Quinzaine Nationale de l&rsquo;Environnement et du D\u00e9veloppement Durable ( QNEDD) qui se tient du 03 au 17 juin 2021.<\/p>\n<p>Cr\u00e9\u00e9 par d\u00e9cret n\u00b091-662 du 09 octobre 1991, le Centre Ivoirien Antipollution( CIAPOL) a pour mission principale, l&rsquo;\u00e9valuation de l&rsquo;\u00e9tat des milieux r\u00e9cepteurs ( eau, sol, air), le contr\u00f4le de l&rsquo;application des textes et l&rsquo;intervention pour restaurer les milieux d\u00e9grad\u00e9s.<\/p>\n<p>&nbsp;<\/p>\n<p>Sunday Alain<\/p>\n<p>&nbsp;<\/p>\n<p>&nbsp;<\/p>\n","protected":false},"excerpt":{"rendered":"<p>&lt;&lt; Ce d\u00e9jeuner d\u00e9bat est organis\u00e9 pour faire conna\u00eetre d&rsquo;abord les missions du CIAPOL, ce que nous faisons, notre r\u00f4le avec les op\u00e9rateurs priv\u00e9s&gt;&gt; a affirm\u00e9 Dibi Niagne Martin, Directeur du CIAPOL ( Centre Ivoirien Antipollution) \u00e0 l&rsquo;issue d&rsquo;un d\u00e9jeuner-d\u00e9bat organis\u00e9 ce vendredi 11 juin au Plateau. Puis d&rsquo;ajouter : &lt;&lt; Nous accompagnons les op\u00e9rateurs [&hellip;]<\/p>\n","protected":false},"author":2,"featured_media":2767,"comment_status":"closed","ping_status":"closed","sticky":true,"template":"","format":"standard","meta":{"_acf_changed":false,"footnotes":""},"categories":[],"tags":[],"class_list":["post-2766","post","type-post","status-publish","format-standard","has-post-thumbnail","hentry"],"acf":[],"yoast_head":"<!-- This site is optimized with the Yoast SEO plugin v27.5 - https:\/\/yoast.com\/product\/yoast-seo-wordpress\/ -->\n<title>QNEDD : Le CIAPOL organise un d\u00e9jeuner-d\u00e9bat avec les op\u00e9rateurs \u00e9conomiques - Amanien| L&#039;actualit\u00e9 Ivoirienne et Internationale<\/title>\n<meta name=\"robots\" content=\"index, follow, max-snippet:-1, max-image-preview:large, max-video-preview:-1\" \/>\n<link rel=\"canonical\" href=\"https:\/\/www.amanien.info\/news\/qnedd-le-ciapol-organise-un-dejeuner-debat-avec-les-operateurs-economiques\/\" \/>\n<meta property=\"og:locale\" content=\"fr_FR\" \/>\n<meta property=\"og:type\" content=\"article\" \/>\n<meta property=\"og:title\" content=\"QNEDD : Le CIAPOL organise un d\u00e9jeuner-d\u00e9bat avec les op\u00e9rateurs \u00e9conomiques - Amanien| L&#039;actualit\u00e9 Ivoirienne et Internationale\" \/>\n<meta property=\"og:description\" content=\"&lt;&lt; Ce d\u00e9jeuner d\u00e9bat est organis\u00e9 pour faire conna\u00eetre d&rsquo;abord les missions du CIAPOL, ce que nous faisons, notre r\u00f4le avec les op\u00e9rateurs priv\u00e9s&gt;&gt; a affirm\u00e9 Dibi Niagne Martin, Directeur du CIAPOL ( Centre Ivoirien Antipollution) \u00e0 l&rsquo;issue d&rsquo;un d\u00e9jeuner-d\u00e9bat organis\u00e9 ce vendredi 11 juin au Plateau. Puis d&rsquo;ajouter : &lt;&lt; Nous accompagnons les op\u00e9rateurs [&hellip;]\" \/>\n<meta property=\"og:url\" content=\"https:\/\/www.amanien.info\/news\/qnedd-le-ciapol-organise-un-dejeuner-debat-avec-les-operateurs-economiques\/\" \/>\n<meta property=\"og:site_name\" content=\"Amanien| L&#039;actualit\u00e9 Ivoirienne et Internationale\" \/>\n<meta property=\"article:published_time\" content=\"2021-06-11T19:01:38+00:00\" \/>\n<meta property=\"article:modified_time\" content=\"2021-06-11T19:02:55+00:00\" \/>\n<meta property=\"og:image\" content=\"https:\/\/www.amanien.info\/news\/wp-content\/uploads\/2021\/06\/thumbnail-9.jpg\" \/>\n\t<meta property=\"og:image:width\" content=\"1080\" \/>\n\t<meta property=\"og:image:height\" content=\"810\" \/>\n\t<meta property=\"og:image:type\" content=\"image\/jpeg\" \/>\n<meta name=\"author\" content=\"Germain Ndri\" \/>\n<meta name=\"twitter:card\" content=\"summary_large_image\" \/>\n<meta name=\"twitter:label1\" content=\"\u00c9crit par\" \/>\n\t<meta name=\"twitter:data1\" content=\"Germain Ndri\" \/>\n\t<meta name=\"twitter:label2\" content=\"Dur\u00e9e de lecture estim\u00e9e\" \/>\n\t<meta name=\"twitter:data2\" content=\"2 minutes\" \/>\n<script type=\"application\/ld+json\" class=\"yoast-schema-graph\">{\"@context\":\"https:\\\/\\\/schema.org\",\"@graph\":[{\"@type\":\"Article\",\"@id\":\"https:\\\/\\\/www.amanien.info\\\/news\\\/qnedd-le-ciapol-organise-un-dejeuner-debat-avec-les-operateurs-economiques\\\/#article\",\"isPartOf\":{\"@id\":\"https:\\\/\\\/www.amanien.info\\\/news\\\/qnedd-le-ciapol-organise-un-dejeuner-debat-avec-les-operateurs-economiques\\\/\"},\"author\":{\"name\":\"Germain Ndri\",\"@id\":\"https:\\\/\\\/www.amanien.info\\\/news\\\/#\\\/schema\\\/person\\\/b21093345753a1a98242d505bd894f42\"},\"headline\":\"QNEDD : Le CIAPOL organise un d\u00e9jeuner-d\u00e9bat avec les op\u00e9rateurs \u00e9conomiques\",\"datePublished\":\"2021-06-11T19:01:38+00:00\",\"dateModified\":\"2021-06-11T19:02:55+00:00\",\"mainEntityOfPage\":{\"@id\":\"https:\\\/\\\/www.amanien.info\\\/news\\\/qnedd-le-ciapol-organise-un-dejeuner-debat-avec-les-operateurs-economiques\\\/\"},\"wordCount\":315,\"image\":{\"@id\":\"https:\\\/\\\/www.amanien.info\\\/news\\\/qnedd-le-ciapol-organise-un-dejeuner-debat-avec-les-operateurs-economiques\\\/#primaryimage\"},\"thumbnailUrl\":\"https:\\\/\\\/www.amanien.info\\\/news\\\/wp-content\\\/uploads\\\/2021\\\/06\\\/thumbnail-9.jpg\",\"inLanguage\":\"fr-FR\"},{\"@type\":\"WebPage\",\"@id\":\"https:\\\/\\\/www.amanien.info\\\/news\\\/qnedd-le-ciapol-organise-un-dejeuner-debat-avec-les-operateurs-economiques\\\/\",\"url\":\"https:\\\/\\\/www.amanien.info\\\/news\\\/qnedd-le-ciapol-organise-un-dejeuner-debat-avec-les-operateurs-economiques\\\/\",\"name\":\"QNEDD : Le CIAPOL organise un d\u00e9jeuner-d\u00e9bat avec les op\u00e9rateurs \u00e9conomiques - Amanien| L&#039;actualit\u00e9 Ivoirienne et Internationale\",\"isPartOf\":{\"@id\":\"https:\\\/\\\/www.amanien.info\\\/news\\\/#website\"},\"primaryImageOfPage\":{\"@id\":\"https:\\\/\\\/www.amanien.info\\\/news\\\/qnedd-le-ciapol-organise-un-dejeuner-debat-avec-les-operateurs-economiques\\\/#primaryimage\"},\"image\":{\"@id\":\"https:\\\/\\\/www.amanien.info\\\/news\\\/qnedd-le-ciapol-organise-un-dejeuner-debat-avec-les-operateurs-economiques\\\/#primaryimage\"},\"thumbnailUrl\":\"https:\\\/\\\/www.amanien.info\\\/news\\\/wp-content\\\/uploads\\\/2021\\\/06\\\/thumbnail-9.jpg\",\"datePublished\":\"2021-06-11T19:01:38+00:00\",\"dateModified\":\"2021-06-11T19:02:55+00:00\",\"author\":{\"@id\":\"https:\\\/\\\/www.amanien.info\\\/news\\\/#\\\/schema\\\/person\\\/b21093345753a1a98242d505bd894f42\"},\"breadcrumb\":{\"@id\":\"https:\\\/\\\/www.amanien.info\\\/news\\\/qnedd-le-ciapol-organise-un-dejeuner-debat-avec-les-operateurs-economiques\\\/#breadcrumb\"},\"inLanguage\":\"fr-FR\",\"potentialAction\":[{\"@type\":\"ReadAction\",\"target\":[\"https:\\\/\\\/www.amanien.info\\\/news\\\/qnedd-le-ciapol-organise-un-dejeuner-debat-avec-les-operateurs-economiques\\\/\"]}]},{\"@type\":\"ImageObject\",\"inLanguage\":\"fr-FR\",\"@id\":\"https:\\\/\\\/www.amanien.info\\\/news\\\/qnedd-le-ciapol-organise-un-dejeuner-debat-avec-les-operateurs-economiques\\\/#primaryimage\",\"url\":\"https:\\\/\\\/www.amanien.info\\\/news\\\/wp-content\\\/uploads\\\/2021\\\/06\\\/thumbnail-9.jpg\",\"contentUrl\":\"https:\\\/\\\/www.amanien.info\\\/news\\\/wp-content\\\/uploads\\\/2021\\\/06\\\/thumbnail-9.jpg\",\"width\":1080,\"height\":810},{\"@type\":\"BreadcrumbList\",\"@id\":\"https:\\\/\\\/www.amanien.info\\\/news\\\/qnedd-le-ciapol-organise-un-dejeuner-debat-avec-les-operateurs-economiques\\\/#breadcrumb\",\"itemListElement\":[{\"@type\":\"ListItem\",\"position\":1,\"name\":\"Accueil\",\"item\":\"https:\\\/\\\/www.amanien.info\\\/news\\\/\"},{\"@type\":\"ListItem\",\"position\":2,\"name\":\"QNEDD : Le CIAPOL organise un d\u00e9jeuner-d\u00e9bat avec les op\u00e9rateurs \u00e9conomiques\"}]},{\"@type\":\"WebSite\",\"@id\":\"https:\\\/\\\/www.amanien.info\\\/news\\\/#website\",\"url\":\"https:\\\/\\\/www.amanien.info\\\/news\\\/\",\"name\":\"Amanien| L&#039;actualit\u00e9 Ivoirienne et Internationale\",\"description\":\"L&#039;actualit\u00e9 Ivoirienne et Internationale\",\"potentialAction\":[{\"@type\":\"SearchAction\",\"target\":{\"@type\":\"EntryPoint\",\"urlTemplate\":\"https:\\\/\\\/www.amanien.info\\\/news\\\/?s={search_term_string}\"},\"query-input\":{\"@type\":\"PropertyValueSpecification\",\"valueRequired\":true,\"valueName\":\"search_term_string\"}}],\"inLanguage\":\"fr-FR\"},{\"@type\":\"Person\",\"@id\":\"https:\\\/\\\/www.amanien.info\\\/news\\\/#\\\/schema\\\/person\\\/b21093345753a1a98242d505bd894f42\",\"name\":\"Germain Ndri\",\"url\":\"https:\\\/\\\/www.amanien.info\\\/news\\\/author\\\/amanien-infos\\\/\"}]}<\/script>\n<!-- \/ Yoast SEO plugin. -->","yoast_head_json":{"title":"QNEDD : Le CIAPOL organise un d\u00e9jeuner-d\u00e9bat avec les op\u00e9rateurs \u00e9conomiques - Amanien| L&#039;actualit\u00e9 Ivoirienne et Internationale","robots":{"index":"index","follow":"follow","max-snippet":"max-snippet:-1","max-image-preview":"max-image-preview:large","max-video-preview":"max-video-preview:-1"},"canonical":"https:\/\/www.amanien.info\/news\/qnedd-le-ciapol-organise-un-dejeuner-debat-avec-les-operateurs-economiques\/","og_locale":"fr_FR","og_type":"article","og_title":"QNEDD : Le CIAPOL organise un d\u00e9jeuner-d\u00e9bat avec les op\u00e9rateurs \u00e9conomiques - Amanien| L&#039;actualit\u00e9 Ivoirienne et Internationale","og_description":"&lt;&lt; Ce d\u00e9jeuner d\u00e9bat est organis\u00e9 pour faire conna\u00eetre d&rsquo;abord les missions du CIAPOL, ce que nous faisons, notre r\u00f4le avec les op\u00e9rateurs priv\u00e9s&gt;&gt; a affirm\u00e9 Dibi Niagne Martin, Directeur du CIAPOL ( Centre Ivoirien Antipollution) \u00e0 l&rsquo;issue d&rsquo;un d\u00e9jeuner-d\u00e9bat organis\u00e9 ce vendredi 11 juin au Plateau. Puis d&rsquo;ajouter : &lt;&lt; Nous accompagnons les op\u00e9rateurs [&hellip;]","og_url":"https:\/\/www.amanien.info\/news\/qnedd-le-ciapol-organise-un-dejeuner-debat-avec-les-operateurs-economiques\/","og_site_name":"Amanien| L&#039;actualit\u00e9 Ivoirienne et Internationale","article_published_time":"2021-06-11T19:01:38+00:00","article_modified_time":"2021-06-11T19:02:55+00:00","og_image":[{"width":1080,"height":810,"url":"https:\/\/www.amanien.info\/news\/wp-content\/uploads\/2021\/06\/thumbnail-9.jpg","type":"image\/jpeg"}],"author":"Germain Ndri","twitter_card":"summary_large_image","twitter_misc":{"\u00c9crit par":"Germain Ndri","Dur\u00e9e de lecture estim\u00e9e":"2 minutes"},"schema":{"@context":"https:\/\/schema.org","@graph":[{"@type":"Article","@id":"https:\/\/www.amanien.info\/news\/qnedd-le-ciapol-organise-un-dejeuner-debat-avec-les-operateurs-economiques\/#article","isPartOf":{"@id":"https:\/\/www.amanien.info\/news\/qnedd-le-ciapol-organise-un-dejeuner-debat-avec-les-operateurs-economiques\/"},"author":{"name":"Germain Ndri","@id":"https:\/\/www.amanien.info\/news\/#\/schema\/person\/b21093345753a1a98242d505bd894f42"},"headline":"QNEDD : Le CIAPOL organise un d\u00e9jeuner-d\u00e9bat avec les op\u00e9rateurs \u00e9conomiques","datePublished":"2021-06-11T19:01:38+00:00","dateModified":"2021-06-11T19:02:55+00:00","mainEntityOfPage":{"@id":"https:\/\/www.amanien.info\/news\/qnedd-le-ciapol-organise-un-dejeuner-debat-avec-les-operateurs-economiques\/"},"wordCount":315,"image":{"@id":"https:\/\/www.amanien.info\/news\/qnedd-le-ciapol-organise-un-dejeuner-debat-avec-les-operateurs-economiques\/#primaryimage"},"thumbnailUrl":"https:\/\/www.amanien.info\/news\/wp-content\/uploads\/2021\/06\/thumbnail-9.jpg","inLanguage":"fr-FR"},{"@type":"WebPage","@id":"https:\/\/www.amanien.info\/news\/qnedd-le-ciapol-organise-un-dejeuner-debat-avec-les-operateurs-economiques\/","url":"https:\/\/www.amanien.info\/news\/qnedd-le-ciapol-organise-un-dejeuner-debat-avec-les-operateurs-economiques\/","name":"QNEDD : Le CIAPOL organise un d\u00e9jeuner-d\u00e9bat avec les op\u00e9rateurs \u00e9conomiques - Amanien| L&#039;actualit\u00e9 Ivoirienne et Internationale","isPartOf":{"@id":"https:\/\/www.amanien.info\/news\/#website"},"primaryImageOfPage":{"@id":"https:\/\/www.amanien.info\/news\/qnedd-le-ciapol-organise-un-dejeuner-debat-avec-les-operateurs-economiques\/#primaryimage"},"image":{"@id":"https:\/\/www.amanien.info\/news\/qnedd-le-ciapol-organise-un-dejeuner-debat-avec-les-operateurs-economiques\/#primaryimage"},"thumbnailUrl":"https:\/\/www.amanien.info\/news\/wp-content\/uploads\/2021\/06\/thumbnail-9.jpg","datePublished":"2021-06-11T19:01:38+00:00","dateModified":"2021-06-11T19:02:55+00:00","author":{"@id":"https:\/\/www.amanien.info\/news\/#\/schema\/person\/b21093345753a1a98242d505bd894f42"},"breadcrumb":{"@id":"https:\/\/www.amanien.info\/news\/qnedd-le-ciapol-organise-un-dejeuner-debat-avec-les-operateurs-economiques\/#breadcrumb"},"inLanguage":"fr-FR","potentialAction":[{"@type":"ReadAction","target":["https:\/\/www.amanien.info\/news\/qnedd-le-ciapol-organise-un-dejeuner-debat-avec-les-operateurs-economiques\/"]}]},{"@type":"ImageObject","inLanguage":"fr-FR","@id":"https:\/\/www.amanien.info\/news\/qnedd-le-ciapol-organise-un-dejeuner-debat-avec-les-operateurs-economiques\/#primaryimage","url":"https:\/\/www.amanien.info\/news\/wp-content\/uploads\/2021\/06\/thumbnail-9.jpg","contentUrl":"https:\/\/www.amanien.info\/news\/wp-content\/uploads\/2021\/06\/thumbnail-9.jpg","width":1080,"height":810},{"@type":"BreadcrumbList","@id":"https:\/\/www.amanien.info\/news\/qnedd-le-ciapol-organise-un-dejeuner-debat-avec-les-operateurs-economiques\/#breadcrumb","itemListElement":[{"@type":"ListItem","position":1,"name":"Accueil","item":"https:\/\/www.amanien.info\/news\/"},{"@type":"ListItem","position":2,"name":"QNEDD : Le CIAPOL organise un d\u00e9jeuner-d\u00e9bat avec les op\u00e9rateurs \u00e9conomiques"}]},{"@type":"WebSite","@id":"https:\/\/www.amanien.info\/news\/#website","url":"https:\/\/www.amanien.info\/news\/","name":"Amanien| L&#039;actualit\u00e9 Ivoirienne et Internationale","description":"L&#039;actualit\u00e9 Ivoirienne et Internationale","potentialAction":[{"@type":"SearchAction","target":{"@type":"EntryPoint","urlTemplate":"https:\/\/www.amanien.info\/news\/?s={search_term_string}"},"query-input":{"@type":"PropertyValueSpecification","valueRequired":true,"valueName":"search_term_string"}}],"inLanguage":"fr-FR"},{"@type":"Person","@id":"https:\/\/www.amanien.info\/news\/#\/schema\/person\/b21093345753a1a98242d505bd894f42","name":"Germain Ndri","url":"https:\/\/www.amanien.info\/news\/author\/amanien-infos\/"}]}},"_links":{"self":[{"href":"https:\/\/www.amanien.info\/news\/wp-json\/wp\/v2\/posts\/2766","targetHints":{"allow":["GET"]}}],"collection":[{"href":"https:\/\/www.amanien.info\/news\/wp-json\/wp\/v2\/posts"}],"about":[{"href":"https:\/\/www.amanien.info\/news\/wp-json\/wp\/v2\/types\/post"}],"author":[{"embeddable":true,"href":"https:\/\/www.amanien.info\/news\/wp-json\/wp\/v2\/users\/2"}],"replies":[{"embeddable":true,"href":"https:\/\/www.amanien.info\/news\/wp-json\/wp\/v2\/comments?post=2766"}],"version-history":[{"count":0,"href":"https:\/\/www.amanien.info\/news\/wp-json\/wp\/v2\/posts\/2766\/revisions"}],"wp:featuredmedia":[{"embeddable":true,"href":"https:\/\/www.amanien.info\/news\/wp-json\/wp\/v2\/media\/2767"}],"wp:attachment":[{"href":"https:\/\/www.amanien.info\/news\/wp-json\/wp\/v2\/media?parent=2766"}],"wp:term":[{"taxonomy":"category","embeddable":true,"href":"https:\/\/www.amanien.info\/news\/wp-json\/wp\/v2\/categories?post=2766"},{"taxonomy":"post_tag","embeddable":true,"href":"https:\/\/www.amanien.info\/news\/wp-json\/wp\/v2\/tags?post=2766"}],"curies":[{"name":"wp","href":"https:\/\/api.w.org\/{rel}","templated":true}]}}