{"id":2763,"date":"2021-06-11T09:38:23","date_gmt":"2021-06-11T09:38:23","guid":{"rendered":"https:\/\/www.https:\/\/zozo.buyee.jp\/\/news\/?p=2763"},"modified":"2021-06-11T09:38:48","modified_gmt":"2021-06-11T09:38:48","slug":"lutte-contre-le-terrorisme-l-academie-internationale-de-jacqueville-inauguree","status":"publish","type":"post","link":"https:\/\/www.amanien.info\/news\/lutte-contre-le-terrorisme-l-academie-internationale-de-jacqueville-inauguree\/","title":{"rendered":"Lutte contre le terrorisme: L&rsquo; Acad\u00e9mie internationale de Jacqueville inaugur\u00e9e"},"content":{"rendered":"<p>Le chef de l&rsquo;\u00c9tat Alassane Ouattara, a re\u00e7u en audience le jeudi 10 juin 2021, au Palais de la Pr\u00e9sidence de la R\u00e9publique, le Ministre fran\u00e7ais de l\u2019Europe et des Affaires Etrang\u00e8res, Jean-Yves Le DRIAN. A sa sortie d&rsquo; audience, il a relev\u00e9 que les \u00e9changes ont port\u00e9 sur le renforcement des relations bilat\u00e9rales entre la C\u00f4te d\u2019Ivoire et la France. Jean- Yves Le Drian a particip\u00e9 \u00e0 l\u2019inauguration de l\u2019Acad\u00e9mie Internationale de Lutte contre le Terrorisme de Jacqueville. Selon lui, \u00ab\u00a0c&rsquo; est un outil majeur dans la lutte contre le terrorisme\u2019\u2019. Il a ajout\u00e9 que la France veut oeuvrer pour la poursuite de la mont\u00e9e en puissance et l\u2019internationalisation de cette Acad\u00e9mie, afin d\u2019avoir une culture commune de l\u2019action contre le terrorisme. Lors de son s\u00e9jour, le Ministre Fran\u00e7ais a \u00e9galement particip\u00e9 \u00e0 la signature d\u2019un accord, pour la construction et l\u2019exploitation d\u2019une centrale \u00e0 biomasse d\u2019une puissance de 46 MW, sur une p\u00e9riode de 25 ans, dans le Sud-Est de la C\u00f4te d\u2019Ivoire. Ce qui selon lui permet de d\u00e9velopper le mix \u00e9nerg\u00e9tique, respectueux de l&rsquo; environnement.<br \/>\nParlant de la lutte contre la covid19, il s&rsquo; est r\u00e9jouit du fait que la C\u00f4te d&rsquo; Ivoire ait d\u00e9but\u00e9 la vaccination gr\u00e2ce au m\u00e9canisme covax. Il a soulign\u00e9 que dans le cadre du projet de production des vaccins sur le continent Africain, la capacit\u00e9 du centre Pasteur d&rsquo; Abidjan sera \u00e9tudi\u00e9e.<br \/>\nCalvin Wandji<\/p>\n","protected":false},"excerpt":{"rendered":"<p>Le chef de l&rsquo;\u00c9tat Alassane Ouattara, a re\u00e7u en audience le jeudi 10 juin 2021, au Palais de la Pr\u00e9sidence de la R\u00e9publique, le Ministre fran\u00e7ais de l\u2019Europe et des Affaires Etrang\u00e8res, Jean-Yves Le DRIAN. A sa sortie d&rsquo; audience, il a relev\u00e9 que les \u00e9changes ont port\u00e9 sur le renforcement des relations bilat\u00e9rales entre [&hellip;]<\/p>\n","protected":false},"author":2,"featured_media":2764,"comment_status":"closed","ping_status":"closed","sticky":true,"template":"","format":"standard","meta":{"_acf_changed":false,"footnotes":""},"categories":[],"tags":[],"class_list":["post-2763","post","type-post","status-publish","format-standard","has-post-thumbnail","hentry"],"acf":[],"yoast_head":"<!-- This site is optimized with the Yoast SEO plugin v27.5 - https:\/\/yoast.com\/product\/yoast-seo-wordpress\/ -->\n<title>Lutte contre le terrorisme: L&#039; Acad\u00e9mie internationale de Jacqueville inaugur\u00e9e - Amanien| L&#039;actualit\u00e9 Ivoirienne et Internationale<\/title>\n<meta name=\"robots\" content=\"index, follow, max-snippet:-1, max-image-preview:large, max-video-preview:-1\" \/>\n<link rel=\"canonical\" href=\"https:\/\/www.amanien.info\/news\/lutte-contre-le-terrorisme-l-academie-internationale-de-jacqueville-inauguree\/\" \/>\n<meta property=\"og:locale\" content=\"fr_FR\" \/>\n<meta property=\"og:type\" content=\"article\" \/>\n<meta property=\"og:title\" content=\"Lutte contre le terrorisme: L&#039; Acad\u00e9mie internationale de Jacqueville inaugur\u00e9e - Amanien| L&#039;actualit\u00e9 Ivoirienne et Internationale\" \/>\n<meta property=\"og:description\" content=\"Le chef de l&rsquo;\u00c9tat Alassane Ouattara, a re\u00e7u en audience le jeudi 10 juin 2021, au Palais de la Pr\u00e9sidence de la R\u00e9publique, le Ministre fran\u00e7ais de l\u2019Europe et des Affaires Etrang\u00e8res, Jean-Yves Le DRIAN. A sa sortie d&rsquo; audience, il a relev\u00e9 que les \u00e9changes ont port\u00e9 sur le renforcement des relations bilat\u00e9rales entre [&hellip;]\" \/>\n<meta property=\"og:url\" content=\"https:\/\/www.amanien.info\/news\/lutte-contre-le-terrorisme-l-academie-internationale-de-jacqueville-inauguree\/\" \/>\n<meta property=\"og:site_name\" content=\"Amanien| L&#039;actualit\u00e9 Ivoirienne et Internationale\" \/>\n<meta property=\"article:published_time\" content=\"2021-06-11T09:38:23+00:00\" \/>\n<meta property=\"article:modified_time\" content=\"2021-06-11T09:38:48+00:00\" \/>\n<meta property=\"og:image\" content=\"https:\/\/www.amanien.info\/news\/wp-content\/uploads\/2021\/06\/thumbnail4.png\" \/>\n\t<meta property=\"og:image:width\" content=\"720\" \/>\n\t<meta property=\"og:image:height\" content=\"479\" \/>\n\t<meta property=\"og:image:type\" content=\"image\/png\" \/>\n<meta name=\"author\" content=\"Germain Ndri\" \/>\n<meta name=\"twitter:card\" content=\"summary_large_image\" \/>\n<meta name=\"twitter:label1\" content=\"\u00c9crit par\" \/>\n\t<meta name=\"twitter:data1\" content=\"Germain Ndri\" \/>\n\t<meta name=\"twitter:label2\" content=\"Dur\u00e9e de lecture estim\u00e9e\" \/>\n\t<meta name=\"twitter:data2\" content=\"2 minutes\" \/>\n<script type=\"application\/ld+json\" class=\"yoast-schema-graph\">{\"@context\":\"https:\\\/\\\/schema.org\",\"@graph\":[{\"@type\":\"Article\",\"@id\":\"https:\\\/\\\/www.amanien.info\\\/news\\\/lutte-contre-le-terrorisme-l-academie-internationale-de-jacqueville-inauguree\\\/#article\",\"isPartOf\":{\"@id\":\"https:\\\/\\\/www.amanien.info\\\/news\\\/lutte-contre-le-terrorisme-l-academie-internationale-de-jacqueville-inauguree\\\/\"},\"author\":{\"name\":\"Germain Ndri\",\"@id\":\"https:\\\/\\\/www.amanien.info\\\/news\\\/#\\\/schema\\\/person\\\/b21093345753a1a98242d505bd894f42\"},\"headline\":\"Lutte contre le terrorisme: L&rsquo; Acad\u00e9mie internationale de Jacqueville inaugur\u00e9e\",\"datePublished\":\"2021-06-11T09:38:23+00:00\",\"dateModified\":\"2021-06-11T09:38:48+00:00\",\"mainEntityOfPage\":{\"@id\":\"https:\\\/\\\/www.amanien.info\\\/news\\\/lutte-contre-le-terrorisme-l-academie-internationale-de-jacqueville-inauguree\\\/\"},\"wordCount\":273,\"image\":{\"@id\":\"https:\\\/\\\/www.amanien.info\\\/news\\\/lutte-contre-le-terrorisme-l-academie-internationale-de-jacqueville-inauguree\\\/#primaryimage\"},\"thumbnailUrl\":\"https:\\\/\\\/www.amanien.info\\\/news\\\/wp-content\\\/uploads\\\/2021\\\/06\\\/thumbnail4.png\",\"inLanguage\":\"fr-FR\"},{\"@type\":\"WebPage\",\"@id\":\"https:\\\/\\\/www.amanien.info\\\/news\\\/lutte-contre-le-terrorisme-l-academie-internationale-de-jacqueville-inauguree\\\/\",\"url\":\"https:\\\/\\\/www.amanien.info\\\/news\\\/lutte-contre-le-terrorisme-l-academie-internationale-de-jacqueville-inauguree\\\/\",\"name\":\"Lutte contre le terrorisme: L' Acad\u00e9mie internationale de Jacqueville inaugur\u00e9e - Amanien| L&#039;actualit\u00e9 Ivoirienne et Internationale\",\"isPartOf\":{\"@id\":\"https:\\\/\\\/www.amanien.info\\\/news\\\/#website\"},\"primaryImageOfPage\":{\"@id\":\"https:\\\/\\\/www.amanien.info\\\/news\\\/lutte-contre-le-terrorisme-l-academie-internationale-de-jacqueville-inauguree\\\/#primaryimage\"},\"image\":{\"@id\":\"https:\\\/\\\/www.amanien.info\\\/news\\\/lutte-contre-le-terrorisme-l-academie-internationale-de-jacqueville-inauguree\\\/#primaryimage\"},\"thumbnailUrl\":\"https:\\\/\\\/www.amanien.info\\\/news\\\/wp-content\\\/uploads\\\/2021\\\/06\\\/thumbnail4.png\",\"datePublished\":\"2021-06-11T09:38:23+00:00\",\"dateModified\":\"2021-06-11T09:38:48+00:00\",\"author\":{\"@id\":\"https:\\\/\\\/www.amanien.info\\\/news\\\/#\\\/schema\\\/person\\\/b21093345753a1a98242d505bd894f42\"},\"breadcrumb\":{\"@id\":\"https:\\\/\\\/www.amanien.info\\\/news\\\/lutte-contre-le-terrorisme-l-academie-internationale-de-jacqueville-inauguree\\\/#breadcrumb\"},\"inLanguage\":\"fr-FR\",\"potentialAction\":[{\"@type\":\"ReadAction\",\"target\":[\"https:\\\/\\\/www.amanien.info\\\/news\\\/lutte-contre-le-terrorisme-l-academie-internationale-de-jacqueville-inauguree\\\/\"]}]},{\"@type\":\"ImageObject\",\"inLanguage\":\"fr-FR\",\"@id\":\"https:\\\/\\\/www.amanien.info\\\/news\\\/lutte-contre-le-terrorisme-l-academie-internationale-de-jacqueville-inauguree\\\/#primaryimage\",\"url\":\"https:\\\/\\\/www.amanien.info\\\/news\\\/wp-content\\\/uploads\\\/2021\\\/06\\\/thumbnail4.png\",\"contentUrl\":\"https:\\\/\\\/www.amanien.info\\\/news\\\/wp-content\\\/uploads\\\/2021\\\/06\\\/thumbnail4.png\",\"width\":720,\"height\":479},{\"@type\":\"BreadcrumbList\",\"@id\":\"https:\\\/\\\/www.amanien.info\\\/news\\\/lutte-contre-le-terrorisme-l-academie-internationale-de-jacqueville-inauguree\\\/#breadcrumb\",\"itemListElement\":[{\"@type\":\"ListItem\",\"position\":1,\"name\":\"Accueil\",\"item\":\"https:\\\/\\\/www.amanien.info\\\/news\\\/\"},{\"@type\":\"ListItem\",\"position\":2,\"name\":\"Lutte contre le terrorisme: L&rsquo; Acad\u00e9mie internationale de Jacqueville inaugur\u00e9e\"}]},{\"@type\":\"WebSite\",\"@id\":\"https:\\\/\\\/www.amanien.info\\\/news\\\/#website\",\"url\":\"https:\\\/\\\/www.amanien.info\\\/news\\\/\",\"name\":\"Amanien| L&#039;actualit\u00e9 Ivoirienne et Internationale\",\"description\":\"L&#039;actualit\u00e9 Ivoirienne et Internationale\",\"potentialAction\":[{\"@type\":\"SearchAction\",\"target\":{\"@type\":\"EntryPoint\",\"urlTemplate\":\"https:\\\/\\\/www.amanien.info\\\/news\\\/?s={search_term_string}\"},\"query-input\":{\"@type\":\"PropertyValueSpecification\",\"valueRequired\":true,\"valueName\":\"search_term_string\"}}],\"inLanguage\":\"fr-FR\"},{\"@type\":\"Person\",\"@id\":\"https:\\\/\\\/www.amanien.info\\\/news\\\/#\\\/schema\\\/person\\\/b21093345753a1a98242d505bd894f42\",\"name\":\"Germain Ndri\",\"url\":\"https:\\\/\\\/www.amanien.info\\\/news\\\/author\\\/amanien-infos\\\/\"}]}<\/script>\n<!-- \/ Yoast SEO plugin. -->","yoast_head_json":{"title":"Lutte contre le terrorisme: L' Acad\u00e9mie internationale de Jacqueville inaugur\u00e9e - Amanien| L&#039;actualit\u00e9 Ivoirienne et Internationale","robots":{"index":"index","follow":"follow","max-snippet":"max-snippet:-1","max-image-preview":"max-image-preview:large","max-video-preview":"max-video-preview:-1"},"canonical":"https:\/\/www.amanien.info\/news\/lutte-contre-le-terrorisme-l-academie-internationale-de-jacqueville-inauguree\/","og_locale":"fr_FR","og_type":"article","og_title":"Lutte contre le terrorisme: L' Acad\u00e9mie internationale de Jacqueville inaugur\u00e9e - Amanien| L&#039;actualit\u00e9 Ivoirienne et Internationale","og_description":"Le chef de l&rsquo;\u00c9tat Alassane Ouattara, a re\u00e7u en audience le jeudi 10 juin 2021, au Palais de la Pr\u00e9sidence de la R\u00e9publique, le Ministre fran\u00e7ais de l\u2019Europe et des Affaires Etrang\u00e8res, Jean-Yves Le DRIAN. A sa sortie d&rsquo; audience, il a relev\u00e9 que les \u00e9changes ont port\u00e9 sur le renforcement des relations bilat\u00e9rales entre [&hellip;]","og_url":"https:\/\/www.amanien.info\/news\/lutte-contre-le-terrorisme-l-academie-internationale-de-jacqueville-inauguree\/","og_site_name":"Amanien| L&#039;actualit\u00e9 Ivoirienne et Internationale","article_published_time":"2021-06-11T09:38:23+00:00","article_modified_time":"2021-06-11T09:38:48+00:00","og_image":[{"width":720,"height":479,"url":"https:\/\/www.amanien.info\/news\/wp-content\/uploads\/2021\/06\/thumbnail4.png","type":"image\/png"}],"author":"Germain Ndri","twitter_card":"summary_large_image","twitter_misc":{"\u00c9crit par":"Germain Ndri","Dur\u00e9e de lecture estim\u00e9e":"2 minutes"},"schema":{"@context":"https:\/\/schema.org","@graph":[{"@type":"Article","@id":"https:\/\/www.amanien.info\/news\/lutte-contre-le-terrorisme-l-academie-internationale-de-jacqueville-inauguree\/#article","isPartOf":{"@id":"https:\/\/www.amanien.info\/news\/lutte-contre-le-terrorisme-l-academie-internationale-de-jacqueville-inauguree\/"},"author":{"name":"Germain Ndri","@id":"https:\/\/www.amanien.info\/news\/#\/schema\/person\/b21093345753a1a98242d505bd894f42"},"headline":"Lutte contre le terrorisme: L&rsquo; Acad\u00e9mie internationale de Jacqueville inaugur\u00e9e","datePublished":"2021-06-11T09:38:23+00:00","dateModified":"2021-06-11T09:38:48+00:00","mainEntityOfPage":{"@id":"https:\/\/www.amanien.info\/news\/lutte-contre-le-terrorisme-l-academie-internationale-de-jacqueville-inauguree\/"},"wordCount":273,"image":{"@id":"https:\/\/www.amanien.info\/news\/lutte-contre-le-terrorisme-l-academie-internationale-de-jacqueville-inauguree\/#primaryimage"},"thumbnailUrl":"https:\/\/www.amanien.info\/news\/wp-content\/uploads\/2021\/06\/thumbnail4.png","inLanguage":"fr-FR"},{"@type":"WebPage","@id":"https:\/\/www.amanien.info\/news\/lutte-contre-le-terrorisme-l-academie-internationale-de-jacqueville-inauguree\/","url":"https:\/\/www.amanien.info\/news\/lutte-contre-le-terrorisme-l-academie-internationale-de-jacqueville-inauguree\/","name":"Lutte contre le terrorisme: L' Acad\u00e9mie internationale de Jacqueville inaugur\u00e9e - Amanien| L&#039;actualit\u00e9 Ivoirienne et Internationale","isPartOf":{"@id":"https:\/\/www.amanien.info\/news\/#website"},"primaryImageOfPage":{"@id":"https:\/\/www.amanien.info\/news\/lutte-contre-le-terrorisme-l-academie-internationale-de-jacqueville-inauguree\/#primaryimage"},"image":{"@id":"https:\/\/www.amanien.info\/news\/lutte-contre-le-terrorisme-l-academie-internationale-de-jacqueville-inauguree\/#primaryimage"},"thumbnailUrl":"https:\/\/www.amanien.info\/news\/wp-content\/uploads\/2021\/06\/thumbnail4.png","datePublished":"2021-06-11T09:38:23+00:00","dateModified":"2021-06-11T09:38:48+00:00","author":{"@id":"https:\/\/www.amanien.info\/news\/#\/schema\/person\/b21093345753a1a98242d505bd894f42"},"breadcrumb":{"@id":"https:\/\/www.amanien.info\/news\/lutte-contre-le-terrorisme-l-academie-internationale-de-jacqueville-inauguree\/#breadcrumb"},"inLanguage":"fr-FR","potentialAction":[{"@type":"ReadAction","target":["https:\/\/www.amanien.info\/news\/lutte-contre-le-terrorisme-l-academie-internationale-de-jacqueville-inauguree\/"]}]},{"@type":"ImageObject","inLanguage":"fr-FR","@id":"https:\/\/www.amanien.info\/news\/lutte-contre-le-terrorisme-l-academie-internationale-de-jacqueville-inauguree\/#primaryimage","url":"https:\/\/www.amanien.info\/news\/wp-content\/uploads\/2021\/06\/thumbnail4.png","contentUrl":"https:\/\/www.amanien.info\/news\/wp-content\/uploads\/2021\/06\/thumbnail4.png","width":720,"height":479},{"@type":"BreadcrumbList","@id":"https:\/\/www.amanien.info\/news\/lutte-contre-le-terrorisme-l-academie-internationale-de-jacqueville-inauguree\/#breadcrumb","itemListElement":[{"@type":"ListItem","position":1,"name":"Accueil","item":"https:\/\/www.amanien.info\/news\/"},{"@type":"ListItem","position":2,"name":"Lutte contre le terrorisme: L&rsquo; Acad\u00e9mie internationale de Jacqueville inaugur\u00e9e"}]},{"@type":"WebSite","@id":"https:\/\/www.amanien.info\/news\/#website","url":"https:\/\/www.amanien.info\/news\/","name":"Amanien| L&#039;actualit\u00e9 Ivoirienne et Internationale","description":"L&#039;actualit\u00e9 Ivoirienne et Internationale","potentialAction":[{"@type":"SearchAction","target":{"@type":"EntryPoint","urlTemplate":"https:\/\/www.amanien.info\/news\/?s={search_term_string}"},"query-input":{"@type":"PropertyValueSpecification","valueRequired":true,"valueName":"search_term_string"}}],"inLanguage":"fr-FR"},{"@type":"Person","@id":"https:\/\/www.amanien.info\/news\/#\/schema\/person\/b21093345753a1a98242d505bd894f42","name":"Germain Ndri","url":"https:\/\/www.amanien.info\/news\/author\/amanien-infos\/"}]}},"_links":{"self":[{"href":"https:\/\/www.amanien.info\/news\/wp-json\/wp\/v2\/posts\/2763","targetHints":{"allow":["GET"]}}],"collection":[{"href":"https:\/\/www.amanien.info\/news\/wp-json\/wp\/v2\/posts"}],"about":[{"href":"https:\/\/www.amanien.info\/news\/wp-json\/wp\/v2\/types\/post"}],"author":[{"embeddable":true,"href":"https:\/\/www.amanien.info\/news\/wp-json\/wp\/v2\/users\/2"}],"replies":[{"embeddable":true,"href":"https:\/\/www.amanien.info\/news\/wp-json\/wp\/v2\/comments?post=2763"}],"version-history":[{"count":0,"href":"https:\/\/www.amanien.info\/news\/wp-json\/wp\/v2\/posts\/2763\/revisions"}],"wp:featuredmedia":[{"embeddable":true,"href":"https:\/\/www.amanien.info\/news\/wp-json\/wp\/v2\/media\/2764"}],"wp:attachment":[{"href":"https:\/\/www.amanien.info\/news\/wp-json\/wp\/v2\/media?parent=2763"}],"wp:term":[{"taxonomy":"category","embeddable":true,"href":"https:\/\/www.amanien.info\/news\/wp-json\/wp\/v2\/categories?post=2763"},{"taxonomy":"post_tag","embeddable":true,"href":"https:\/\/www.amanien.info\/news\/wp-json\/wp\/v2\/tags?post=2763"}],"curies":[{"name":"wp","href":"https:\/\/api.w.org\/{rel}","templated":true}]}}