{"id":2754,"date":"2021-06-11T09:26:03","date_gmt":"2021-06-11T09:26:03","guid":{"rendered":"https:\/\/www.https:\/\/zozo.buyee.jp\/\/news\/?p=2754"},"modified":"2021-06-11T09:26:38","modified_gmt":"2021-06-11T09:26:38","slug":"communique-du-conseil-des-ministres-du-9-juin-la-fourniture-de-l-electricite-aux-menages-sera-continue-a-partir-de-juillet","status":"publish","type":"post","link":"https:\/\/www.amanien.info\/news\/communique-du-conseil-des-ministres-du-9-juin-la-fourniture-de-l-electricite-aux-menages-sera-continue-a-partir-de-juillet\/","title":{"rendered":"Communiqu\u00e9 du conseil des Ministres du 9 juin: La fourniture de l&rsquo; \u00e9lectricit\u00e9 aux m\u00e9nages sera continue \u00e0 partir de juillet"},"content":{"rendered":"<p>Le mercredi 09 juin 2020, un Conseil des Ministres s\u2019est tenu de 11h00 \u00e0 14h00 au Palais de la Pr\u00e9sidence de la R\u00e9publique \u00e0 Abidjan, sous la pr\u00e9sidence de Son Excellence Monsieur Alassane OUATTARA, Pr\u00e9sident de la R\u00e9publique, Chef de l\u2019Etat.<\/p>\n<p>L\u2019ordre du jour de cette r\u00e9union comportait les points suivants :<\/p>\n<p>A\/-Mesures G\u00e9n\u00e9rales<br \/>\n\u2212 Projets de loi<br \/>\n\u2212 Projets de d\u00e9crets<br \/>\nB\/-Mesures Individuelles<br \/>\nC\/-Communications<\/p>\n<p>A\/\u2013 MESURES GENERALES<\/p>\n<p>PROJETS DE LOI<\/p>\n<p>Au titre du Minist\u00e8re de la Justice et des Droits de l\u2019Homme;<\/p>\n<p>Le Conseil a adopt\u00e9 deux (2) projets de loi :<\/p>\n<p>\u2022 le premier projet de loi est relatif aux mesures de protection des victimes de violences domestiques, de viol et de violences sexuelles autres que domestiques.<\/p>\n<p>Les violences domestiques, le viol et les violences sexuelles autres que domestiques connaissent une recrudescence, dans notre pays, en d\u00e9pit des mesures de protection pr\u00e9vues par la l\u00e9gislation p\u00e9nale nationale.<br \/>\nAussi, ce dispositif sp\u00e9cial adapte la l\u00e9gislation nationale aux exigences des instruments internationaux r\u00e9cents de protection des droits de l\u2019homme avec des mesures de protection efficaces qui sauvegardent durablement la vie, la dignit\u00e9 et l\u2019int\u00e9grit\u00e9 physique et psychologique de la personne.<\/p>\n<p>\u2022 le deuxi\u00e8me projet de loi porte sur la modification de la loi n\u00b0 2019-574 du 26 juin 2019 portant Code p\u00e9nal.<\/p>\n<p>Ce projet de loi modificatif apporte des correctifs aux erreurs ou imperfections de forme, am\u00e9liore certaines dispositions susceptibles de donner lieu \u00e0 interpr\u00e9tation et int\u00e8gre de nouvelles dispositions pour une lutte efficace contre l\u2019impunit\u00e9.<\/p>\n<p>PROJETS DE DECRETS<\/p>\n<p>1- Au titre du Minist\u00e8re d\u2019Etat, Minist\u00e8re des Affaires Etrang\u00e8res, de l\u2019Int\u00e9gration Africaine et de la Diaspora, en liaison avec le Minist\u00e8re de l\u2019Economie et des Finances, le Minist\u00e8re du Budget et du Portefeuille de l\u2019Etat et le Minist\u00e8re de l\u2019Education Nationale et de l\u2019Alphab\u00e9tisation ;<\/p>\n<p>Le Conseil a adopt\u00e9 un d\u00e9cret portant ratification de l\u2019Accord de pr\u00eat n\u00b01048, d\u2019un montant de huit millions (8 000 000) de dinars kowe\u00eftiens, soit environ quinze milliards sept cents millions (15 700 000 000) de Francs CFA, conclu le 31 mars 2021 entre le Fonds Kowe\u00eftien pour le D\u00e9veloppement Economique Arabe (FKDEA) et la R\u00e9publique de C\u00f4te d\u2019Ivoire, en vue du financement du Projet de construction et d\u2019\u00e9quipement de trois (03) lyc\u00e9es d\u2019excellence pour filles.<\/p>\n<p>Le projet objet de cet accord de pr\u00eat vise \u00e0 soutenir le d\u00e9veloppement socio-\u00e9conomique de la C\u00f4te d\u2019Ivoire en am\u00e9liorant l\u2019efficacit\u00e9 du syst\u00e8me \u00e9ducatif. Il permettra plus sp\u00e9cifiquement d\u2019accro\u00eetre la scolarisation des filles et la qualit\u00e9 de l\u2019\u00e9ducation avec la construction et l\u2019\u00e9quipement de trois (03) lyc\u00e9es d\u2019excellence pour filles dans les r\u00e9gions de la Bagou\u00e9, de la M\u00e9 et du Sud-Como\u00e9, pour une capacit\u00e9 d\u2019accueil global de 1000 \u00e9l\u00e8ves et 800 lits de dortoirs par lyc\u00e9e.<\/p>\n<p>2- Au titre du Minist\u00e8re d\u2019Etat, Minist\u00e8re des Affaires Etrang\u00e8res, de l\u2019Int\u00e9gration Africaine et de la Diaspora, en liaison avec le Minist\u00e8re d\u2019Etat, Minist\u00e8re de l\u2019Agriculture et du D\u00e9veloppement Rural, le Minist\u00e8re de l\u2019Economie et des Finances et le Minist\u00e8re du Budget et du Portefeuille de l\u2019Etat ;<\/p>\n<p>Le Conseil a adopt\u00e9 un d\u00e9cret portant ratification de la Convention de cr\u00e9dit n\u00b0CCI 1683 02 N, d\u2019un montant total de quarante millions (40 000 000) d\u2019Euros, soit vingt-six milliards deux cent trente-huit millions deux cent quatre-vingt mille (26 238 280 000) Francs CFA, conclue le 29 avril 2021 entre l\u2019Agence Fran\u00e7aise de D\u00e9veloppement (AFD) et la R\u00e9publique de C\u00f4te d\u2019Ivoire, en vue du financement du projet de r\u00e9silience des syst\u00e8mes cotonniers du Nord de la C\u00f4te d\u2019Ivoire \u2013 RESCO.<\/p>\n<p>Ce financement permettra de renforcer la r\u00e9silience des acteurs de la fili\u00e8re cotonni\u00e8re dans le contexte actuel de vuln\u00e9rabilit\u00e9 climatique, \u00e9conomique et social, de fa\u00e7on \u00e0 soutenir la durabilit\u00e9 de la fili\u00e8re et \u00e0 am\u00e9liorer la comp\u00e9titivit\u00e9 \u00e9conomique des exploitations agricoles familiales.<\/p>\n<p>3-Au titre du Minist\u00e8re d\u2019Etat, Minist\u00e8re des Affaires Etrang\u00e8res, de l\u2019Int\u00e9gration Africaine et de la Diaspora, en liaison avec le Minist\u00e8re de l\u2019Economie et des Finances et le Minist\u00e8re du Budget et du Portefeuille de l\u2019Etat;<\/p>\n<p>Le Conseil a adopt\u00e9 un d\u00e9cret portant cr\u00e9ation d\u2019une Ambassade de la R\u00e9publique de C\u00f4te d\u2019Ivoire pr\u00e8s l\u2019Etat des Emirats Arabes Unis.<\/p>\n<p>La cr\u00e9ation de cette ambassade, dans le contexte de l\u2019ouverture prochaine d\u2019une Ambassade des Emirats Arabes Unis en C\u00f4te d\u2019Ivoire, vise \u00e0 renforcer davantage les relations \u00e9conomiques et socioculturelles entre les deux pays.<\/p>\n<p>4-Au titre du Minist\u00e8re de l\u2019Int\u00e9rieur et de la S\u00e9curit\u00e9<\/p>\n<p>Le Conseil a adopt\u00e9 deux (2) d\u00e9crets :<\/p>\n<p>\u2022 le premier d\u00e9cret porte convocation des coll\u00e8ges \u00e9lectoraux pour les \u00e9lections partielles des s\u00e9nateurs du 31 juillet 2021, dans les r\u00e9gions des Grands-ponts, du Kabadougou, du Bounkani, de la Nawa et du Gontougo ;<\/p>\n<p>Conform\u00e9ment \u00e0 la l\u00e9gislation \u00e9lectorale en vigueur et sur proposition de la CEI, les coll\u00e8ges \u00e9lectoraux des circonscriptions \u00e9lectorales des Grands-ponts, du Kabadougou, du Bounkani, de la Nawa et du Gontougo sont convoqu\u00e9s \u00e0 la date du samedi 31 juillet 2021 pour les \u00e9lections partielles en vue de pourvoir les 05 si\u00e8ges de s\u00e9nateurs vacants dans ces r\u00e9gions.<br \/>\nLe scrutin sera ouvert \u00e0 huit heures et clos \u00e0 dix-huit heures.<\/p>\n<p>\u2022 le deuxi\u00e8me d\u00e9cret porte cr\u00e9ation de douze (12) Districts Autonomes.<\/p>\n<p>Ce d\u00e9cret proc\u00e8de \u00e0 une restructuration du d\u00e9coupage territorial par la cr\u00e9ation d\u2019entit\u00e9s suprar\u00e9gionales, \u00e0 savoir des Districts autonomes, plus \u00e0 m\u00eame de porter le d\u00e9veloppement et le progr\u00e8s social dans des aires g\u00e9ographiques beaucoup plus \u00e9tendues.<br \/>\nAinsi, ce d\u00e9cret cr\u00e9\u00e9 12 Districts autonomes, englobant dans leurs ressorts territoriaux au moins deux (02) r\u00e9gions.<br \/>\nIl s\u2019agit du :<\/p>\n<ul>\n<li>District Autonome du Bas-Sassandra ;<\/li>\n<li>District Autonome de la Como\u00e9 ;<\/li>\n<li>District Autonome du Dengu\u00e9l\u00e9 ;<\/li>\n<li>District Autonome du G\u00f4h-Djiboua ;<\/li>\n<li>District Autonome des Lacs ;<\/li>\n<li>District Autonome des Lagunes ;<\/li>\n<li>District Autonome des Montagnes<\/li>\n<li>District Autonome du Sassandra-Marahou\u00e9 ;<\/li>\n<li>District Autonome des Savanes ;<\/li>\n<li>District Autonome de la Vall\u00e9e du Bandama ;<\/li>\n<li>District Autonome du Woroba ;<\/li>\n<li>District Autonome du Zanzan.<\/li>\n<\/ul>\n<p>5- Au titre du Minist\u00e8re de l\u2019Int\u00e9rieur et de la S\u00e9curit\u00e9, en liaison avec le Minist\u00e8re de l\u2019Economie et des Finances, le Minist\u00e8re de la Fonction Publique et de la Modernisation de l\u2019Administration et le Minist\u00e8re du Budget et du Portefeuille de l\u2019Etat;<\/p>\n<p>Le Conseil a adopt\u00e9 deux (2) d\u00e9crets :<\/p>\n<p>\u2022 un d\u00e9cret d\u00e9terminant les modalit\u00e9s d\u2019application de la loi n\u00b0 2014-452 du 05 ao\u00fbt 2014 portant mode de cr\u00e9ation, attributions, organisation et fonctionnement du District Autonome ;<\/p>\n<p>\u2022 un d\u00e9cret fixant les modalit\u00e9s d\u2019\u00e9tablissement du cadre organique des emplois des Districts Autonomes.<\/p>\n<p>Ces d\u00e9crets concourent \u00e0 mettre en place les conditions de l\u2019op\u00e9rationnalisation mat\u00e9rielle de ces nouvelles subdivisions administratives afin de faciliter la mise en \u0153uvre des politiques publiques d\u2019am\u00e9nagement du territoire et de r\u00e9pondre efficacement aux nouveaux d\u00e9fis de d\u00e9veloppement.<\/p>\n<p>6-Au titre du Minist\u00e8re de l\u2019Enseignement Sup\u00e9rieur et de la Recherche Scientifique, en liaison avec le Minist\u00e8re de l\u2019Economie et des Finances, le Minist\u00e8re de la Fonction Publique et de la Modernisation de l\u2019Administration et le Minist\u00e8re du Budget et du Portefeuille de l\u2019Etat ;<\/p>\n<p>Le Conseil a adopt\u00e9 un d\u00e9cret portant cr\u00e9ation, attributions, organisation et fonctionnement de l\u2019Universit\u00e9 de San-Pedro.<\/p>\n<p>Institu\u00e9e dans le cadre de la mise \u0153uvre de la carte universitaire qui se traduit par la cr\u00e9ation d\u2019universit\u00e9s publiques dans les grandes r\u00e9gions du pays, l\u2019Universit\u00e9 de San-Pedro est notamment charg\u00e9e d\u2019assurer la formation initiale et continue ainsi que la recherche scientifique et technologique dans les domaines :<br \/>\n&#8211; des Sciences de la Mer et de la Construction Navale ;<br \/>\n&#8211; de l\u2019Agriculture, des Ressources Halieutiques et de l\u2019Agro-Industrie;<br \/>\n&#8211; du B\u00e2timent et des Travaux Publics ;<br \/>\n&#8211; du Tourisme et de l\u2019H\u00f4tellerie ;<br \/>\n&#8211; des Transports et de la Logistique.<br \/>\nL\u2019ouverture de l\u2019Universit\u00e9 de San-Pedro est pr\u00e9vue pour le mois d\u2019octobre 2021. Cette autre universit\u00e9 publique issue de la vision prospective du Pr\u00e9sident de la R\u00e9publique, permettra d\u2019augmenter la capacit\u00e9 d\u2019accueil des universit\u00e9s publiques et de faire face au nombre de plus en plus croissant de bacheliers, de d\u00e9velopper des offres de formation adapt\u00e9es aux besoins de l\u2019\u00e9conomie nationale et plus sp\u00e9cifiquement de valoriser les potentialit\u00e9s \u00e9conomiques r\u00e9gionales.<\/p>\n<p>B\/\u2013 MESURES INDIVIDUELLES<\/p>\n<p>1-Au titre du Premier Ministre, Chef du Gouvernement;<\/p>\n<p>Le Conseil a adopt\u00e9 une communication relative aux d\u00e9lib\u00e9rations du Comit\u00e9 charg\u00e9 de l\u2019examen des projets de nominations dans les D\u00e9partements minist\u00e9riels du 25 mai 2021.<\/p>\n<p>Ainsi, sont nomm\u00e9es, en qualit\u00e9 de Directeur de Cabinet, les personnalit\u00e9s ci-apr\u00e8s :<\/p>\n<p>\u2022 Monsieur KABRAN Assoumou, MINISTERE D\u2019ETAT, MINISTERE DES AFFAIRES ETRANGERES, DE L\u2019INTEGRATION AFRICAINE ET DE LA DIASPORA ;<\/p>\n<p>\u2022 Monsieur MALAN Koffi Jean-Paul, MINISTERE D\u2019ETAT, MINISTERE DE LA DEFENSE ;<\/p>\n<p>\u2022 Monsieur COULIBALY Siaka Minayaha,<br \/>\nMINISTERE D\u2019ETAT, MINISTERE DE L\u2019AGRICULTURE ET DU DEVELOPPEMENT RURAL ;<\/p>\n<p>\u2022 Monsieur KOUASSI N\u2019Guessan Bernard, MINISTERE DE LA JUSTICE ET DES DROITS DE L\u2019HOMME ;<\/p>\n<p>\u2022 Monsieur BENJAMIN EFFOLI, MINISTERE DE L\u2019INTERIEUR ET DE LA SECURITE ;<\/p>\n<p>\u2022 Monsieur GBOGOU Didier Lohoury, MINISTERE DES EAUX ET FORETS ;<\/p>\n<p>\u2022 M. YEO Nahoua, MINISTERE DU PLAN ET DU DEVELOPPEMENT ;<\/p>\n<p>\u2022 Monsieur CONE DIOMAN, MINISTERE DES TRANSPORTS ;<\/p>\n<p>\u2022 Madame Minafou Fanta KONE \u00e9pouse COULIBALY, MINISTERE DE L\u2019ECONOMIE ET DES FINANCES ;<\/p>\n<p>\u2022 Madame KABA Nass\u00e9r\u00e9, MINISTERE DE LA FONCTION PUBLIQUE ET DE LA MODERNISATION DE L\u2019ADMINISTRATION ;<\/p>\n<p>\u2022 Monsieur DIABATE Kaladji, MINISTERE DE LA CONSTRUCTION, DU LOGEMENT ET DE L\u2019URBANISME ;<\/p>\n<p>\u2022 Monsieur Adama SALL, MINISTERE DU BUDGET ET DU PORTEFEUILLE DE L\u2019ETAT ;<\/p>\n<p>\u2022 Monsieur TCHIMOU N\u2019gbocho Lucien, MINISTERE DE L\u2019HYDRAULIQUE ;<\/p>\n<p>\u2022 Monsieur YAO Aristide Armand, MINISTERE DE L\u2019EQUIPEMENT ET DE L\u2019ENTRETIEN ROUTIER ;<\/p>\n<p>\u2022 Monsieur Mamadou BINATE, MINISTERE DE L\u2019EDUCATION NATIONALE ET DE L\u2019ALPHABETISATION ;<\/p>\n<p>\u2022 Madame Hafiza BERTE, MINISTERE DE LA RECONCILIATION ET DE LA COHESION NATIONALE ;<\/p>\n<p>\u2022 Monsieur ESSO Loesse Jacques, MINISTERE DU COMMERCE ET DE L\u2019INDUSTRIE ;<\/p>\n<p>\u2022 Monsieur ALLA Yao Fran\u00e7ois, MINISTERE DE LA PROMOTION DES SPORTS ET DU DEVELOPPEMENT DE L\u2019ECONOMIE SPORTIVE ;<\/p>\n<p>\u2022 Monsieur ADOU Jean Martial, MINISTERE DE LA COMMUNICATION, DES MEDIAS ET DE LA FRANCOPHONIE ;<\/p>\n<p>\u2022 Madame Karitia DE MEDEIROS n\u00e9e COULIBALY, MINISTERE DE LA PROMOTION DE LA JEUNESSE, DE L\u2019INSERTION PROFESSIONNELLE ET DU SERVICE CIVIQUE ;<\/p>\n<p>\u2022 Monsieur DIARRA Ibrahim, MINISTERE DE LA PROMOTION DE L\u2019INVESTISSEMENT ET DU DEVELOPPEMENT DU SECTEUR PRIVE ;<br \/>\n\u2022 Madame Marie-Th\u00e9r\u00e8se OKOUBO \u00e9pouse OKOU, MINISTERE DE LA PROMOTION DES PME, DE L\u2019ARTISANAT ET DE LA TRANSFORMATION DU SECTEUR INFORMEL ;<\/p>\n<p>\u2022 Monsieur Zoumana MEITE ANLYOU, MINISTERE DES RESSOURCES ANIMALES ET HALIEUTIQUES ;<\/p>\n<p>\u2022 Monsieur KOUAKOU Jean Marie ATTA, MINISTERE DU TOURISME ET DES LOISIRS ;<\/p>\n<p>\u2022 Monsieur Amadou KONE, MINISTERE DE LA PROMOTION DE LA BONNE GOUVERNANCE, DU RENFORCEMENT DES CAPACITES ET DE LA LUTTE CONTRE LA CORRUPTION ;<\/p>\n<p>\u2022 Madame AMAND Patricia Valerie Aim\u00e9e, MINISTERE DE L\u2019ECONOMIE NUMERIQUE, DES TELECOMMUNICATIONS ET DE L\u2019INNOVATION ;<\/p>\n<p>\u2022 Monsieur KOBEA Toka Ars\u00e8ne, MINISTERE DE L\u2019ENSEIGNEMENT SUPERIEUR ET DE LA RECHERCHE SCIENTIFIQUE ;<\/p>\n<p>\u2022 Monsieur KOFFI Aka Charles, MINISTERE DE LA SANTE, DE L\u2019HYGIENE PUBLIQUE ET DE LA COUVERTURE MALADIE UNIVERSELLE ;<\/p>\n<p>\u2022 Monsieur AKA KADJO Jean-Baptiste, MINISTERE DES MINES, DU PETROLE ET DE L\u2019ENERGIE ;<\/p>\n<p>\u2022 Monsieur DIOMANDE Drissa, MINISTERE DE L\u2019ASSAINISSEMENT ET DE LA SALUBRITE ;<\/p>\n<p>\u2022 Madame DOGBO Paule Marl\u00e8ne Ren\u00e9e, MINISTERE DE LA SOLIDARITE ET DE LA LUTTE CONTRE LA PAUVRETE ;<\/p>\n<p>\u2022 Monsieur KANGA N\u2019doa Jean-Jacques, MINISTERE DE L\u2019EMPLOI ET DE LA PROTECTION SOCIALE ;<br \/>\n\u2022 Monsieur DJIKE Raymond Claude, MINISTERE DE LA FEMME, DE LA FAMILLE ET DE L\u2019ENFANT ;<\/p>\n<p>\u2022 Monsieur SANGARE Moustapha Karam, MINISTERE DE L\u2019ENSEIGNEMENT TECHNIQUE, DE LA FORMATION PROFESSIONNELLE ET DE L\u2019APPRENTISSAGE ;<\/p>\n<p>\u2022 Monsieur Florent SAKRO GALATY, MINISTERE DE LA CULTURE ET DE L\u2019INDUSTRIE DES ARTS ET DU SPECTACLE ;<\/p>\n<p>\u2022 Monsieur KOUADIO Kouakou Parfait, MINISTERE DE L\u2019ENVIRONNEMENT ET DU DEVELOPPEMENT DURABLE ;<\/p>\n<p>\u2022 Monsieur SYLLA Kalilou, MINISTRE DELEGUE AUPRES DU MINISTRE D\u2019ETAT, MINISTRE DES AFFAIRES ETRANGERES, DE L\u2019INTEGRATION AFRICAINE ET DE LA DIASPORA, CHARGE DE L\u2019INTEGRATION AFRICAINE ;<\/p>\n<p>\u2022 Monsieur KOUASSI Kouadio Edouard, SECRETAIRE D\u2019ETAT AUPRES DU MINISTRE DE LA CONSTRUCTION, DU LOGEMENT ET DE L\u2019URBANISME, CHARGE DU LOGEMENT SOCIAL ;<\/p>\n<p>\u2022 Monsieur TAHET No\u00ebl Etienne Pierre, SECRETAIRE D\u2019ETAT AUPRES DU MINISTRE DE LA FONCTION PUBLIQUE ET DE LA MODERNISATION DE L\u2019ADMINISTRATION, CHARGE DE LA MODERNISATION DE L\u2019ADMINISTRATION ;<\/p>\n<p>\u2022 Monsieur SORO Bakary Daufanguy Benjamin, SECRETAIRE D\u2019ETAT AUPRES DU MINISTRE DES TRANSPORTS, CHARGE DES<br \/>\nAFFAIRES MARITIMES ;<\/p>\n<p>\u2022 Monsieur SAYE Keadakan Judica\u00ebl, SECRETAIRE D\u2019ETAT AUPRES DU MINISTRE DE L\u2019EMPLOI ET DE LA PROTECTION SOCIALE, CHARGE DE LA PROTECTION SOCIALE ;<\/p>\n<p>2- Au titre du Minist\u00e8re d\u2019Etat, Minist\u00e8re des Affaires Etrang\u00e8res, de l\u2019Int\u00e9gration Africaine et de la Diaspora ;<\/p>\n<p>Le Conseil a donn\u00e9 son accord en vue de la nomination de :<\/p>\n<p>\u2022 Monsieur KONE Sakaria, actuellement Ambassadeur Extraordinaire et Pl\u00e9nipotentiaire de la R\u00e9publique de C\u00f4te d\u2019Ivoire pr\u00e8s la R\u00e9publique d\u2019Afrique du Sud, avec r\u00e9sidence \u00e0 Pretoria, en qualit\u00e9 d\u2019Ambassadeur Extraordinaire et Pl\u00e9nipotentiaire de la R\u00e9publique de C\u00f4te d\u2019Ivoire pr\u00e8s les pays suivants :<br \/>\n&#8211; le Royaume d\u2019Eswatini ;<br \/>\n&#8211; l\u2019Union des Comores;<br \/>\n&#8211; la R\u00e9publique des Seychelles ;<br \/>\n&#8211; la R\u00e9publique du Botswana ;<br \/>\n&#8211; la R\u00e9publique du Zimbabwe.<\/p>\n<p>\u2022 Monsieur COULIBALY Drissa, actuellement Ambassadeur de C\u00f4te d\u2019Ivoire en Arabie Saoudie, avec r\u00e9sidence \u00e0 Riyad, en qualit\u00e9 d\u2019Ambassadeur Extraordinaire et Pl\u00e9nipotentiaire de la R\u00e9publique de C\u00f4te d\u2019Ivoire pr\u00e8s les pays suivants :<br \/>\n&#8211; le Sultanat d\u2019Oman ;<br \/>\n&#8211; l\u2019Etat du Kowe\u00eft ;<br \/>\n&#8211; l\u2019Organisation de Coop\u00e9ration Islamique (OCI).<\/p>\n<p>\u2022 Monsieur MORIKO Ti\u00e9moko, actuellement Ambassadeur Extraordinaire et Pl\u00e9nipotentiaire de la R\u00e9publique de C\u00f4te d\u2019Ivoire pr\u00e8s la R\u00e9publique du Ghana, en qualit\u00e9 d\u2019Ambassadeur Extraordinaire et Pl\u00e9nipotentiaire de la R\u00e9publique de C\u00f4te d\u2019Ivoire pr\u00e8s la R\u00e9publique togolaise, avec r\u00e9sidence \u00e0 Accra, au Ghana ;<\/p>\n<p>\u2022 G\u00e9n\u00e9ral de Corps d\u2019Arm\u00e9e TOURE S\u00e9kou, actuellement Ambassadeur Extraordinaire et Pl\u00e9nipotentiaire de la R\u00e9publique de C\u00f4te d\u2019Ivoire pr\u00e8s la R\u00e9publique du S\u00e9n\u00e9gal, en qualit\u00e9 d\u2019Ambassadeur Extraordinaire et Pl\u00e9nipotentiaire de la R\u00e9publique de C\u00f4te d\u2019Ivoire pr\u00e8s la R\u00e9publique de Guin\u00e9e Bissau, avec r\u00e9sidence \u00e0 Dakar ;<\/p>\n<p>3- Au titre du Minist\u00e8re d\u2019Etat, Minist\u00e8re des Affaires Etrang\u00e8res, de l\u2019Int\u00e9gration Africaine et de la Diaspora ;<\/p>\n<p>Le Conseil a donn\u00e9 son agr\u00e9ment en vue de la nomination de Monsieur TOMAS F\u00e9lix, en qualit\u00e9 d\u2019Ambassadeur Extraordinaire et Pl\u00e9nipotentiaire de la R\u00e9publique Slovaque pr\u00e8s la R\u00e9publique de C\u00f4te d\u2019Ivoire, avec r\u00e9sidence \u00e0 Abuja (Nig\u00e9ria).<\/p>\n<p>C\/- COMMUNICATIONS<\/p>\n<p>1-Au titre du Minist\u00e8re d\u2019Etat, Minist\u00e8re de l\u2019Agriculture et du D\u00e9veloppement Rural, en liaison avec le Minist\u00e8re des Eaux et For\u00eat, le Minist\u00e8re des Ressources Animales et Halieutiques et le Minist\u00e8re de l\u2019Environnement et du D\u00e9veloppement Durable;<\/p>\n<p>Le Conseil a adopt\u00e9 une communication relative au report de l\u2019organisation de la 6e \u00e9dition du Salon International de l\u2019Agriculture et des Ressources Animales d\u2019Abidjan (SARA).<\/p>\n<p>La 6e \u00e9dition du SARA pr\u00e9vue pour se tenir initialement sur la p\u00e9riode du 26 novembre au 05 d\u00e9cembre 2021, est report\u00e9e \u00e0 la p\u00e9riode allant du 25 novembre au 04 d\u00e9cembre 2022 en raison du retard accus\u00e9 dans la construction du Parc des Expositions sur le site d\u00e9di\u00e9 \u00e0 la tenue du SARA du fait de la crise sanitaire li\u00e9e \u00e0 la pand\u00e9mie de COVID-19.<\/p>\n<p>2-Au titre du Minist\u00e8re du Budget et du Portefeuille de l\u2019Etat;<\/p>\n<p>Le Conseil a adopt\u00e9 une communication relative au lancement de la 2e \u00e9dition du Programme d\u2019Excellence \u00abGraduate Program\u00bb de la DGPE.<\/p>\n<p>Ce programme vise \u00e0 renforcer le capital humain du service en charge du pilotage de la performance des entit\u00e9s du portefeuille de l\u2019Etat, \u00e0 travers le recrutement et la formation de jeunes talents, pour l\u2019exercice d\u2019activit\u00e9s impliquant un profil ou une technicit\u00e9 pour lesquels la Fonction publique ne dispose pas de personnel qualifi\u00e9. Compte tenu des r\u00e9sultats probants de la premi\u00e8re \u00e9dition de ce Programme d\u2019Excellence, avec huit (8) \u00e9tudiants s\u00e9lectionn\u00e9s qui ont int\u00e9gr\u00e9 diff\u00e9rents services de la DGPE, le Conseil a d\u00e9cid\u00e9 de reconduire ce programme par le lancement de sa deuxi\u00e8me \u00e9dition, en l\u2019\u00e9tendant \u00e0 l\u2019ensemble des entreprises publiques.<br \/>\nLe m\u00e9canisme de s\u00e9lection d\u00e9butera par une pr\u00e9s\u00e9lection organis\u00e9e par les \u00e9coles cibles et s\u2019ach\u00e8vera par la mise en concurrence des candidats pr\u00e9s\u00e9lectionn\u00e9s, selon les besoins de profils exprim\u00e9s par les entreprises publiques et la DGPE. A l\u2019instar de la premi\u00e8re \u00e9dition du programme, certains participants seront d\u00e9finitivement embauch\u00e9s par les entreprises publiques et les autres seront retenus par la DGPE.<\/p>\n<p>3- Au titre du Minist\u00e8re des Mines, du P\u00e9trole et de l\u2019Energie;<\/p>\n<p>Le Conseil a adopt\u00e9 une communication relative au contrat de partage de production sur le bloc CI-802 avec la Soci\u00e9t\u00e9 Eni.<\/p>\n<p>Suite \u00e0 l\u2019appel \u00e0 Manifestation d\u2019Int\u00e9r\u00eat (AMI) sur les blocs CI-102, CI-503, CI-800, CI-801 et CI-802, le Gouvernement a retenu l\u2019offre de la Soci\u00e9t\u00e9 nationale italienne des hydrocarbures (Eni), seule soumissionnaire pour le bloc CI 802.<br \/>\nLes termes du nouveau contrat de partage de production sur ledit bloc sont similaires \u00e0 ceux des trois (3) blocs d\u00e9j\u00e0 d\u00e9tenus par Eni, \u00e0 l\u2019exception d\u2019une participation additionnelle plus importante de la soci\u00e9t\u00e9 nationale PETROCI qui, anciennement de 7%, passe \u00e0 13,1%.<\/p>\n<p>4-Au titre du Minist\u00e8re de l\u2019Environnement et du D\u00e9veloppement Durable;<\/p>\n<p>Le Conseil a adopt\u00e9 une communication relative \u00e0 l\u2019organisation de la Quinzaine Nationale de l\u2019Environnement et du D\u00e9veloppement Durable.<\/p>\n<p>Le Gouvernement, en collaboration avec l\u2019ONU-Environnement et la BAD, organise l\u2019\u00e9dition 2021 de la Quinzaine Nationale de l\u2019Environnement et du D\u00e9veloppement Durable, du 03 au 17 juin 2021, sous le th\u00e8me \u00ab La sant\u00e9 de la nature, c\u2019est notre sant\u00e9 \u00bb. L\u2019ouverture de la quinzaine a \u00e9t\u00e9 marqu\u00e9e par le lancement de la c\u00e9l\u00e9bration des trois journ\u00e9es mondiales, \u00e0 savoir la Journ\u00e9e Mondiale de l\u2019Environnement (JME) le 05 juin, la Journ\u00e9e Mondiale des Oc\u00e9ans (JMO) le 08 juin et la Journ\u00e9e Mondiale de la Lutte contre la D\u00e9sertification (JMLDS) qui aura lieu le 17 juin.<br \/>\nCompte tenu de la situation cr\u00e9\u00e9e par la survenue de la pand\u00e9mie \u00e0 coronavirus, l\u2019organisation de la Quinzaine s\u2019articulera autour des s\u00e9ances de projection de films documentaires, de panels de r\u00e9flexion en ligne et en pr\u00e9sentiel sur la probl\u00e9matique de la restauration de la nature et du changement des habitudes et pratiques sociales, pour une adaptation meilleure de notre soci\u00e9t\u00e9.<\/p>\n<p>5- Au titre du Minist\u00e8re de la Sant\u00e9, de l\u2019Hygi\u00e8ne Publique et de la Couverture Maladie Universelle;<\/p>\n<p>Le Conseil a adopt\u00e9 une communication relative \u00e0 la situation de la vaccination contre la COVID-19 en C\u00f4te d\u2019Ivoire.<\/p>\n<p>A la date du 8 juin 2021, la C\u00f4te d\u2019Ivoire d\u00e9nombrait au total 47 511 cas confirm\u00e9s de COVID-19 sur 663 286 \u00e9chantillons analys\u00e9s, avec un taux moyen de positivit\u00e9 de 7,1%. Par ailleurs, 47 037 personnes \u00e9taient d\u00e9clar\u00e9es gu\u00e9ries (soit 99 % de taux de gu\u00e9rison), 166 cas actifs et 308 d\u00e9c\u00e8s (soit 0,6% de l\u00e9talit\u00e9 ou taux de d\u00e9c\u00e8s) ;<br \/>\nLa baisse des cas confirm\u00e9s observ\u00e9s depuis avril se poursuit. Le taux de positivit\u00e9 \u00e9galement a consid\u00e9rablement baiss\u00e9 et se situe actuellement en dessous de 5 %.<br \/>\nAu 8 juin 2021, sur les 729 000 doses re\u00e7ues, 625 643 ont \u00e9t\u00e9 administr\u00e9es soit 86%, dont 562 441 premi\u00e8res doses et 67 237 deuxi\u00e8mes doses (ou compl\u00e9tement vaccin\u00e9s).<br \/>\nLa r\u00e9partition du nombre de personnes vaccin\u00e9es selon les cibles est la suivante : Personnel de sant\u00e9 : (40,97%) ; Enseignants : (34,85 %) ; Forces de d\u00e9fense : (86,60%) ; Forces de s\u00e9curit\u00e9 : (53,03 %).<\/p>\n<p>6-Au titre du Minist\u00e8re des Mines, du P\u00e9trole et de l\u2019Energie;<\/p>\n<p>Le Conseil a adopt\u00e9 une communication relative \u00e0 la situation de la fourniture d\u2019\u00e9lectricit\u00e9 au 04 juin 2021.<\/p>\n<p>Le syst\u00e8me \u00e9lectrique national traverse actuellement une p\u00e9riode de d\u00e9s\u00e9quilibre entre la production et la consommation \u00e9lectrique, en raison du faible niveau de stock hydraulique atteint en avril 2021 accentu\u00e9 par l\u2019indisponibilit\u00e9 du Terminal \u00e0 Vapeur (TAV) d\u2019AZITO (140 MW) depuis le 30 avril 2021. Le retour de cette unit\u00e9 de production thermique est attendu \u00e0 partir de la fin juin 2021. Ainsi, le niveau de d\u00e9ficit pourra se r\u00e9duire de fa\u00e7on progressive de juin 2021 \u00e0 juillet 2021. A partir du d\u00e9but du mois de juillet 2021, la fourniture d\u2019\u00e9lectricit\u00e9 sera continue pour les m\u00e9nages. Quant aux industriels, ils b\u00e9n\u00e9ficieront d\u2019une fourniture continue d\u2019\u00e9lectricit\u00e9, \u00e0 partir de mi-juillet 2021.<br \/>\nPour se pr\u00e9munir des cons\u00e9quences de tout incident qui pourrait survenir sur les \u00e9quipements, il est envisag\u00e9 l\u2019option d\u2019une centrale flottante. Cette solution permettrait de constituer une r\u00e9serve de production afin de faire face \u00e0 tout al\u00e9a.<\/p>\n<p>Fait \u00e0 Abidjan, le 09 juin 2021<br \/>\nM. Amadou COULIBALY<br \/>\nMinistre de la Communication, des M\u00e9dias et de la Francophonie,<br \/>\nPorte-parole du Gouvernement<br \/>\n<a href=\"mailto:porteparolat@communication.gouv.ci\" target=\"_blank\" rel=\"nofollow noopener noreferrer\">porteparolat@communication.gouv.ci<\/a><\/p>\n","protected":false},"excerpt":{"rendered":"<p>Le mercredi 09 juin 2020, un Conseil des Ministres s\u2019est tenu de 11h00 \u00e0 14h00 au Palais de la Pr\u00e9sidence de la R\u00e9publique \u00e0 Abidjan, sous la pr\u00e9sidence de Son Excellence Monsieur Alassane OUATTARA, Pr\u00e9sident de la R\u00e9publique, Chef de l\u2019Etat. L\u2019ordre du jour de cette r\u00e9union comportait les points suivants : A\/-Mesures G\u00e9n\u00e9rales \u2212 [&hellip;]<\/p>\n","protected":false},"author":2,"featured_media":2755,"comment_status":"closed","ping_status":"closed","sticky":true,"template":"","format":"standard","meta":{"_acf_changed":false,"footnotes":""},"categories":[],"tags":[],"class_list":["post-2754","post","type-post","status-publish","format-standard","has-post-thumbnail","hentry"],"acf":[],"yoast_head":"<!-- This site is optimized with the Yoast SEO plugin v27.5 - https:\/\/yoast.com\/product\/yoast-seo-wordpress\/ -->\n<title>Communiqu\u00e9 du conseil des Ministres du 9 juin: La fourniture de l&#039; \u00e9lectricit\u00e9 aux m\u00e9nages sera continue \u00e0 partir de juillet - Amanien| L&#039;actualit\u00e9 Ivoirienne et Internationale<\/title>\n<meta name=\"robots\" content=\"index, follow, max-snippet:-1, max-image-preview:large, max-video-preview:-1\" \/>\n<link rel=\"canonical\" href=\"https:\/\/www.amanien.info\/news\/communique-du-conseil-des-ministres-du-9-juin-la-fourniture-de-l-electricite-aux-menages-sera-continue-a-partir-de-juillet\/\" \/>\n<meta property=\"og:locale\" content=\"fr_FR\" \/>\n<meta property=\"og:type\" content=\"article\" \/>\n<meta property=\"og:title\" content=\"Communiqu\u00e9 du conseil des Ministres du 9 juin: La fourniture de l&#039; \u00e9lectricit\u00e9 aux m\u00e9nages sera continue \u00e0 partir de juillet - Amanien| L&#039;actualit\u00e9 Ivoirienne et Internationale\" \/>\n<meta property=\"og:description\" content=\"Le mercredi 09 juin 2020, un Conseil des Ministres s\u2019est tenu de 11h00 \u00e0 14h00 au Palais de la Pr\u00e9sidence de la R\u00e9publique \u00e0 Abidjan, sous la pr\u00e9sidence de Son Excellence Monsieur Alassane OUATTARA, Pr\u00e9sident de la R\u00e9publique, Chef de l\u2019Etat. L\u2019ordre du jour de cette r\u00e9union comportait les points suivants : A\/-Mesures G\u00e9n\u00e9rales \u2212 [&hellip;]\" \/>\n<meta property=\"og:url\" content=\"https:\/\/www.amanien.info\/news\/communique-du-conseil-des-ministres-du-9-juin-la-fourniture-de-l-electricite-aux-menages-sera-continue-a-partir-de-juillet\/\" \/>\n<meta property=\"og:site_name\" content=\"Amanien| L&#039;actualit\u00e9 Ivoirienne et Internationale\" \/>\n<meta property=\"article:published_time\" content=\"2021-06-11T09:26:03+00:00\" \/>\n<meta property=\"article:modified_time\" content=\"2021-06-11T09:26:38+00:00\" \/>\n<meta property=\"og:image\" content=\"https:\/\/www.amanien.info\/news\/wp-content\/uploads\/2021\/06\/thumbnail2.png\" \/>\n\t<meta property=\"og:image:width\" content=\"171\" \/>\n\t<meta property=\"og:image:height\" content=\"114\" \/>\n\t<meta property=\"og:image:type\" content=\"image\/png\" \/>\n<meta name=\"author\" content=\"Germain Ndri\" \/>\n<meta name=\"twitter:card\" content=\"summary_large_image\" \/>\n<meta name=\"twitter:label1\" content=\"\u00c9crit par\" \/>\n\t<meta name=\"twitter:data1\" content=\"Germain Ndri\" \/>\n\t<meta name=\"twitter:label2\" content=\"Dur\u00e9e de lecture estim\u00e9e\" \/>\n\t<meta name=\"twitter:data2\" content=\"15 minutes\" \/>\n<script type=\"application\/ld+json\" class=\"yoast-schema-graph\">{\"@context\":\"https:\\\/\\\/schema.org\",\"@graph\":[{\"@type\":\"Article\",\"@id\":\"https:\\\/\\\/www.amanien.info\\\/news\\\/communique-du-conseil-des-ministres-du-9-juin-la-fourniture-de-l-electricite-aux-menages-sera-continue-a-partir-de-juillet\\\/#article\",\"isPartOf\":{\"@id\":\"https:\\\/\\\/www.amanien.info\\\/news\\\/communique-du-conseil-des-ministres-du-9-juin-la-fourniture-de-l-electricite-aux-menages-sera-continue-a-partir-de-juillet\\\/\"},\"author\":{\"name\":\"Germain Ndri\",\"@id\":\"https:\\\/\\\/www.amanien.info\\\/news\\\/#\\\/schema\\\/person\\\/b21093345753a1a98242d505bd894f42\"},\"headline\":\"Communiqu\u00e9 du conseil des Ministres du 9 juin: La fourniture de l&rsquo; \u00e9lectricit\u00e9 aux m\u00e9nages sera continue \u00e0 partir de juillet\",\"datePublished\":\"2021-06-11T09:26:03+00:00\",\"dateModified\":\"2021-06-11T09:26:38+00:00\",\"mainEntityOfPage\":{\"@id\":\"https:\\\/\\\/www.amanien.info\\\/news\\\/communique-du-conseil-des-ministres-du-9-juin-la-fourniture-de-l-electricite-aux-menages-sera-continue-a-partir-de-juillet\\\/\"},\"wordCount\":3623,\"image\":{\"@id\":\"https:\\\/\\\/www.amanien.info\\\/news\\\/communique-du-conseil-des-ministres-du-9-juin-la-fourniture-de-l-electricite-aux-menages-sera-continue-a-partir-de-juillet\\\/#primaryimage\"},\"thumbnailUrl\":\"https:\\\/\\\/www.amanien.info\\\/news\\\/wp-content\\\/uploads\\\/2021\\\/06\\\/thumbnail2.png\",\"inLanguage\":\"fr-FR\"},{\"@type\":\"WebPage\",\"@id\":\"https:\\\/\\\/www.amanien.info\\\/news\\\/communique-du-conseil-des-ministres-du-9-juin-la-fourniture-de-l-electricite-aux-menages-sera-continue-a-partir-de-juillet\\\/\",\"url\":\"https:\\\/\\\/www.amanien.info\\\/news\\\/communique-du-conseil-des-ministres-du-9-juin-la-fourniture-de-l-electricite-aux-menages-sera-continue-a-partir-de-juillet\\\/\",\"name\":\"Communiqu\u00e9 du conseil des Ministres du 9 juin: La fourniture de l' \u00e9lectricit\u00e9 aux m\u00e9nages sera continue \u00e0 partir de juillet - Amanien| L&#039;actualit\u00e9 Ivoirienne et Internationale\",\"isPartOf\":{\"@id\":\"https:\\\/\\\/www.amanien.info\\\/news\\\/#website\"},\"primaryImageOfPage\":{\"@id\":\"https:\\\/\\\/www.amanien.info\\\/news\\\/communique-du-conseil-des-ministres-du-9-juin-la-fourniture-de-l-electricite-aux-menages-sera-continue-a-partir-de-juillet\\\/#primaryimage\"},\"image\":{\"@id\":\"https:\\\/\\\/www.amanien.info\\\/news\\\/communique-du-conseil-des-ministres-du-9-juin-la-fourniture-de-l-electricite-aux-menages-sera-continue-a-partir-de-juillet\\\/#primaryimage\"},\"thumbnailUrl\":\"https:\\\/\\\/www.amanien.info\\\/news\\\/wp-content\\\/uploads\\\/2021\\\/06\\\/thumbnail2.png\",\"datePublished\":\"2021-06-11T09:26:03+00:00\",\"dateModified\":\"2021-06-11T09:26:38+00:00\",\"author\":{\"@id\":\"https:\\\/\\\/www.amanien.info\\\/news\\\/#\\\/schema\\\/person\\\/b21093345753a1a98242d505bd894f42\"},\"breadcrumb\":{\"@id\":\"https:\\\/\\\/www.amanien.info\\\/news\\\/communique-du-conseil-des-ministres-du-9-juin-la-fourniture-de-l-electricite-aux-menages-sera-continue-a-partir-de-juillet\\\/#breadcrumb\"},\"inLanguage\":\"fr-FR\",\"potentialAction\":[{\"@type\":\"ReadAction\",\"target\":[\"https:\\\/\\\/www.amanien.info\\\/news\\\/communique-du-conseil-des-ministres-du-9-juin-la-fourniture-de-l-electricite-aux-menages-sera-continue-a-partir-de-juillet\\\/\"]}]},{\"@type\":\"ImageObject\",\"inLanguage\":\"fr-FR\",\"@id\":\"https:\\\/\\\/www.amanien.info\\\/news\\\/communique-du-conseil-des-ministres-du-9-juin-la-fourniture-de-l-electricite-aux-menages-sera-continue-a-partir-de-juillet\\\/#primaryimage\",\"url\":\"https:\\\/\\\/www.amanien.info\\\/news\\\/wp-content\\\/uploads\\\/2021\\\/06\\\/thumbnail2.png\",\"contentUrl\":\"https:\\\/\\\/www.amanien.info\\\/news\\\/wp-content\\\/uploads\\\/2021\\\/06\\\/thumbnail2.png\",\"width\":171,\"height\":114},{\"@type\":\"BreadcrumbList\",\"@id\":\"https:\\\/\\\/www.amanien.info\\\/news\\\/communique-du-conseil-des-ministres-du-9-juin-la-fourniture-de-l-electricite-aux-menages-sera-continue-a-partir-de-juillet\\\/#breadcrumb\",\"itemListElement\":[{\"@type\":\"ListItem\",\"position\":1,\"name\":\"Accueil\",\"item\":\"https:\\\/\\\/www.amanien.info\\\/news\\\/\"},{\"@type\":\"ListItem\",\"position\":2,\"name\":\"Communiqu\u00e9 du conseil des Ministres du 9 juin: La fourniture de l&rsquo; \u00e9lectricit\u00e9 aux m\u00e9nages sera continue \u00e0 partir de juillet\"}]},{\"@type\":\"WebSite\",\"@id\":\"https:\\\/\\\/www.amanien.info\\\/news\\\/#website\",\"url\":\"https:\\\/\\\/www.amanien.info\\\/news\\\/\",\"name\":\"Amanien| L&#039;actualit\u00e9 Ivoirienne et Internationale\",\"description\":\"L&#039;actualit\u00e9 Ivoirienne et Internationale\",\"potentialAction\":[{\"@type\":\"SearchAction\",\"target\":{\"@type\":\"EntryPoint\",\"urlTemplate\":\"https:\\\/\\\/www.amanien.info\\\/news\\\/?s={search_term_string}\"},\"query-input\":{\"@type\":\"PropertyValueSpecification\",\"valueRequired\":true,\"valueName\":\"search_term_string\"}}],\"inLanguage\":\"fr-FR\"},{\"@type\":\"Person\",\"@id\":\"https:\\\/\\\/www.amanien.info\\\/news\\\/#\\\/schema\\\/person\\\/b21093345753a1a98242d505bd894f42\",\"name\":\"Germain Ndri\",\"url\":\"https:\\\/\\\/www.amanien.info\\\/news\\\/author\\\/amanien-infos\\\/\"}]}<\/script>\n<!-- \/ Yoast SEO plugin. -->","yoast_head_json":{"title":"Communiqu\u00e9 du conseil des Ministres du 9 juin: La fourniture de l' \u00e9lectricit\u00e9 aux m\u00e9nages sera continue \u00e0 partir de juillet - Amanien| L&#039;actualit\u00e9 Ivoirienne et Internationale","robots":{"index":"index","follow":"follow","max-snippet":"max-snippet:-1","max-image-preview":"max-image-preview:large","max-video-preview":"max-video-preview:-1"},"canonical":"https:\/\/www.amanien.info\/news\/communique-du-conseil-des-ministres-du-9-juin-la-fourniture-de-l-electricite-aux-menages-sera-continue-a-partir-de-juillet\/","og_locale":"fr_FR","og_type":"article","og_title":"Communiqu\u00e9 du conseil des Ministres du 9 juin: La fourniture de l' \u00e9lectricit\u00e9 aux m\u00e9nages sera continue \u00e0 partir de juillet - Amanien| L&#039;actualit\u00e9 Ivoirienne et Internationale","og_description":"Le mercredi 09 juin 2020, un Conseil des Ministres s\u2019est tenu de 11h00 \u00e0 14h00 au Palais de la Pr\u00e9sidence de la R\u00e9publique \u00e0 Abidjan, sous la pr\u00e9sidence de Son Excellence Monsieur Alassane OUATTARA, Pr\u00e9sident de la R\u00e9publique, Chef de l\u2019Etat. L\u2019ordre du jour de cette r\u00e9union comportait les points suivants : A\/-Mesures G\u00e9n\u00e9rales \u2212 [&hellip;]","og_url":"https:\/\/www.amanien.info\/news\/communique-du-conseil-des-ministres-du-9-juin-la-fourniture-de-l-electricite-aux-menages-sera-continue-a-partir-de-juillet\/","og_site_name":"Amanien| L&#039;actualit\u00e9 Ivoirienne et Internationale","article_published_time":"2021-06-11T09:26:03+00:00","article_modified_time":"2021-06-11T09:26:38+00:00","og_image":[{"width":171,"height":114,"url":"https:\/\/www.amanien.info\/news\/wp-content\/uploads\/2021\/06\/thumbnail2.png","type":"image\/png"}],"author":"Germain Ndri","twitter_card":"summary_large_image","twitter_misc":{"\u00c9crit par":"Germain Ndri","Dur\u00e9e de lecture estim\u00e9e":"15 minutes"},"schema":{"@context":"https:\/\/schema.org","@graph":[{"@type":"Article","@id":"https:\/\/www.amanien.info\/news\/communique-du-conseil-des-ministres-du-9-juin-la-fourniture-de-l-electricite-aux-menages-sera-continue-a-partir-de-juillet\/#article","isPartOf":{"@id":"https:\/\/www.amanien.info\/news\/communique-du-conseil-des-ministres-du-9-juin-la-fourniture-de-l-electricite-aux-menages-sera-continue-a-partir-de-juillet\/"},"author":{"name":"Germain Ndri","@id":"https:\/\/www.amanien.info\/news\/#\/schema\/person\/b21093345753a1a98242d505bd894f42"},"headline":"Communiqu\u00e9 du conseil des Ministres du 9 juin: La fourniture de l&rsquo; \u00e9lectricit\u00e9 aux m\u00e9nages sera continue \u00e0 partir de juillet","datePublished":"2021-06-11T09:26:03+00:00","dateModified":"2021-06-11T09:26:38+00:00","mainEntityOfPage":{"@id":"https:\/\/www.amanien.info\/news\/communique-du-conseil-des-ministres-du-9-juin-la-fourniture-de-l-electricite-aux-menages-sera-continue-a-partir-de-juillet\/"},"wordCount":3623,"image":{"@id":"https:\/\/www.amanien.info\/news\/communique-du-conseil-des-ministres-du-9-juin-la-fourniture-de-l-electricite-aux-menages-sera-continue-a-partir-de-juillet\/#primaryimage"},"thumbnailUrl":"https:\/\/www.amanien.info\/news\/wp-content\/uploads\/2021\/06\/thumbnail2.png","inLanguage":"fr-FR"},{"@type":"WebPage","@id":"https:\/\/www.amanien.info\/news\/communique-du-conseil-des-ministres-du-9-juin-la-fourniture-de-l-electricite-aux-menages-sera-continue-a-partir-de-juillet\/","url":"https:\/\/www.amanien.info\/news\/communique-du-conseil-des-ministres-du-9-juin-la-fourniture-de-l-electricite-aux-menages-sera-continue-a-partir-de-juillet\/","name":"Communiqu\u00e9 du conseil des Ministres du 9 juin: La fourniture de l' \u00e9lectricit\u00e9 aux m\u00e9nages sera continue \u00e0 partir de juillet - Amanien| L&#039;actualit\u00e9 Ivoirienne et Internationale","isPartOf":{"@id":"https:\/\/www.amanien.info\/news\/#website"},"primaryImageOfPage":{"@id":"https:\/\/www.amanien.info\/news\/communique-du-conseil-des-ministres-du-9-juin-la-fourniture-de-l-electricite-aux-menages-sera-continue-a-partir-de-juillet\/#primaryimage"},"image":{"@id":"https:\/\/www.amanien.info\/news\/communique-du-conseil-des-ministres-du-9-juin-la-fourniture-de-l-electricite-aux-menages-sera-continue-a-partir-de-juillet\/#primaryimage"},"thumbnailUrl":"https:\/\/www.amanien.info\/news\/wp-content\/uploads\/2021\/06\/thumbnail2.png","datePublished":"2021-06-11T09:26:03+00:00","dateModified":"2021-06-11T09:26:38+00:00","author":{"@id":"https:\/\/www.amanien.info\/news\/#\/schema\/person\/b21093345753a1a98242d505bd894f42"},"breadcrumb":{"@id":"https:\/\/www.amanien.info\/news\/communique-du-conseil-des-ministres-du-9-juin-la-fourniture-de-l-electricite-aux-menages-sera-continue-a-partir-de-juillet\/#breadcrumb"},"inLanguage":"fr-FR","potentialAction":[{"@type":"ReadAction","target":["https:\/\/www.amanien.info\/news\/communique-du-conseil-des-ministres-du-9-juin-la-fourniture-de-l-electricite-aux-menages-sera-continue-a-partir-de-juillet\/"]}]},{"@type":"ImageObject","inLanguage":"fr-FR","@id":"https:\/\/www.amanien.info\/news\/communique-du-conseil-des-ministres-du-9-juin-la-fourniture-de-l-electricite-aux-menages-sera-continue-a-partir-de-juillet\/#primaryimage","url":"https:\/\/www.amanien.info\/news\/wp-content\/uploads\/2021\/06\/thumbnail2.png","contentUrl":"https:\/\/www.amanien.info\/news\/wp-content\/uploads\/2021\/06\/thumbnail2.png","width":171,"height":114},{"@type":"BreadcrumbList","@id":"https:\/\/www.amanien.info\/news\/communique-du-conseil-des-ministres-du-9-juin-la-fourniture-de-l-electricite-aux-menages-sera-continue-a-partir-de-juillet\/#breadcrumb","itemListElement":[{"@type":"ListItem","position":1,"name":"Accueil","item":"https:\/\/www.amanien.info\/news\/"},{"@type":"ListItem","position":2,"name":"Communiqu\u00e9 du conseil des Ministres du 9 juin: La fourniture de l&rsquo; \u00e9lectricit\u00e9 aux m\u00e9nages sera continue \u00e0 partir de juillet"}]},{"@type":"WebSite","@id":"https:\/\/www.amanien.info\/news\/#website","url":"https:\/\/www.amanien.info\/news\/","name":"Amanien| L&#039;actualit\u00e9 Ivoirienne et Internationale","description":"L&#039;actualit\u00e9 Ivoirienne et Internationale","potentialAction":[{"@type":"SearchAction","target":{"@type":"EntryPoint","urlTemplate":"https:\/\/www.amanien.info\/news\/?s={search_term_string}"},"query-input":{"@type":"PropertyValueSpecification","valueRequired":true,"valueName":"search_term_string"}}],"inLanguage":"fr-FR"},{"@type":"Person","@id":"https:\/\/www.amanien.info\/news\/#\/schema\/person\/b21093345753a1a98242d505bd894f42","name":"Germain Ndri","url":"https:\/\/www.amanien.info\/news\/author\/amanien-infos\/"}]}},"_links":{"self":[{"href":"https:\/\/www.amanien.info\/news\/wp-json\/wp\/v2\/posts\/2754","targetHints":{"allow":["GET"]}}],"collection":[{"href":"https:\/\/www.amanien.info\/news\/wp-json\/wp\/v2\/posts"}],"about":[{"href":"https:\/\/www.amanien.info\/news\/wp-json\/wp\/v2\/types\/post"}],"author":[{"embeddable":true,"href":"https:\/\/www.amanien.info\/news\/wp-json\/wp\/v2\/users\/2"}],"replies":[{"embeddable":true,"href":"https:\/\/www.amanien.info\/news\/wp-json\/wp\/v2\/comments?post=2754"}],"version-history":[{"count":0,"href":"https:\/\/www.amanien.info\/news\/wp-json\/wp\/v2\/posts\/2754\/revisions"}],"wp:featuredmedia":[{"embeddable":true,"href":"https:\/\/www.amanien.info\/news\/wp-json\/wp\/v2\/media\/2755"}],"wp:attachment":[{"href":"https:\/\/www.amanien.info\/news\/wp-json\/wp\/v2\/media?parent=2754"}],"wp:term":[{"taxonomy":"category","embeddable":true,"href":"https:\/\/www.amanien.info\/news\/wp-json\/wp\/v2\/categories?post=2754"},{"taxonomy":"post_tag","embeddable":true,"href":"https:\/\/www.amanien.info\/news\/wp-json\/wp\/v2\/tags?post=2754"}],"curies":[{"name":"wp","href":"https:\/\/api.w.org\/{rel}","templated":true}]}}