{"id":2740,"date":"2021-06-09T12:22:42","date_gmt":"2021-06-09T12:22:42","guid":{"rendered":"https:\/\/www.https:\/\/zozo.buyee.jp\/\/news\/?p=2740"},"modified":"2021-06-09T12:23:11","modified_gmt":"2021-06-09T12:23:11","slug":"mugef-ci-le-sg-de-la-centrale-syndicale-dignite-bli-ble-david-denonce-la-mauvaise-gestion-et-annonce-sa-candidature-a-la-presidence-du-conseil-dadministration","status":"publish","type":"post","link":"https:\/\/www.amanien.info\/news\/mugef-ci-le-sg-de-la-centrale-syndicale-dignite-bli-ble-david-denonce-la-mauvaise-gestion-et-annonce-sa-candidature-a-la-presidence-du-conseil-dadministration\/","title":{"rendered":"MUGEF-CI : Le SG de la Centrale syndicale Dignit\u00e9, Bli Bl\u00e9 David d\u00e9nonce la mauvaise gestion et annonce sa candidature \u00e0 la pr\u00e9sidence du conseil d&rsquo;administration"},"content":{"rendered":"<p>&lt;&lt; Notre constat est clair. Notre mutuelle va mal. Elle n&rsquo;arrive plus \u00e0 soigner correctement les fonctionnaires et agents de l&rsquo;\u00c9tat. Pire, elle s&rsquo;\u00e9loigne de plus en plus de son caract\u00e8re social. La majorit\u00e9 des fonctionnaires est dans l&rsquo;impasse et ne sait \u00e0 quel saint se vouer. L&rsquo;\u00e9quipe dirigeante augmente le co\u00fbt des prestations de fa\u00e7on insidieuse&gt;&gt; a martel\u00e9 le Secr\u00e9taire G\u00e9n\u00e9ral de la Centrale syndicale Dignit\u00e9, Bli Bl\u00e9 David, au cours d&rsquo;une conf\u00e9rence de presse qu&rsquo;il a anim\u00e9e ce mercredi 02 juin 2021 \u00e0 Yopougon.<\/p>\n<p>Face \u00e0 ces maux qui gangr\u00e8nent la MUGEF-CI ( Mutuelle G\u00e9n\u00e9ral des Fonctionnaires et Agents de l&rsquo;\u00c9tat de C\u00f4te d&rsquo;Ivoire), le Secr\u00e9taire G\u00e9n\u00e9ral de la Centrale syndicale Dignit\u00e9 entend apporter des solutions idoines.<br \/>\nC&rsquo;est pourquoi, la candidature \u00e0 la pr\u00e9sidence du conseil d&rsquo;administration de la mutuelle lui a \u00e9t\u00e9 propos\u00e9e par, en l&rsquo;en croire, une \u00ab\u00a0\u00e9quipe pluridisciplinaire\u00a0\u00bb.<\/p>\n<p>&lt;&lt; Je suis candidat. Oui je suis candidat pour permettre aux mutualistes de mieux se soigner. Je suis candidat pour arr\u00eater la saign\u00e9e avec les d\u00e9missions en cascade au niveau du r\u00e9gime compl\u00e9mentaire Ivoir&rsquo;Sant\u00e9 o\u00f9 le reversement des 30% du tiers payant a \u00e9t\u00e9 supprim\u00e9&gt;&gt; a insist\u00e9 le SG Bli Bl\u00e9 David.<\/p>\n<p>Poursuivant, le Pr\u00e9sident de la Centrale professionnel des enseignants de C\u00f4te d&rsquo;Ivoire entend \u00e9galement apporter des \u00a0\u00bb solutions innovantes pour une prise en charge des fonctionnaires dans l&rsquo;arrimage de la CMU( Couverture Maladie Universelle).<\/p>\n<p>Bli Bl\u00e9 David se porte candidat pour, dit-il, rendre la mutuelle plus sociale et la rapprocher des mutualistes\u00a0\u00bb.<\/p>\n<p>Pour lui, la MUGEF-CI doit continuer d&rsquo;\u00eatre un instrument f\u00e9d\u00e9rateur des fonctionnaires et agents de l&rsquo;\u00c9tat de C\u00f4te d&rsquo;Ivoire, notre fiert\u00e9 pour notre bien-\u00eatre et non un instrument de division, un outil quelconque\u00a0\u00bb a-t-il pr\u00e9cis\u00e9.<\/p>\n<p>Avant d&rsquo;ajouter :&lt;&lt; Nous devons donc nous garder de la d\u00e9truire, nous devons la prot\u00e9ger, mieux, la rendre plus performante pour l&rsquo;\u00e9panouissement de tous les fonctionnaires et agents de l&rsquo;\u00c9tat&gt;&gt; a-t-il dit.<br \/>\nTout en invitant les fonctionnaires et agents de l&rsquo;\u00c9tat \u00e0 avoir confiance en son \u00e9quipe.<\/p>\n<p>Toutefois, le candidat du groupe \u00ab\u00a0Agir pour une MUGEF-CI plus sociale\u00a0\u00bb s&rsquo;est abstenu ( avant la campagne) \u00e0 d\u00e9voiler ses actions d&rsquo;envergure qu&rsquo;il entend mener.<\/p>\n<p>Faut-il l&rsquo;indiquer, la MUGEF-CI renouvelle ses organes dirigeants notamment, en septembre, l&rsquo;Assembl\u00e9e G\u00e9n\u00e9rale, le Conseil d&rsquo;Administration ainsi que le Comit\u00e9 de Contr\u00f4le.<\/p>\n<p>&nbsp;<\/p>\n<p>Sunday Alain<\/p>\n<p>&nbsp;<\/p>\n<p>&nbsp;<\/p>\n<p>&nbsp;<\/p>\n","protected":false},"excerpt":{"rendered":"<p>&lt;&lt; Notre constat est clair. Notre mutuelle va mal. Elle n&rsquo;arrive plus \u00e0 soigner correctement les fonctionnaires et agents de l&rsquo;\u00c9tat. Pire, elle s&rsquo;\u00e9loigne de plus en plus de son caract\u00e8re social. La majorit\u00e9 des fonctionnaires est dans l&rsquo;impasse et ne sait \u00e0 quel saint se vouer. L&rsquo;\u00e9quipe dirigeante augmente le co\u00fbt des prestations de [&hellip;]<\/p>\n","protected":false},"author":2,"featured_media":2741,"comment_status":"closed","ping_status":"closed","sticky":true,"template":"","format":"standard","meta":{"_acf_changed":false,"footnotes":""},"categories":[],"tags":[],"class_list":["post-2740","post","type-post","status-publish","format-standard","has-post-thumbnail","hentry"],"acf":[],"yoast_head":"<!-- This site is optimized with the Yoast SEO plugin v27.5 - https:\/\/yoast.com\/product\/yoast-seo-wordpress\/ -->\n<title>MUGEF-CI : Le SG de la Centrale syndicale Dignit\u00e9, Bli Bl\u00e9 David d\u00e9nonce la mauvaise gestion et annonce sa candidature \u00e0 la pr\u00e9sidence du conseil d&#039;administration - Amanien| L&#039;actualit\u00e9 Ivoirienne et Internationale<\/title>\n<meta name=\"robots\" content=\"index, follow, max-snippet:-1, max-image-preview:large, max-video-preview:-1\" \/>\n<link rel=\"canonical\" href=\"https:\/\/www.amanien.info\/news\/mugef-ci-le-sg-de-la-centrale-syndicale-dignite-bli-ble-david-denonce-la-mauvaise-gestion-et-annonce-sa-candidature-a-la-presidence-du-conseil-dadministration\/\" \/>\n<meta property=\"og:locale\" content=\"fr_FR\" \/>\n<meta property=\"og:type\" content=\"article\" \/>\n<meta property=\"og:title\" content=\"MUGEF-CI : Le SG de la Centrale syndicale Dignit\u00e9, Bli Bl\u00e9 David d\u00e9nonce la mauvaise gestion et annonce sa candidature \u00e0 la pr\u00e9sidence du conseil d&#039;administration - Amanien| L&#039;actualit\u00e9 Ivoirienne et Internationale\" \/>\n<meta property=\"og:description\" content=\"&lt;&lt; Notre constat est clair. Notre mutuelle va mal. Elle n&rsquo;arrive plus \u00e0 soigner correctement les fonctionnaires et agents de l&rsquo;\u00c9tat. Pire, elle s&rsquo;\u00e9loigne de plus en plus de son caract\u00e8re social. La majorit\u00e9 des fonctionnaires est dans l&rsquo;impasse et ne sait \u00e0 quel saint se vouer. L&rsquo;\u00e9quipe dirigeante augmente le co\u00fbt des prestations de [&hellip;]\" \/>\n<meta property=\"og:url\" content=\"https:\/\/www.amanien.info\/news\/mugef-ci-le-sg-de-la-centrale-syndicale-dignite-bli-ble-david-denonce-la-mauvaise-gestion-et-annonce-sa-candidature-a-la-presidence-du-conseil-dadministration\/\" \/>\n<meta property=\"og:site_name\" content=\"Amanien| L&#039;actualit\u00e9 Ivoirienne et Internationale\" \/>\n<meta property=\"article:published_time\" content=\"2021-06-09T12:22:42+00:00\" \/>\n<meta property=\"article:modified_time\" content=\"2021-06-09T12:23:11+00:00\" \/>\n<meta property=\"og:image\" content=\"https:\/\/www.amanien.info\/news\/wp-content\/uploads\/2021\/06\/thumbnail-6.jpg\" \/>\n\t<meta property=\"og:image:width\" content=\"1080\" \/>\n\t<meta property=\"og:image:height\" content=\"810\" \/>\n\t<meta property=\"og:image:type\" content=\"image\/jpeg\" \/>\n<meta name=\"author\" content=\"Germain Ndri\" \/>\n<meta name=\"twitter:card\" content=\"summary_large_image\" \/>\n<meta name=\"twitter:label1\" content=\"\u00c9crit par\" \/>\n\t<meta name=\"twitter:data1\" content=\"Germain Ndri\" \/>\n\t<meta name=\"twitter:label2\" content=\"Dur\u00e9e de lecture estim\u00e9e\" \/>\n\t<meta name=\"twitter:data2\" content=\"2 minutes\" \/>\n<script type=\"application\/ld+json\" class=\"yoast-schema-graph\">{\"@context\":\"https:\\\/\\\/schema.org\",\"@graph\":[{\"@type\":\"Article\",\"@id\":\"https:\\\/\\\/www.amanien.info\\\/news\\\/mugef-ci-le-sg-de-la-centrale-syndicale-dignite-bli-ble-david-denonce-la-mauvaise-gestion-et-annonce-sa-candidature-a-la-presidence-du-conseil-dadministration\\\/#article\",\"isPartOf\":{\"@id\":\"https:\\\/\\\/www.amanien.info\\\/news\\\/mugef-ci-le-sg-de-la-centrale-syndicale-dignite-bli-ble-david-denonce-la-mauvaise-gestion-et-annonce-sa-candidature-a-la-presidence-du-conseil-dadministration\\\/\"},\"author\":{\"name\":\"Germain Ndri\",\"@id\":\"https:\\\/\\\/www.amanien.info\\\/news\\\/#\\\/schema\\\/person\\\/b21093345753a1a98242d505bd894f42\"},\"headline\":\"MUGEF-CI : Le SG de la Centrale syndicale Dignit\u00e9, Bli Bl\u00e9 David d\u00e9nonce la mauvaise gestion et annonce sa candidature \u00e0 la pr\u00e9sidence du conseil d&rsquo;administration\",\"datePublished\":\"2021-06-09T12:22:42+00:00\",\"dateModified\":\"2021-06-09T12:23:11+00:00\",\"mainEntityOfPage\":{\"@id\":\"https:\\\/\\\/www.amanien.info\\\/news\\\/mugef-ci-le-sg-de-la-centrale-syndicale-dignite-bli-ble-david-denonce-la-mauvaise-gestion-et-annonce-sa-candidature-a-la-presidence-du-conseil-dadministration\\\/\"},\"wordCount\":469,\"image\":{\"@id\":\"https:\\\/\\\/www.amanien.info\\\/news\\\/mugef-ci-le-sg-de-la-centrale-syndicale-dignite-bli-ble-david-denonce-la-mauvaise-gestion-et-annonce-sa-candidature-a-la-presidence-du-conseil-dadministration\\\/#primaryimage\"},\"thumbnailUrl\":\"https:\\\/\\\/www.amanien.info\\\/news\\\/wp-content\\\/uploads\\\/2021\\\/06\\\/thumbnail-6.jpg\",\"inLanguage\":\"fr-FR\"},{\"@type\":\"WebPage\",\"@id\":\"https:\\\/\\\/www.amanien.info\\\/news\\\/mugef-ci-le-sg-de-la-centrale-syndicale-dignite-bli-ble-david-denonce-la-mauvaise-gestion-et-annonce-sa-candidature-a-la-presidence-du-conseil-dadministration\\\/\",\"url\":\"https:\\\/\\\/www.amanien.info\\\/news\\\/mugef-ci-le-sg-de-la-centrale-syndicale-dignite-bli-ble-david-denonce-la-mauvaise-gestion-et-annonce-sa-candidature-a-la-presidence-du-conseil-dadministration\\\/\",\"name\":\"MUGEF-CI : Le SG de la Centrale syndicale Dignit\u00e9, Bli Bl\u00e9 David d\u00e9nonce la mauvaise gestion et annonce sa candidature \u00e0 la pr\u00e9sidence du conseil d'administration - Amanien| L&#039;actualit\u00e9 Ivoirienne et Internationale\",\"isPartOf\":{\"@id\":\"https:\\\/\\\/www.amanien.info\\\/news\\\/#website\"},\"primaryImageOfPage\":{\"@id\":\"https:\\\/\\\/www.amanien.info\\\/news\\\/mugef-ci-le-sg-de-la-centrale-syndicale-dignite-bli-ble-david-denonce-la-mauvaise-gestion-et-annonce-sa-candidature-a-la-presidence-du-conseil-dadministration\\\/#primaryimage\"},\"image\":{\"@id\":\"https:\\\/\\\/www.amanien.info\\\/news\\\/mugef-ci-le-sg-de-la-centrale-syndicale-dignite-bli-ble-david-denonce-la-mauvaise-gestion-et-annonce-sa-candidature-a-la-presidence-du-conseil-dadministration\\\/#primaryimage\"},\"thumbnailUrl\":\"https:\\\/\\\/www.amanien.info\\\/news\\\/wp-content\\\/uploads\\\/2021\\\/06\\\/thumbnail-6.jpg\",\"datePublished\":\"2021-06-09T12:22:42+00:00\",\"dateModified\":\"2021-06-09T12:23:11+00:00\",\"author\":{\"@id\":\"https:\\\/\\\/www.amanien.info\\\/news\\\/#\\\/schema\\\/person\\\/b21093345753a1a98242d505bd894f42\"},\"breadcrumb\":{\"@id\":\"https:\\\/\\\/www.amanien.info\\\/news\\\/mugef-ci-le-sg-de-la-centrale-syndicale-dignite-bli-ble-david-denonce-la-mauvaise-gestion-et-annonce-sa-candidature-a-la-presidence-du-conseil-dadministration\\\/#breadcrumb\"},\"inLanguage\":\"fr-FR\",\"potentialAction\":[{\"@type\":\"ReadAction\",\"target\":[\"https:\\\/\\\/www.amanien.info\\\/news\\\/mugef-ci-le-sg-de-la-centrale-syndicale-dignite-bli-ble-david-denonce-la-mauvaise-gestion-et-annonce-sa-candidature-a-la-presidence-du-conseil-dadministration\\\/\"]}]},{\"@type\":\"ImageObject\",\"inLanguage\":\"fr-FR\",\"@id\":\"https:\\\/\\\/www.amanien.info\\\/news\\\/mugef-ci-le-sg-de-la-centrale-syndicale-dignite-bli-ble-david-denonce-la-mauvaise-gestion-et-annonce-sa-candidature-a-la-presidence-du-conseil-dadministration\\\/#primaryimage\",\"url\":\"https:\\\/\\\/www.amanien.info\\\/news\\\/wp-content\\\/uploads\\\/2021\\\/06\\\/thumbnail-6.jpg\",\"contentUrl\":\"https:\\\/\\\/www.amanien.info\\\/news\\\/wp-content\\\/uploads\\\/2021\\\/06\\\/thumbnail-6.jpg\",\"width\":1080,\"height\":810},{\"@type\":\"BreadcrumbList\",\"@id\":\"https:\\\/\\\/www.amanien.info\\\/news\\\/mugef-ci-le-sg-de-la-centrale-syndicale-dignite-bli-ble-david-denonce-la-mauvaise-gestion-et-annonce-sa-candidature-a-la-presidence-du-conseil-dadministration\\\/#breadcrumb\",\"itemListElement\":[{\"@type\":\"ListItem\",\"position\":1,\"name\":\"Accueil\",\"item\":\"https:\\\/\\\/www.amanien.info\\\/news\\\/\"},{\"@type\":\"ListItem\",\"position\":2,\"name\":\"MUGEF-CI : Le SG de la Centrale syndicale Dignit\u00e9, Bli Bl\u00e9 David d\u00e9nonce la mauvaise gestion et annonce sa candidature \u00e0 la pr\u00e9sidence du conseil d&rsquo;administration\"}]},{\"@type\":\"WebSite\",\"@id\":\"https:\\\/\\\/www.amanien.info\\\/news\\\/#website\",\"url\":\"https:\\\/\\\/www.amanien.info\\\/news\\\/\",\"name\":\"Amanien| L&#039;actualit\u00e9 Ivoirienne et Internationale\",\"description\":\"L&#039;actualit\u00e9 Ivoirienne et Internationale\",\"potentialAction\":[{\"@type\":\"SearchAction\",\"target\":{\"@type\":\"EntryPoint\",\"urlTemplate\":\"https:\\\/\\\/www.amanien.info\\\/news\\\/?s={search_term_string}\"},\"query-input\":{\"@type\":\"PropertyValueSpecification\",\"valueRequired\":true,\"valueName\":\"search_term_string\"}}],\"inLanguage\":\"fr-FR\"},{\"@type\":\"Person\",\"@id\":\"https:\\\/\\\/www.amanien.info\\\/news\\\/#\\\/schema\\\/person\\\/b21093345753a1a98242d505bd894f42\",\"name\":\"Germain Ndri\",\"url\":\"https:\\\/\\\/www.amanien.info\\\/news\\\/author\\\/amanien-infos\\\/\"}]}<\/script>\n<!-- \/ Yoast SEO plugin. -->","yoast_head_json":{"title":"MUGEF-CI : Le SG de la Centrale syndicale Dignit\u00e9, Bli Bl\u00e9 David d\u00e9nonce la mauvaise gestion et annonce sa candidature \u00e0 la pr\u00e9sidence du conseil d'administration - Amanien| L&#039;actualit\u00e9 Ivoirienne et Internationale","robots":{"index":"index","follow":"follow","max-snippet":"max-snippet:-1","max-image-preview":"max-image-preview:large","max-video-preview":"max-video-preview:-1"},"canonical":"https:\/\/www.amanien.info\/news\/mugef-ci-le-sg-de-la-centrale-syndicale-dignite-bli-ble-david-denonce-la-mauvaise-gestion-et-annonce-sa-candidature-a-la-presidence-du-conseil-dadministration\/","og_locale":"fr_FR","og_type":"article","og_title":"MUGEF-CI : Le SG de la Centrale syndicale Dignit\u00e9, Bli Bl\u00e9 David d\u00e9nonce la mauvaise gestion et annonce sa candidature \u00e0 la pr\u00e9sidence du conseil d'administration - Amanien| L&#039;actualit\u00e9 Ivoirienne et Internationale","og_description":"&lt;&lt; Notre constat est clair. Notre mutuelle va mal. Elle n&rsquo;arrive plus \u00e0 soigner correctement les fonctionnaires et agents de l&rsquo;\u00c9tat. Pire, elle s&rsquo;\u00e9loigne de plus en plus de son caract\u00e8re social. La majorit\u00e9 des fonctionnaires est dans l&rsquo;impasse et ne sait \u00e0 quel saint se vouer. L&rsquo;\u00e9quipe dirigeante augmente le co\u00fbt des prestations de [&hellip;]","og_url":"https:\/\/www.amanien.info\/news\/mugef-ci-le-sg-de-la-centrale-syndicale-dignite-bli-ble-david-denonce-la-mauvaise-gestion-et-annonce-sa-candidature-a-la-presidence-du-conseil-dadministration\/","og_site_name":"Amanien| L&#039;actualit\u00e9 Ivoirienne et Internationale","article_published_time":"2021-06-09T12:22:42+00:00","article_modified_time":"2021-06-09T12:23:11+00:00","og_image":[{"width":1080,"height":810,"url":"https:\/\/www.amanien.info\/news\/wp-content\/uploads\/2021\/06\/thumbnail-6.jpg","type":"image\/jpeg"}],"author":"Germain Ndri","twitter_card":"summary_large_image","twitter_misc":{"\u00c9crit par":"Germain Ndri","Dur\u00e9e de lecture estim\u00e9e":"2 minutes"},"schema":{"@context":"https:\/\/schema.org","@graph":[{"@type":"Article","@id":"https:\/\/www.amanien.info\/news\/mugef-ci-le-sg-de-la-centrale-syndicale-dignite-bli-ble-david-denonce-la-mauvaise-gestion-et-annonce-sa-candidature-a-la-presidence-du-conseil-dadministration\/#article","isPartOf":{"@id":"https:\/\/www.amanien.info\/news\/mugef-ci-le-sg-de-la-centrale-syndicale-dignite-bli-ble-david-denonce-la-mauvaise-gestion-et-annonce-sa-candidature-a-la-presidence-du-conseil-dadministration\/"},"author":{"name":"Germain Ndri","@id":"https:\/\/www.amanien.info\/news\/#\/schema\/person\/b21093345753a1a98242d505bd894f42"},"headline":"MUGEF-CI : Le SG de la Centrale syndicale Dignit\u00e9, Bli Bl\u00e9 David d\u00e9nonce la mauvaise gestion et annonce sa candidature \u00e0 la pr\u00e9sidence du conseil d&rsquo;administration","datePublished":"2021-06-09T12:22:42+00:00","dateModified":"2021-06-09T12:23:11+00:00","mainEntityOfPage":{"@id":"https:\/\/www.amanien.info\/news\/mugef-ci-le-sg-de-la-centrale-syndicale-dignite-bli-ble-david-denonce-la-mauvaise-gestion-et-annonce-sa-candidature-a-la-presidence-du-conseil-dadministration\/"},"wordCount":469,"image":{"@id":"https:\/\/www.amanien.info\/news\/mugef-ci-le-sg-de-la-centrale-syndicale-dignite-bli-ble-david-denonce-la-mauvaise-gestion-et-annonce-sa-candidature-a-la-presidence-du-conseil-dadministration\/#primaryimage"},"thumbnailUrl":"https:\/\/www.amanien.info\/news\/wp-content\/uploads\/2021\/06\/thumbnail-6.jpg","inLanguage":"fr-FR"},{"@type":"WebPage","@id":"https:\/\/www.amanien.info\/news\/mugef-ci-le-sg-de-la-centrale-syndicale-dignite-bli-ble-david-denonce-la-mauvaise-gestion-et-annonce-sa-candidature-a-la-presidence-du-conseil-dadministration\/","url":"https:\/\/www.amanien.info\/news\/mugef-ci-le-sg-de-la-centrale-syndicale-dignite-bli-ble-david-denonce-la-mauvaise-gestion-et-annonce-sa-candidature-a-la-presidence-du-conseil-dadministration\/","name":"MUGEF-CI : Le SG de la Centrale syndicale Dignit\u00e9, Bli Bl\u00e9 David d\u00e9nonce la mauvaise gestion et annonce sa candidature \u00e0 la pr\u00e9sidence du conseil d'administration - Amanien| L&#039;actualit\u00e9 Ivoirienne et Internationale","isPartOf":{"@id":"https:\/\/www.amanien.info\/news\/#website"},"primaryImageOfPage":{"@id":"https:\/\/www.amanien.info\/news\/mugef-ci-le-sg-de-la-centrale-syndicale-dignite-bli-ble-david-denonce-la-mauvaise-gestion-et-annonce-sa-candidature-a-la-presidence-du-conseil-dadministration\/#primaryimage"},"image":{"@id":"https:\/\/www.amanien.info\/news\/mugef-ci-le-sg-de-la-centrale-syndicale-dignite-bli-ble-david-denonce-la-mauvaise-gestion-et-annonce-sa-candidature-a-la-presidence-du-conseil-dadministration\/#primaryimage"},"thumbnailUrl":"https:\/\/www.amanien.info\/news\/wp-content\/uploads\/2021\/06\/thumbnail-6.jpg","datePublished":"2021-06-09T12:22:42+00:00","dateModified":"2021-06-09T12:23:11+00:00","author":{"@id":"https:\/\/www.amanien.info\/news\/#\/schema\/person\/b21093345753a1a98242d505bd894f42"},"breadcrumb":{"@id":"https:\/\/www.amanien.info\/news\/mugef-ci-le-sg-de-la-centrale-syndicale-dignite-bli-ble-david-denonce-la-mauvaise-gestion-et-annonce-sa-candidature-a-la-presidence-du-conseil-dadministration\/#breadcrumb"},"inLanguage":"fr-FR","potentialAction":[{"@type":"ReadAction","target":["https:\/\/www.amanien.info\/news\/mugef-ci-le-sg-de-la-centrale-syndicale-dignite-bli-ble-david-denonce-la-mauvaise-gestion-et-annonce-sa-candidature-a-la-presidence-du-conseil-dadministration\/"]}]},{"@type":"ImageObject","inLanguage":"fr-FR","@id":"https:\/\/www.amanien.info\/news\/mugef-ci-le-sg-de-la-centrale-syndicale-dignite-bli-ble-david-denonce-la-mauvaise-gestion-et-annonce-sa-candidature-a-la-presidence-du-conseil-dadministration\/#primaryimage","url":"https:\/\/www.amanien.info\/news\/wp-content\/uploads\/2021\/06\/thumbnail-6.jpg","contentUrl":"https:\/\/www.amanien.info\/news\/wp-content\/uploads\/2021\/06\/thumbnail-6.jpg","width":1080,"height":810},{"@type":"BreadcrumbList","@id":"https:\/\/www.amanien.info\/news\/mugef-ci-le-sg-de-la-centrale-syndicale-dignite-bli-ble-david-denonce-la-mauvaise-gestion-et-annonce-sa-candidature-a-la-presidence-du-conseil-dadministration\/#breadcrumb","itemListElement":[{"@type":"ListItem","position":1,"name":"Accueil","item":"https:\/\/www.amanien.info\/news\/"},{"@type":"ListItem","position":2,"name":"MUGEF-CI : Le SG de la Centrale syndicale Dignit\u00e9, Bli Bl\u00e9 David d\u00e9nonce la mauvaise gestion et annonce sa candidature \u00e0 la pr\u00e9sidence du conseil d&rsquo;administration"}]},{"@type":"WebSite","@id":"https:\/\/www.amanien.info\/news\/#website","url":"https:\/\/www.amanien.info\/news\/","name":"Amanien| L&#039;actualit\u00e9 Ivoirienne et Internationale","description":"L&#039;actualit\u00e9 Ivoirienne et Internationale","potentialAction":[{"@type":"SearchAction","target":{"@type":"EntryPoint","urlTemplate":"https:\/\/www.amanien.info\/news\/?s={search_term_string}"},"query-input":{"@type":"PropertyValueSpecification","valueRequired":true,"valueName":"search_term_string"}}],"inLanguage":"fr-FR"},{"@type":"Person","@id":"https:\/\/www.amanien.info\/news\/#\/schema\/person\/b21093345753a1a98242d505bd894f42","name":"Germain Ndri","url":"https:\/\/www.amanien.info\/news\/author\/amanien-infos\/"}]}},"_links":{"self":[{"href":"https:\/\/www.amanien.info\/news\/wp-json\/wp\/v2\/posts\/2740","targetHints":{"allow":["GET"]}}],"collection":[{"href":"https:\/\/www.amanien.info\/news\/wp-json\/wp\/v2\/posts"}],"about":[{"href":"https:\/\/www.amanien.info\/news\/wp-json\/wp\/v2\/types\/post"}],"author":[{"embeddable":true,"href":"https:\/\/www.amanien.info\/news\/wp-json\/wp\/v2\/users\/2"}],"replies":[{"embeddable":true,"href":"https:\/\/www.amanien.info\/news\/wp-json\/wp\/v2\/comments?post=2740"}],"version-history":[{"count":0,"href":"https:\/\/www.amanien.info\/news\/wp-json\/wp\/v2\/posts\/2740\/revisions"}],"wp:featuredmedia":[{"embeddable":true,"href":"https:\/\/www.amanien.info\/news\/wp-json\/wp\/v2\/media\/2741"}],"wp:attachment":[{"href":"https:\/\/www.amanien.info\/news\/wp-json\/wp\/v2\/media?parent=2740"}],"wp:term":[{"taxonomy":"category","embeddable":true,"href":"https:\/\/www.amanien.info\/news\/wp-json\/wp\/v2\/categories?post=2740"},{"taxonomy":"post_tag","embeddable":true,"href":"https:\/\/www.amanien.info\/news\/wp-json\/wp\/v2\/tags?post=2740"}],"curies":[{"name":"wp","href":"https:\/\/api.w.org\/{rel}","templated":true}]}}