{"id":2737,"date":"2021-06-09T12:19:39","date_gmt":"2021-06-09T12:19:39","guid":{"rendered":"https:\/\/www.https:\/\/zozo.buyee.jp\/\/news\/?p=2737"},"modified":"2021-06-09T12:20:13","modified_gmt":"2021-06-09T12:20:13","slug":"le-retour-de-lex-president-ivoirien-laurent-gbagbo-en-cote-divoire-annonce-pour-le-jeudi-17-juin-2021-a-14h","status":"publish","type":"post","link":"https:\/\/www.amanien.info\/news\/le-retour-de-lex-president-ivoirien-laurent-gbagbo-en-cote-divoire-annonce-pour-le-jeudi-17-juin-2021-a-14h\/","title":{"rendered":"Le retour de l&rsquo;ex-pr\u00e9sident ivoirien Laurent Gbagbo en C\u00f4te d&rsquo;Ivoire annonc\u00e9 pour le jeudi 17 juin 2021 \u00e0 14h"},"content":{"rendered":"<p>&lt;&lt; Le Pr\u00e9sident Laurent Gbagbo m&rsquo;a dit de dire aux femmes du FPI, \u00e0 travers elles, \u00e0 toutes les femmes de C\u00f4te d&rsquo;Ivoire, \u00e0 toute la nation ivoirienne, au peuple Africain, \u00e0 tous ceux qui nous ont soutenu, que sa date d&rsquo;arriv\u00e9e en C\u00f4te d&rsquo;Ivoire est le 17 juin 2021&gt;&gt; a d\u00e9clar\u00e9 le Secr\u00e9taire G\u00e9n\u00e9ral du Front Populaire Ivoirien( FPI), Assoa Adou \u00e0 Cocody \u00e0 l&rsquo;occasion de la c\u00e9l\u00e9bration du 76e anniversaire de l&rsquo;ex-pr\u00e9sident Laurent Gbagbo.<\/p>\n<p>A l&rsquo;en croire, le FPI entend mobiliser toutes les structures ainsi que ses militants et sympathisants \u00e0 s&rsquo;abstenir de tous les comportements revanchards.<\/p>\n<p>Dr Assoa Adou demande \u00e9galement aux partisans de l&rsquo;ex-chef d&rsquo;\u00c9tat ivoirien, Laurent Gbagbo, de ne pas r\u00e9pondre \u00e0 toutes sortes de provocations, mais appeler au calme en privil\u00e9giant la paix.<\/p>\n<p>Pour rappel, Laurent Gbagbo avait \u00e9t\u00e9 transf\u00e9r\u00e9 \u00e0 la Cour P\u00e9nale Internationale ( CPI), la Haye, le 29 novembre 2011, apr\u00e8s la crise post-\u00e9lectorale de 2010-2011. Il a \u00e9t\u00e9 d\u00e9finitivement acquitt\u00e9 par la Chambre d&rsquo;appel de la CPI le 31 mars dernier.<\/p>\n<p>Sunday Alain<\/p>\n<p>&nbsp;<\/p>\n<p>&nbsp;<\/p>\n<p>&nbsp;<\/p>\n","protected":false},"excerpt":{"rendered":"<p>&lt;&lt; Le Pr\u00e9sident Laurent Gbagbo m&rsquo;a dit de dire aux femmes du FPI, \u00e0 travers elles, \u00e0 toutes les femmes de C\u00f4te d&rsquo;Ivoire, \u00e0 toute la nation ivoirienne, au peuple Africain, \u00e0 tous ceux qui nous ont soutenu, que sa date d&rsquo;arriv\u00e9e en C\u00f4te d&rsquo;Ivoire est le 17 juin 2021&gt;&gt; a d\u00e9clar\u00e9 le Secr\u00e9taire G\u00e9n\u00e9ral [&hellip;]<\/p>\n","protected":false},"author":2,"featured_media":2738,"comment_status":"closed","ping_status":"closed","sticky":true,"template":"","format":"standard","meta":{"_acf_changed":false,"footnotes":""},"categories":[],"tags":[],"class_list":["post-2737","post","type-post","status-publish","format-standard","has-post-thumbnail","hentry"],"acf":[],"yoast_head":"<!-- This site is optimized with the Yoast SEO plugin v27.5 - https:\/\/yoast.com\/product\/yoast-seo-wordpress\/ -->\n<title>Le retour de l&#039;ex-pr\u00e9sident ivoirien Laurent Gbagbo en C\u00f4te d&#039;Ivoire annonc\u00e9 pour le jeudi 17 juin 2021 \u00e0 14h - Amanien| L&#039;actualit\u00e9 Ivoirienne et Internationale<\/title>\n<meta name=\"robots\" content=\"index, follow, max-snippet:-1, max-image-preview:large, max-video-preview:-1\" \/>\n<link rel=\"canonical\" href=\"https:\/\/www.amanien.info\/news\/le-retour-de-lex-president-ivoirien-laurent-gbagbo-en-cote-divoire-annonce-pour-le-jeudi-17-juin-2021-a-14h\/\" \/>\n<meta property=\"og:locale\" content=\"fr_FR\" \/>\n<meta property=\"og:type\" content=\"article\" \/>\n<meta property=\"og:title\" content=\"Le retour de l&#039;ex-pr\u00e9sident ivoirien Laurent Gbagbo en C\u00f4te d&#039;Ivoire annonc\u00e9 pour le jeudi 17 juin 2021 \u00e0 14h - Amanien| L&#039;actualit\u00e9 Ivoirienne et Internationale\" \/>\n<meta property=\"og:description\" content=\"&lt;&lt; Le Pr\u00e9sident Laurent Gbagbo m&rsquo;a dit de dire aux femmes du FPI, \u00e0 travers elles, \u00e0 toutes les femmes de C\u00f4te d&rsquo;Ivoire, \u00e0 toute la nation ivoirienne, au peuple Africain, \u00e0 tous ceux qui nous ont soutenu, que sa date d&rsquo;arriv\u00e9e en C\u00f4te d&rsquo;Ivoire est le 17 juin 2021&gt;&gt; a d\u00e9clar\u00e9 le Secr\u00e9taire G\u00e9n\u00e9ral [&hellip;]\" \/>\n<meta property=\"og:url\" content=\"https:\/\/www.amanien.info\/news\/le-retour-de-lex-president-ivoirien-laurent-gbagbo-en-cote-divoire-annonce-pour-le-jeudi-17-juin-2021-a-14h\/\" \/>\n<meta property=\"og:site_name\" content=\"Amanien| L&#039;actualit\u00e9 Ivoirienne et Internationale\" \/>\n<meta property=\"article:published_time\" content=\"2021-06-09T12:19:39+00:00\" \/>\n<meta property=\"article:modified_time\" content=\"2021-06-09T12:20:13+00:00\" \/>\n<meta property=\"og:image\" content=\"https:\/\/www.amanien.info\/news\/wp-content\/uploads\/2021\/06\/thumbnail-5.jpg\" \/>\n\t<meta property=\"og:image:width\" content=\"600\" \/>\n\t<meta property=\"og:image:height\" content=\"320\" \/>\n\t<meta property=\"og:image:type\" content=\"image\/jpeg\" \/>\n<meta name=\"author\" content=\"Germain Ndri\" \/>\n<meta name=\"twitter:card\" content=\"summary_large_image\" \/>\n<meta name=\"twitter:label1\" content=\"\u00c9crit par\" \/>\n\t<meta name=\"twitter:data1\" content=\"Germain Ndri\" \/>\n\t<meta name=\"twitter:label2\" content=\"Dur\u00e9e de lecture estim\u00e9e\" \/>\n\t<meta name=\"twitter:data2\" content=\"1 minute\" \/>\n<script type=\"application\/ld+json\" class=\"yoast-schema-graph\">{\"@context\":\"https:\\\/\\\/schema.org\",\"@graph\":[{\"@type\":\"Article\",\"@id\":\"https:\\\/\\\/www.amanien.info\\\/news\\\/le-retour-de-lex-president-ivoirien-laurent-gbagbo-en-cote-divoire-annonce-pour-le-jeudi-17-juin-2021-a-14h\\\/#article\",\"isPartOf\":{\"@id\":\"https:\\\/\\\/www.amanien.info\\\/news\\\/le-retour-de-lex-president-ivoirien-laurent-gbagbo-en-cote-divoire-annonce-pour-le-jeudi-17-juin-2021-a-14h\\\/\"},\"author\":{\"name\":\"Germain Ndri\",\"@id\":\"https:\\\/\\\/www.amanien.info\\\/news\\\/#\\\/schema\\\/person\\\/b21093345753a1a98242d505bd894f42\"},\"headline\":\"Le retour de l&rsquo;ex-pr\u00e9sident ivoirien Laurent Gbagbo en C\u00f4te d&rsquo;Ivoire annonc\u00e9 pour le jeudi 17 juin 2021 \u00e0 14h\",\"datePublished\":\"2021-06-09T12:19:39+00:00\",\"dateModified\":\"2021-06-09T12:20:13+00:00\",\"mainEntityOfPage\":{\"@id\":\"https:\\\/\\\/www.amanien.info\\\/news\\\/le-retour-de-lex-president-ivoirien-laurent-gbagbo-en-cote-divoire-annonce-pour-le-jeudi-17-juin-2021-a-14h\\\/\"},\"wordCount\":213,\"image\":{\"@id\":\"https:\\\/\\\/www.amanien.info\\\/news\\\/le-retour-de-lex-president-ivoirien-laurent-gbagbo-en-cote-divoire-annonce-pour-le-jeudi-17-juin-2021-a-14h\\\/#primaryimage\"},\"thumbnailUrl\":\"https:\\\/\\\/www.amanien.info\\\/news\\\/wp-content\\\/uploads\\\/2021\\\/06\\\/thumbnail-5.jpg\",\"inLanguage\":\"fr-FR\"},{\"@type\":\"WebPage\",\"@id\":\"https:\\\/\\\/www.amanien.info\\\/news\\\/le-retour-de-lex-president-ivoirien-laurent-gbagbo-en-cote-divoire-annonce-pour-le-jeudi-17-juin-2021-a-14h\\\/\",\"url\":\"https:\\\/\\\/www.amanien.info\\\/news\\\/le-retour-de-lex-president-ivoirien-laurent-gbagbo-en-cote-divoire-annonce-pour-le-jeudi-17-juin-2021-a-14h\\\/\",\"name\":\"Le retour de l'ex-pr\u00e9sident ivoirien Laurent Gbagbo en C\u00f4te d'Ivoire annonc\u00e9 pour le jeudi 17 juin 2021 \u00e0 14h - Amanien| L&#039;actualit\u00e9 Ivoirienne et Internationale\",\"isPartOf\":{\"@id\":\"https:\\\/\\\/www.amanien.info\\\/news\\\/#website\"},\"primaryImageOfPage\":{\"@id\":\"https:\\\/\\\/www.amanien.info\\\/news\\\/le-retour-de-lex-president-ivoirien-laurent-gbagbo-en-cote-divoire-annonce-pour-le-jeudi-17-juin-2021-a-14h\\\/#primaryimage\"},\"image\":{\"@id\":\"https:\\\/\\\/www.amanien.info\\\/news\\\/le-retour-de-lex-president-ivoirien-laurent-gbagbo-en-cote-divoire-annonce-pour-le-jeudi-17-juin-2021-a-14h\\\/#primaryimage\"},\"thumbnailUrl\":\"https:\\\/\\\/www.amanien.info\\\/news\\\/wp-content\\\/uploads\\\/2021\\\/06\\\/thumbnail-5.jpg\",\"datePublished\":\"2021-06-09T12:19:39+00:00\",\"dateModified\":\"2021-06-09T12:20:13+00:00\",\"author\":{\"@id\":\"https:\\\/\\\/www.amanien.info\\\/news\\\/#\\\/schema\\\/person\\\/b21093345753a1a98242d505bd894f42\"},\"breadcrumb\":{\"@id\":\"https:\\\/\\\/www.amanien.info\\\/news\\\/le-retour-de-lex-president-ivoirien-laurent-gbagbo-en-cote-divoire-annonce-pour-le-jeudi-17-juin-2021-a-14h\\\/#breadcrumb\"},\"inLanguage\":\"fr-FR\",\"potentialAction\":[{\"@type\":\"ReadAction\",\"target\":[\"https:\\\/\\\/www.amanien.info\\\/news\\\/le-retour-de-lex-president-ivoirien-laurent-gbagbo-en-cote-divoire-annonce-pour-le-jeudi-17-juin-2021-a-14h\\\/\"]}]},{\"@type\":\"ImageObject\",\"inLanguage\":\"fr-FR\",\"@id\":\"https:\\\/\\\/www.amanien.info\\\/news\\\/le-retour-de-lex-president-ivoirien-laurent-gbagbo-en-cote-divoire-annonce-pour-le-jeudi-17-juin-2021-a-14h\\\/#primaryimage\",\"url\":\"https:\\\/\\\/www.amanien.info\\\/news\\\/wp-content\\\/uploads\\\/2021\\\/06\\\/thumbnail-5.jpg\",\"contentUrl\":\"https:\\\/\\\/www.amanien.info\\\/news\\\/wp-content\\\/uploads\\\/2021\\\/06\\\/thumbnail-5.jpg\",\"width\":600,\"height\":320},{\"@type\":\"BreadcrumbList\",\"@id\":\"https:\\\/\\\/www.amanien.info\\\/news\\\/le-retour-de-lex-president-ivoirien-laurent-gbagbo-en-cote-divoire-annonce-pour-le-jeudi-17-juin-2021-a-14h\\\/#breadcrumb\",\"itemListElement\":[{\"@type\":\"ListItem\",\"position\":1,\"name\":\"Accueil\",\"item\":\"https:\\\/\\\/www.amanien.info\\\/news\\\/\"},{\"@type\":\"ListItem\",\"position\":2,\"name\":\"Le retour de l&rsquo;ex-pr\u00e9sident ivoirien Laurent Gbagbo en C\u00f4te d&rsquo;Ivoire annonc\u00e9 pour le jeudi 17 juin 2021 \u00e0 14h\"}]},{\"@type\":\"WebSite\",\"@id\":\"https:\\\/\\\/www.amanien.info\\\/news\\\/#website\",\"url\":\"https:\\\/\\\/www.amanien.info\\\/news\\\/\",\"name\":\"Amanien| L&#039;actualit\u00e9 Ivoirienne et Internationale\",\"description\":\"L&#039;actualit\u00e9 Ivoirienne et Internationale\",\"potentialAction\":[{\"@type\":\"SearchAction\",\"target\":{\"@type\":\"EntryPoint\",\"urlTemplate\":\"https:\\\/\\\/www.amanien.info\\\/news\\\/?s={search_term_string}\"},\"query-input\":{\"@type\":\"PropertyValueSpecification\",\"valueRequired\":true,\"valueName\":\"search_term_string\"}}],\"inLanguage\":\"fr-FR\"},{\"@type\":\"Person\",\"@id\":\"https:\\\/\\\/www.amanien.info\\\/news\\\/#\\\/schema\\\/person\\\/b21093345753a1a98242d505bd894f42\",\"name\":\"Germain Ndri\",\"url\":\"https:\\\/\\\/www.amanien.info\\\/news\\\/author\\\/amanien-infos\\\/\"}]}<\/script>\n<!-- \/ Yoast SEO plugin. -->","yoast_head_json":{"title":"Le retour de l'ex-pr\u00e9sident ivoirien Laurent Gbagbo en C\u00f4te d'Ivoire annonc\u00e9 pour le jeudi 17 juin 2021 \u00e0 14h - Amanien| L&#039;actualit\u00e9 Ivoirienne et Internationale","robots":{"index":"index","follow":"follow","max-snippet":"max-snippet:-1","max-image-preview":"max-image-preview:large","max-video-preview":"max-video-preview:-1"},"canonical":"https:\/\/www.amanien.info\/news\/le-retour-de-lex-president-ivoirien-laurent-gbagbo-en-cote-divoire-annonce-pour-le-jeudi-17-juin-2021-a-14h\/","og_locale":"fr_FR","og_type":"article","og_title":"Le retour de l'ex-pr\u00e9sident ivoirien Laurent Gbagbo en C\u00f4te d'Ivoire annonc\u00e9 pour le jeudi 17 juin 2021 \u00e0 14h - Amanien| L&#039;actualit\u00e9 Ivoirienne et Internationale","og_description":"&lt;&lt; Le Pr\u00e9sident Laurent Gbagbo m&rsquo;a dit de dire aux femmes du FPI, \u00e0 travers elles, \u00e0 toutes les femmes de C\u00f4te d&rsquo;Ivoire, \u00e0 toute la nation ivoirienne, au peuple Africain, \u00e0 tous ceux qui nous ont soutenu, que sa date d&rsquo;arriv\u00e9e en C\u00f4te d&rsquo;Ivoire est le 17 juin 2021&gt;&gt; a d\u00e9clar\u00e9 le Secr\u00e9taire G\u00e9n\u00e9ral [&hellip;]","og_url":"https:\/\/www.amanien.info\/news\/le-retour-de-lex-president-ivoirien-laurent-gbagbo-en-cote-divoire-annonce-pour-le-jeudi-17-juin-2021-a-14h\/","og_site_name":"Amanien| L&#039;actualit\u00e9 Ivoirienne et Internationale","article_published_time":"2021-06-09T12:19:39+00:00","article_modified_time":"2021-06-09T12:20:13+00:00","og_image":[{"width":600,"height":320,"url":"https:\/\/www.amanien.info\/news\/wp-content\/uploads\/2021\/06\/thumbnail-5.jpg","type":"image\/jpeg"}],"author":"Germain Ndri","twitter_card":"summary_large_image","twitter_misc":{"\u00c9crit par":"Germain Ndri","Dur\u00e9e de lecture estim\u00e9e":"1 minute"},"schema":{"@context":"https:\/\/schema.org","@graph":[{"@type":"Article","@id":"https:\/\/www.amanien.info\/news\/le-retour-de-lex-president-ivoirien-laurent-gbagbo-en-cote-divoire-annonce-pour-le-jeudi-17-juin-2021-a-14h\/#article","isPartOf":{"@id":"https:\/\/www.amanien.info\/news\/le-retour-de-lex-president-ivoirien-laurent-gbagbo-en-cote-divoire-annonce-pour-le-jeudi-17-juin-2021-a-14h\/"},"author":{"name":"Germain Ndri","@id":"https:\/\/www.amanien.info\/news\/#\/schema\/person\/b21093345753a1a98242d505bd894f42"},"headline":"Le retour de l&rsquo;ex-pr\u00e9sident ivoirien Laurent Gbagbo en C\u00f4te d&rsquo;Ivoire annonc\u00e9 pour le jeudi 17 juin 2021 \u00e0 14h","datePublished":"2021-06-09T12:19:39+00:00","dateModified":"2021-06-09T12:20:13+00:00","mainEntityOfPage":{"@id":"https:\/\/www.amanien.info\/news\/le-retour-de-lex-president-ivoirien-laurent-gbagbo-en-cote-divoire-annonce-pour-le-jeudi-17-juin-2021-a-14h\/"},"wordCount":213,"image":{"@id":"https:\/\/www.amanien.info\/news\/le-retour-de-lex-president-ivoirien-laurent-gbagbo-en-cote-divoire-annonce-pour-le-jeudi-17-juin-2021-a-14h\/#primaryimage"},"thumbnailUrl":"https:\/\/www.amanien.info\/news\/wp-content\/uploads\/2021\/06\/thumbnail-5.jpg","inLanguage":"fr-FR"},{"@type":"WebPage","@id":"https:\/\/www.amanien.info\/news\/le-retour-de-lex-president-ivoirien-laurent-gbagbo-en-cote-divoire-annonce-pour-le-jeudi-17-juin-2021-a-14h\/","url":"https:\/\/www.amanien.info\/news\/le-retour-de-lex-president-ivoirien-laurent-gbagbo-en-cote-divoire-annonce-pour-le-jeudi-17-juin-2021-a-14h\/","name":"Le retour de l'ex-pr\u00e9sident ivoirien Laurent Gbagbo en C\u00f4te d'Ivoire annonc\u00e9 pour le jeudi 17 juin 2021 \u00e0 14h - Amanien| L&#039;actualit\u00e9 Ivoirienne et Internationale","isPartOf":{"@id":"https:\/\/www.amanien.info\/news\/#website"},"primaryImageOfPage":{"@id":"https:\/\/www.amanien.info\/news\/le-retour-de-lex-president-ivoirien-laurent-gbagbo-en-cote-divoire-annonce-pour-le-jeudi-17-juin-2021-a-14h\/#primaryimage"},"image":{"@id":"https:\/\/www.amanien.info\/news\/le-retour-de-lex-president-ivoirien-laurent-gbagbo-en-cote-divoire-annonce-pour-le-jeudi-17-juin-2021-a-14h\/#primaryimage"},"thumbnailUrl":"https:\/\/www.amanien.info\/news\/wp-content\/uploads\/2021\/06\/thumbnail-5.jpg","datePublished":"2021-06-09T12:19:39+00:00","dateModified":"2021-06-09T12:20:13+00:00","author":{"@id":"https:\/\/www.amanien.info\/news\/#\/schema\/person\/b21093345753a1a98242d505bd894f42"},"breadcrumb":{"@id":"https:\/\/www.amanien.info\/news\/le-retour-de-lex-president-ivoirien-laurent-gbagbo-en-cote-divoire-annonce-pour-le-jeudi-17-juin-2021-a-14h\/#breadcrumb"},"inLanguage":"fr-FR","potentialAction":[{"@type":"ReadAction","target":["https:\/\/www.amanien.info\/news\/le-retour-de-lex-president-ivoirien-laurent-gbagbo-en-cote-divoire-annonce-pour-le-jeudi-17-juin-2021-a-14h\/"]}]},{"@type":"ImageObject","inLanguage":"fr-FR","@id":"https:\/\/www.amanien.info\/news\/le-retour-de-lex-president-ivoirien-laurent-gbagbo-en-cote-divoire-annonce-pour-le-jeudi-17-juin-2021-a-14h\/#primaryimage","url":"https:\/\/www.amanien.info\/news\/wp-content\/uploads\/2021\/06\/thumbnail-5.jpg","contentUrl":"https:\/\/www.amanien.info\/news\/wp-content\/uploads\/2021\/06\/thumbnail-5.jpg","width":600,"height":320},{"@type":"BreadcrumbList","@id":"https:\/\/www.amanien.info\/news\/le-retour-de-lex-president-ivoirien-laurent-gbagbo-en-cote-divoire-annonce-pour-le-jeudi-17-juin-2021-a-14h\/#breadcrumb","itemListElement":[{"@type":"ListItem","position":1,"name":"Accueil","item":"https:\/\/www.amanien.info\/news\/"},{"@type":"ListItem","position":2,"name":"Le retour de l&rsquo;ex-pr\u00e9sident ivoirien Laurent Gbagbo en C\u00f4te d&rsquo;Ivoire annonc\u00e9 pour le jeudi 17 juin 2021 \u00e0 14h"}]},{"@type":"WebSite","@id":"https:\/\/www.amanien.info\/news\/#website","url":"https:\/\/www.amanien.info\/news\/","name":"Amanien| L&#039;actualit\u00e9 Ivoirienne et Internationale","description":"L&#039;actualit\u00e9 Ivoirienne et Internationale","potentialAction":[{"@type":"SearchAction","target":{"@type":"EntryPoint","urlTemplate":"https:\/\/www.amanien.info\/news\/?s={search_term_string}"},"query-input":{"@type":"PropertyValueSpecification","valueRequired":true,"valueName":"search_term_string"}}],"inLanguage":"fr-FR"},{"@type":"Person","@id":"https:\/\/www.amanien.info\/news\/#\/schema\/person\/b21093345753a1a98242d505bd894f42","name":"Germain Ndri","url":"https:\/\/www.amanien.info\/news\/author\/amanien-infos\/"}]}},"_links":{"self":[{"href":"https:\/\/www.amanien.info\/news\/wp-json\/wp\/v2\/posts\/2737","targetHints":{"allow":["GET"]}}],"collection":[{"href":"https:\/\/www.amanien.info\/news\/wp-json\/wp\/v2\/posts"}],"about":[{"href":"https:\/\/www.amanien.info\/news\/wp-json\/wp\/v2\/types\/post"}],"author":[{"embeddable":true,"href":"https:\/\/www.amanien.info\/news\/wp-json\/wp\/v2\/users\/2"}],"replies":[{"embeddable":true,"href":"https:\/\/www.amanien.info\/news\/wp-json\/wp\/v2\/comments?post=2737"}],"version-history":[{"count":0,"href":"https:\/\/www.amanien.info\/news\/wp-json\/wp\/v2\/posts\/2737\/revisions"}],"wp:featuredmedia":[{"embeddable":true,"href":"https:\/\/www.amanien.info\/news\/wp-json\/wp\/v2\/media\/2738"}],"wp:attachment":[{"href":"https:\/\/www.amanien.info\/news\/wp-json\/wp\/v2\/media?parent=2737"}],"wp:term":[{"taxonomy":"category","embeddable":true,"href":"https:\/\/www.amanien.info\/news\/wp-json\/wp\/v2\/categories?post=2737"},{"taxonomy":"post_tag","embeddable":true,"href":"https:\/\/www.amanien.info\/news\/wp-json\/wp\/v2\/tags?post=2737"}],"curies":[{"name":"wp","href":"https:\/\/api.w.org\/{rel}","templated":true}]}}