{"id":2724,"date":"2021-06-09T11:54:02","date_gmt":"2021-06-09T11:54:02","guid":{"rendered":"https:\/\/www.https:\/\/zozo.buyee.jp\/\/news\/?p=2724"},"modified":"2021-06-09T11:54:39","modified_gmt":"2021-06-09T11:54:39","slug":"lutte-contre-le-vih-et-la-tuberculose-pediatrique-la-premiere-dame-dominique-ouattara-plaide-pour-legalite-dans-lacces-des-traitements","status":"publish","type":"post","link":"https:\/\/www.amanien.info\/news\/lutte-contre-le-vih-et-la-tuberculose-pediatrique-la-premiere-dame-dominique-ouattara-plaide-pour-legalite-dans-lacces-des-traitements\/","title":{"rendered":"Lutte contre le VIH et la Tuberculose p\u00e9diatrique\u00a0: La Premi\u00e8re Dame Dominique Ouattara plaide pour l\u2019\u00e9galit\u00e9 dans l\u2019acc\u00e8s des traitements"},"content":{"rendered":"<p>21 000 enfants vivent avec le VIH en C\u00f4te d\u2019Ivoire. 15% des nouvelles infections tuberculeuses, surviennent chez les enfants de 0 \u00e0 14 ans. Ces chiffres effrayants ont \u00e9t\u00e9 r\u00e9v\u00e9l\u00e9s par Madame Dominique Ouattara, Premi\u00e8re Dame de C\u00f4te d\u2019Ivoire, le mardi 08 juin 2021, lors de la c\u00e9r\u00e9monie d\u2019ouverture de la Consultation Nationale sur le VIH et la Tuberculose p\u00e9diatrique.<\/p>\n<p>Organis\u00e9e par le Minist\u00e8re de la Sant\u00e9, de l\u2019Hygi\u00e8ne Publique et de la Couverture Maladie Universelle en partenariat avec l\u2019ONUSIDA, cette consultation nationale va se d\u00e9rouler du 08 au 09 juin 2021 sur les bords de la lagune Ebri\u00e9. \u00a0En effet, pendant deux (02) jours, les experts du Minist\u00e8re de la Sant\u00e9, de l\u2019ONUSIDA et des ONG partenaires vont se pencher sur l\u2019\u00e9pineuse probl\u00e9matique de l\u2019acc\u00e8s aux traitements contre le VIH et la Tuberculose p\u00e9diatrique en C\u00f4te d\u2019Ivoire. \u00a0Durant ces travaux, ils discuter sur les d\u00e9fis majeurs, les solutions et les actions prioritaires n\u00e9cessaires afin de garantir l\u2019acc\u00e8s \u00e0 des soins appropri\u00e9s aux enfants vivant avec le VIH et le Tuberculose.<\/p>\n<p>&nbsp;<\/p>\n<p>La c\u00e9r\u00e9monie d\u2019ouverture de cette importante consultation a \u00e9t\u00e9 plac\u00e9e sous le parrainage de la Premi\u00e8re Dame Dominique Ouattara, Ambassadeur Sp\u00e9cial de l\u2019ONUSIDA. Elle a enregistr\u00e9 \u00e9galement la pr\u00e9sence de M. Pierre Dimba, Ministre de la Sant\u00e9, de l\u2019Hygi\u00e8ne Publique et de la Couverture Maladie Universelle (CMU), M. Patrick Brenny, Directeur R\u00e9gional de l\u2019\u00e9quipe d\u2019appui de l\u2019ONUSIDA pour l\u2019Afrique de l\u2019Ouest et du Centre, et de bien d\u2019autres personnalit\u00e9s.<\/p>\n<p>&nbsp;<\/p>\n<p>Profitant de cette tribune, Madame Dominique Ouattara, Ambassadeur de l\u2019ONUSIDA, a d\u00e9nonc\u00e9 l\u2019in\u00e9galit\u00e9 d\u2019acc\u00e8s aux traitements contre \u00a0le VIH et la Tuberculose chez les adultes et chez les enfants. \u00a0En effet, citant l\u2019ONUSIDA, \u00a0Madame Dominique Ouattara a soutenu qu\u2019en 2020, seulement 49 % des enfants vivant avec le VIH\u00a0 en C\u00f4te d\u2019Ivoire avait \u00a0acc\u00e8s aux ARV (Antir\u00e9troviraux) contre 75 % chez les adultes.\u00a0 Une in\u00e9galit\u00e9 qui d\u00e9voile les difficult\u00e9s d\u2019acc\u00e8s aux traitements contre cette pand\u00e9mie des enfants. \u00ab\u00a0Selon l\u2019ONUSIDA, seulement 49% des enfants vivant avec le VIH en C\u00f4te d\u2019Ivoire, \u00e9taient sous traitement antir\u00e9troviral en 2020, alors que 75% des adultes vivant avec le VIH avaient acc\u00e8s aux antir\u00e9troviraux. <strong>Nous devons r\u00e9duire ces in\u00e9galit\u00e9s\u00a0\u00bb, a soutenu l\u2019\u00e9pouse du Chef de l\u2019Etat. <\/strong>Poursuivant son analyse, la Premi\u00e8re Dame a r\u00e9v\u00e9l\u00e9 que les enfants malades du VIH et de la Tuberculose\u00a0 font l\u2019objet de sous-diagnostique. Cette situation diminue consid\u00e9rablement leur chance de grandir sans faire la maladie.\u00a0 \u00ab\u00a0Le constat est que: <strong>nos enfants sont sous-diagnostiqu\u00e9s pour le VIH et pour la tuberculose<\/strong>, et ils n\u2019ont donc pas suffisamment acc\u00e8s \u00e0 des traitements efficaces contre le VIH, qui leur permettraient de bien grandir et de f\u00eater leur cinqui\u00e8me anniversaire sans maladie ni souffrance\u00a0\u00bb, a-t-elle d\u00e9nonc\u00e9 avec la plus grande fermet\u00e9. Cependant, \u00a0l\u2019espoir reste permis car avec l\u2019\u00e9volution de la m\u00e9decine et des recherches, des traitements existent d\u00e9sormais et peuvent sauver la vie des \u00a0enfants malades. \u00a0Ainsi, l\u2019Ambassadeur Sp\u00e9cial de l\u2019ONUSIDA a lanc\u00e9 du haut de cette tribune un appel \u00e0 la mobilisation de l\u2019ensemble des acteurs impliqu\u00e9s dans la lutte contre le VIH p\u00e9diatrique \u00e0 plus de synergie d\u2019action afin de favoriser un acc\u00e8s \u00e9quitable au traitement pour tous les malades sans exception. <strong>\u00ab\u00a0Ces traitements existent, avec le d\u00e9veloppement r\u00e9cent de nouvelles formes p\u00e9diatriques optimales et il faut les administrer \u00e0 nos enfants. C\u2019est pourquoi, je lance un appel solennel \u00e0 tous et \u00e0 toutes : familles, leaders coutumiers et religieux, organisations de la soci\u00e9t\u00e9 civile, partenaires au d\u00e9veloppement, acteurs du secteur public et priv\u00e9 du domaine de la sant\u00e9.\u00a0 Ensemble, \u0153uvrons pour l\u2019\u00e9limination du sida et de la tuberculose p\u00e9diatriques. Et ensemble, \u0153uvrons pour atteindre la certification de l\u2019\u00e9limination de la Transmission M\u00e8re enfant du VIH d\u2019ici 2025\u00a0\u00bb, <\/strong>a-t-elle lanc\u00e9, avant de conclure<strong>\u00a0: \u00abNous pouvons y arriver, si nous garantissons l\u2019acc\u00e8s imm\u00e9diat \u00e0 des moyens de diagnostic appropri\u00e9s et \u00e0 des r\u00e9gimes de traitement optimaux \u00e0 nos enfants\u00a0\u00bb. <\/strong>Avant de terminer, Madame Dominique Ouattara a appel\u00e9\u00a0 les experts en conclave de proposer une feuille de route \u00ab\u00a0<strong>audacieuse qui permette \u00e0 la C\u00f4te d\u2019Ivoire de r\u00e9aliser ses engagements en faveur des enfants vivant avec le VIH et la tuberculose; ensuite, en faveur de l&rsquo;\u00e9limination de la transmission m\u00e8re-enfant du VIH\u00a0; et enfin, en faveur de la promotion du traitement p\u00e9diatrique<\/strong>\u00a0\u00bb.<\/p>\n<ol>\n<li>Pierre Dimba, Ministre de la Sant\u00e9, de l\u2019Hygi\u00e8ne Publique et de la Couverture Maladie Universelle a remerci\u00e9 Madame Dominique Ouattara, Ambassadeur de l\u2019UNUSIDA pour son engagement pour la cause des femmes et les enfants. Pour lui, l\u2019engagement contre la transmission m\u00e8re-enfant du VIH a permis d\u2019acc\u00e9l\u00e9rer la lutte et la prise en charge des enfants malades du VIH. En outre, il s\u2019est r\u00e9joui de l\u2019ouverture de cette consultation nationale dont les r\u00e9sultats et la feuille de route sont attendus avec impatience par le Gouvernement ivoirien.<\/li>\n<\/ol>\n<p>S.E.M Richard Keith Beth Bell, Ambassadeur des Etats Unis d\u2019Am\u00e9rique en C\u00f4te d\u2019Ivoire, repr\u00e9sentant du Plan d\u2019Urgence Pr\u00e9sidentiel de Lutte contre le SIDA (PEPFAR) a quant \u00e0 lui, dress\u00e9 le bilan financier de la lutte contre le VIH\/SIDA. Selon ce dernier, le PEPFAR qui est une initiative internationale du gouvernement am\u00e9ricain pour sauver et am\u00e9liorer les vies des personnes infect\u00e9es ou expos\u00e9es \u00e0 l\u2019infection du VIH\/SIDA, a financ\u00e9 au cours des ann\u00e9es pr\u00e9c\u00e9dentes, \u00a0la strat\u00e9gie de lutte \u00a0de la C\u00f4te d\u2019Ivoire, \u00a0\u00e0 hauteur de 1,7 milliards de dollar am\u00e9ricain.<\/p>\n<ol>\n<li>Patrick Brenny, Directeur R\u00e9gional pour l\u2019appui des \u00e9quipes de l\u2019ONUSIDA pour l\u2019Afrique de l\u2019Ouest et du Centre a salu\u00e9 les progr\u00e8s effectu\u00e9s dans le cadre de la lutte. Mais ceux-ci, la pand\u00e9mie est loin d\u2019\u00eatre endigu\u00e9, selon ce dernier, car la lutte a laiss\u00e9 sur le bas-c\u00f4t\u00e9 de la route, des franges des soci\u00e9t\u00e9s telles que les enfants et les adolescents. Il s\u2019est offusqu\u00e9 que le SIDA et les maladies opportunistes continuent de tuer des dizaines de milliers de personne chaque ann\u00e9e. \u00ab\u00a0Le SIDA n\u2019est pas termin\u00e9, mais nous pouvons y mettre un terme un unissant nos efforts\u00a0\u00bb, a-t-il conseill\u00e9.<\/li>\n<li>Jean-Marc Yac\u00e9, Maire de la commune de Cocody a f\u00e9licit\u00e9 l\u2019ONUSIDA pour l\u2019organisation de cette consultation nationale.<\/li>\n<\/ol>\n","protected":false},"excerpt":{"rendered":"<p>21 000 enfants vivent avec le VIH en C\u00f4te d\u2019Ivoire. 15% des nouvelles infections tuberculeuses, surviennent chez les enfants de 0 \u00e0 14 ans. Ces chiffres effrayants ont \u00e9t\u00e9 r\u00e9v\u00e9l\u00e9s par Madame Dominique Ouattara, Premi\u00e8re Dame de C\u00f4te d\u2019Ivoire, le mardi 08 juin 2021, lors de la c\u00e9r\u00e9monie d\u2019ouverture de la Consultation Nationale sur le [&hellip;]<\/p>\n","protected":false},"author":2,"featured_media":2725,"comment_status":"closed","ping_status":"closed","sticky":true,"template":"","format":"standard","meta":{"_acf_changed":false,"footnotes":""},"categories":[],"tags":[],"class_list":["post-2724","post","type-post","status-publish","format-standard","has-post-thumbnail","hentry"],"acf":[],"yoast_head":"<!-- This site is optimized with the Yoast SEO plugin v27.5 - https:\/\/yoast.com\/product\/yoast-seo-wordpress\/ -->\n<title>Lutte contre le VIH et la Tuberculose p\u00e9diatrique\u00a0: La Premi\u00e8re Dame Dominique Ouattara plaide pour l\u2019\u00e9galit\u00e9 dans l\u2019acc\u00e8s des traitements - Amanien| L&#039;actualit\u00e9 Ivoirienne et Internationale<\/title>\n<meta name=\"robots\" content=\"index, follow, max-snippet:-1, max-image-preview:large, max-video-preview:-1\" \/>\n<link rel=\"canonical\" href=\"https:\/\/www.amanien.info\/news\/lutte-contre-le-vih-et-la-tuberculose-pediatrique-la-premiere-dame-dominique-ouattara-plaide-pour-legalite-dans-lacces-des-traitements\/\" \/>\n<meta property=\"og:locale\" content=\"fr_FR\" \/>\n<meta property=\"og:type\" content=\"article\" \/>\n<meta property=\"og:title\" content=\"Lutte contre le VIH et la Tuberculose p\u00e9diatrique\u00a0: La Premi\u00e8re Dame Dominique Ouattara plaide pour l\u2019\u00e9galit\u00e9 dans l\u2019acc\u00e8s des traitements - Amanien| L&#039;actualit\u00e9 Ivoirienne et Internationale\" \/>\n<meta property=\"og:description\" content=\"21 000 enfants vivent avec le VIH en C\u00f4te d\u2019Ivoire. 15% des nouvelles infections tuberculeuses, surviennent chez les enfants de 0 \u00e0 14 ans. Ces chiffres effrayants ont \u00e9t\u00e9 r\u00e9v\u00e9l\u00e9s par Madame Dominique Ouattara, Premi\u00e8re Dame de C\u00f4te d\u2019Ivoire, le mardi 08 juin 2021, lors de la c\u00e9r\u00e9monie d\u2019ouverture de la Consultation Nationale sur le [&hellip;]\" \/>\n<meta property=\"og:url\" content=\"https:\/\/www.amanien.info\/news\/lutte-contre-le-vih-et-la-tuberculose-pediatrique-la-premiere-dame-dominique-ouattara-plaide-pour-legalite-dans-lacces-des-traitements\/\" \/>\n<meta property=\"og:site_name\" content=\"Amanien| L&#039;actualit\u00e9 Ivoirienne et Internationale\" \/>\n<meta property=\"article:published_time\" content=\"2021-06-09T11:54:02+00:00\" \/>\n<meta property=\"article:modified_time\" content=\"2021-06-09T11:54:39+00:00\" \/>\n<meta property=\"og:image\" content=\"https:\/\/www.amanien.info\/news\/wp-content\/uploads\/2021\/06\/thumbnail-3.jpg\" \/>\n\t<meta property=\"og:image:width\" content=\"1024\" \/>\n\t<meta property=\"og:image:height\" content=\"682\" \/>\n\t<meta property=\"og:image:type\" content=\"image\/jpeg\" \/>\n<meta name=\"author\" content=\"Germain Ndri\" \/>\n<meta name=\"twitter:card\" content=\"summary_large_image\" \/>\n<meta name=\"twitter:label1\" content=\"\u00c9crit par\" \/>\n\t<meta name=\"twitter:data1\" content=\"Germain Ndri\" \/>\n\t<meta name=\"twitter:label2\" content=\"Dur\u00e9e de lecture estim\u00e9e\" \/>\n\t<meta name=\"twitter:data2\" content=\"5 minutes\" \/>\n<script type=\"application\/ld+json\" class=\"yoast-schema-graph\">{\"@context\":\"https:\\\/\\\/schema.org\",\"@graph\":[{\"@type\":\"Article\",\"@id\":\"https:\\\/\\\/www.amanien.info\\\/news\\\/lutte-contre-le-vih-et-la-tuberculose-pediatrique-la-premiere-dame-dominique-ouattara-plaide-pour-legalite-dans-lacces-des-traitements\\\/#article\",\"isPartOf\":{\"@id\":\"https:\\\/\\\/www.amanien.info\\\/news\\\/lutte-contre-le-vih-et-la-tuberculose-pediatrique-la-premiere-dame-dominique-ouattara-plaide-pour-legalite-dans-lacces-des-traitements\\\/\"},\"author\":{\"name\":\"Germain Ndri\",\"@id\":\"https:\\\/\\\/www.amanien.info\\\/news\\\/#\\\/schema\\\/person\\\/b21093345753a1a98242d505bd894f42\"},\"headline\":\"Lutte contre le VIH et la Tuberculose p\u00e9diatrique\u00a0: La Premi\u00e8re Dame Dominique Ouattara plaide pour l\u2019\u00e9galit\u00e9 dans l\u2019acc\u00e8s des traitements\",\"datePublished\":\"2021-06-09T11:54:02+00:00\",\"dateModified\":\"2021-06-09T11:54:39+00:00\",\"mainEntityOfPage\":{\"@id\":\"https:\\\/\\\/www.amanien.info\\\/news\\\/lutte-contre-le-vih-et-la-tuberculose-pediatrique-la-premiere-dame-dominique-ouattara-plaide-pour-legalite-dans-lacces-des-traitements\\\/\"},\"wordCount\":1155,\"image\":{\"@id\":\"https:\\\/\\\/www.amanien.info\\\/news\\\/lutte-contre-le-vih-et-la-tuberculose-pediatrique-la-premiere-dame-dominique-ouattara-plaide-pour-legalite-dans-lacces-des-traitements\\\/#primaryimage\"},\"thumbnailUrl\":\"https:\\\/\\\/www.amanien.info\\\/news\\\/wp-content\\\/uploads\\\/2021\\\/06\\\/thumbnail-3.jpg\",\"inLanguage\":\"fr-FR\"},{\"@type\":\"WebPage\",\"@id\":\"https:\\\/\\\/www.amanien.info\\\/news\\\/lutte-contre-le-vih-et-la-tuberculose-pediatrique-la-premiere-dame-dominique-ouattara-plaide-pour-legalite-dans-lacces-des-traitements\\\/\",\"url\":\"https:\\\/\\\/www.amanien.info\\\/news\\\/lutte-contre-le-vih-et-la-tuberculose-pediatrique-la-premiere-dame-dominique-ouattara-plaide-pour-legalite-dans-lacces-des-traitements\\\/\",\"name\":\"Lutte contre le VIH et la Tuberculose p\u00e9diatrique\u00a0: La Premi\u00e8re Dame Dominique Ouattara plaide pour l\u2019\u00e9galit\u00e9 dans l\u2019acc\u00e8s des traitements - Amanien| L&#039;actualit\u00e9 Ivoirienne et Internationale\",\"isPartOf\":{\"@id\":\"https:\\\/\\\/www.amanien.info\\\/news\\\/#website\"},\"primaryImageOfPage\":{\"@id\":\"https:\\\/\\\/www.amanien.info\\\/news\\\/lutte-contre-le-vih-et-la-tuberculose-pediatrique-la-premiere-dame-dominique-ouattara-plaide-pour-legalite-dans-lacces-des-traitements\\\/#primaryimage\"},\"image\":{\"@id\":\"https:\\\/\\\/www.amanien.info\\\/news\\\/lutte-contre-le-vih-et-la-tuberculose-pediatrique-la-premiere-dame-dominique-ouattara-plaide-pour-legalite-dans-lacces-des-traitements\\\/#primaryimage\"},\"thumbnailUrl\":\"https:\\\/\\\/www.amanien.info\\\/news\\\/wp-content\\\/uploads\\\/2021\\\/06\\\/thumbnail-3.jpg\",\"datePublished\":\"2021-06-09T11:54:02+00:00\",\"dateModified\":\"2021-06-09T11:54:39+00:00\",\"author\":{\"@id\":\"https:\\\/\\\/www.amanien.info\\\/news\\\/#\\\/schema\\\/person\\\/b21093345753a1a98242d505bd894f42\"},\"breadcrumb\":{\"@id\":\"https:\\\/\\\/www.amanien.info\\\/news\\\/lutte-contre-le-vih-et-la-tuberculose-pediatrique-la-premiere-dame-dominique-ouattara-plaide-pour-legalite-dans-lacces-des-traitements\\\/#breadcrumb\"},\"inLanguage\":\"fr-FR\",\"potentialAction\":[{\"@type\":\"ReadAction\",\"target\":[\"https:\\\/\\\/www.amanien.info\\\/news\\\/lutte-contre-le-vih-et-la-tuberculose-pediatrique-la-premiere-dame-dominique-ouattara-plaide-pour-legalite-dans-lacces-des-traitements\\\/\"]}]},{\"@type\":\"ImageObject\",\"inLanguage\":\"fr-FR\",\"@id\":\"https:\\\/\\\/www.amanien.info\\\/news\\\/lutte-contre-le-vih-et-la-tuberculose-pediatrique-la-premiere-dame-dominique-ouattara-plaide-pour-legalite-dans-lacces-des-traitements\\\/#primaryimage\",\"url\":\"https:\\\/\\\/www.amanien.info\\\/news\\\/wp-content\\\/uploads\\\/2021\\\/06\\\/thumbnail-3.jpg\",\"contentUrl\":\"https:\\\/\\\/www.amanien.info\\\/news\\\/wp-content\\\/uploads\\\/2021\\\/06\\\/thumbnail-3.jpg\",\"width\":1024,\"height\":682},{\"@type\":\"BreadcrumbList\",\"@id\":\"https:\\\/\\\/www.amanien.info\\\/news\\\/lutte-contre-le-vih-et-la-tuberculose-pediatrique-la-premiere-dame-dominique-ouattara-plaide-pour-legalite-dans-lacces-des-traitements\\\/#breadcrumb\",\"itemListElement\":[{\"@type\":\"ListItem\",\"position\":1,\"name\":\"Accueil\",\"item\":\"https:\\\/\\\/www.amanien.info\\\/news\\\/\"},{\"@type\":\"ListItem\",\"position\":2,\"name\":\"Lutte contre le VIH et la Tuberculose p\u00e9diatrique\u00a0: La Premi\u00e8re Dame Dominique Ouattara plaide pour l\u2019\u00e9galit\u00e9 dans l\u2019acc\u00e8s des traitements\"}]},{\"@type\":\"WebSite\",\"@id\":\"https:\\\/\\\/www.amanien.info\\\/news\\\/#website\",\"url\":\"https:\\\/\\\/www.amanien.info\\\/news\\\/\",\"name\":\"Amanien| L&#039;actualit\u00e9 Ivoirienne et Internationale\",\"description\":\"L&#039;actualit\u00e9 Ivoirienne et Internationale\",\"potentialAction\":[{\"@type\":\"SearchAction\",\"target\":{\"@type\":\"EntryPoint\",\"urlTemplate\":\"https:\\\/\\\/www.amanien.info\\\/news\\\/?s={search_term_string}\"},\"query-input\":{\"@type\":\"PropertyValueSpecification\",\"valueRequired\":true,\"valueName\":\"search_term_string\"}}],\"inLanguage\":\"fr-FR\"},{\"@type\":\"Person\",\"@id\":\"https:\\\/\\\/www.amanien.info\\\/news\\\/#\\\/schema\\\/person\\\/b21093345753a1a98242d505bd894f42\",\"name\":\"Germain Ndri\",\"url\":\"https:\\\/\\\/www.amanien.info\\\/news\\\/author\\\/amanien-infos\\\/\"}]}<\/script>\n<!-- \/ Yoast SEO plugin. -->","yoast_head_json":{"title":"Lutte contre le VIH et la Tuberculose p\u00e9diatrique\u00a0: La Premi\u00e8re Dame Dominique Ouattara plaide pour l\u2019\u00e9galit\u00e9 dans l\u2019acc\u00e8s des traitements - Amanien| L&#039;actualit\u00e9 Ivoirienne et Internationale","robots":{"index":"index","follow":"follow","max-snippet":"max-snippet:-1","max-image-preview":"max-image-preview:large","max-video-preview":"max-video-preview:-1"},"canonical":"https:\/\/www.amanien.info\/news\/lutte-contre-le-vih-et-la-tuberculose-pediatrique-la-premiere-dame-dominique-ouattara-plaide-pour-legalite-dans-lacces-des-traitements\/","og_locale":"fr_FR","og_type":"article","og_title":"Lutte contre le VIH et la Tuberculose p\u00e9diatrique\u00a0: La Premi\u00e8re Dame Dominique Ouattara plaide pour l\u2019\u00e9galit\u00e9 dans l\u2019acc\u00e8s des traitements - Amanien| L&#039;actualit\u00e9 Ivoirienne et Internationale","og_description":"21 000 enfants vivent avec le VIH en C\u00f4te d\u2019Ivoire. 15% des nouvelles infections tuberculeuses, surviennent chez les enfants de 0 \u00e0 14 ans. Ces chiffres effrayants ont \u00e9t\u00e9 r\u00e9v\u00e9l\u00e9s par Madame Dominique Ouattara, Premi\u00e8re Dame de C\u00f4te d\u2019Ivoire, le mardi 08 juin 2021, lors de la c\u00e9r\u00e9monie d\u2019ouverture de la Consultation Nationale sur le [&hellip;]","og_url":"https:\/\/www.amanien.info\/news\/lutte-contre-le-vih-et-la-tuberculose-pediatrique-la-premiere-dame-dominique-ouattara-plaide-pour-legalite-dans-lacces-des-traitements\/","og_site_name":"Amanien| L&#039;actualit\u00e9 Ivoirienne et Internationale","article_published_time":"2021-06-09T11:54:02+00:00","article_modified_time":"2021-06-09T11:54:39+00:00","og_image":[{"width":1024,"height":682,"url":"https:\/\/www.amanien.info\/news\/wp-content\/uploads\/2021\/06\/thumbnail-3.jpg","type":"image\/jpeg"}],"author":"Germain Ndri","twitter_card":"summary_large_image","twitter_misc":{"\u00c9crit par":"Germain Ndri","Dur\u00e9e de lecture estim\u00e9e":"5 minutes"},"schema":{"@context":"https:\/\/schema.org","@graph":[{"@type":"Article","@id":"https:\/\/www.amanien.info\/news\/lutte-contre-le-vih-et-la-tuberculose-pediatrique-la-premiere-dame-dominique-ouattara-plaide-pour-legalite-dans-lacces-des-traitements\/#article","isPartOf":{"@id":"https:\/\/www.amanien.info\/news\/lutte-contre-le-vih-et-la-tuberculose-pediatrique-la-premiere-dame-dominique-ouattara-plaide-pour-legalite-dans-lacces-des-traitements\/"},"author":{"name":"Germain Ndri","@id":"https:\/\/www.amanien.info\/news\/#\/schema\/person\/b21093345753a1a98242d505bd894f42"},"headline":"Lutte contre le VIH et la Tuberculose p\u00e9diatrique\u00a0: La Premi\u00e8re Dame Dominique Ouattara plaide pour l\u2019\u00e9galit\u00e9 dans l\u2019acc\u00e8s des traitements","datePublished":"2021-06-09T11:54:02+00:00","dateModified":"2021-06-09T11:54:39+00:00","mainEntityOfPage":{"@id":"https:\/\/www.amanien.info\/news\/lutte-contre-le-vih-et-la-tuberculose-pediatrique-la-premiere-dame-dominique-ouattara-plaide-pour-legalite-dans-lacces-des-traitements\/"},"wordCount":1155,"image":{"@id":"https:\/\/www.amanien.info\/news\/lutte-contre-le-vih-et-la-tuberculose-pediatrique-la-premiere-dame-dominique-ouattara-plaide-pour-legalite-dans-lacces-des-traitements\/#primaryimage"},"thumbnailUrl":"https:\/\/www.amanien.info\/news\/wp-content\/uploads\/2021\/06\/thumbnail-3.jpg","inLanguage":"fr-FR"},{"@type":"WebPage","@id":"https:\/\/www.amanien.info\/news\/lutte-contre-le-vih-et-la-tuberculose-pediatrique-la-premiere-dame-dominique-ouattara-plaide-pour-legalite-dans-lacces-des-traitements\/","url":"https:\/\/www.amanien.info\/news\/lutte-contre-le-vih-et-la-tuberculose-pediatrique-la-premiere-dame-dominique-ouattara-plaide-pour-legalite-dans-lacces-des-traitements\/","name":"Lutte contre le VIH et la Tuberculose p\u00e9diatrique\u00a0: La Premi\u00e8re Dame Dominique Ouattara plaide pour l\u2019\u00e9galit\u00e9 dans l\u2019acc\u00e8s des traitements - Amanien| L&#039;actualit\u00e9 Ivoirienne et Internationale","isPartOf":{"@id":"https:\/\/www.amanien.info\/news\/#website"},"primaryImageOfPage":{"@id":"https:\/\/www.amanien.info\/news\/lutte-contre-le-vih-et-la-tuberculose-pediatrique-la-premiere-dame-dominique-ouattara-plaide-pour-legalite-dans-lacces-des-traitements\/#primaryimage"},"image":{"@id":"https:\/\/www.amanien.info\/news\/lutte-contre-le-vih-et-la-tuberculose-pediatrique-la-premiere-dame-dominique-ouattara-plaide-pour-legalite-dans-lacces-des-traitements\/#primaryimage"},"thumbnailUrl":"https:\/\/www.amanien.info\/news\/wp-content\/uploads\/2021\/06\/thumbnail-3.jpg","datePublished":"2021-06-09T11:54:02+00:00","dateModified":"2021-06-09T11:54:39+00:00","author":{"@id":"https:\/\/www.amanien.info\/news\/#\/schema\/person\/b21093345753a1a98242d505bd894f42"},"breadcrumb":{"@id":"https:\/\/www.amanien.info\/news\/lutte-contre-le-vih-et-la-tuberculose-pediatrique-la-premiere-dame-dominique-ouattara-plaide-pour-legalite-dans-lacces-des-traitements\/#breadcrumb"},"inLanguage":"fr-FR","potentialAction":[{"@type":"ReadAction","target":["https:\/\/www.amanien.info\/news\/lutte-contre-le-vih-et-la-tuberculose-pediatrique-la-premiere-dame-dominique-ouattara-plaide-pour-legalite-dans-lacces-des-traitements\/"]}]},{"@type":"ImageObject","inLanguage":"fr-FR","@id":"https:\/\/www.amanien.info\/news\/lutte-contre-le-vih-et-la-tuberculose-pediatrique-la-premiere-dame-dominique-ouattara-plaide-pour-legalite-dans-lacces-des-traitements\/#primaryimage","url":"https:\/\/www.amanien.info\/news\/wp-content\/uploads\/2021\/06\/thumbnail-3.jpg","contentUrl":"https:\/\/www.amanien.info\/news\/wp-content\/uploads\/2021\/06\/thumbnail-3.jpg","width":1024,"height":682},{"@type":"BreadcrumbList","@id":"https:\/\/www.amanien.info\/news\/lutte-contre-le-vih-et-la-tuberculose-pediatrique-la-premiere-dame-dominique-ouattara-plaide-pour-legalite-dans-lacces-des-traitements\/#breadcrumb","itemListElement":[{"@type":"ListItem","position":1,"name":"Accueil","item":"https:\/\/www.amanien.info\/news\/"},{"@type":"ListItem","position":2,"name":"Lutte contre le VIH et la Tuberculose p\u00e9diatrique\u00a0: La Premi\u00e8re Dame Dominique Ouattara plaide pour l\u2019\u00e9galit\u00e9 dans l\u2019acc\u00e8s des traitements"}]},{"@type":"WebSite","@id":"https:\/\/www.amanien.info\/news\/#website","url":"https:\/\/www.amanien.info\/news\/","name":"Amanien| L&#039;actualit\u00e9 Ivoirienne et Internationale","description":"L&#039;actualit\u00e9 Ivoirienne et Internationale","potentialAction":[{"@type":"SearchAction","target":{"@type":"EntryPoint","urlTemplate":"https:\/\/www.amanien.info\/news\/?s={search_term_string}"},"query-input":{"@type":"PropertyValueSpecification","valueRequired":true,"valueName":"search_term_string"}}],"inLanguage":"fr-FR"},{"@type":"Person","@id":"https:\/\/www.amanien.info\/news\/#\/schema\/person\/b21093345753a1a98242d505bd894f42","name":"Germain Ndri","url":"https:\/\/www.amanien.info\/news\/author\/amanien-infos\/"}]}},"_links":{"self":[{"href":"https:\/\/www.amanien.info\/news\/wp-json\/wp\/v2\/posts\/2724","targetHints":{"allow":["GET"]}}],"collection":[{"href":"https:\/\/www.amanien.info\/news\/wp-json\/wp\/v2\/posts"}],"about":[{"href":"https:\/\/www.amanien.info\/news\/wp-json\/wp\/v2\/types\/post"}],"author":[{"embeddable":true,"href":"https:\/\/www.amanien.info\/news\/wp-json\/wp\/v2\/users\/2"}],"replies":[{"embeddable":true,"href":"https:\/\/www.amanien.info\/news\/wp-json\/wp\/v2\/comments?post=2724"}],"version-history":[{"count":0,"href":"https:\/\/www.amanien.info\/news\/wp-json\/wp\/v2\/posts\/2724\/revisions"}],"wp:featuredmedia":[{"embeddable":true,"href":"https:\/\/www.amanien.info\/news\/wp-json\/wp\/v2\/media\/2725"}],"wp:attachment":[{"href":"https:\/\/www.amanien.info\/news\/wp-json\/wp\/v2\/media?parent=2724"}],"wp:term":[{"taxonomy":"category","embeddable":true,"href":"https:\/\/www.amanien.info\/news\/wp-json\/wp\/v2\/categories?post=2724"},{"taxonomy":"post_tag","embeddable":true,"href":"https:\/\/www.amanien.info\/news\/wp-json\/wp\/v2\/tags?post=2724"}],"curies":[{"name":"wp","href":"https:\/\/api.w.org\/{rel}","templated":true}]}}