{"id":2709,"date":"2021-06-02T18:58:17","date_gmt":"2021-06-02T18:58:17","guid":{"rendered":"https:\/\/www.https:\/\/zozo.buyee.jp\/\/news\/?p=2709"},"modified":"2021-06-02T18:58:50","modified_gmt":"2021-06-02T18:58:50","slug":"1ere-edition-du-salon-awards-de-la-presse-numerique-de-cote-divoire-80-prix-decernes","status":"publish","type":"post","link":"https:\/\/www.amanien.info\/news\/1ere-edition-du-salon-awards-de-la-presse-numerique-de-cote-divoire-80-prix-decernes\/","title":{"rendered":"1\u00e8re \u00c9dition du salon &#038; Awards de la presse num\u00e9rique de C\u00f4te d&rsquo;Ivoire : 80 prix d\u00e9cern\u00e9s"},"content":{"rendered":"<p>La premi\u00e8re \u00e9dition du \u00ab\u00a0Salon &amp; Awards de la presse num\u00e9rique de C\u00f4te d&rsquo;Ivoire\u00a0\u00bb a connu son apoth\u00e9ose, ce mardi 1er juin 2011 au plateau, Abidjan.<\/p>\n<p>Pr\u00e9sid\u00e9 par l&rsquo;ex-R\u00e9dactrice en Chef du quotidien pro-gouvernemental Fraternit\u00e9 Matin Agn\u00e8s Kraidy, le Jury a d\u00e9cern\u00e9, lors de la c\u00e9r\u00e9monie de cl\u00f4ture, 80 prix aux diff\u00e9rents acteurs du secteur.<\/p>\n<p>Initi\u00e9e par la Plateforme num\u00e9rique de C\u00f4te d&rsquo;Ivoire, cette grande comp\u00e9tition, plac\u00e9e sous l&rsquo;\u00e9gide du Minist\u00e8re en charge de la Communication, des M\u00e9dias et de la Francophonie, \u00e9tait ouverte aux professionnels de l&rsquo;information num\u00e9rique, blogueurs, activistes, lanceurs d&rsquo;alerte, m\u00e9dias num\u00e9riques, etc.<\/p>\n<p>Plusieurs cat\u00e9gories de prix ont \u00e9t\u00e9 d\u00e9cern\u00e9s.<br \/>\nIl s&rsquo;agit, entre autres, des prix th\u00e9matiques sectoriels, des prix de la digitalisation, des grands prix.<\/p>\n<p>Les laur\u00e9ats recevront, au cours d&rsquo;une autre c\u00e9r\u00e9monie qui sera organis\u00e9e par la PNCI,des lots compos\u00e9s d&rsquo;ordinateurs portables, de tablettes, etc.<\/p>\n<p>Le Pr\u00e9sident de la Plateforme de la presse num\u00e9rique de C\u00f4te d&rsquo;Ivoire ( PNCI), Jo\u00ebl Gnanzou, par ailleurs Commissaire G\u00e9n\u00e9ral du salon s&rsquo;est r\u00e9joui aussi bien au niveau des acteurs qu&rsquo;au niveau de l&rsquo;organisation.<\/p>\n<p>&lt;&lt; C&rsquo;est un moment de joie, de satisfaction au niveau des acteurs parce que c&rsquo;\u00e9tait vraiment appel\u00e9 de tous les v\u0153ux d&rsquo;organiser cet \u00e9v\u00e9nement qui est \u00e0 la fois f\u00e9d\u00e9rateur, mais surtout qui met en lumi\u00e8re notre corporation, notre secteur. Aujourd&rsquo;hui, on peut dire qu&rsquo;on a franchi un grand pas&gt;&gt; a-t-il affirm\u00e9.<\/p>\n<p>Il a \u00e9galement saisi cette occasion pour remercier les partenaires qui ont contribu\u00e9 \u00e0 la r\u00e9ussite de ce prestigieux \u00e9v\u00e9nement.<\/p>\n<p>Jo\u00ebl Gnanzou a, par ailleurs, invit\u00e9 les acteurs du num\u00e9rique \u00e0 f\u00e9d\u00e9rer leurs forces, formaliser leurs entreprises, assainir l&rsquo;usage des r\u00e9seaux sociaux et \u00e0 une prise de conscience collective de ceux-ci.<\/p>\n<p>&nbsp;<\/p>\n<p>Sunday Alain<\/p>\n","protected":false},"excerpt":{"rendered":"<p>La premi\u00e8re \u00e9dition du \u00ab\u00a0Salon &amp; Awards de la presse num\u00e9rique de C\u00f4te d&rsquo;Ivoire\u00a0\u00bb a connu son apoth\u00e9ose, ce mardi 1er juin 2011 au plateau, Abidjan. Pr\u00e9sid\u00e9 par l&rsquo;ex-R\u00e9dactrice en Chef du quotidien pro-gouvernemental Fraternit\u00e9 Matin Agn\u00e8s Kraidy, le Jury a d\u00e9cern\u00e9, lors de la c\u00e9r\u00e9monie de cl\u00f4ture, 80 prix aux diff\u00e9rents acteurs du secteur. [&hellip;]<\/p>\n","protected":false},"author":2,"featured_media":2710,"comment_status":"closed","ping_status":"closed","sticky":true,"template":"","format":"standard","meta":{"_acf_changed":false,"footnotes":""},"categories":[],"tags":[],"class_list":["post-2709","post","type-post","status-publish","format-standard","has-post-thumbnail","hentry"],"acf":[],"yoast_head":"<!-- This site is optimized with the Yoast SEO plugin v27.5 - https:\/\/yoast.com\/product\/yoast-seo-wordpress\/ -->\n<title>1\u00e8re \u00c9dition du salon &amp; Awards de la presse num\u00e9rique de C\u00f4te d&#039;Ivoire : 80 prix d\u00e9cern\u00e9s - Amanien| L&#039;actualit\u00e9 Ivoirienne et Internationale<\/title>\n<meta name=\"robots\" content=\"index, follow, max-snippet:-1, max-image-preview:large, max-video-preview:-1\" \/>\n<link rel=\"canonical\" href=\"https:\/\/www.amanien.info\/news\/1ere-edition-du-salon-awards-de-la-presse-numerique-de-cote-divoire-80-prix-decernes\/\" \/>\n<meta property=\"og:locale\" content=\"fr_FR\" \/>\n<meta property=\"og:type\" content=\"article\" \/>\n<meta property=\"og:title\" content=\"1\u00e8re \u00c9dition du salon &amp; Awards de la presse num\u00e9rique de C\u00f4te d&#039;Ivoire : 80 prix d\u00e9cern\u00e9s - Amanien| L&#039;actualit\u00e9 Ivoirienne et Internationale\" \/>\n<meta property=\"og:description\" content=\"La premi\u00e8re \u00e9dition du \u00ab\u00a0Salon &amp; Awards de la presse num\u00e9rique de C\u00f4te d&rsquo;Ivoire\u00a0\u00bb a connu son apoth\u00e9ose, ce mardi 1er juin 2011 au plateau, Abidjan. Pr\u00e9sid\u00e9 par l&rsquo;ex-R\u00e9dactrice en Chef du quotidien pro-gouvernemental Fraternit\u00e9 Matin Agn\u00e8s Kraidy, le Jury a d\u00e9cern\u00e9, lors de la c\u00e9r\u00e9monie de cl\u00f4ture, 80 prix aux diff\u00e9rents acteurs du secteur. [&hellip;]\" \/>\n<meta property=\"og:url\" content=\"https:\/\/www.amanien.info\/news\/1ere-edition-du-salon-awards-de-la-presse-numerique-de-cote-divoire-80-prix-decernes\/\" \/>\n<meta property=\"og:site_name\" content=\"Amanien| L&#039;actualit\u00e9 Ivoirienne et Internationale\" \/>\n<meta property=\"article:published_time\" content=\"2021-06-02T18:58:17+00:00\" \/>\n<meta property=\"article:modified_time\" content=\"2021-06-02T18:58:50+00:00\" \/>\n<meta property=\"og:image\" content=\"https:\/\/www.amanien.info\/news\/wp-content\/uploads\/2021\/06\/Sans-titre.jpg\" \/>\n\t<meta property=\"og:image:width\" content=\"700\" \/>\n\t<meta property=\"og:image:height\" content=\"370\" \/>\n\t<meta property=\"og:image:type\" content=\"image\/jpeg\" \/>\n<meta name=\"author\" content=\"Germain Ndri\" \/>\n<meta name=\"twitter:card\" content=\"summary_large_image\" \/>\n<meta name=\"twitter:label1\" content=\"\u00c9crit par\" \/>\n\t<meta name=\"twitter:data1\" content=\"Germain Ndri\" \/>\n\t<meta name=\"twitter:label2\" content=\"Dur\u00e9e de lecture estim\u00e9e\" \/>\n\t<meta name=\"twitter:data2\" content=\"2 minutes\" \/>\n<script type=\"application\/ld+json\" class=\"yoast-schema-graph\">{\"@context\":\"https:\\\/\\\/schema.org\",\"@graph\":[{\"@type\":\"Article\",\"@id\":\"https:\\\/\\\/www.amanien.info\\\/news\\\/1ere-edition-du-salon-awards-de-la-presse-numerique-de-cote-divoire-80-prix-decernes\\\/#article\",\"isPartOf\":{\"@id\":\"https:\\\/\\\/www.amanien.info\\\/news\\\/1ere-edition-du-salon-awards-de-la-presse-numerique-de-cote-divoire-80-prix-decernes\\\/\"},\"author\":{\"name\":\"Germain Ndri\",\"@id\":\"https:\\\/\\\/www.amanien.info\\\/news\\\/#\\\/schema\\\/person\\\/b21093345753a1a98242d505bd894f42\"},\"headline\":\"1\u00e8re \u00c9dition du salon &#038; Awards de la presse num\u00e9rique de C\u00f4te d&rsquo;Ivoire : 80 prix d\u00e9cern\u00e9s\",\"datePublished\":\"2021-06-02T18:58:17+00:00\",\"dateModified\":\"2021-06-02T18:58:50+00:00\",\"mainEntityOfPage\":{\"@id\":\"https:\\\/\\\/www.amanien.info\\\/news\\\/1ere-edition-du-salon-awards-de-la-presse-numerique-de-cote-divoire-80-prix-decernes\\\/\"},\"wordCount\":365,\"image\":{\"@id\":\"https:\\\/\\\/www.amanien.info\\\/news\\\/1ere-edition-du-salon-awards-de-la-presse-numerique-de-cote-divoire-80-prix-decernes\\\/#primaryimage\"},\"thumbnailUrl\":\"https:\\\/\\\/www.amanien.info\\\/news\\\/wp-content\\\/uploads\\\/2021\\\/06\\\/Sans-titre.jpg\",\"inLanguage\":\"fr-FR\"},{\"@type\":\"WebPage\",\"@id\":\"https:\\\/\\\/www.amanien.info\\\/news\\\/1ere-edition-du-salon-awards-de-la-presse-numerique-de-cote-divoire-80-prix-decernes\\\/\",\"url\":\"https:\\\/\\\/www.amanien.info\\\/news\\\/1ere-edition-du-salon-awards-de-la-presse-numerique-de-cote-divoire-80-prix-decernes\\\/\",\"name\":\"1\u00e8re \u00c9dition du salon & Awards de la presse num\u00e9rique de C\u00f4te d'Ivoire : 80 prix d\u00e9cern\u00e9s - Amanien| L&#039;actualit\u00e9 Ivoirienne et Internationale\",\"isPartOf\":{\"@id\":\"https:\\\/\\\/www.amanien.info\\\/news\\\/#website\"},\"primaryImageOfPage\":{\"@id\":\"https:\\\/\\\/www.amanien.info\\\/news\\\/1ere-edition-du-salon-awards-de-la-presse-numerique-de-cote-divoire-80-prix-decernes\\\/#primaryimage\"},\"image\":{\"@id\":\"https:\\\/\\\/www.amanien.info\\\/news\\\/1ere-edition-du-salon-awards-de-la-presse-numerique-de-cote-divoire-80-prix-decernes\\\/#primaryimage\"},\"thumbnailUrl\":\"https:\\\/\\\/www.amanien.info\\\/news\\\/wp-content\\\/uploads\\\/2021\\\/06\\\/Sans-titre.jpg\",\"datePublished\":\"2021-06-02T18:58:17+00:00\",\"dateModified\":\"2021-06-02T18:58:50+00:00\",\"author\":{\"@id\":\"https:\\\/\\\/www.amanien.info\\\/news\\\/#\\\/schema\\\/person\\\/b21093345753a1a98242d505bd894f42\"},\"breadcrumb\":{\"@id\":\"https:\\\/\\\/www.amanien.info\\\/news\\\/1ere-edition-du-salon-awards-de-la-presse-numerique-de-cote-divoire-80-prix-decernes\\\/#breadcrumb\"},\"inLanguage\":\"fr-FR\",\"potentialAction\":[{\"@type\":\"ReadAction\",\"target\":[\"https:\\\/\\\/www.amanien.info\\\/news\\\/1ere-edition-du-salon-awards-de-la-presse-numerique-de-cote-divoire-80-prix-decernes\\\/\"]}]},{\"@type\":\"ImageObject\",\"inLanguage\":\"fr-FR\",\"@id\":\"https:\\\/\\\/www.amanien.info\\\/news\\\/1ere-edition-du-salon-awards-de-la-presse-numerique-de-cote-divoire-80-prix-decernes\\\/#primaryimage\",\"url\":\"https:\\\/\\\/www.amanien.info\\\/news\\\/wp-content\\\/uploads\\\/2021\\\/06\\\/Sans-titre.jpg\",\"contentUrl\":\"https:\\\/\\\/www.amanien.info\\\/news\\\/wp-content\\\/uploads\\\/2021\\\/06\\\/Sans-titre.jpg\",\"width\":700,\"height\":370},{\"@type\":\"BreadcrumbList\",\"@id\":\"https:\\\/\\\/www.amanien.info\\\/news\\\/1ere-edition-du-salon-awards-de-la-presse-numerique-de-cote-divoire-80-prix-decernes\\\/#breadcrumb\",\"itemListElement\":[{\"@type\":\"ListItem\",\"position\":1,\"name\":\"Accueil\",\"item\":\"https:\\\/\\\/www.amanien.info\\\/news\\\/\"},{\"@type\":\"ListItem\",\"position\":2,\"name\":\"1\u00e8re \u00c9dition du salon &#038; Awards de la presse num\u00e9rique de C\u00f4te d&rsquo;Ivoire : 80 prix d\u00e9cern\u00e9s\"}]},{\"@type\":\"WebSite\",\"@id\":\"https:\\\/\\\/www.amanien.info\\\/news\\\/#website\",\"url\":\"https:\\\/\\\/www.amanien.info\\\/news\\\/\",\"name\":\"Amanien| L&#039;actualit\u00e9 Ivoirienne et Internationale\",\"description\":\"L&#039;actualit\u00e9 Ivoirienne et Internationale\",\"potentialAction\":[{\"@type\":\"SearchAction\",\"target\":{\"@type\":\"EntryPoint\",\"urlTemplate\":\"https:\\\/\\\/www.amanien.info\\\/news\\\/?s={search_term_string}\"},\"query-input\":{\"@type\":\"PropertyValueSpecification\",\"valueRequired\":true,\"valueName\":\"search_term_string\"}}],\"inLanguage\":\"fr-FR\"},{\"@type\":\"Person\",\"@id\":\"https:\\\/\\\/www.amanien.info\\\/news\\\/#\\\/schema\\\/person\\\/b21093345753a1a98242d505bd894f42\",\"name\":\"Germain Ndri\",\"url\":\"https:\\\/\\\/www.amanien.info\\\/news\\\/author\\\/amanien-infos\\\/\"}]}<\/script>\n<!-- \/ Yoast SEO plugin. -->","yoast_head_json":{"title":"1\u00e8re \u00c9dition du salon & Awards de la presse num\u00e9rique de C\u00f4te d'Ivoire : 80 prix d\u00e9cern\u00e9s - Amanien| L&#039;actualit\u00e9 Ivoirienne et Internationale","robots":{"index":"index","follow":"follow","max-snippet":"max-snippet:-1","max-image-preview":"max-image-preview:large","max-video-preview":"max-video-preview:-1"},"canonical":"https:\/\/www.amanien.info\/news\/1ere-edition-du-salon-awards-de-la-presse-numerique-de-cote-divoire-80-prix-decernes\/","og_locale":"fr_FR","og_type":"article","og_title":"1\u00e8re \u00c9dition du salon & Awards de la presse num\u00e9rique de C\u00f4te d'Ivoire : 80 prix d\u00e9cern\u00e9s - Amanien| L&#039;actualit\u00e9 Ivoirienne et Internationale","og_description":"La premi\u00e8re \u00e9dition du \u00ab\u00a0Salon &amp; Awards de la presse num\u00e9rique de C\u00f4te d&rsquo;Ivoire\u00a0\u00bb a connu son apoth\u00e9ose, ce mardi 1er juin 2011 au plateau, Abidjan. Pr\u00e9sid\u00e9 par l&rsquo;ex-R\u00e9dactrice en Chef du quotidien pro-gouvernemental Fraternit\u00e9 Matin Agn\u00e8s Kraidy, le Jury a d\u00e9cern\u00e9, lors de la c\u00e9r\u00e9monie de cl\u00f4ture, 80 prix aux diff\u00e9rents acteurs du secteur. [&hellip;]","og_url":"https:\/\/www.amanien.info\/news\/1ere-edition-du-salon-awards-de-la-presse-numerique-de-cote-divoire-80-prix-decernes\/","og_site_name":"Amanien| L&#039;actualit\u00e9 Ivoirienne et Internationale","article_published_time":"2021-06-02T18:58:17+00:00","article_modified_time":"2021-06-02T18:58:50+00:00","og_image":[{"width":700,"height":370,"url":"https:\/\/www.amanien.info\/news\/wp-content\/uploads\/2021\/06\/Sans-titre.jpg","type":"image\/jpeg"}],"author":"Germain Ndri","twitter_card":"summary_large_image","twitter_misc":{"\u00c9crit par":"Germain Ndri","Dur\u00e9e de lecture estim\u00e9e":"2 minutes"},"schema":{"@context":"https:\/\/schema.org","@graph":[{"@type":"Article","@id":"https:\/\/www.amanien.info\/news\/1ere-edition-du-salon-awards-de-la-presse-numerique-de-cote-divoire-80-prix-decernes\/#article","isPartOf":{"@id":"https:\/\/www.amanien.info\/news\/1ere-edition-du-salon-awards-de-la-presse-numerique-de-cote-divoire-80-prix-decernes\/"},"author":{"name":"Germain Ndri","@id":"https:\/\/www.amanien.info\/news\/#\/schema\/person\/b21093345753a1a98242d505bd894f42"},"headline":"1\u00e8re \u00c9dition du salon &#038; Awards de la presse num\u00e9rique de C\u00f4te d&rsquo;Ivoire : 80 prix d\u00e9cern\u00e9s","datePublished":"2021-06-02T18:58:17+00:00","dateModified":"2021-06-02T18:58:50+00:00","mainEntityOfPage":{"@id":"https:\/\/www.amanien.info\/news\/1ere-edition-du-salon-awards-de-la-presse-numerique-de-cote-divoire-80-prix-decernes\/"},"wordCount":365,"image":{"@id":"https:\/\/www.amanien.info\/news\/1ere-edition-du-salon-awards-de-la-presse-numerique-de-cote-divoire-80-prix-decernes\/#primaryimage"},"thumbnailUrl":"https:\/\/www.amanien.info\/news\/wp-content\/uploads\/2021\/06\/Sans-titre.jpg","inLanguage":"fr-FR"},{"@type":"WebPage","@id":"https:\/\/www.amanien.info\/news\/1ere-edition-du-salon-awards-de-la-presse-numerique-de-cote-divoire-80-prix-decernes\/","url":"https:\/\/www.amanien.info\/news\/1ere-edition-du-salon-awards-de-la-presse-numerique-de-cote-divoire-80-prix-decernes\/","name":"1\u00e8re \u00c9dition du salon & Awards de la presse num\u00e9rique de C\u00f4te d'Ivoire : 80 prix d\u00e9cern\u00e9s - Amanien| L&#039;actualit\u00e9 Ivoirienne et Internationale","isPartOf":{"@id":"https:\/\/www.amanien.info\/news\/#website"},"primaryImageOfPage":{"@id":"https:\/\/www.amanien.info\/news\/1ere-edition-du-salon-awards-de-la-presse-numerique-de-cote-divoire-80-prix-decernes\/#primaryimage"},"image":{"@id":"https:\/\/www.amanien.info\/news\/1ere-edition-du-salon-awards-de-la-presse-numerique-de-cote-divoire-80-prix-decernes\/#primaryimage"},"thumbnailUrl":"https:\/\/www.amanien.info\/news\/wp-content\/uploads\/2021\/06\/Sans-titre.jpg","datePublished":"2021-06-02T18:58:17+00:00","dateModified":"2021-06-02T18:58:50+00:00","author":{"@id":"https:\/\/www.amanien.info\/news\/#\/schema\/person\/b21093345753a1a98242d505bd894f42"},"breadcrumb":{"@id":"https:\/\/www.amanien.info\/news\/1ere-edition-du-salon-awards-de-la-presse-numerique-de-cote-divoire-80-prix-decernes\/#breadcrumb"},"inLanguage":"fr-FR","potentialAction":[{"@type":"ReadAction","target":["https:\/\/www.amanien.info\/news\/1ere-edition-du-salon-awards-de-la-presse-numerique-de-cote-divoire-80-prix-decernes\/"]}]},{"@type":"ImageObject","inLanguage":"fr-FR","@id":"https:\/\/www.amanien.info\/news\/1ere-edition-du-salon-awards-de-la-presse-numerique-de-cote-divoire-80-prix-decernes\/#primaryimage","url":"https:\/\/www.amanien.info\/news\/wp-content\/uploads\/2021\/06\/Sans-titre.jpg","contentUrl":"https:\/\/www.amanien.info\/news\/wp-content\/uploads\/2021\/06\/Sans-titre.jpg","width":700,"height":370},{"@type":"BreadcrumbList","@id":"https:\/\/www.amanien.info\/news\/1ere-edition-du-salon-awards-de-la-presse-numerique-de-cote-divoire-80-prix-decernes\/#breadcrumb","itemListElement":[{"@type":"ListItem","position":1,"name":"Accueil","item":"https:\/\/www.amanien.info\/news\/"},{"@type":"ListItem","position":2,"name":"1\u00e8re \u00c9dition du salon &#038; Awards de la presse num\u00e9rique de C\u00f4te d&rsquo;Ivoire : 80 prix d\u00e9cern\u00e9s"}]},{"@type":"WebSite","@id":"https:\/\/www.amanien.info\/news\/#website","url":"https:\/\/www.amanien.info\/news\/","name":"Amanien| L&#039;actualit\u00e9 Ivoirienne et Internationale","description":"L&#039;actualit\u00e9 Ivoirienne et Internationale","potentialAction":[{"@type":"SearchAction","target":{"@type":"EntryPoint","urlTemplate":"https:\/\/www.amanien.info\/news\/?s={search_term_string}"},"query-input":{"@type":"PropertyValueSpecification","valueRequired":true,"valueName":"search_term_string"}}],"inLanguage":"fr-FR"},{"@type":"Person","@id":"https:\/\/www.amanien.info\/news\/#\/schema\/person\/b21093345753a1a98242d505bd894f42","name":"Germain Ndri","url":"https:\/\/www.amanien.info\/news\/author\/amanien-infos\/"}]}},"_links":{"self":[{"href":"https:\/\/www.amanien.info\/news\/wp-json\/wp\/v2\/posts\/2709","targetHints":{"allow":["GET"]}}],"collection":[{"href":"https:\/\/www.amanien.info\/news\/wp-json\/wp\/v2\/posts"}],"about":[{"href":"https:\/\/www.amanien.info\/news\/wp-json\/wp\/v2\/types\/post"}],"author":[{"embeddable":true,"href":"https:\/\/www.amanien.info\/news\/wp-json\/wp\/v2\/users\/2"}],"replies":[{"embeddable":true,"href":"https:\/\/www.amanien.info\/news\/wp-json\/wp\/v2\/comments?post=2709"}],"version-history":[{"count":0,"href":"https:\/\/www.amanien.info\/news\/wp-json\/wp\/v2\/posts\/2709\/revisions"}],"wp:featuredmedia":[{"embeddable":true,"href":"https:\/\/www.amanien.info\/news\/wp-json\/wp\/v2\/media\/2710"}],"wp:attachment":[{"href":"https:\/\/www.amanien.info\/news\/wp-json\/wp\/v2\/media?parent=2709"}],"wp:term":[{"taxonomy":"category","embeddable":true,"href":"https:\/\/www.amanien.info\/news\/wp-json\/wp\/v2\/categories?post=2709"},{"taxonomy":"post_tag","embeddable":true,"href":"https:\/\/www.amanien.info\/news\/wp-json\/wp\/v2\/tags?post=2709"}],"curies":[{"name":"wp","href":"https:\/\/api.w.org\/{rel}","templated":true}]}}