{"id":2685,"date":"2021-05-18T14:23:29","date_gmt":"2021-05-18T14:23:29","guid":{"rendered":"https:\/\/www.https:\/\/zozo.buyee.jp\/\/news\/?p=2685"},"modified":"2021-05-18T14:23:56","modified_gmt":"2021-05-18T14:23:56","slug":"education-la-fondation-children-of-africa-renforce-la-capacite-pedagogique-du-college-denseignement-technique-dagboville","status":"publish","type":"post","link":"https:\/\/www.amanien.info\/news\/education-la-fondation-children-of-africa-renforce-la-capacite-pedagogique-du-college-denseignement-technique-dagboville\/","title":{"rendered":"\u00c9ducation: La Fondation Children Of Africa renforce la capacit\u00e9 p\u00e9dagogique du Coll\u00e8ge d\u2019Enseignement Technique d\u2019Agboville"},"content":{"rendered":"<p>C&rsquo;est sans doute un ouf de soulagement que vont pousser le corps enseignants et les \u00e9l\u00e8ves du Coll\u00e8ge d&rsquo;Enseignement Technique d&rsquo;Agboville (CETA).<\/p>\n<p>En effet,\u00a0 cr\u00e9\u00e9 depuis 1956, cet \u00e9tablissement d&rsquo;enseignement technique a 56 ans. Aussi, elle est confront\u00e9e depuis quelques ann\u00e9es \u00e0 la v\u00e9tust\u00e9 de son mat\u00e9riel d&rsquo;enseignement qui n\u2019a pas \u00e9t\u00e9 renouvel\u00e9 depuis des d\u00e9cennies. Face donc \u00e0 cette situation, le corps enseignants avec \u00e0 sa t\u00eate Madame Bella Konan, Directrice du Coll\u00e8ge d\u2019Enseignement Technique d\u2019Agboville, \u00a0ont lanc\u00e9 un cri de c\u0153ur \u00e0 l&rsquo;endroit de Madame Dominique Ouattara, Pr\u00e9sidente de la Fondation Children Of Africa.<\/p>\n<p>Touch\u00e9e par cette situation et toujours soucieuse du bien-\u00eatre des enfants, la Pr\u00e9sidente de la Fondation Children Of Africa\u00a0 a d\u00e9cid\u00e9 d\u2019apporter son soutien \u00e0 cet \u00e9tablissement scolaire dans la r\u00e9alisation de sa noble mission. A cet effet, elle a d\u00e9cid\u00e9 d\u2019offrir\u00a0 du mat\u00e9riel didactique afin de permettre une meilleure prise en charge scolaire des jeunes filles et des jeunes gar\u00e7ons de ce coll\u00e8ge technique.<\/p>\n<p>La c\u00e9r\u00e9monie de remise de dons de ce mat\u00e9riel s&rsquo;est d\u00e9roul\u00e9e dans la salle polyvalente de l&rsquo;\u00e9tablissement, le mardi 11 Mai 2021. Elle a enregistr\u00e9 la pr\u00e9sence de Madame Ciss\u00e9 A\u00efssatou, responsable de l\u2019Education et repr\u00e9sentante de Madame Dominique Ouattara, Madame Durand B\u00e9atrice, responsable des affaires sociales et M. Tazieff Ouattara, charg\u00e9 de mission de la Fondation Children Of Africa.<\/p>\n<p>Etaient \u00e9galement pr\u00e9sents les membres du corps enseignant du coll\u00e8ge et bien d\u2019autres personnalit\u00e9s.<\/p>\n<p>Ces dons en nature sont compos\u00e9s de casques de coiffure, de cuisini\u00e8res, de machines \u00e0 coudre, de cuisini\u00e8res \u00e0 gaz, de casseroles, de mannequins d\u2019essayage \u00a0et de bien d\u2019autres mat\u00e9riels pouvant favoriser un meilleur apprentissage aux \u00e9l\u00e8ves du coll\u00e8ge.<\/p>\n<p>&nbsp;<\/p>\n<p>Madame Ciss\u00e9 A\u00efssatou, responsable de l\u2019Education et de la Formation de la Fondation Children Of Africa,\u00a0 a insist\u00e9 sur l\u2019importance de l\u2019engagement de Madame Dominique Ouattara pour l\u2019\u00e9ducation des enfants. Selon cette derni\u00e8re,\u00a0\u00a0 la formation occupe une place pr\u00e9pond\u00e9rante dans les actions sociales de la Fondatrice de Children Of Africa. \u00ab\u00a0Vous\u00a0 occupez une place de choix dans le c\u0153ur de Maman Dominique Ouattara\u00a0\u00bb, a-t-elle soulign\u00e9. Madame Ciss\u00e9 A\u00efssatou a, tour-\u00e0-tour,\u00a0 rappel\u00e9 le parcours humanitaire et l\u2019engagement pour l\u2019\u00e9mancipation des femmes \u00e0 travers le Fonds d\u2019Appui aux Femmes de C\u00f4te d\u2019Ivoire (FAFCI) de l\u2019\u00e9pouse du chef de l\u2019Etat. Elle a termin\u00e9 en les encourageant au travail, car pour elle, l\u2019avenir leur appartient.<\/p>\n<p>Madame Bella Konan, Directrice du Coll\u00e8ge d\u2019Enseignement Technique d\u2019Agboville a tenu \u00e0 remercier la g\u00e9n\u00e9reuse donatrice pour son soutien au monde de l\u2019\u00e9ducation.<\/p>\n<p>Pour Mademoiselle Amoin Th\u00e9r\u00e8se, \u00e9l\u00e8ve en classe de 2<sup>\u00e8me<\/sup> ann\u00e9e de BT Science M\u00e9dico-Sociale et \u00a0porte-parole des \u00e9l\u00e8ves, ces dons permettront \u00e0 coup s\u00fbr de relever le niveau de la formation des \u00e9l\u00e8ves du Coll\u00e8ge d\u2019Enseignement Technique d\u2019Agboville.<\/p>\n<p>Notons que le CETA a un effectif de plus de 700 \u00e9l\u00e8ves.\u00a0 Il forme les \u00e9l\u00e8ves aux dipl\u00f4mes de CAP Sanitaire Social et Coupe Couture ainsi que de BT science m\u00e9dico-sociales<\/p>\n","protected":false},"excerpt":{"rendered":"<p>C&rsquo;est sans doute un ouf de soulagement que vont pousser le corps enseignants et les \u00e9l\u00e8ves du Coll\u00e8ge d&rsquo;Enseignement Technique d&rsquo;Agboville (CETA). En effet,\u00a0 cr\u00e9\u00e9 depuis 1956, cet \u00e9tablissement d&rsquo;enseignement technique a 56 ans. Aussi, elle est confront\u00e9e depuis quelques ann\u00e9es \u00e0 la v\u00e9tust\u00e9 de son mat\u00e9riel d&rsquo;enseignement qui n\u2019a pas \u00e9t\u00e9 renouvel\u00e9 depuis des [&hellip;]<\/p>\n","protected":false},"author":2,"featured_media":2686,"comment_status":"closed","ping_status":"closed","sticky":true,"template":"","format":"standard","meta":{"_acf_changed":false,"footnotes":""},"categories":[],"tags":[],"class_list":["post-2685","post","type-post","status-publish","format-standard","has-post-thumbnail","hentry"],"acf":[],"yoast_head":"<!-- This site is optimized with the Yoast SEO plugin v27.4 - https:\/\/yoast.com\/product\/yoast-seo-wordpress\/ -->\n<title>\u00c9ducation: La Fondation Children Of Africa renforce la capacit\u00e9 p\u00e9dagogique du Coll\u00e8ge d\u2019Enseignement Technique d\u2019Agboville - Amanien| L&#039;actualit\u00e9 Ivoirienne et Internationale<\/title>\n<meta name=\"robots\" content=\"index, follow, max-snippet:-1, max-image-preview:large, max-video-preview:-1\" \/>\n<link rel=\"canonical\" href=\"https:\/\/www.amanien.info\/news\/education-la-fondation-children-of-africa-renforce-la-capacite-pedagogique-du-college-denseignement-technique-dagboville\/\" \/>\n<meta property=\"og:locale\" content=\"fr_FR\" \/>\n<meta property=\"og:type\" content=\"article\" \/>\n<meta property=\"og:title\" content=\"\u00c9ducation: La Fondation Children Of Africa renforce la capacit\u00e9 p\u00e9dagogique du Coll\u00e8ge d\u2019Enseignement Technique d\u2019Agboville - Amanien| L&#039;actualit\u00e9 Ivoirienne et Internationale\" \/>\n<meta property=\"og:description\" content=\"C&rsquo;est sans doute un ouf de soulagement que vont pousser le corps enseignants et les \u00e9l\u00e8ves du Coll\u00e8ge d&rsquo;Enseignement Technique d&rsquo;Agboville (CETA). En effet,\u00a0 cr\u00e9\u00e9 depuis 1956, cet \u00e9tablissement d&rsquo;enseignement technique a 56 ans. Aussi, elle est confront\u00e9e depuis quelques ann\u00e9es \u00e0 la v\u00e9tust\u00e9 de son mat\u00e9riel d&rsquo;enseignement qui n\u2019a pas \u00e9t\u00e9 renouvel\u00e9 depuis des [&hellip;]\" \/>\n<meta property=\"og:url\" content=\"https:\/\/www.amanien.info\/news\/education-la-fondation-children-of-africa-renforce-la-capacite-pedagogique-du-college-denseignement-technique-dagboville\/\" \/>\n<meta property=\"og:site_name\" content=\"Amanien| L&#039;actualit\u00e9 Ivoirienne et Internationale\" \/>\n<meta property=\"article:published_time\" content=\"2021-05-18T14:23:29+00:00\" \/>\n<meta property=\"article:modified_time\" content=\"2021-05-18T14:23:56+00:00\" \/>\n<meta property=\"og:image\" content=\"https:\/\/www.amanien.info\/news\/wp-content\/uploads\/2021\/05\/thumbnail-6.jpg\" \/>\n\t<meta property=\"og:image:width\" content=\"1024\" \/>\n\t<meta property=\"og:image:height\" content=\"682\" \/>\n\t<meta property=\"og:image:type\" content=\"image\/jpeg\" \/>\n<meta name=\"author\" content=\"Germain Ndri\" \/>\n<meta name=\"twitter:card\" content=\"summary_large_image\" \/>\n<meta name=\"twitter:label1\" content=\"\u00c9crit par\" \/>\n\t<meta name=\"twitter:data1\" content=\"Germain Ndri\" \/>\n\t<meta name=\"twitter:label2\" content=\"Dur\u00e9e de lecture estim\u00e9e\" \/>\n\t<meta name=\"twitter:data2\" content=\"3 minutes\" \/>\n<script type=\"application\/ld+json\" class=\"yoast-schema-graph\">{\"@context\":\"https:\\\/\\\/schema.org\",\"@graph\":[{\"@type\":\"Article\",\"@id\":\"https:\\\/\\\/www.amanien.info\\\/news\\\/education-la-fondation-children-of-africa-renforce-la-capacite-pedagogique-du-college-denseignement-technique-dagboville\\\/#article\",\"isPartOf\":{\"@id\":\"https:\\\/\\\/www.amanien.info\\\/news\\\/education-la-fondation-children-of-africa-renforce-la-capacite-pedagogique-du-college-denseignement-technique-dagboville\\\/\"},\"author\":{\"name\":\"Germain Ndri\",\"@id\":\"https:\\\/\\\/www.amanien.info\\\/news\\\/#\\\/schema\\\/person\\\/b21093345753a1a98242d505bd894f42\"},\"headline\":\"\u00c9ducation: La Fondation Children Of Africa renforce la capacit\u00e9 p\u00e9dagogique du Coll\u00e8ge d\u2019Enseignement Technique d\u2019Agboville\",\"datePublished\":\"2021-05-18T14:23:29+00:00\",\"dateModified\":\"2021-05-18T14:23:56+00:00\",\"mainEntityOfPage\":{\"@id\":\"https:\\\/\\\/www.amanien.info\\\/news\\\/education-la-fondation-children-of-africa-renforce-la-capacite-pedagogique-du-college-denseignement-technique-dagboville\\\/\"},\"wordCount\":577,\"image\":{\"@id\":\"https:\\\/\\\/www.amanien.info\\\/news\\\/education-la-fondation-children-of-africa-renforce-la-capacite-pedagogique-du-college-denseignement-technique-dagboville\\\/#primaryimage\"},\"thumbnailUrl\":\"https:\\\/\\\/www.amanien.info\\\/news\\\/wp-content\\\/uploads\\\/2021\\\/05\\\/thumbnail-6.jpg\",\"inLanguage\":\"fr-FR\"},{\"@type\":\"WebPage\",\"@id\":\"https:\\\/\\\/www.amanien.info\\\/news\\\/education-la-fondation-children-of-africa-renforce-la-capacite-pedagogique-du-college-denseignement-technique-dagboville\\\/\",\"url\":\"https:\\\/\\\/www.amanien.info\\\/news\\\/education-la-fondation-children-of-africa-renforce-la-capacite-pedagogique-du-college-denseignement-technique-dagboville\\\/\",\"name\":\"\u00c9ducation: La Fondation Children Of Africa renforce la capacit\u00e9 p\u00e9dagogique du Coll\u00e8ge d\u2019Enseignement Technique d\u2019Agboville - Amanien| L&#039;actualit\u00e9 Ivoirienne et Internationale\",\"isPartOf\":{\"@id\":\"https:\\\/\\\/www.amanien.info\\\/news\\\/#website\"},\"primaryImageOfPage\":{\"@id\":\"https:\\\/\\\/www.amanien.info\\\/news\\\/education-la-fondation-children-of-africa-renforce-la-capacite-pedagogique-du-college-denseignement-technique-dagboville\\\/#primaryimage\"},\"image\":{\"@id\":\"https:\\\/\\\/www.amanien.info\\\/news\\\/education-la-fondation-children-of-africa-renforce-la-capacite-pedagogique-du-college-denseignement-technique-dagboville\\\/#primaryimage\"},\"thumbnailUrl\":\"https:\\\/\\\/www.amanien.info\\\/news\\\/wp-content\\\/uploads\\\/2021\\\/05\\\/thumbnail-6.jpg\",\"datePublished\":\"2021-05-18T14:23:29+00:00\",\"dateModified\":\"2021-05-18T14:23:56+00:00\",\"author\":{\"@id\":\"https:\\\/\\\/www.amanien.info\\\/news\\\/#\\\/schema\\\/person\\\/b21093345753a1a98242d505bd894f42\"},\"breadcrumb\":{\"@id\":\"https:\\\/\\\/www.amanien.info\\\/news\\\/education-la-fondation-children-of-africa-renforce-la-capacite-pedagogique-du-college-denseignement-technique-dagboville\\\/#breadcrumb\"},\"inLanguage\":\"fr-FR\",\"potentialAction\":[{\"@type\":\"ReadAction\",\"target\":[\"https:\\\/\\\/www.amanien.info\\\/news\\\/education-la-fondation-children-of-africa-renforce-la-capacite-pedagogique-du-college-denseignement-technique-dagboville\\\/\"]}]},{\"@type\":\"ImageObject\",\"inLanguage\":\"fr-FR\",\"@id\":\"https:\\\/\\\/www.amanien.info\\\/news\\\/education-la-fondation-children-of-africa-renforce-la-capacite-pedagogique-du-college-denseignement-technique-dagboville\\\/#primaryimage\",\"url\":\"https:\\\/\\\/www.amanien.info\\\/news\\\/wp-content\\\/uploads\\\/2021\\\/05\\\/thumbnail-6.jpg\",\"contentUrl\":\"https:\\\/\\\/www.amanien.info\\\/news\\\/wp-content\\\/uploads\\\/2021\\\/05\\\/thumbnail-6.jpg\",\"width\":1024,\"height\":682},{\"@type\":\"BreadcrumbList\",\"@id\":\"https:\\\/\\\/www.amanien.info\\\/news\\\/education-la-fondation-children-of-africa-renforce-la-capacite-pedagogique-du-college-denseignement-technique-dagboville\\\/#breadcrumb\",\"itemListElement\":[{\"@type\":\"ListItem\",\"position\":1,\"name\":\"Accueil\",\"item\":\"https:\\\/\\\/www.amanien.info\\\/news\\\/\"},{\"@type\":\"ListItem\",\"position\":2,\"name\":\"\u00c9ducation: La Fondation Children Of Africa renforce la capacit\u00e9 p\u00e9dagogique du Coll\u00e8ge d\u2019Enseignement Technique d\u2019Agboville\"}]},{\"@type\":\"WebSite\",\"@id\":\"https:\\\/\\\/www.amanien.info\\\/news\\\/#website\",\"url\":\"https:\\\/\\\/www.amanien.info\\\/news\\\/\",\"name\":\"Amanien| L&#039;actualit\u00e9 Ivoirienne et Internationale\",\"description\":\"L&#039;actualit\u00e9 Ivoirienne et Internationale\",\"potentialAction\":[{\"@type\":\"SearchAction\",\"target\":{\"@type\":\"EntryPoint\",\"urlTemplate\":\"https:\\\/\\\/www.amanien.info\\\/news\\\/?s={search_term_string}\"},\"query-input\":{\"@type\":\"PropertyValueSpecification\",\"valueRequired\":true,\"valueName\":\"search_term_string\"}}],\"inLanguage\":\"fr-FR\"},{\"@type\":\"Person\",\"@id\":\"https:\\\/\\\/www.amanien.info\\\/news\\\/#\\\/schema\\\/person\\\/b21093345753a1a98242d505bd894f42\",\"name\":\"Germain Ndri\",\"url\":\"https:\\\/\\\/www.amanien.info\\\/news\\\/author\\\/amanien-infos\\\/\"}]}<\/script>\n<!-- \/ Yoast SEO plugin. -->","yoast_head_json":{"title":"\u00c9ducation: La Fondation Children Of Africa renforce la capacit\u00e9 p\u00e9dagogique du Coll\u00e8ge d\u2019Enseignement Technique d\u2019Agboville - Amanien| L&#039;actualit\u00e9 Ivoirienne et Internationale","robots":{"index":"index","follow":"follow","max-snippet":"max-snippet:-1","max-image-preview":"max-image-preview:large","max-video-preview":"max-video-preview:-1"},"canonical":"https:\/\/www.amanien.info\/news\/education-la-fondation-children-of-africa-renforce-la-capacite-pedagogique-du-college-denseignement-technique-dagboville\/","og_locale":"fr_FR","og_type":"article","og_title":"\u00c9ducation: La Fondation Children Of Africa renforce la capacit\u00e9 p\u00e9dagogique du Coll\u00e8ge d\u2019Enseignement Technique d\u2019Agboville - Amanien| L&#039;actualit\u00e9 Ivoirienne et Internationale","og_description":"C&rsquo;est sans doute un ouf de soulagement que vont pousser le corps enseignants et les \u00e9l\u00e8ves du Coll\u00e8ge d&rsquo;Enseignement Technique d&rsquo;Agboville (CETA). En effet,\u00a0 cr\u00e9\u00e9 depuis 1956, cet \u00e9tablissement d&rsquo;enseignement technique a 56 ans. Aussi, elle est confront\u00e9e depuis quelques ann\u00e9es \u00e0 la v\u00e9tust\u00e9 de son mat\u00e9riel d&rsquo;enseignement qui n\u2019a pas \u00e9t\u00e9 renouvel\u00e9 depuis des [&hellip;]","og_url":"https:\/\/www.amanien.info\/news\/education-la-fondation-children-of-africa-renforce-la-capacite-pedagogique-du-college-denseignement-technique-dagboville\/","og_site_name":"Amanien| L&#039;actualit\u00e9 Ivoirienne et Internationale","article_published_time":"2021-05-18T14:23:29+00:00","article_modified_time":"2021-05-18T14:23:56+00:00","og_image":[{"width":1024,"height":682,"url":"https:\/\/www.amanien.info\/news\/wp-content\/uploads\/2021\/05\/thumbnail-6.jpg","type":"image\/jpeg"}],"author":"Germain Ndri","twitter_card":"summary_large_image","twitter_misc":{"\u00c9crit par":"Germain Ndri","Dur\u00e9e de lecture estim\u00e9e":"3 minutes"},"schema":{"@context":"https:\/\/schema.org","@graph":[{"@type":"Article","@id":"https:\/\/www.amanien.info\/news\/education-la-fondation-children-of-africa-renforce-la-capacite-pedagogique-du-college-denseignement-technique-dagboville\/#article","isPartOf":{"@id":"https:\/\/www.amanien.info\/news\/education-la-fondation-children-of-africa-renforce-la-capacite-pedagogique-du-college-denseignement-technique-dagboville\/"},"author":{"name":"Germain Ndri","@id":"https:\/\/www.amanien.info\/news\/#\/schema\/person\/b21093345753a1a98242d505bd894f42"},"headline":"\u00c9ducation: La Fondation Children Of Africa renforce la capacit\u00e9 p\u00e9dagogique du Coll\u00e8ge d\u2019Enseignement Technique d\u2019Agboville","datePublished":"2021-05-18T14:23:29+00:00","dateModified":"2021-05-18T14:23:56+00:00","mainEntityOfPage":{"@id":"https:\/\/www.amanien.info\/news\/education-la-fondation-children-of-africa-renforce-la-capacite-pedagogique-du-college-denseignement-technique-dagboville\/"},"wordCount":577,"image":{"@id":"https:\/\/www.amanien.info\/news\/education-la-fondation-children-of-africa-renforce-la-capacite-pedagogique-du-college-denseignement-technique-dagboville\/#primaryimage"},"thumbnailUrl":"https:\/\/www.amanien.info\/news\/wp-content\/uploads\/2021\/05\/thumbnail-6.jpg","inLanguage":"fr-FR"},{"@type":"WebPage","@id":"https:\/\/www.amanien.info\/news\/education-la-fondation-children-of-africa-renforce-la-capacite-pedagogique-du-college-denseignement-technique-dagboville\/","url":"https:\/\/www.amanien.info\/news\/education-la-fondation-children-of-africa-renforce-la-capacite-pedagogique-du-college-denseignement-technique-dagboville\/","name":"\u00c9ducation: La Fondation Children Of Africa renforce la capacit\u00e9 p\u00e9dagogique du Coll\u00e8ge d\u2019Enseignement Technique d\u2019Agboville - Amanien| L&#039;actualit\u00e9 Ivoirienne et Internationale","isPartOf":{"@id":"https:\/\/www.amanien.info\/news\/#website"},"primaryImageOfPage":{"@id":"https:\/\/www.amanien.info\/news\/education-la-fondation-children-of-africa-renforce-la-capacite-pedagogique-du-college-denseignement-technique-dagboville\/#primaryimage"},"image":{"@id":"https:\/\/www.amanien.info\/news\/education-la-fondation-children-of-africa-renforce-la-capacite-pedagogique-du-college-denseignement-technique-dagboville\/#primaryimage"},"thumbnailUrl":"https:\/\/www.amanien.info\/news\/wp-content\/uploads\/2021\/05\/thumbnail-6.jpg","datePublished":"2021-05-18T14:23:29+00:00","dateModified":"2021-05-18T14:23:56+00:00","author":{"@id":"https:\/\/www.amanien.info\/news\/#\/schema\/person\/b21093345753a1a98242d505bd894f42"},"breadcrumb":{"@id":"https:\/\/www.amanien.info\/news\/education-la-fondation-children-of-africa-renforce-la-capacite-pedagogique-du-college-denseignement-technique-dagboville\/#breadcrumb"},"inLanguage":"fr-FR","potentialAction":[{"@type":"ReadAction","target":["https:\/\/www.amanien.info\/news\/education-la-fondation-children-of-africa-renforce-la-capacite-pedagogique-du-college-denseignement-technique-dagboville\/"]}]},{"@type":"ImageObject","inLanguage":"fr-FR","@id":"https:\/\/www.amanien.info\/news\/education-la-fondation-children-of-africa-renforce-la-capacite-pedagogique-du-college-denseignement-technique-dagboville\/#primaryimage","url":"https:\/\/www.amanien.info\/news\/wp-content\/uploads\/2021\/05\/thumbnail-6.jpg","contentUrl":"https:\/\/www.amanien.info\/news\/wp-content\/uploads\/2021\/05\/thumbnail-6.jpg","width":1024,"height":682},{"@type":"BreadcrumbList","@id":"https:\/\/www.amanien.info\/news\/education-la-fondation-children-of-africa-renforce-la-capacite-pedagogique-du-college-denseignement-technique-dagboville\/#breadcrumb","itemListElement":[{"@type":"ListItem","position":1,"name":"Accueil","item":"https:\/\/www.amanien.info\/news\/"},{"@type":"ListItem","position":2,"name":"\u00c9ducation: La Fondation Children Of Africa renforce la capacit\u00e9 p\u00e9dagogique du Coll\u00e8ge d\u2019Enseignement Technique d\u2019Agboville"}]},{"@type":"WebSite","@id":"https:\/\/www.amanien.info\/news\/#website","url":"https:\/\/www.amanien.info\/news\/","name":"Amanien| L&#039;actualit\u00e9 Ivoirienne et Internationale","description":"L&#039;actualit\u00e9 Ivoirienne et Internationale","potentialAction":[{"@type":"SearchAction","target":{"@type":"EntryPoint","urlTemplate":"https:\/\/www.amanien.info\/news\/?s={search_term_string}"},"query-input":{"@type":"PropertyValueSpecification","valueRequired":true,"valueName":"search_term_string"}}],"inLanguage":"fr-FR"},{"@type":"Person","@id":"https:\/\/www.amanien.info\/news\/#\/schema\/person\/b21093345753a1a98242d505bd894f42","name":"Germain Ndri","url":"https:\/\/www.amanien.info\/news\/author\/amanien-infos\/"}]}},"_links":{"self":[{"href":"https:\/\/www.amanien.info\/news\/wp-json\/wp\/v2\/posts\/2685","targetHints":{"allow":["GET"]}}],"collection":[{"href":"https:\/\/www.amanien.info\/news\/wp-json\/wp\/v2\/posts"}],"about":[{"href":"https:\/\/www.amanien.info\/news\/wp-json\/wp\/v2\/types\/post"}],"author":[{"embeddable":true,"href":"https:\/\/www.amanien.info\/news\/wp-json\/wp\/v2\/users\/2"}],"replies":[{"embeddable":true,"href":"https:\/\/www.amanien.info\/news\/wp-json\/wp\/v2\/comments?post=2685"}],"version-history":[{"count":0,"href":"https:\/\/www.amanien.info\/news\/wp-json\/wp\/v2\/posts\/2685\/revisions"}],"wp:featuredmedia":[{"embeddable":true,"href":"https:\/\/www.amanien.info\/news\/wp-json\/wp\/v2\/media\/2686"}],"wp:attachment":[{"href":"https:\/\/www.amanien.info\/news\/wp-json\/wp\/v2\/media?parent=2685"}],"wp:term":[{"taxonomy":"category","embeddable":true,"href":"https:\/\/www.amanien.info\/news\/wp-json\/wp\/v2\/categories?post=2685"},{"taxonomy":"post_tag","embeddable":true,"href":"https:\/\/www.amanien.info\/news\/wp-json\/wp\/v2\/tags?post=2685"}],"curies":[{"name":"wp","href":"https:\/\/api.w.org\/{rel}","templated":true}]}}