{"id":2637,"date":"2021-04-28T11:13:03","date_gmt":"2021-04-28T11:13:03","guid":{"rendered":"https:\/\/www.https:\/\/zozo.buyee.jp\/\/news\/?p=2637"},"modified":"2021-04-28T11:13:57","modified_gmt":"2021-04-28T11:13:57","slug":"3-eme-edition-du-salon-abidjan-innova-les-laureats-recoivent-leurs-numeraires","status":"publish","type":"post","link":"https:\/\/www.amanien.info\/news\/3-eme-edition-du-salon-abidjan-innova-les-laureats-recoivent-leurs-numeraires\/","title":{"rendered":"3 \u00e8me \u00e9dition du salon Abidjan Innova: Les laur\u00e9ats re\u00e7oivent leurs num\u00e9raires"},"content":{"rendered":"<div>La journ\u00e9e internationale de la propri\u00e9t\u00e9 Intellectuelle est c\u00e9l\u00e9br\u00e9e le 26 avril. A cette occasion, les organisateurs de la 3\u00e8me \u00e9dition du salon international des inventions et des innovations ( Abidjan Innova), ont remis aux\u00a0 laur\u00e9ats, les num\u00e9raires qui accompagnent les prix obtenus lors de cet \u00e9v\u00e9nement.\u00a0 Le pr\u00e9sident de la f\u00e9d\u00e9ration des inventeurs et innovateurs de C\u00f4te d&rsquo;Ivoire ( FEDINCI) Pierre Djibril Coulibaly, promoteur dudit salon, a une fois de plus f\u00e9licit\u00e9 les laur\u00e9ats.\u00a0\u00bb\u00a0 \u00a0La 3 \u00e8me \u00e9dition du salon Abidjan Innova s&rsquo; est tenue avec succ\u00e8s. Il a \u00e9t\u00e9 organis\u00e9 dans un contexte difficile, malgr\u00e9 la pand\u00e9mie de la covid19, et le d\u00e9c\u00e8s de deux premiers ministres, patrons du salon. Nous l&rsquo; avons fait pour la. C\u00f4te d&rsquo;Ivoire, pour l&rsquo; Afrique, car les inventions sont le meilleur moyen de faire \u00e9voluer le monde\u00a0\u00bb a-t-il dit.\u00a0 Il a traduit sa gratitude aux autorit\u00e9s et aux partenaires dont la Cie, au palais de la culture ainsi qu&rsquo;\u00e0 l&rsquo; invent\u00e9e surprise l&rsquo; ex premi\u00e8re dame Simone Gbagbo.<\/div>\n<div>\u00a0\u00bb Je remercie \u00e9galement les exposants de l&rsquo; ext\u00e9rieur dont le Burkina Faso et la R\u00e9publique D\u00e9mocratique du Congo. Ainsi que Isra\u00ebl qui \u00e9tait pays invit\u00e9 d&rsquo; honneur. La Belgique nous a f\u00e9licit\u00e9 pour ce que nous avons fait. Le salon 2021 a \u00e9t\u00e9 un grand salon apr\u00e8s ceux de 2018 et 2019&Prime; a-t-il soulign\u00e9.<\/div>\n<div>Selon Pierre Djibril Coulibaly, l&rsquo; invention ne peut prosp\u00e9rer que si l&rsquo; \u00c9tat s&rsquo; y engage. Raison pour laquelle il souhaite la cr\u00e9ation d&rsquo; un minist\u00e8re en charge le l&rsquo; invention et de l&rsquo; innovation.\u00a0 Le pr\u00e9sident du jury de la 3\u00e8me \u00e9dition du salon\u00a0 Abidjan Innova M.Sery, ancien pr\u00e9fet, a rappel\u00e9 que la t\u00e2che n&rsquo; a pas \u00e9t\u00e9 facile pour d\u00e9signer les laur\u00e9ats. \u00a0\u00bb Reste \u00e0 industrialiser nos inventions et nous allons y arriver\u00a0\u00bb a-t-il indiqu\u00e9.<\/div>\n<div>Ab\u00e9 Charles inventeur d&rsquo; un fertilisant bio \u00e0 re\u00e7u le prix de l&rsquo; ASCAD d&rsquo; un montant de 500.00 francs cfa. Koffi yao Pierre inventeur d&rsquo; un syst\u00e8me de production d&rsquo; \u00e9nergie a obtenu le prix CIE d&rsquo; un montant de 300.000 francs cfa. Mme N&rsquo; Guessan inventeur du produit fibra a re\u00e7u le prix AGINOV d&rsquo; un montant de 50.000 francs cfa, entre autres.<\/div>\n<div>Calvin Wandji<\/div>\n","protected":false},"excerpt":{"rendered":"<p>La journ\u00e9e internationale de la propri\u00e9t\u00e9 Intellectuelle est c\u00e9l\u00e9br\u00e9e le 26 avril. A cette occasion, les organisateurs de la 3\u00e8me \u00e9dition du salon international des inventions et des innovations ( Abidjan Innova), ont remis aux\u00a0 laur\u00e9ats, les num\u00e9raires qui accompagnent les prix obtenus lors de cet \u00e9v\u00e9nement.\u00a0 Le pr\u00e9sident de la f\u00e9d\u00e9ration des inventeurs et [&hellip;]<\/p>\n","protected":false},"author":2,"featured_media":2638,"comment_status":"closed","ping_status":"closed","sticky":true,"template":"","format":"standard","meta":{"_acf_changed":false,"footnotes":""},"categories":[],"tags":[],"class_list":["post-2637","post","type-post","status-publish","format-standard","has-post-thumbnail","hentry"],"acf":[],"yoast_head":"<!-- This site is optimized with the Yoast SEO plugin v27.5 - https:\/\/yoast.com\/product\/yoast-seo-wordpress\/ -->\n<title>3 \u00e8me \u00e9dition du salon Abidjan Innova: Les laur\u00e9ats re\u00e7oivent leurs num\u00e9raires - Amanien| L&#039;actualit\u00e9 Ivoirienne et Internationale<\/title>\n<meta name=\"robots\" content=\"index, follow, max-snippet:-1, max-image-preview:large, max-video-preview:-1\" \/>\n<link rel=\"canonical\" href=\"https:\/\/www.amanien.info\/news\/3-eme-edition-du-salon-abidjan-innova-les-laureats-recoivent-leurs-numeraires\/\" \/>\n<meta property=\"og:locale\" content=\"fr_FR\" \/>\n<meta property=\"og:type\" content=\"article\" \/>\n<meta property=\"og:title\" content=\"3 \u00e8me \u00e9dition du salon Abidjan Innova: Les laur\u00e9ats re\u00e7oivent leurs num\u00e9raires - Amanien| L&#039;actualit\u00e9 Ivoirienne et Internationale\" \/>\n<meta property=\"og:description\" content=\"La journ\u00e9e internationale de la propri\u00e9t\u00e9 Intellectuelle est c\u00e9l\u00e9br\u00e9e le 26 avril. A cette occasion, les organisateurs de la 3\u00e8me \u00e9dition du salon international des inventions et des innovations ( Abidjan Innova), ont remis aux\u00a0 laur\u00e9ats, les num\u00e9raires qui accompagnent les prix obtenus lors de cet \u00e9v\u00e9nement.\u00a0 Le pr\u00e9sident de la f\u00e9d\u00e9ration des inventeurs et [&hellip;]\" \/>\n<meta property=\"og:url\" content=\"https:\/\/www.amanien.info\/news\/3-eme-edition-du-salon-abidjan-innova-les-laureats-recoivent-leurs-numeraires\/\" \/>\n<meta property=\"og:site_name\" content=\"Amanien| L&#039;actualit\u00e9 Ivoirienne et Internationale\" \/>\n<meta property=\"article:published_time\" content=\"2021-04-28T11:13:03+00:00\" \/>\n<meta property=\"article:modified_time\" content=\"2021-04-28T11:13:57+00:00\" \/>\n<meta property=\"og:image\" content=\"https:\/\/www.amanien.info\/news\/wp-content\/uploads\/2021\/04\/thumbnail-13.jpg\" \/>\n\t<meta property=\"og:image:width\" content=\"1080\" \/>\n\t<meta property=\"og:image:height\" content=\"608\" \/>\n\t<meta property=\"og:image:type\" content=\"image\/jpeg\" \/>\n<meta name=\"author\" content=\"Germain Ndri\" \/>\n<meta name=\"twitter:card\" content=\"summary_large_image\" \/>\n<meta name=\"twitter:label1\" content=\"\u00c9crit par\" \/>\n\t<meta name=\"twitter:data1\" content=\"Germain Ndri\" \/>\n\t<meta name=\"twitter:label2\" content=\"Dur\u00e9e de lecture estim\u00e9e\" \/>\n\t<meta name=\"twitter:data2\" content=\"2 minutes\" \/>\n<script type=\"application\/ld+json\" class=\"yoast-schema-graph\">{\"@context\":\"https:\\\/\\\/schema.org\",\"@graph\":[{\"@type\":\"Article\",\"@id\":\"https:\\\/\\\/www.amanien.info\\\/news\\\/3-eme-edition-du-salon-abidjan-innova-les-laureats-recoivent-leurs-numeraires\\\/#article\",\"isPartOf\":{\"@id\":\"https:\\\/\\\/www.amanien.info\\\/news\\\/3-eme-edition-du-salon-abidjan-innova-les-laureats-recoivent-leurs-numeraires\\\/\"},\"author\":{\"name\":\"Germain Ndri\",\"@id\":\"https:\\\/\\\/www.amanien.info\\\/news\\\/#\\\/schema\\\/person\\\/b21093345753a1a98242d505bd894f42\"},\"headline\":\"3 \u00e8me \u00e9dition du salon Abidjan Innova: Les laur\u00e9ats re\u00e7oivent leurs num\u00e9raires\",\"datePublished\":\"2021-04-28T11:13:03+00:00\",\"dateModified\":\"2021-04-28T11:13:57+00:00\",\"mainEntityOfPage\":{\"@id\":\"https:\\\/\\\/www.amanien.info\\\/news\\\/3-eme-edition-du-salon-abidjan-innova-les-laureats-recoivent-leurs-numeraires\\\/\"},\"wordCount\":407,\"image\":{\"@id\":\"https:\\\/\\\/www.amanien.info\\\/news\\\/3-eme-edition-du-salon-abidjan-innova-les-laureats-recoivent-leurs-numeraires\\\/#primaryimage\"},\"thumbnailUrl\":\"https:\\\/\\\/www.amanien.info\\\/news\\\/wp-content\\\/uploads\\\/2021\\\/04\\\/thumbnail-13.jpg\",\"inLanguage\":\"fr-FR\"},{\"@type\":\"WebPage\",\"@id\":\"https:\\\/\\\/www.amanien.info\\\/news\\\/3-eme-edition-du-salon-abidjan-innova-les-laureats-recoivent-leurs-numeraires\\\/\",\"url\":\"https:\\\/\\\/www.amanien.info\\\/news\\\/3-eme-edition-du-salon-abidjan-innova-les-laureats-recoivent-leurs-numeraires\\\/\",\"name\":\"3 \u00e8me \u00e9dition du salon Abidjan Innova: Les laur\u00e9ats re\u00e7oivent leurs num\u00e9raires - Amanien| L&#039;actualit\u00e9 Ivoirienne et Internationale\",\"isPartOf\":{\"@id\":\"https:\\\/\\\/www.amanien.info\\\/news\\\/#website\"},\"primaryImageOfPage\":{\"@id\":\"https:\\\/\\\/www.amanien.info\\\/news\\\/3-eme-edition-du-salon-abidjan-innova-les-laureats-recoivent-leurs-numeraires\\\/#primaryimage\"},\"image\":{\"@id\":\"https:\\\/\\\/www.amanien.info\\\/news\\\/3-eme-edition-du-salon-abidjan-innova-les-laureats-recoivent-leurs-numeraires\\\/#primaryimage\"},\"thumbnailUrl\":\"https:\\\/\\\/www.amanien.info\\\/news\\\/wp-content\\\/uploads\\\/2021\\\/04\\\/thumbnail-13.jpg\",\"datePublished\":\"2021-04-28T11:13:03+00:00\",\"dateModified\":\"2021-04-28T11:13:57+00:00\",\"author\":{\"@id\":\"https:\\\/\\\/www.amanien.info\\\/news\\\/#\\\/schema\\\/person\\\/b21093345753a1a98242d505bd894f42\"},\"breadcrumb\":{\"@id\":\"https:\\\/\\\/www.amanien.info\\\/news\\\/3-eme-edition-du-salon-abidjan-innova-les-laureats-recoivent-leurs-numeraires\\\/#breadcrumb\"},\"inLanguage\":\"fr-FR\",\"potentialAction\":[{\"@type\":\"ReadAction\",\"target\":[\"https:\\\/\\\/www.amanien.info\\\/news\\\/3-eme-edition-du-salon-abidjan-innova-les-laureats-recoivent-leurs-numeraires\\\/\"]}]},{\"@type\":\"ImageObject\",\"inLanguage\":\"fr-FR\",\"@id\":\"https:\\\/\\\/www.amanien.info\\\/news\\\/3-eme-edition-du-salon-abidjan-innova-les-laureats-recoivent-leurs-numeraires\\\/#primaryimage\",\"url\":\"https:\\\/\\\/www.amanien.info\\\/news\\\/wp-content\\\/uploads\\\/2021\\\/04\\\/thumbnail-13.jpg\",\"contentUrl\":\"https:\\\/\\\/www.amanien.info\\\/news\\\/wp-content\\\/uploads\\\/2021\\\/04\\\/thumbnail-13.jpg\",\"width\":1080,\"height\":608},{\"@type\":\"BreadcrumbList\",\"@id\":\"https:\\\/\\\/www.amanien.info\\\/news\\\/3-eme-edition-du-salon-abidjan-innova-les-laureats-recoivent-leurs-numeraires\\\/#breadcrumb\",\"itemListElement\":[{\"@type\":\"ListItem\",\"position\":1,\"name\":\"Accueil\",\"item\":\"https:\\\/\\\/www.amanien.info\\\/news\\\/\"},{\"@type\":\"ListItem\",\"position\":2,\"name\":\"3 \u00e8me \u00e9dition du salon Abidjan Innova: Les laur\u00e9ats re\u00e7oivent leurs num\u00e9raires\"}]},{\"@type\":\"WebSite\",\"@id\":\"https:\\\/\\\/www.amanien.info\\\/news\\\/#website\",\"url\":\"https:\\\/\\\/www.amanien.info\\\/news\\\/\",\"name\":\"Amanien| L&#039;actualit\u00e9 Ivoirienne et Internationale\",\"description\":\"L&#039;actualit\u00e9 Ivoirienne et Internationale\",\"potentialAction\":[{\"@type\":\"SearchAction\",\"target\":{\"@type\":\"EntryPoint\",\"urlTemplate\":\"https:\\\/\\\/www.amanien.info\\\/news\\\/?s={search_term_string}\"},\"query-input\":{\"@type\":\"PropertyValueSpecification\",\"valueRequired\":true,\"valueName\":\"search_term_string\"}}],\"inLanguage\":\"fr-FR\"},{\"@type\":\"Person\",\"@id\":\"https:\\\/\\\/www.amanien.info\\\/news\\\/#\\\/schema\\\/person\\\/b21093345753a1a98242d505bd894f42\",\"name\":\"Germain Ndri\",\"url\":\"https:\\\/\\\/www.amanien.info\\\/news\\\/author\\\/amanien-infos\\\/\"}]}<\/script>\n<!-- \/ Yoast SEO plugin. -->","yoast_head_json":{"title":"3 \u00e8me \u00e9dition du salon Abidjan Innova: Les laur\u00e9ats re\u00e7oivent leurs num\u00e9raires - Amanien| L&#039;actualit\u00e9 Ivoirienne et Internationale","robots":{"index":"index","follow":"follow","max-snippet":"max-snippet:-1","max-image-preview":"max-image-preview:large","max-video-preview":"max-video-preview:-1"},"canonical":"https:\/\/www.amanien.info\/news\/3-eme-edition-du-salon-abidjan-innova-les-laureats-recoivent-leurs-numeraires\/","og_locale":"fr_FR","og_type":"article","og_title":"3 \u00e8me \u00e9dition du salon Abidjan Innova: Les laur\u00e9ats re\u00e7oivent leurs num\u00e9raires - Amanien| L&#039;actualit\u00e9 Ivoirienne et Internationale","og_description":"La journ\u00e9e internationale de la propri\u00e9t\u00e9 Intellectuelle est c\u00e9l\u00e9br\u00e9e le 26 avril. A cette occasion, les organisateurs de la 3\u00e8me \u00e9dition du salon international des inventions et des innovations ( Abidjan Innova), ont remis aux\u00a0 laur\u00e9ats, les num\u00e9raires qui accompagnent les prix obtenus lors de cet \u00e9v\u00e9nement.\u00a0 Le pr\u00e9sident de la f\u00e9d\u00e9ration des inventeurs et [&hellip;]","og_url":"https:\/\/www.amanien.info\/news\/3-eme-edition-du-salon-abidjan-innova-les-laureats-recoivent-leurs-numeraires\/","og_site_name":"Amanien| L&#039;actualit\u00e9 Ivoirienne et Internationale","article_published_time":"2021-04-28T11:13:03+00:00","article_modified_time":"2021-04-28T11:13:57+00:00","og_image":[{"width":1080,"height":608,"url":"https:\/\/www.amanien.info\/news\/wp-content\/uploads\/2021\/04\/thumbnail-13.jpg","type":"image\/jpeg"}],"author":"Germain Ndri","twitter_card":"summary_large_image","twitter_misc":{"\u00c9crit par":"Germain Ndri","Dur\u00e9e de lecture estim\u00e9e":"2 minutes"},"schema":{"@context":"https:\/\/schema.org","@graph":[{"@type":"Article","@id":"https:\/\/www.amanien.info\/news\/3-eme-edition-du-salon-abidjan-innova-les-laureats-recoivent-leurs-numeraires\/#article","isPartOf":{"@id":"https:\/\/www.amanien.info\/news\/3-eme-edition-du-salon-abidjan-innova-les-laureats-recoivent-leurs-numeraires\/"},"author":{"name":"Germain Ndri","@id":"https:\/\/www.amanien.info\/news\/#\/schema\/person\/b21093345753a1a98242d505bd894f42"},"headline":"3 \u00e8me \u00e9dition du salon Abidjan Innova: Les laur\u00e9ats re\u00e7oivent leurs num\u00e9raires","datePublished":"2021-04-28T11:13:03+00:00","dateModified":"2021-04-28T11:13:57+00:00","mainEntityOfPage":{"@id":"https:\/\/www.amanien.info\/news\/3-eme-edition-du-salon-abidjan-innova-les-laureats-recoivent-leurs-numeraires\/"},"wordCount":407,"image":{"@id":"https:\/\/www.amanien.info\/news\/3-eme-edition-du-salon-abidjan-innova-les-laureats-recoivent-leurs-numeraires\/#primaryimage"},"thumbnailUrl":"https:\/\/www.amanien.info\/news\/wp-content\/uploads\/2021\/04\/thumbnail-13.jpg","inLanguage":"fr-FR"},{"@type":"WebPage","@id":"https:\/\/www.amanien.info\/news\/3-eme-edition-du-salon-abidjan-innova-les-laureats-recoivent-leurs-numeraires\/","url":"https:\/\/www.amanien.info\/news\/3-eme-edition-du-salon-abidjan-innova-les-laureats-recoivent-leurs-numeraires\/","name":"3 \u00e8me \u00e9dition du salon Abidjan Innova: Les laur\u00e9ats re\u00e7oivent leurs num\u00e9raires - Amanien| L&#039;actualit\u00e9 Ivoirienne et Internationale","isPartOf":{"@id":"https:\/\/www.amanien.info\/news\/#website"},"primaryImageOfPage":{"@id":"https:\/\/www.amanien.info\/news\/3-eme-edition-du-salon-abidjan-innova-les-laureats-recoivent-leurs-numeraires\/#primaryimage"},"image":{"@id":"https:\/\/www.amanien.info\/news\/3-eme-edition-du-salon-abidjan-innova-les-laureats-recoivent-leurs-numeraires\/#primaryimage"},"thumbnailUrl":"https:\/\/www.amanien.info\/news\/wp-content\/uploads\/2021\/04\/thumbnail-13.jpg","datePublished":"2021-04-28T11:13:03+00:00","dateModified":"2021-04-28T11:13:57+00:00","author":{"@id":"https:\/\/www.amanien.info\/news\/#\/schema\/person\/b21093345753a1a98242d505bd894f42"},"breadcrumb":{"@id":"https:\/\/www.amanien.info\/news\/3-eme-edition-du-salon-abidjan-innova-les-laureats-recoivent-leurs-numeraires\/#breadcrumb"},"inLanguage":"fr-FR","potentialAction":[{"@type":"ReadAction","target":["https:\/\/www.amanien.info\/news\/3-eme-edition-du-salon-abidjan-innova-les-laureats-recoivent-leurs-numeraires\/"]}]},{"@type":"ImageObject","inLanguage":"fr-FR","@id":"https:\/\/www.amanien.info\/news\/3-eme-edition-du-salon-abidjan-innova-les-laureats-recoivent-leurs-numeraires\/#primaryimage","url":"https:\/\/www.amanien.info\/news\/wp-content\/uploads\/2021\/04\/thumbnail-13.jpg","contentUrl":"https:\/\/www.amanien.info\/news\/wp-content\/uploads\/2021\/04\/thumbnail-13.jpg","width":1080,"height":608},{"@type":"BreadcrumbList","@id":"https:\/\/www.amanien.info\/news\/3-eme-edition-du-salon-abidjan-innova-les-laureats-recoivent-leurs-numeraires\/#breadcrumb","itemListElement":[{"@type":"ListItem","position":1,"name":"Accueil","item":"https:\/\/www.amanien.info\/news\/"},{"@type":"ListItem","position":2,"name":"3 \u00e8me \u00e9dition du salon Abidjan Innova: Les laur\u00e9ats re\u00e7oivent leurs num\u00e9raires"}]},{"@type":"WebSite","@id":"https:\/\/www.amanien.info\/news\/#website","url":"https:\/\/www.amanien.info\/news\/","name":"Amanien| L&#039;actualit\u00e9 Ivoirienne et Internationale","description":"L&#039;actualit\u00e9 Ivoirienne et Internationale","potentialAction":[{"@type":"SearchAction","target":{"@type":"EntryPoint","urlTemplate":"https:\/\/www.amanien.info\/news\/?s={search_term_string}"},"query-input":{"@type":"PropertyValueSpecification","valueRequired":true,"valueName":"search_term_string"}}],"inLanguage":"fr-FR"},{"@type":"Person","@id":"https:\/\/www.amanien.info\/news\/#\/schema\/person\/b21093345753a1a98242d505bd894f42","name":"Germain Ndri","url":"https:\/\/www.amanien.info\/news\/author\/amanien-infos\/"}]}},"_links":{"self":[{"href":"https:\/\/www.amanien.info\/news\/wp-json\/wp\/v2\/posts\/2637","targetHints":{"allow":["GET"]}}],"collection":[{"href":"https:\/\/www.amanien.info\/news\/wp-json\/wp\/v2\/posts"}],"about":[{"href":"https:\/\/www.amanien.info\/news\/wp-json\/wp\/v2\/types\/post"}],"author":[{"embeddable":true,"href":"https:\/\/www.amanien.info\/news\/wp-json\/wp\/v2\/users\/2"}],"replies":[{"embeddable":true,"href":"https:\/\/www.amanien.info\/news\/wp-json\/wp\/v2\/comments?post=2637"}],"version-history":[{"count":0,"href":"https:\/\/www.amanien.info\/news\/wp-json\/wp\/v2\/posts\/2637\/revisions"}],"wp:featuredmedia":[{"embeddable":true,"href":"https:\/\/www.amanien.info\/news\/wp-json\/wp\/v2\/media\/2638"}],"wp:attachment":[{"href":"https:\/\/www.amanien.info\/news\/wp-json\/wp\/v2\/media?parent=2637"}],"wp:term":[{"taxonomy":"category","embeddable":true,"href":"https:\/\/www.amanien.info\/news\/wp-json\/wp\/v2\/categories?post=2637"},{"taxonomy":"post_tag","embeddable":true,"href":"https:\/\/www.amanien.info\/news\/wp-json\/wp\/v2\/tags?post=2637"}],"curies":[{"name":"wp","href":"https:\/\/api.w.org\/{rel}","templated":true}]}}