{"id":2621,"date":"2021-04-18T12:33:20","date_gmt":"2021-04-18T12:33:20","guid":{"rendered":"https:\/\/www.https:\/\/zozo.buyee.jp\/\/news\/?p=2621"},"modified":"2021-04-18T12:45:52","modified_gmt":"2021-04-18T12:45:52","slug":"cooperation-bilaterale-les-etats-unis-reaffirment-leur-volonte-d-investir-en-cote-divoire","status":"publish","type":"post","link":"https:\/\/www.amanien.info\/news\/cooperation-bilaterale-les-etats-unis-reaffirment-leur-volonte-d-investir-en-cote-divoire\/","title":{"rendered":"Coop\u00e9ration bilat\u00e9rale: Les \u00c9tats-Unis r\u00e9affirment leur volont\u00e9 d&rsquo; investir en C\u00f4te d&rsquo;Ivoire"},"content":{"rendered":"<p>L\u2019ambassadeur des \u00c9tats-Unis en C\u00f4te d\u2019Ivoire, Richard Bell a r\u00e9affirm\u00e9, le 16 avril 2021, au terme d\u2019une audience avec le Premier Mnistre Patrick Achi, la volont\u00e9 de son pays d\u2019investir en C\u00f4te d\u2019Ivoire qui dispose d\u2019un \u00e9norme potentiel.<\/p>\n<p>\u00ab\u00a0Je voudrais r\u00e9affirmer la confiance du gouvernement am\u00e9ricain. Nous sommes convaincus que la C\u00f4te d\u2019Ivoire est un pays qui a beaucoup de potentiel et nous sommes tr\u00e8s optimistes. C\u2019est bien pour cela que nous sommes heureux d\u2019investir dans l\u2019avenir de ce pays\u00a0\u00bb, a d\u00e9clar\u00e9 l\u2019ambassadeur Bell.<\/p>\n<p>Le diplomate am\u00e9ricain a adress\u00e9 ses f\u00e9licitations \u00e0 Patrick Achi pour sa nomination en qualit\u00e9 de Chef du gouvernement. Il a rappel\u00e9 la forte implication du Premier Ministre, lorsqu\u2019il occupait les fonctions de Secr\u00e9taire g\u00e9n\u00e9ral de la Pr\u00e9sidence, dans les questions de coop\u00e9ration bilat\u00e9rale avec les \u00c9tats-Unis.<\/p>\n","protected":false},"excerpt":{"rendered":"<p>L\u2019ambassadeur des \u00c9tats-Unis en C\u00f4te d\u2019Ivoire, Richard Bell a r\u00e9affirm\u00e9, le 16 avril 2021, au terme d\u2019une audience avec le Premier Mnistre Patrick Achi, la volont\u00e9 de son pays d\u2019investir en C\u00f4te d\u2019Ivoire qui dispose d\u2019un \u00e9norme potentiel. \u00ab\u00a0Je voudrais r\u00e9affirmer la confiance du gouvernement am\u00e9ricain. Nous sommes convaincus que la C\u00f4te d\u2019Ivoire est un [&hellip;]<\/p>\n","protected":false},"author":2,"featured_media":2622,"comment_status":"closed","ping_status":"closed","sticky":true,"template":"","format":"standard","meta":{"_acf_changed":false,"footnotes":""},"categories":[],"tags":[],"class_list":["post-2621","post","type-post","status-publish","format-standard","has-post-thumbnail","hentry"],"acf":[],"yoast_head":"<!-- This site is optimized with the Yoast SEO plugin v27.5 - https:\/\/yoast.com\/product\/yoast-seo-wordpress\/ -->\n<title>Coop\u00e9ration bilat\u00e9rale: Les \u00c9tats-Unis r\u00e9affirment leur volont\u00e9 d&#039; investir en C\u00f4te d&#039;Ivoire - Amanien| L&#039;actualit\u00e9 Ivoirienne et Internationale<\/title>\n<meta name=\"robots\" content=\"index, follow, max-snippet:-1, max-image-preview:large, max-video-preview:-1\" \/>\n<link rel=\"canonical\" href=\"https:\/\/www.amanien.info\/news\/cooperation-bilaterale-les-etats-unis-reaffirment-leur-volonte-d-investir-en-cote-divoire\/\" \/>\n<meta property=\"og:locale\" content=\"fr_FR\" \/>\n<meta property=\"og:type\" content=\"article\" \/>\n<meta property=\"og:title\" content=\"Coop\u00e9ration bilat\u00e9rale: Les \u00c9tats-Unis r\u00e9affirment leur volont\u00e9 d&#039; investir en C\u00f4te d&#039;Ivoire - Amanien| L&#039;actualit\u00e9 Ivoirienne et Internationale\" \/>\n<meta property=\"og:description\" content=\"L\u2019ambassadeur des \u00c9tats-Unis en C\u00f4te d\u2019Ivoire, Richard Bell a r\u00e9affirm\u00e9, le 16 avril 2021, au terme d\u2019une audience avec le Premier Mnistre Patrick Achi, la volont\u00e9 de son pays d\u2019investir en C\u00f4te d\u2019Ivoire qui dispose d\u2019un \u00e9norme potentiel. \u00ab\u00a0Je voudrais r\u00e9affirmer la confiance du gouvernement am\u00e9ricain. Nous sommes convaincus que la C\u00f4te d\u2019Ivoire est un [&hellip;]\" \/>\n<meta property=\"og:url\" content=\"https:\/\/www.amanien.info\/news\/cooperation-bilaterale-les-etats-unis-reaffirment-leur-volonte-d-investir-en-cote-divoire\/\" \/>\n<meta property=\"og:site_name\" content=\"Amanien| L&#039;actualit\u00e9 Ivoirienne et Internationale\" \/>\n<meta property=\"article:published_time\" content=\"2021-04-18T12:33:20+00:00\" \/>\n<meta property=\"article:modified_time\" content=\"2021-04-18T12:45:52+00:00\" \/>\n<meta property=\"og:image\" content=\"https:\/\/www.amanien.info\/news\/wp-content\/uploads\/2021\/04\/thumbnail-2.png\" \/>\n\t<meta property=\"og:image:width\" content=\"720\" \/>\n\t<meta property=\"og:image:height\" content=\"508\" \/>\n\t<meta property=\"og:image:type\" content=\"image\/png\" \/>\n<meta name=\"author\" content=\"Germain Ndri\" \/>\n<meta name=\"twitter:card\" content=\"summary_large_image\" \/>\n<meta name=\"twitter:label1\" content=\"\u00c9crit par\" \/>\n\t<meta name=\"twitter:data1\" content=\"Germain Ndri\" \/>\n\t<meta name=\"twitter:label2\" content=\"Dur\u00e9e de lecture estim\u00e9e\" \/>\n\t<meta name=\"twitter:data2\" content=\"1 minute\" \/>\n<script type=\"application\/ld+json\" class=\"yoast-schema-graph\">{\"@context\":\"https:\\\/\\\/schema.org\",\"@graph\":[{\"@type\":\"Article\",\"@id\":\"https:\\\/\\\/www.amanien.info\\\/news\\\/cooperation-bilaterale-les-etats-unis-reaffirment-leur-volonte-d-investir-en-cote-divoire\\\/#article\",\"isPartOf\":{\"@id\":\"https:\\\/\\\/www.amanien.info\\\/news\\\/cooperation-bilaterale-les-etats-unis-reaffirment-leur-volonte-d-investir-en-cote-divoire\\\/\"},\"author\":{\"name\":\"Germain Ndri\",\"@id\":\"https:\\\/\\\/www.amanien.info\\\/news\\\/#\\\/schema\\\/person\\\/b21093345753a1a98242d505bd894f42\"},\"headline\":\"Coop\u00e9ration bilat\u00e9rale: Les \u00c9tats-Unis r\u00e9affirment leur volont\u00e9 d&rsquo; investir en C\u00f4te d&rsquo;Ivoire\",\"datePublished\":\"2021-04-18T12:33:20+00:00\",\"dateModified\":\"2021-04-18T12:45:52+00:00\",\"mainEntityOfPage\":{\"@id\":\"https:\\\/\\\/www.amanien.info\\\/news\\\/cooperation-bilaterale-les-etats-unis-reaffirment-leur-volonte-d-investir-en-cote-divoire\\\/\"},\"wordCount\":173,\"image\":{\"@id\":\"https:\\\/\\\/www.amanien.info\\\/news\\\/cooperation-bilaterale-les-etats-unis-reaffirment-leur-volonte-d-investir-en-cote-divoire\\\/#primaryimage\"},\"thumbnailUrl\":\"https:\\\/\\\/www.amanien.info\\\/news\\\/wp-content\\\/uploads\\\/2021\\\/04\\\/thumbnail-2.png\",\"inLanguage\":\"fr-FR\"},{\"@type\":\"WebPage\",\"@id\":\"https:\\\/\\\/www.amanien.info\\\/news\\\/cooperation-bilaterale-les-etats-unis-reaffirment-leur-volonte-d-investir-en-cote-divoire\\\/\",\"url\":\"https:\\\/\\\/www.amanien.info\\\/news\\\/cooperation-bilaterale-les-etats-unis-reaffirment-leur-volonte-d-investir-en-cote-divoire\\\/\",\"name\":\"Coop\u00e9ration bilat\u00e9rale: Les \u00c9tats-Unis r\u00e9affirment leur volont\u00e9 d' investir en C\u00f4te d'Ivoire - Amanien| L&#039;actualit\u00e9 Ivoirienne et Internationale\",\"isPartOf\":{\"@id\":\"https:\\\/\\\/www.amanien.info\\\/news\\\/#website\"},\"primaryImageOfPage\":{\"@id\":\"https:\\\/\\\/www.amanien.info\\\/news\\\/cooperation-bilaterale-les-etats-unis-reaffirment-leur-volonte-d-investir-en-cote-divoire\\\/#primaryimage\"},\"image\":{\"@id\":\"https:\\\/\\\/www.amanien.info\\\/news\\\/cooperation-bilaterale-les-etats-unis-reaffirment-leur-volonte-d-investir-en-cote-divoire\\\/#primaryimage\"},\"thumbnailUrl\":\"https:\\\/\\\/www.amanien.info\\\/news\\\/wp-content\\\/uploads\\\/2021\\\/04\\\/thumbnail-2.png\",\"datePublished\":\"2021-04-18T12:33:20+00:00\",\"dateModified\":\"2021-04-18T12:45:52+00:00\",\"author\":{\"@id\":\"https:\\\/\\\/www.amanien.info\\\/news\\\/#\\\/schema\\\/person\\\/b21093345753a1a98242d505bd894f42\"},\"breadcrumb\":{\"@id\":\"https:\\\/\\\/www.amanien.info\\\/news\\\/cooperation-bilaterale-les-etats-unis-reaffirment-leur-volonte-d-investir-en-cote-divoire\\\/#breadcrumb\"},\"inLanguage\":\"fr-FR\",\"potentialAction\":[{\"@type\":\"ReadAction\",\"target\":[\"https:\\\/\\\/www.amanien.info\\\/news\\\/cooperation-bilaterale-les-etats-unis-reaffirment-leur-volonte-d-investir-en-cote-divoire\\\/\"]}]},{\"@type\":\"ImageObject\",\"inLanguage\":\"fr-FR\",\"@id\":\"https:\\\/\\\/www.amanien.info\\\/news\\\/cooperation-bilaterale-les-etats-unis-reaffirment-leur-volonte-d-investir-en-cote-divoire\\\/#primaryimage\",\"url\":\"https:\\\/\\\/www.amanien.info\\\/news\\\/wp-content\\\/uploads\\\/2021\\\/04\\\/thumbnail-2.png\",\"contentUrl\":\"https:\\\/\\\/www.amanien.info\\\/news\\\/wp-content\\\/uploads\\\/2021\\\/04\\\/thumbnail-2.png\",\"width\":720,\"height\":508},{\"@type\":\"BreadcrumbList\",\"@id\":\"https:\\\/\\\/www.amanien.info\\\/news\\\/cooperation-bilaterale-les-etats-unis-reaffirment-leur-volonte-d-investir-en-cote-divoire\\\/#breadcrumb\",\"itemListElement\":[{\"@type\":\"ListItem\",\"position\":1,\"name\":\"Accueil\",\"item\":\"https:\\\/\\\/www.amanien.info\\\/news\\\/\"},{\"@type\":\"ListItem\",\"position\":2,\"name\":\"Coop\u00e9ration bilat\u00e9rale: Les \u00c9tats-Unis r\u00e9affirment leur volont\u00e9 d&rsquo; investir en C\u00f4te d&rsquo;Ivoire\"}]},{\"@type\":\"WebSite\",\"@id\":\"https:\\\/\\\/www.amanien.info\\\/news\\\/#website\",\"url\":\"https:\\\/\\\/www.amanien.info\\\/news\\\/\",\"name\":\"Amanien| L&#039;actualit\u00e9 Ivoirienne et Internationale\",\"description\":\"L&#039;actualit\u00e9 Ivoirienne et Internationale\",\"potentialAction\":[{\"@type\":\"SearchAction\",\"target\":{\"@type\":\"EntryPoint\",\"urlTemplate\":\"https:\\\/\\\/www.amanien.info\\\/news\\\/?s={search_term_string}\"},\"query-input\":{\"@type\":\"PropertyValueSpecification\",\"valueRequired\":true,\"valueName\":\"search_term_string\"}}],\"inLanguage\":\"fr-FR\"},{\"@type\":\"Person\",\"@id\":\"https:\\\/\\\/www.amanien.info\\\/news\\\/#\\\/schema\\\/person\\\/b21093345753a1a98242d505bd894f42\",\"name\":\"Germain Ndri\",\"url\":\"https:\\\/\\\/www.amanien.info\\\/news\\\/author\\\/amanien-infos\\\/\"}]}<\/script>\n<!-- \/ Yoast SEO plugin. -->","yoast_head_json":{"title":"Coop\u00e9ration bilat\u00e9rale: Les \u00c9tats-Unis r\u00e9affirment leur volont\u00e9 d' investir en C\u00f4te d'Ivoire - Amanien| L&#039;actualit\u00e9 Ivoirienne et Internationale","robots":{"index":"index","follow":"follow","max-snippet":"max-snippet:-1","max-image-preview":"max-image-preview:large","max-video-preview":"max-video-preview:-1"},"canonical":"https:\/\/www.amanien.info\/news\/cooperation-bilaterale-les-etats-unis-reaffirment-leur-volonte-d-investir-en-cote-divoire\/","og_locale":"fr_FR","og_type":"article","og_title":"Coop\u00e9ration bilat\u00e9rale: Les \u00c9tats-Unis r\u00e9affirment leur volont\u00e9 d' investir en C\u00f4te d'Ivoire - Amanien| L&#039;actualit\u00e9 Ivoirienne et Internationale","og_description":"L\u2019ambassadeur des \u00c9tats-Unis en C\u00f4te d\u2019Ivoire, Richard Bell a r\u00e9affirm\u00e9, le 16 avril 2021, au terme d\u2019une audience avec le Premier Mnistre Patrick Achi, la volont\u00e9 de son pays d\u2019investir en C\u00f4te d\u2019Ivoire qui dispose d\u2019un \u00e9norme potentiel. \u00ab\u00a0Je voudrais r\u00e9affirmer la confiance du gouvernement am\u00e9ricain. Nous sommes convaincus que la C\u00f4te d\u2019Ivoire est un [&hellip;]","og_url":"https:\/\/www.amanien.info\/news\/cooperation-bilaterale-les-etats-unis-reaffirment-leur-volonte-d-investir-en-cote-divoire\/","og_site_name":"Amanien| L&#039;actualit\u00e9 Ivoirienne et Internationale","article_published_time":"2021-04-18T12:33:20+00:00","article_modified_time":"2021-04-18T12:45:52+00:00","og_image":[{"width":720,"height":508,"url":"https:\/\/www.amanien.info\/news\/wp-content\/uploads\/2021\/04\/thumbnail-2.png","type":"image\/png"}],"author":"Germain Ndri","twitter_card":"summary_large_image","twitter_misc":{"\u00c9crit par":"Germain Ndri","Dur\u00e9e de lecture estim\u00e9e":"1 minute"},"schema":{"@context":"https:\/\/schema.org","@graph":[{"@type":"Article","@id":"https:\/\/www.amanien.info\/news\/cooperation-bilaterale-les-etats-unis-reaffirment-leur-volonte-d-investir-en-cote-divoire\/#article","isPartOf":{"@id":"https:\/\/www.amanien.info\/news\/cooperation-bilaterale-les-etats-unis-reaffirment-leur-volonte-d-investir-en-cote-divoire\/"},"author":{"name":"Germain Ndri","@id":"https:\/\/www.amanien.info\/news\/#\/schema\/person\/b21093345753a1a98242d505bd894f42"},"headline":"Coop\u00e9ration bilat\u00e9rale: Les \u00c9tats-Unis r\u00e9affirment leur volont\u00e9 d&rsquo; investir en C\u00f4te d&rsquo;Ivoire","datePublished":"2021-04-18T12:33:20+00:00","dateModified":"2021-04-18T12:45:52+00:00","mainEntityOfPage":{"@id":"https:\/\/www.amanien.info\/news\/cooperation-bilaterale-les-etats-unis-reaffirment-leur-volonte-d-investir-en-cote-divoire\/"},"wordCount":173,"image":{"@id":"https:\/\/www.amanien.info\/news\/cooperation-bilaterale-les-etats-unis-reaffirment-leur-volonte-d-investir-en-cote-divoire\/#primaryimage"},"thumbnailUrl":"https:\/\/www.amanien.info\/news\/wp-content\/uploads\/2021\/04\/thumbnail-2.png","inLanguage":"fr-FR"},{"@type":"WebPage","@id":"https:\/\/www.amanien.info\/news\/cooperation-bilaterale-les-etats-unis-reaffirment-leur-volonte-d-investir-en-cote-divoire\/","url":"https:\/\/www.amanien.info\/news\/cooperation-bilaterale-les-etats-unis-reaffirment-leur-volonte-d-investir-en-cote-divoire\/","name":"Coop\u00e9ration bilat\u00e9rale: Les \u00c9tats-Unis r\u00e9affirment leur volont\u00e9 d' investir en C\u00f4te d'Ivoire - Amanien| L&#039;actualit\u00e9 Ivoirienne et Internationale","isPartOf":{"@id":"https:\/\/www.amanien.info\/news\/#website"},"primaryImageOfPage":{"@id":"https:\/\/www.amanien.info\/news\/cooperation-bilaterale-les-etats-unis-reaffirment-leur-volonte-d-investir-en-cote-divoire\/#primaryimage"},"image":{"@id":"https:\/\/www.amanien.info\/news\/cooperation-bilaterale-les-etats-unis-reaffirment-leur-volonte-d-investir-en-cote-divoire\/#primaryimage"},"thumbnailUrl":"https:\/\/www.amanien.info\/news\/wp-content\/uploads\/2021\/04\/thumbnail-2.png","datePublished":"2021-04-18T12:33:20+00:00","dateModified":"2021-04-18T12:45:52+00:00","author":{"@id":"https:\/\/www.amanien.info\/news\/#\/schema\/person\/b21093345753a1a98242d505bd894f42"},"breadcrumb":{"@id":"https:\/\/www.amanien.info\/news\/cooperation-bilaterale-les-etats-unis-reaffirment-leur-volonte-d-investir-en-cote-divoire\/#breadcrumb"},"inLanguage":"fr-FR","potentialAction":[{"@type":"ReadAction","target":["https:\/\/www.amanien.info\/news\/cooperation-bilaterale-les-etats-unis-reaffirment-leur-volonte-d-investir-en-cote-divoire\/"]}]},{"@type":"ImageObject","inLanguage":"fr-FR","@id":"https:\/\/www.amanien.info\/news\/cooperation-bilaterale-les-etats-unis-reaffirment-leur-volonte-d-investir-en-cote-divoire\/#primaryimage","url":"https:\/\/www.amanien.info\/news\/wp-content\/uploads\/2021\/04\/thumbnail-2.png","contentUrl":"https:\/\/www.amanien.info\/news\/wp-content\/uploads\/2021\/04\/thumbnail-2.png","width":720,"height":508},{"@type":"BreadcrumbList","@id":"https:\/\/www.amanien.info\/news\/cooperation-bilaterale-les-etats-unis-reaffirment-leur-volonte-d-investir-en-cote-divoire\/#breadcrumb","itemListElement":[{"@type":"ListItem","position":1,"name":"Accueil","item":"https:\/\/www.amanien.info\/news\/"},{"@type":"ListItem","position":2,"name":"Coop\u00e9ration bilat\u00e9rale: Les \u00c9tats-Unis r\u00e9affirment leur volont\u00e9 d&rsquo; investir en C\u00f4te d&rsquo;Ivoire"}]},{"@type":"WebSite","@id":"https:\/\/www.amanien.info\/news\/#website","url":"https:\/\/www.amanien.info\/news\/","name":"Amanien| L&#039;actualit\u00e9 Ivoirienne et Internationale","description":"L&#039;actualit\u00e9 Ivoirienne et Internationale","potentialAction":[{"@type":"SearchAction","target":{"@type":"EntryPoint","urlTemplate":"https:\/\/www.amanien.info\/news\/?s={search_term_string}"},"query-input":{"@type":"PropertyValueSpecification","valueRequired":true,"valueName":"search_term_string"}}],"inLanguage":"fr-FR"},{"@type":"Person","@id":"https:\/\/www.amanien.info\/news\/#\/schema\/person\/b21093345753a1a98242d505bd894f42","name":"Germain Ndri","url":"https:\/\/www.amanien.info\/news\/author\/amanien-infos\/"}]}},"_links":{"self":[{"href":"https:\/\/www.amanien.info\/news\/wp-json\/wp\/v2\/posts\/2621","targetHints":{"allow":["GET"]}}],"collection":[{"href":"https:\/\/www.amanien.info\/news\/wp-json\/wp\/v2\/posts"}],"about":[{"href":"https:\/\/www.amanien.info\/news\/wp-json\/wp\/v2\/types\/post"}],"author":[{"embeddable":true,"href":"https:\/\/www.amanien.info\/news\/wp-json\/wp\/v2\/users\/2"}],"replies":[{"embeddable":true,"href":"https:\/\/www.amanien.info\/news\/wp-json\/wp\/v2\/comments?post=2621"}],"version-history":[{"count":0,"href":"https:\/\/www.amanien.info\/news\/wp-json\/wp\/v2\/posts\/2621\/revisions"}],"wp:featuredmedia":[{"embeddable":true,"href":"https:\/\/www.amanien.info\/news\/wp-json\/wp\/v2\/media\/2622"}],"wp:attachment":[{"href":"https:\/\/www.amanien.info\/news\/wp-json\/wp\/v2\/media?parent=2621"}],"wp:term":[{"taxonomy":"category","embeddable":true,"href":"https:\/\/www.amanien.info\/news\/wp-json\/wp\/v2\/categories?post=2621"},{"taxonomy":"post_tag","embeddable":true,"href":"https:\/\/www.amanien.info\/news\/wp-json\/wp\/v2\/tags?post=2621"}],"curies":[{"name":"wp","href":"https:\/\/api.w.org\/{rel}","templated":true}]}}