{"id":2604,"date":"2021-04-13T10:53:05","date_gmt":"2021-04-13T10:53:05","guid":{"rendered":"https:\/\/www.https:\/\/zozo.buyee.jp\/\/news\/?p=2604"},"modified":"2021-04-13T10:59:27","modified_gmt":"2021-04-13T10:59:27","slug":"communique-de-letat-major-des-armees","status":"publish","type":"post","link":"https:\/\/www.amanien.info\/news\/communique-de-letat-major-des-armees\/","title":{"rendered":"Communiqu\u00e9 de l&rsquo;\u00c9tat major des Arm\u00e9es"},"content":{"rendered":"<p>Dans la matin\u00e9e du 12 avril 2021, un incident est survenu sur le tron\u00e7on Petit Nassian \u2013 Kafolo \u00e0 environ deux kilom\u00e8tres de cette derni\u00e8re localit\u00e9. Il s\u2019agit de la d\u00e9tonation d\u2019une charge explosive au passage d\u2019un v\u00e9hicule de liaison de la gendarmerie nationale.<\/p>\n<p>Cet incident n\u2019a caus\u00e9 aucune victime ni bless\u00e9 parmi le personnel embarqu\u00e9. Quant au v\u00e9hicule, il a subi des \u00e9raflures ext\u00e9rieures, sans dommages majeurs.<\/p>\n<p>L\u2019Etat-Major G\u00e9n\u00e9ral des Arm\u00e9es invite les populations au calme et les rassure du d\u00e9ploiement d\u2019\u00e9quipes sp\u00e9cialis\u00e9es, tout en les appelant \u00e0 la vigilance et \u00e0 une parfaite collaboration avec les forces engag\u00e9es.<\/p>\n<p>Fait \u00e0 Abidjan, le lundi 12 avril 2021.<br \/>\nLe G\u00e9n\u00e9ral de Corps d\u2019Arm\u00e9e Lassina DOUMBIA<br \/>\nChef d\u2019Etat-Major G\u00e9n\u00e9ral des Arm\u00e9es<\/p>\n","protected":false},"excerpt":{"rendered":"<p>Dans la matin\u00e9e du 12 avril 2021, un incident est survenu sur le tron\u00e7on Petit Nassian \u2013 Kafolo \u00e0 environ deux kilom\u00e8tres de cette derni\u00e8re localit\u00e9. Il s\u2019agit de la d\u00e9tonation d\u2019une charge explosive au passage d\u2019un v\u00e9hicule de liaison de la gendarmerie nationale. Cet incident n\u2019a caus\u00e9 aucune victime ni bless\u00e9 parmi le personnel [&hellip;]<\/p>\n","protected":false},"author":2,"featured_media":2605,"comment_status":"closed","ping_status":"closed","sticky":true,"template":"","format":"standard","meta":{"_acf_changed":false,"footnotes":""},"categories":[],"tags":[],"class_list":["post-2604","post","type-post","status-publish","format-standard","has-post-thumbnail","hentry"],"acf":[],"yoast_head":"<!-- This site is optimized with the Yoast SEO plugin v27.5 - https:\/\/yoast.com\/product\/yoast-seo-wordpress\/ -->\n<title>Communiqu\u00e9 de l&#039;\u00c9tat major des Arm\u00e9es - Amanien| L&#039;actualit\u00e9 Ivoirienne et Internationale<\/title>\n<meta name=\"robots\" content=\"index, follow, max-snippet:-1, max-image-preview:large, max-video-preview:-1\" \/>\n<link rel=\"canonical\" href=\"https:\/\/www.amanien.info\/news\/communique-de-letat-major-des-armees\/\" \/>\n<meta property=\"og:locale\" content=\"fr_FR\" \/>\n<meta property=\"og:type\" content=\"article\" \/>\n<meta property=\"og:title\" content=\"Communiqu\u00e9 de l&#039;\u00c9tat major des Arm\u00e9es - Amanien| L&#039;actualit\u00e9 Ivoirienne et Internationale\" \/>\n<meta property=\"og:description\" content=\"Dans la matin\u00e9e du 12 avril 2021, un incident est survenu sur le tron\u00e7on Petit Nassian \u2013 Kafolo \u00e0 environ deux kilom\u00e8tres de cette derni\u00e8re localit\u00e9. Il s\u2019agit de la d\u00e9tonation d\u2019une charge explosive au passage d\u2019un v\u00e9hicule de liaison de la gendarmerie nationale. Cet incident n\u2019a caus\u00e9 aucune victime ni bless\u00e9 parmi le personnel [&hellip;]\" \/>\n<meta property=\"og:url\" content=\"https:\/\/www.amanien.info\/news\/communique-de-letat-major-des-armees\/\" \/>\n<meta property=\"og:site_name\" content=\"Amanien| L&#039;actualit\u00e9 Ivoirienne et Internationale\" \/>\n<meta property=\"article:published_time\" content=\"2021-04-13T10:53:05+00:00\" \/>\n<meta property=\"article:modified_time\" content=\"2021-04-13T10:59:27+00:00\" \/>\n<meta property=\"og:image\" content=\"https:\/\/www.amanien.info\/news\/wp-content\/uploads\/2021\/04\/thumbnail-1.png\" \/>\n\t<meta property=\"og:image:width\" content=\"720\" \/>\n\t<meta property=\"og:image:height\" content=\"478\" \/>\n\t<meta property=\"og:image:type\" content=\"image\/png\" \/>\n<meta name=\"author\" content=\"Germain Ndri\" \/>\n<meta name=\"twitter:card\" content=\"summary_large_image\" \/>\n<meta name=\"twitter:label1\" content=\"\u00c9crit par\" \/>\n\t<meta name=\"twitter:data1\" content=\"Germain Ndri\" \/>\n\t<meta name=\"twitter:label2\" content=\"Dur\u00e9e de lecture estim\u00e9e\" \/>\n\t<meta name=\"twitter:data2\" content=\"1 minute\" \/>\n<script type=\"application\/ld+json\" class=\"yoast-schema-graph\">{\"@context\":\"https:\\\/\\\/schema.org\",\"@graph\":[{\"@type\":\"Article\",\"@id\":\"https:\\\/\\\/www.amanien.info\\\/news\\\/communique-de-letat-major-des-armees\\\/#article\",\"isPartOf\":{\"@id\":\"https:\\\/\\\/www.amanien.info\\\/news\\\/communique-de-letat-major-des-armees\\\/\"},\"author\":{\"name\":\"Germain Ndri\",\"@id\":\"https:\\\/\\\/www.amanien.info\\\/news\\\/#\\\/schema\\\/person\\\/b21093345753a1a98242d505bd894f42\"},\"headline\":\"Communiqu\u00e9 de l&rsquo;\u00c9tat major des Arm\u00e9es\",\"datePublished\":\"2021-04-13T10:53:05+00:00\",\"dateModified\":\"2021-04-13T10:59:27+00:00\",\"mainEntityOfPage\":{\"@id\":\"https:\\\/\\\/www.amanien.info\\\/news\\\/communique-de-letat-major-des-armees\\\/\"},\"wordCount\":148,\"image\":{\"@id\":\"https:\\\/\\\/www.amanien.info\\\/news\\\/communique-de-letat-major-des-armees\\\/#primaryimage\"},\"thumbnailUrl\":\"https:\\\/\\\/www.amanien.info\\\/news\\\/wp-content\\\/uploads\\\/2021\\\/04\\\/thumbnail-1.png\",\"inLanguage\":\"fr-FR\"},{\"@type\":\"WebPage\",\"@id\":\"https:\\\/\\\/www.amanien.info\\\/news\\\/communique-de-letat-major-des-armees\\\/\",\"url\":\"https:\\\/\\\/www.amanien.info\\\/news\\\/communique-de-letat-major-des-armees\\\/\",\"name\":\"Communiqu\u00e9 de l'\u00c9tat major des Arm\u00e9es - Amanien| L&#039;actualit\u00e9 Ivoirienne et Internationale\",\"isPartOf\":{\"@id\":\"https:\\\/\\\/www.amanien.info\\\/news\\\/#website\"},\"primaryImageOfPage\":{\"@id\":\"https:\\\/\\\/www.amanien.info\\\/news\\\/communique-de-letat-major-des-armees\\\/#primaryimage\"},\"image\":{\"@id\":\"https:\\\/\\\/www.amanien.info\\\/news\\\/communique-de-letat-major-des-armees\\\/#primaryimage\"},\"thumbnailUrl\":\"https:\\\/\\\/www.amanien.info\\\/news\\\/wp-content\\\/uploads\\\/2021\\\/04\\\/thumbnail-1.png\",\"datePublished\":\"2021-04-13T10:53:05+00:00\",\"dateModified\":\"2021-04-13T10:59:27+00:00\",\"author\":{\"@id\":\"https:\\\/\\\/www.amanien.info\\\/news\\\/#\\\/schema\\\/person\\\/b21093345753a1a98242d505bd894f42\"},\"breadcrumb\":{\"@id\":\"https:\\\/\\\/www.amanien.info\\\/news\\\/communique-de-letat-major-des-armees\\\/#breadcrumb\"},\"inLanguage\":\"fr-FR\",\"potentialAction\":[{\"@type\":\"ReadAction\",\"target\":[\"https:\\\/\\\/www.amanien.info\\\/news\\\/communique-de-letat-major-des-armees\\\/\"]}]},{\"@type\":\"ImageObject\",\"inLanguage\":\"fr-FR\",\"@id\":\"https:\\\/\\\/www.amanien.info\\\/news\\\/communique-de-letat-major-des-armees\\\/#primaryimage\",\"url\":\"https:\\\/\\\/www.amanien.info\\\/news\\\/wp-content\\\/uploads\\\/2021\\\/04\\\/thumbnail-1.png\",\"contentUrl\":\"https:\\\/\\\/www.amanien.info\\\/news\\\/wp-content\\\/uploads\\\/2021\\\/04\\\/thumbnail-1.png\",\"width\":720,\"height\":478},{\"@type\":\"BreadcrumbList\",\"@id\":\"https:\\\/\\\/www.amanien.info\\\/news\\\/communique-de-letat-major-des-armees\\\/#breadcrumb\",\"itemListElement\":[{\"@type\":\"ListItem\",\"position\":1,\"name\":\"Accueil\",\"item\":\"https:\\\/\\\/www.amanien.info\\\/news\\\/\"},{\"@type\":\"ListItem\",\"position\":2,\"name\":\"Communiqu\u00e9 de l&rsquo;\u00c9tat major des Arm\u00e9es\"}]},{\"@type\":\"WebSite\",\"@id\":\"https:\\\/\\\/www.amanien.info\\\/news\\\/#website\",\"url\":\"https:\\\/\\\/www.amanien.info\\\/news\\\/\",\"name\":\"Amanien| L&#039;actualit\u00e9 Ivoirienne et Internationale\",\"description\":\"L&#039;actualit\u00e9 Ivoirienne et Internationale\",\"potentialAction\":[{\"@type\":\"SearchAction\",\"target\":{\"@type\":\"EntryPoint\",\"urlTemplate\":\"https:\\\/\\\/www.amanien.info\\\/news\\\/?s={search_term_string}\"},\"query-input\":{\"@type\":\"PropertyValueSpecification\",\"valueRequired\":true,\"valueName\":\"search_term_string\"}}],\"inLanguage\":\"fr-FR\"},{\"@type\":\"Person\",\"@id\":\"https:\\\/\\\/www.amanien.info\\\/news\\\/#\\\/schema\\\/person\\\/b21093345753a1a98242d505bd894f42\",\"name\":\"Germain Ndri\",\"url\":\"https:\\\/\\\/www.amanien.info\\\/news\\\/author\\\/amanien-infos\\\/\"}]}<\/script>\n<!-- \/ Yoast SEO plugin. -->","yoast_head_json":{"title":"Communiqu\u00e9 de l'\u00c9tat major des Arm\u00e9es - Amanien| L&#039;actualit\u00e9 Ivoirienne et Internationale","robots":{"index":"index","follow":"follow","max-snippet":"max-snippet:-1","max-image-preview":"max-image-preview:large","max-video-preview":"max-video-preview:-1"},"canonical":"https:\/\/www.amanien.info\/news\/communique-de-letat-major-des-armees\/","og_locale":"fr_FR","og_type":"article","og_title":"Communiqu\u00e9 de l'\u00c9tat major des Arm\u00e9es - Amanien| L&#039;actualit\u00e9 Ivoirienne et Internationale","og_description":"Dans la matin\u00e9e du 12 avril 2021, un incident est survenu sur le tron\u00e7on Petit Nassian \u2013 Kafolo \u00e0 environ deux kilom\u00e8tres de cette derni\u00e8re localit\u00e9. Il s\u2019agit de la d\u00e9tonation d\u2019une charge explosive au passage d\u2019un v\u00e9hicule de liaison de la gendarmerie nationale. Cet incident n\u2019a caus\u00e9 aucune victime ni bless\u00e9 parmi le personnel [&hellip;]","og_url":"https:\/\/www.amanien.info\/news\/communique-de-letat-major-des-armees\/","og_site_name":"Amanien| L&#039;actualit\u00e9 Ivoirienne et Internationale","article_published_time":"2021-04-13T10:53:05+00:00","article_modified_time":"2021-04-13T10:59:27+00:00","og_image":[{"width":720,"height":478,"url":"https:\/\/www.amanien.info\/news\/wp-content\/uploads\/2021\/04\/thumbnail-1.png","type":"image\/png"}],"author":"Germain Ndri","twitter_card":"summary_large_image","twitter_misc":{"\u00c9crit par":"Germain Ndri","Dur\u00e9e de lecture estim\u00e9e":"1 minute"},"schema":{"@context":"https:\/\/schema.org","@graph":[{"@type":"Article","@id":"https:\/\/www.amanien.info\/news\/communique-de-letat-major-des-armees\/#article","isPartOf":{"@id":"https:\/\/www.amanien.info\/news\/communique-de-letat-major-des-armees\/"},"author":{"name":"Germain Ndri","@id":"https:\/\/www.amanien.info\/news\/#\/schema\/person\/b21093345753a1a98242d505bd894f42"},"headline":"Communiqu\u00e9 de l&rsquo;\u00c9tat major des Arm\u00e9es","datePublished":"2021-04-13T10:53:05+00:00","dateModified":"2021-04-13T10:59:27+00:00","mainEntityOfPage":{"@id":"https:\/\/www.amanien.info\/news\/communique-de-letat-major-des-armees\/"},"wordCount":148,"image":{"@id":"https:\/\/www.amanien.info\/news\/communique-de-letat-major-des-armees\/#primaryimage"},"thumbnailUrl":"https:\/\/www.amanien.info\/news\/wp-content\/uploads\/2021\/04\/thumbnail-1.png","inLanguage":"fr-FR"},{"@type":"WebPage","@id":"https:\/\/www.amanien.info\/news\/communique-de-letat-major-des-armees\/","url":"https:\/\/www.amanien.info\/news\/communique-de-letat-major-des-armees\/","name":"Communiqu\u00e9 de l'\u00c9tat major des Arm\u00e9es - Amanien| L&#039;actualit\u00e9 Ivoirienne et Internationale","isPartOf":{"@id":"https:\/\/www.amanien.info\/news\/#website"},"primaryImageOfPage":{"@id":"https:\/\/www.amanien.info\/news\/communique-de-letat-major-des-armees\/#primaryimage"},"image":{"@id":"https:\/\/www.amanien.info\/news\/communique-de-letat-major-des-armees\/#primaryimage"},"thumbnailUrl":"https:\/\/www.amanien.info\/news\/wp-content\/uploads\/2021\/04\/thumbnail-1.png","datePublished":"2021-04-13T10:53:05+00:00","dateModified":"2021-04-13T10:59:27+00:00","author":{"@id":"https:\/\/www.amanien.info\/news\/#\/schema\/person\/b21093345753a1a98242d505bd894f42"},"breadcrumb":{"@id":"https:\/\/www.amanien.info\/news\/communique-de-letat-major-des-armees\/#breadcrumb"},"inLanguage":"fr-FR","potentialAction":[{"@type":"ReadAction","target":["https:\/\/www.amanien.info\/news\/communique-de-letat-major-des-armees\/"]}]},{"@type":"ImageObject","inLanguage":"fr-FR","@id":"https:\/\/www.amanien.info\/news\/communique-de-letat-major-des-armees\/#primaryimage","url":"https:\/\/www.amanien.info\/news\/wp-content\/uploads\/2021\/04\/thumbnail-1.png","contentUrl":"https:\/\/www.amanien.info\/news\/wp-content\/uploads\/2021\/04\/thumbnail-1.png","width":720,"height":478},{"@type":"BreadcrumbList","@id":"https:\/\/www.amanien.info\/news\/communique-de-letat-major-des-armees\/#breadcrumb","itemListElement":[{"@type":"ListItem","position":1,"name":"Accueil","item":"https:\/\/www.amanien.info\/news\/"},{"@type":"ListItem","position":2,"name":"Communiqu\u00e9 de l&rsquo;\u00c9tat major des Arm\u00e9es"}]},{"@type":"WebSite","@id":"https:\/\/www.amanien.info\/news\/#website","url":"https:\/\/www.amanien.info\/news\/","name":"Amanien| L&#039;actualit\u00e9 Ivoirienne et Internationale","description":"L&#039;actualit\u00e9 Ivoirienne et Internationale","potentialAction":[{"@type":"SearchAction","target":{"@type":"EntryPoint","urlTemplate":"https:\/\/www.amanien.info\/news\/?s={search_term_string}"},"query-input":{"@type":"PropertyValueSpecification","valueRequired":true,"valueName":"search_term_string"}}],"inLanguage":"fr-FR"},{"@type":"Person","@id":"https:\/\/www.amanien.info\/news\/#\/schema\/person\/b21093345753a1a98242d505bd894f42","name":"Germain Ndri","url":"https:\/\/www.amanien.info\/news\/author\/amanien-infos\/"}]}},"_links":{"self":[{"href":"https:\/\/www.amanien.info\/news\/wp-json\/wp\/v2\/posts\/2604","targetHints":{"allow":["GET"]}}],"collection":[{"href":"https:\/\/www.amanien.info\/news\/wp-json\/wp\/v2\/posts"}],"about":[{"href":"https:\/\/www.amanien.info\/news\/wp-json\/wp\/v2\/types\/post"}],"author":[{"embeddable":true,"href":"https:\/\/www.amanien.info\/news\/wp-json\/wp\/v2\/users\/2"}],"replies":[{"embeddable":true,"href":"https:\/\/www.amanien.info\/news\/wp-json\/wp\/v2\/comments?post=2604"}],"version-history":[{"count":0,"href":"https:\/\/www.amanien.info\/news\/wp-json\/wp\/v2\/posts\/2604\/revisions"}],"wp:featuredmedia":[{"embeddable":true,"href":"https:\/\/www.amanien.info\/news\/wp-json\/wp\/v2\/media\/2605"}],"wp:attachment":[{"href":"https:\/\/www.amanien.info\/news\/wp-json\/wp\/v2\/media?parent=2604"}],"wp:term":[{"taxonomy":"category","embeddable":true,"href":"https:\/\/www.amanien.info\/news\/wp-json\/wp\/v2\/categories?post=2604"},{"taxonomy":"post_tag","embeddable":true,"href":"https:\/\/www.amanien.info\/news\/wp-json\/wp\/v2\/tags?post=2604"}],"curies":[{"name":"wp","href":"https:\/\/api.w.org\/{rel}","templated":true}]}}