{"id":2598,"date":"2021-04-08T09:47:10","date_gmt":"2021-04-08T09:47:10","guid":{"rendered":"https:\/\/www.https:\/\/zozo.buyee.jp\/\/news\/?p=2598"},"modified":"2021-04-08T09:47:48","modified_gmt":"2021-04-08T09:47:48","slug":"conseil-des-ministres-le-chef-de-letat-souhaite-la-consolidation-de-la-paix-et-de-la-securite","status":"publish","type":"post","link":"https:\/\/www.amanien.info\/news\/conseil-des-ministres-le-chef-de-letat-souhaite-la-consolidation-de-la-paix-et-de-la-securite\/","title":{"rendered":"Conseil des ministres: Le chef de l&rsquo;\u00c9tat souhaite la consolidation de la paix et de la s\u00e9curit\u00e9"},"content":{"rendered":"<p>Le Pr\u00e9sident de la R\u00e9publique, S.E.M. Alassane OUATTARA, a pr\u00e9sid\u00e9 ce mercredi 07 avril 2021, au Palais de la Pr\u00e9sidence de la R\u00e9publique, le premier Conseil des Ministres du nouveau Gouvernement, form\u00e9 le mardi 06 avril 2021. Intervenant \u00e0 cette occasion, le Chef de l\u2019Etat a rappel\u00e9 que la mise en place de ce nouveau Gouvernement intervient dans un contexte particuli\u00e8rement difficile pour tous, avec les rappels \u00e0 Dieu du Premier Ministre, Amadou Gon COULIBALY, du Ministre de l\u2019Administration du Territoire, Sidiki DIAKITE et du Premier Ministre, Ministre de la D\u00e9fense, Hamed BAKAYOKO. Il a salu\u00e9 leurs m\u00e9moires et a indiqu\u00e9 que la meilleure mani\u00e8re de les honorer, c\u2019est de continuer \u00e0 travailler, ensemble, main dans la main, pour poursuivre l\u2019\u0153uvre de d\u00e9veloppement pour laquelle ils ont chacun consacr\u00e9 leurs vies.<\/p>\n<p>&nbsp;<\/p>\n<p>Le Pr\u00e9sident de la R\u00e9publique a f\u00e9licit\u00e9 le Premier Ministre et les membres du Gouvernement, et t\u00e9moign\u00e9 sa gratitude aux Ministres sortants. Il a fait remarquer<\/p>\n<p>que gr\u00e2ce \u00e0 la solidit\u00e9 des fondamentaux de notre \u00e9conomie, aux actions et aux choix judicieux du Gouvernement, ainsi qu\u2019aux efforts de tous nos compatriotes,<\/p>\n<p>nous avons r\u00e9ussi \u00e0 relever les nombreux d\u00e9fis auxquels le pays a d\u00fb faire face, notamment avec la pand\u00e9mie de la COVID-19. Il a, par ailleurs, ajout\u00e9 que les efforts d\u00e9ploy\u00e9s par la C\u00f4te d\u2019Ivoire ainsi que plusieurs pays de l\u2019UEMOA et du monde, ont permis de faire face aux attaques terroristes perp\u00e9tr\u00e9s par des groupes arm\u00e9es. A cet \u00e9gard, il a tenu \u00e0 f\u00e9liciter nos Forces de D\u00e9fense et de S\u00e9curit\u00e9, qui se battent jour et nuit, au p\u00e9ril de leurs vies, pour faire \u00e9chec aux attaques terroristes \u00e0 nos fronti\u00e8res.<\/p>\n<p>&nbsp;<\/p>\n<p>En guise de recommandations, le Chef de l\u2019Etat a demand\u00e9 au Gouvernement de poursuivre et de mettre l\u2019accent sur la consolidation du triptyque Paix &#8211; S\u00e9curit\u00e9\u0301 &#8211;<\/p>\n<p>Coh\u00e9sion, \u00e0 travers le renforcement de nos Institutions, de la justice, et de la r\u00e9conciliation nationale.<\/p>\n<p>&nbsp;<\/p>\n<p>Il a \u00e9galement exprim\u00e9 son attachement \u00e0 la poursuite des r\u00e9formes, notamment en mati\u00e8re de gestion des finances publiques, d\u2019am\u00e9lioration du climat des affaires et de lutte contre la corruption ; de m\u00eame que la pr\u00e9servation de la stabilit\u00e9 macro\u00e9conomique ainsi que les grands \u00e9quilibres de nos finances publiques, en d\u00e9pit des contraintes budg\u00e9taires que nous imposent les d\u00e9fis du moment. Le Chef de l\u2019Etat a souhait\u00e9 que les membres du Gouvernement soient des exemples qui insuffleront la transformation attendue de l\u2019administration publique et de l\u2019ensemble des Ivoiriens, tout en leur demandant de travailler en \u00e9quipe, de faire preuve d\u2019une grande humilit\u00e9, et d\u2019\u00eatre aux contacts des populations afin de mieux les servir. Dans ce cadre, il les a exhort\u00e9s \u00e0 se mettre au travail d\u00e8s \u00e0 pr\u00e9sent et \u00e0 traiter les dossiers avec c\u00e9l\u00e9rit\u00e9\u0301 et diligence, afin que l\u2019action du Gouvernement soit encore plus perceptible par nos concitoyens. Pour terminer, le Pr\u00e9sident de la R\u00e9publique a indiqu\u00e9 avoir pris acte de la d\u00e9cision de la Cour P\u00e9nale Internationale (CPI) rendue, le 31 mars dernier, suite \u00e0 l\u2019appel du Procureur relatif aux proc\u00e8s de Messieurs Laurent Gbagbo et Charles Bl\u00e9 Goud\u00e9, tout en pr\u00e9cisant avoir une pens\u00e9e \u00e9mue pour les victimes et leurs familles.<\/p>\n<p>&nbsp;<\/p>\n<p>Il a affirm\u00e9 que Messieurs Laurent Gbagbo et Bl\u00e9 Goud\u00e9 sont libres de rentrer en C\u00f4te d\u2019Ivoire quand ils le souhaitent, et pr\u00e9cis\u00e9 que les frais de voyage de Monsieur Laurent Gbagbo, ainsi que ceux des membres de sa famille, seront pris en charge par l\u2019Etat de C\u00f4te d\u2019Ivoire. Les dispositions seront \u00e9galement prises pour que Monsieur Laurent Gbagbo b\u00e9n\u00e9ficie, conform\u00e9ment aux textes en vigueur, des avantages et des indemnit\u00e9s dus aux anciens Pr\u00e9sidents de la R\u00e9publique de C\u00f4te d\u2019Ivoire.<\/p>\n<p>Le Premier Ministre, M. Patrick ACHI, a, pour sa part, exprim\u00e9 au nom de l\u2019ensemble des membres de l\u2019\u00e9quipe gouvernementale et en son nom propre, sa profonde gratitude et son infinie reconnaissance au Chef de l\u2019Etat pour la confiance plac\u00e9e en eux et l\u2019insigne honneur qui leur est fait en les nommant au Gouvernement.<\/p>\n<p>&nbsp;<\/p>\n<p>Il a indiqu\u00e9 que ce Gouvernement que le Pr\u00e9sident de la R\u00e9publique a voulu plus resserr\u00e9 et rajeuni, permettra \u00e0 la C\u00f4te d\u2019Ivoire de poursuivre sa marche dans la voie<\/p>\n<p>d\u2019un progr\u00e8s et d\u2019une prosp\u00e9rit\u00e9 partag\u00e9s. Le Premier Ministre a salu\u00e9 la m\u00e9moire de ses pr\u00e9d\u00e9cesseurs, Amadou Gon COULIBALY et Hamed BAKAYOKO, et relev\u00e9 les performances socio-\u00e9conomiques r\u00e9alis\u00e9es par le pays sous l\u2019\u00e9gide du Pr\u00e9sident de la R\u00e9publique. Il a ajout\u00e9 que l\u2019\u00e9quipe qu\u2019il a l\u2019honneur de diriger sera un Gouvernement de mission, de combat et de r\u00e9sultats, avec pour seul objectif, la mise en \u0153uvre diligente et r\u00e9ussie du Programme de Gouvernement sur la p\u00e9riode 2021 \u2013 2025, fond\u00e9 sur la vision d\u2019une C\u00f4te d\u2019Ivoire solidaire.<\/p>\n<p>&nbsp;<\/p>\n<p>Il a exhort\u00e9 les Ministres \u00e0 former un bloc soud\u00e9 autour du Chef de l\u2019Etat et \u00e0 conduire avec d\u00e9vouement et rigueur, les programmes relevant de leurs Minist\u00e8res respectifs, dans un esprit de coh\u00e9sion et de coh\u00e9rence de l\u2019action gouvernementale.<\/p>\n<p>&nbsp;<\/p>\n<p>Notons que le traditionnel Point de Presse qui intervient \u00e0 la fin du Conseil des Ministres, a \u00e9t\u00e9 marqu\u00e9, ce jour, par la passation de flambeau entre l\u2019ancien Porte-parole du Gouvernement, M. Sidi Ti\u00e9moko TOURE et le nouveau, M. Amadou COULIBLAY, Ministre de la Communication, des M\u00e9dias et de la Francophonie.<\/p>\n","protected":false},"excerpt":{"rendered":"<p>Le Pr\u00e9sident de la R\u00e9publique, S.E.M. Alassane OUATTARA, a pr\u00e9sid\u00e9 ce mercredi 07 avril 2021, au Palais de la Pr\u00e9sidence de la R\u00e9publique, le premier Conseil des Ministres du nouveau Gouvernement, form\u00e9 le mardi 06 avril 2021. Intervenant \u00e0 cette occasion, le Chef de l\u2019Etat a rappel\u00e9 que la mise en place de ce nouveau [&hellip;]<\/p>\n","protected":false},"author":2,"featured_media":2599,"comment_status":"closed","ping_status":"closed","sticky":true,"template":"","format":"standard","meta":{"_acf_changed":false,"footnotes":""},"categories":[],"tags":[],"class_list":["post-2598","post","type-post","status-publish","format-standard","has-post-thumbnail","hentry"],"acf":[],"yoast_head":"<!-- This site is optimized with the Yoast SEO plugin v27.5 - https:\/\/yoast.com\/product\/yoast-seo-wordpress\/ -->\n<title>Conseil des ministres: Le chef de l&#039;\u00c9tat souhaite la consolidation de la paix et de la s\u00e9curit\u00e9 - Amanien| L&#039;actualit\u00e9 Ivoirienne et Internationale<\/title>\n<meta name=\"robots\" content=\"index, follow, max-snippet:-1, max-image-preview:large, max-video-preview:-1\" \/>\n<link rel=\"canonical\" href=\"https:\/\/www.amanien.info\/news\/conseil-des-ministres-le-chef-de-letat-souhaite-la-consolidation-de-la-paix-et-de-la-securite\/\" \/>\n<meta property=\"og:locale\" content=\"fr_FR\" \/>\n<meta property=\"og:type\" content=\"article\" \/>\n<meta property=\"og:title\" content=\"Conseil des ministres: Le chef de l&#039;\u00c9tat souhaite la consolidation de la paix et de la s\u00e9curit\u00e9 - Amanien| L&#039;actualit\u00e9 Ivoirienne et Internationale\" \/>\n<meta property=\"og:description\" content=\"Le Pr\u00e9sident de la R\u00e9publique, S.E.M. Alassane OUATTARA, a pr\u00e9sid\u00e9 ce mercredi 07 avril 2021, au Palais de la Pr\u00e9sidence de la R\u00e9publique, le premier Conseil des Ministres du nouveau Gouvernement, form\u00e9 le mardi 06 avril 2021. Intervenant \u00e0 cette occasion, le Chef de l\u2019Etat a rappel\u00e9 que la mise en place de ce nouveau [&hellip;]\" \/>\n<meta property=\"og:url\" content=\"https:\/\/www.amanien.info\/news\/conseil-des-ministres-le-chef-de-letat-souhaite-la-consolidation-de-la-paix-et-de-la-securite\/\" \/>\n<meta property=\"og:site_name\" content=\"Amanien| L&#039;actualit\u00e9 Ivoirienne et Internationale\" \/>\n<meta property=\"article:published_time\" content=\"2021-04-08T09:47:10+00:00\" \/>\n<meta property=\"article:modified_time\" content=\"2021-04-08T09:47:48+00:00\" \/>\n<meta property=\"og:image\" content=\"https:\/\/www.amanien.info\/news\/wp-content\/uploads\/2021\/04\/thumbnail.png\" \/>\n\t<meta property=\"og:image:width\" content=\"720\" \/>\n\t<meta property=\"og:image:height\" content=\"480\" \/>\n\t<meta property=\"og:image:type\" content=\"image\/png\" \/>\n<meta name=\"author\" content=\"Germain Ndri\" \/>\n<meta name=\"twitter:card\" content=\"summary_large_image\" \/>\n<meta name=\"twitter:label1\" content=\"\u00c9crit par\" \/>\n\t<meta name=\"twitter:data1\" content=\"Germain Ndri\" \/>\n\t<meta name=\"twitter:label2\" content=\"Dur\u00e9e de lecture estim\u00e9e\" \/>\n\t<meta name=\"twitter:data2\" content=\"4 minutes\" \/>\n<script type=\"application\/ld+json\" class=\"yoast-schema-graph\">{\"@context\":\"https:\\\/\\\/schema.org\",\"@graph\":[{\"@type\":\"Article\",\"@id\":\"https:\\\/\\\/www.amanien.info\\\/news\\\/conseil-des-ministres-le-chef-de-letat-souhaite-la-consolidation-de-la-paix-et-de-la-securite\\\/#article\",\"isPartOf\":{\"@id\":\"https:\\\/\\\/www.amanien.info\\\/news\\\/conseil-des-ministres-le-chef-de-letat-souhaite-la-consolidation-de-la-paix-et-de-la-securite\\\/\"},\"author\":{\"name\":\"Germain Ndri\",\"@id\":\"https:\\\/\\\/www.amanien.info\\\/news\\\/#\\\/schema\\\/person\\\/b21093345753a1a98242d505bd894f42\"},\"headline\":\"Conseil des ministres: Le chef de l&rsquo;\u00c9tat souhaite la consolidation de la paix et de la s\u00e9curit\u00e9\",\"datePublished\":\"2021-04-08T09:47:10+00:00\",\"dateModified\":\"2021-04-08T09:47:48+00:00\",\"mainEntityOfPage\":{\"@id\":\"https:\\\/\\\/www.amanien.info\\\/news\\\/conseil-des-ministres-le-chef-de-letat-souhaite-la-consolidation-de-la-paix-et-de-la-securite\\\/\"},\"wordCount\":990,\"image\":{\"@id\":\"https:\\\/\\\/www.amanien.info\\\/news\\\/conseil-des-ministres-le-chef-de-letat-souhaite-la-consolidation-de-la-paix-et-de-la-securite\\\/#primaryimage\"},\"thumbnailUrl\":\"https:\\\/\\\/www.amanien.info\\\/news\\\/wp-content\\\/uploads\\\/2021\\\/04\\\/thumbnail.png\",\"inLanguage\":\"fr-FR\"},{\"@type\":\"WebPage\",\"@id\":\"https:\\\/\\\/www.amanien.info\\\/news\\\/conseil-des-ministres-le-chef-de-letat-souhaite-la-consolidation-de-la-paix-et-de-la-securite\\\/\",\"url\":\"https:\\\/\\\/www.amanien.info\\\/news\\\/conseil-des-ministres-le-chef-de-letat-souhaite-la-consolidation-de-la-paix-et-de-la-securite\\\/\",\"name\":\"Conseil des ministres: Le chef de l'\u00c9tat souhaite la consolidation de la paix et de la s\u00e9curit\u00e9 - Amanien| L&#039;actualit\u00e9 Ivoirienne et Internationale\",\"isPartOf\":{\"@id\":\"https:\\\/\\\/www.amanien.info\\\/news\\\/#website\"},\"primaryImageOfPage\":{\"@id\":\"https:\\\/\\\/www.amanien.info\\\/news\\\/conseil-des-ministres-le-chef-de-letat-souhaite-la-consolidation-de-la-paix-et-de-la-securite\\\/#primaryimage\"},\"image\":{\"@id\":\"https:\\\/\\\/www.amanien.info\\\/news\\\/conseil-des-ministres-le-chef-de-letat-souhaite-la-consolidation-de-la-paix-et-de-la-securite\\\/#primaryimage\"},\"thumbnailUrl\":\"https:\\\/\\\/www.amanien.info\\\/news\\\/wp-content\\\/uploads\\\/2021\\\/04\\\/thumbnail.png\",\"datePublished\":\"2021-04-08T09:47:10+00:00\",\"dateModified\":\"2021-04-08T09:47:48+00:00\",\"author\":{\"@id\":\"https:\\\/\\\/www.amanien.info\\\/news\\\/#\\\/schema\\\/person\\\/b21093345753a1a98242d505bd894f42\"},\"breadcrumb\":{\"@id\":\"https:\\\/\\\/www.amanien.info\\\/news\\\/conseil-des-ministres-le-chef-de-letat-souhaite-la-consolidation-de-la-paix-et-de-la-securite\\\/#breadcrumb\"},\"inLanguage\":\"fr-FR\",\"potentialAction\":[{\"@type\":\"ReadAction\",\"target\":[\"https:\\\/\\\/www.amanien.info\\\/news\\\/conseil-des-ministres-le-chef-de-letat-souhaite-la-consolidation-de-la-paix-et-de-la-securite\\\/\"]}]},{\"@type\":\"ImageObject\",\"inLanguage\":\"fr-FR\",\"@id\":\"https:\\\/\\\/www.amanien.info\\\/news\\\/conseil-des-ministres-le-chef-de-letat-souhaite-la-consolidation-de-la-paix-et-de-la-securite\\\/#primaryimage\",\"url\":\"https:\\\/\\\/www.amanien.info\\\/news\\\/wp-content\\\/uploads\\\/2021\\\/04\\\/thumbnail.png\",\"contentUrl\":\"https:\\\/\\\/www.amanien.info\\\/news\\\/wp-content\\\/uploads\\\/2021\\\/04\\\/thumbnail.png\",\"width\":720,\"height\":480},{\"@type\":\"BreadcrumbList\",\"@id\":\"https:\\\/\\\/www.amanien.info\\\/news\\\/conseil-des-ministres-le-chef-de-letat-souhaite-la-consolidation-de-la-paix-et-de-la-securite\\\/#breadcrumb\",\"itemListElement\":[{\"@type\":\"ListItem\",\"position\":1,\"name\":\"Accueil\",\"item\":\"https:\\\/\\\/www.amanien.info\\\/news\\\/\"},{\"@type\":\"ListItem\",\"position\":2,\"name\":\"Conseil des ministres: Le chef de l&rsquo;\u00c9tat souhaite la consolidation de la paix et de la s\u00e9curit\u00e9\"}]},{\"@type\":\"WebSite\",\"@id\":\"https:\\\/\\\/www.amanien.info\\\/news\\\/#website\",\"url\":\"https:\\\/\\\/www.amanien.info\\\/news\\\/\",\"name\":\"Amanien| L&#039;actualit\u00e9 Ivoirienne et Internationale\",\"description\":\"L&#039;actualit\u00e9 Ivoirienne et Internationale\",\"potentialAction\":[{\"@type\":\"SearchAction\",\"target\":{\"@type\":\"EntryPoint\",\"urlTemplate\":\"https:\\\/\\\/www.amanien.info\\\/news\\\/?s={search_term_string}\"},\"query-input\":{\"@type\":\"PropertyValueSpecification\",\"valueRequired\":true,\"valueName\":\"search_term_string\"}}],\"inLanguage\":\"fr-FR\"},{\"@type\":\"Person\",\"@id\":\"https:\\\/\\\/www.amanien.info\\\/news\\\/#\\\/schema\\\/person\\\/b21093345753a1a98242d505bd894f42\",\"name\":\"Germain Ndri\",\"url\":\"https:\\\/\\\/www.amanien.info\\\/news\\\/author\\\/amanien-infos\\\/\"}]}<\/script>\n<!-- \/ Yoast SEO plugin. -->","yoast_head_json":{"title":"Conseil des ministres: Le chef de l'\u00c9tat souhaite la consolidation de la paix et de la s\u00e9curit\u00e9 - Amanien| L&#039;actualit\u00e9 Ivoirienne et Internationale","robots":{"index":"index","follow":"follow","max-snippet":"max-snippet:-1","max-image-preview":"max-image-preview:large","max-video-preview":"max-video-preview:-1"},"canonical":"https:\/\/www.amanien.info\/news\/conseil-des-ministres-le-chef-de-letat-souhaite-la-consolidation-de-la-paix-et-de-la-securite\/","og_locale":"fr_FR","og_type":"article","og_title":"Conseil des ministres: Le chef de l'\u00c9tat souhaite la consolidation de la paix et de la s\u00e9curit\u00e9 - Amanien| L&#039;actualit\u00e9 Ivoirienne et Internationale","og_description":"Le Pr\u00e9sident de la R\u00e9publique, S.E.M. Alassane OUATTARA, a pr\u00e9sid\u00e9 ce mercredi 07 avril 2021, au Palais de la Pr\u00e9sidence de la R\u00e9publique, le premier Conseil des Ministres du nouveau Gouvernement, form\u00e9 le mardi 06 avril 2021. Intervenant \u00e0 cette occasion, le Chef de l\u2019Etat a rappel\u00e9 que la mise en place de ce nouveau [&hellip;]","og_url":"https:\/\/www.amanien.info\/news\/conseil-des-ministres-le-chef-de-letat-souhaite-la-consolidation-de-la-paix-et-de-la-securite\/","og_site_name":"Amanien| L&#039;actualit\u00e9 Ivoirienne et Internationale","article_published_time":"2021-04-08T09:47:10+00:00","article_modified_time":"2021-04-08T09:47:48+00:00","og_image":[{"width":720,"height":480,"url":"https:\/\/www.amanien.info\/news\/wp-content\/uploads\/2021\/04\/thumbnail.png","type":"image\/png"}],"author":"Germain Ndri","twitter_card":"summary_large_image","twitter_misc":{"\u00c9crit par":"Germain Ndri","Dur\u00e9e de lecture estim\u00e9e":"4 minutes"},"schema":{"@context":"https:\/\/schema.org","@graph":[{"@type":"Article","@id":"https:\/\/www.amanien.info\/news\/conseil-des-ministres-le-chef-de-letat-souhaite-la-consolidation-de-la-paix-et-de-la-securite\/#article","isPartOf":{"@id":"https:\/\/www.amanien.info\/news\/conseil-des-ministres-le-chef-de-letat-souhaite-la-consolidation-de-la-paix-et-de-la-securite\/"},"author":{"name":"Germain Ndri","@id":"https:\/\/www.amanien.info\/news\/#\/schema\/person\/b21093345753a1a98242d505bd894f42"},"headline":"Conseil des ministres: Le chef de l&rsquo;\u00c9tat souhaite la consolidation de la paix et de la s\u00e9curit\u00e9","datePublished":"2021-04-08T09:47:10+00:00","dateModified":"2021-04-08T09:47:48+00:00","mainEntityOfPage":{"@id":"https:\/\/www.amanien.info\/news\/conseil-des-ministres-le-chef-de-letat-souhaite-la-consolidation-de-la-paix-et-de-la-securite\/"},"wordCount":990,"image":{"@id":"https:\/\/www.amanien.info\/news\/conseil-des-ministres-le-chef-de-letat-souhaite-la-consolidation-de-la-paix-et-de-la-securite\/#primaryimage"},"thumbnailUrl":"https:\/\/www.amanien.info\/news\/wp-content\/uploads\/2021\/04\/thumbnail.png","inLanguage":"fr-FR"},{"@type":"WebPage","@id":"https:\/\/www.amanien.info\/news\/conseil-des-ministres-le-chef-de-letat-souhaite-la-consolidation-de-la-paix-et-de-la-securite\/","url":"https:\/\/www.amanien.info\/news\/conseil-des-ministres-le-chef-de-letat-souhaite-la-consolidation-de-la-paix-et-de-la-securite\/","name":"Conseil des ministres: Le chef de l'\u00c9tat souhaite la consolidation de la paix et de la s\u00e9curit\u00e9 - Amanien| L&#039;actualit\u00e9 Ivoirienne et Internationale","isPartOf":{"@id":"https:\/\/www.amanien.info\/news\/#website"},"primaryImageOfPage":{"@id":"https:\/\/www.amanien.info\/news\/conseil-des-ministres-le-chef-de-letat-souhaite-la-consolidation-de-la-paix-et-de-la-securite\/#primaryimage"},"image":{"@id":"https:\/\/www.amanien.info\/news\/conseil-des-ministres-le-chef-de-letat-souhaite-la-consolidation-de-la-paix-et-de-la-securite\/#primaryimage"},"thumbnailUrl":"https:\/\/www.amanien.info\/news\/wp-content\/uploads\/2021\/04\/thumbnail.png","datePublished":"2021-04-08T09:47:10+00:00","dateModified":"2021-04-08T09:47:48+00:00","author":{"@id":"https:\/\/www.amanien.info\/news\/#\/schema\/person\/b21093345753a1a98242d505bd894f42"},"breadcrumb":{"@id":"https:\/\/www.amanien.info\/news\/conseil-des-ministres-le-chef-de-letat-souhaite-la-consolidation-de-la-paix-et-de-la-securite\/#breadcrumb"},"inLanguage":"fr-FR","potentialAction":[{"@type":"ReadAction","target":["https:\/\/www.amanien.info\/news\/conseil-des-ministres-le-chef-de-letat-souhaite-la-consolidation-de-la-paix-et-de-la-securite\/"]}]},{"@type":"ImageObject","inLanguage":"fr-FR","@id":"https:\/\/www.amanien.info\/news\/conseil-des-ministres-le-chef-de-letat-souhaite-la-consolidation-de-la-paix-et-de-la-securite\/#primaryimage","url":"https:\/\/www.amanien.info\/news\/wp-content\/uploads\/2021\/04\/thumbnail.png","contentUrl":"https:\/\/www.amanien.info\/news\/wp-content\/uploads\/2021\/04\/thumbnail.png","width":720,"height":480},{"@type":"BreadcrumbList","@id":"https:\/\/www.amanien.info\/news\/conseil-des-ministres-le-chef-de-letat-souhaite-la-consolidation-de-la-paix-et-de-la-securite\/#breadcrumb","itemListElement":[{"@type":"ListItem","position":1,"name":"Accueil","item":"https:\/\/www.amanien.info\/news\/"},{"@type":"ListItem","position":2,"name":"Conseil des ministres: Le chef de l&rsquo;\u00c9tat souhaite la consolidation de la paix et de la s\u00e9curit\u00e9"}]},{"@type":"WebSite","@id":"https:\/\/www.amanien.info\/news\/#website","url":"https:\/\/www.amanien.info\/news\/","name":"Amanien| L&#039;actualit\u00e9 Ivoirienne et Internationale","description":"L&#039;actualit\u00e9 Ivoirienne et Internationale","potentialAction":[{"@type":"SearchAction","target":{"@type":"EntryPoint","urlTemplate":"https:\/\/www.amanien.info\/news\/?s={search_term_string}"},"query-input":{"@type":"PropertyValueSpecification","valueRequired":true,"valueName":"search_term_string"}}],"inLanguage":"fr-FR"},{"@type":"Person","@id":"https:\/\/www.amanien.info\/news\/#\/schema\/person\/b21093345753a1a98242d505bd894f42","name":"Germain Ndri","url":"https:\/\/www.amanien.info\/news\/author\/amanien-infos\/"}]}},"_links":{"self":[{"href":"https:\/\/www.amanien.info\/news\/wp-json\/wp\/v2\/posts\/2598","targetHints":{"allow":["GET"]}}],"collection":[{"href":"https:\/\/www.amanien.info\/news\/wp-json\/wp\/v2\/posts"}],"about":[{"href":"https:\/\/www.amanien.info\/news\/wp-json\/wp\/v2\/types\/post"}],"author":[{"embeddable":true,"href":"https:\/\/www.amanien.info\/news\/wp-json\/wp\/v2\/users\/2"}],"replies":[{"embeddable":true,"href":"https:\/\/www.amanien.info\/news\/wp-json\/wp\/v2\/comments?post=2598"}],"version-history":[{"count":0,"href":"https:\/\/www.amanien.info\/news\/wp-json\/wp\/v2\/posts\/2598\/revisions"}],"wp:featuredmedia":[{"embeddable":true,"href":"https:\/\/www.amanien.info\/news\/wp-json\/wp\/v2\/media\/2599"}],"wp:attachment":[{"href":"https:\/\/www.amanien.info\/news\/wp-json\/wp\/v2\/media?parent=2598"}],"wp:term":[{"taxonomy":"category","embeddable":true,"href":"https:\/\/www.amanien.info\/news\/wp-json\/wp\/v2\/categories?post=2598"},{"taxonomy":"post_tag","embeddable":true,"href":"https:\/\/www.amanien.info\/news\/wp-json\/wp\/v2\/tags?post=2598"}],"curies":[{"name":"wp","href":"https:\/\/api.w.org\/{rel}","templated":true}]}}