{"id":2497,"date":"2021-03-19T19:13:07","date_gmt":"2021-03-19T18:13:07","guid":{"rendered":"http:\/\/https:\/\/zozo.buyee.jp\/\/news\/?p=2497"},"modified":"2021-03-19T19:13:30","modified_gmt":"2021-03-19T18:13:30","slug":"seguela-la-cote-divoire-mobilisee-pour-rendre-un-ultime-hommage-a-hamed-bakayoko","status":"publish","type":"post","link":"https:\/\/www.amanien.info\/news\/seguela-la-cote-divoire-mobilisee-pour-rendre-un-ultime-hommage-a-hamed-bakayoko\/","title":{"rendered":"S\u00e9gu\u00e9la :La C\u00f4te d\u2019Ivoire mobilis\u00e9e pour rendre un ultime hommage \u00e0 Hamed Bakayoko"},"content":{"rendered":"<p>Les populations de toutes les R\u00e9gions du pays ont salu\u00e9 les qualit\u00e9s de leader et de bienfaiteur du regrett\u00e9 Premier ministre Hamed Bakayoko, d\u00e9c\u00e9d\u00e9 \u00e0 l\u2019\u00e2ge de 56 ans, le 10 mars dernier \u00e0 Fribourg en Allemagne des suites d\u2019un cancer fulgurant.<\/p>\n<p>Les diff\u00e9rents porte-paroles qui se sont succ\u00e9d\u00e9 au pupitre au stade Losseni Soumahoro de S\u00e9gu\u00e9la ont tous relev\u00e9 la magnanimit\u00e9 du d\u00e9funt, son d\u00e9vouement au travail et sa loyaut\u00e9 au pr\u00e9sident de la R\u00e9publique Alassane Ouattara.\u00a0 Ils ont soulign\u00e9 son acharnement au travail, par le don de soi. Tous ont reconnu le r\u00f4le de trait d&rsquo;union jou\u00e9 par feu le Premier ministre Hamed Bakayoko entre l\u2019opposition et le pouvoir. \u00ab\u00a0Hamed Bakayoko s\u2019est engag\u00e9 \u00e0 faciliter le dialogue politique qui a abouti \u00e0 des \u00e9lections inclusives et transparentes.\u00a0\u00bb, a t\u00e9moign\u00e9 Dr Aka Ou\u00e9l\u00e9, porte-parole du district de la Como\u00e9.<\/p>\n<p>Pour les orateurs, le d\u00e9c\u00e8s brusque d\u2019Hamed Bakayoko reste une symphonie inachev\u00e9e d\u2019un homme bon, caritatif et aimable. \u00a0\u00bb Il savait faire beaucoup avec le peu qui \u00e9tait \u00e0 sa disposition.\u00a0\u00bb, confie le ministre Anobl\u00e9 F\u00e9lix. Les Ivoiriens ont donc appr\u00e9ci\u00e9 l\u2019immense contribution du Chef du gouvernement dans la mise en \u0153uvre du processus de vivre ensemble. Ils ont tous souhait\u00e9 un bon repos \u00e0 l\u2019\u00e2me de l\u2019illustre disparu avant de faire des dons en nature et en esp\u00e8ces \u00e0 sa famille.<\/p>\n<p>Le Rhdp, son parti pr\u00e9sent aux c\u00f4t\u00e9s des populations ivoiriennes, a offert encore 30 millions de Francs cfa.<\/p>\n<p>&nbsp;<\/p>\n","protected":false},"excerpt":{"rendered":"<p>Les populations de toutes les R\u00e9gions du pays ont salu\u00e9 les qualit\u00e9s de leader et de bienfaiteur du regrett\u00e9 Premier ministre Hamed Bakayoko, d\u00e9c\u00e9d\u00e9 \u00e0 l\u2019\u00e2ge de 56 ans, le 10 mars dernier \u00e0 Fribourg en Allemagne des suites d\u2019un cancer fulgurant. Les diff\u00e9rents porte-paroles qui se sont succ\u00e9d\u00e9 au pupitre au stade Losseni Soumahoro [&hellip;]<\/p>\n","protected":false},"author":2,"featured_media":2498,"comment_status":"closed","ping_status":"closed","sticky":true,"template":"","format":"standard","meta":{"_acf_changed":false,"footnotes":""},"categories":[],"tags":[],"class_list":["post-2497","post","type-post","status-publish","format-standard","has-post-thumbnail","hentry"],"acf":[],"yoast_head":"<!-- This site is optimized with the Yoast SEO plugin v27.5 - https:\/\/yoast.com\/product\/yoast-seo-wordpress\/ -->\n<title>S\u00e9gu\u00e9la :La C\u00f4te d\u2019Ivoire mobilis\u00e9e pour rendre un ultime hommage \u00e0 Hamed Bakayoko - Amanien| L&#039;actualit\u00e9 Ivoirienne et Internationale<\/title>\n<meta name=\"robots\" content=\"index, follow, max-snippet:-1, max-image-preview:large, max-video-preview:-1\" \/>\n<link rel=\"canonical\" href=\"https:\/\/www.amanien.info\/news\/seguela-la-cote-divoire-mobilisee-pour-rendre-un-ultime-hommage-a-hamed-bakayoko\/\" \/>\n<meta property=\"og:locale\" content=\"fr_FR\" \/>\n<meta property=\"og:type\" content=\"article\" \/>\n<meta property=\"og:title\" content=\"S\u00e9gu\u00e9la :La C\u00f4te d\u2019Ivoire mobilis\u00e9e pour rendre un ultime hommage \u00e0 Hamed Bakayoko - Amanien| L&#039;actualit\u00e9 Ivoirienne et Internationale\" \/>\n<meta property=\"og:description\" content=\"Les populations de toutes les R\u00e9gions du pays ont salu\u00e9 les qualit\u00e9s de leader et de bienfaiteur du regrett\u00e9 Premier ministre Hamed Bakayoko, d\u00e9c\u00e9d\u00e9 \u00e0 l\u2019\u00e2ge de 56 ans, le 10 mars dernier \u00e0 Fribourg en Allemagne des suites d\u2019un cancer fulgurant. Les diff\u00e9rents porte-paroles qui se sont succ\u00e9d\u00e9 au pupitre au stade Losseni Soumahoro [&hellip;]\" \/>\n<meta property=\"og:url\" content=\"https:\/\/www.amanien.info\/news\/seguela-la-cote-divoire-mobilisee-pour-rendre-un-ultime-hommage-a-hamed-bakayoko\/\" \/>\n<meta property=\"og:site_name\" content=\"Amanien| L&#039;actualit\u00e9 Ivoirienne et Internationale\" \/>\n<meta property=\"article:published_time\" content=\"2021-03-19T18:13:07+00:00\" \/>\n<meta property=\"article:modified_time\" content=\"2021-03-19T18:13:30+00:00\" \/>\n<meta property=\"og:image\" content=\"https:\/\/www.amanien.info\/news\/wp-content\/uploads\/2021\/03\/C55R1191.jpg\" \/>\n\t<meta property=\"og:image:width\" content=\"720\" \/>\n\t<meta property=\"og:image:height\" content=\"381\" \/>\n\t<meta property=\"og:image:type\" content=\"image\/jpeg\" \/>\n<meta name=\"author\" content=\"Germain Ndri\" \/>\n<meta name=\"twitter:card\" content=\"summary_large_image\" \/>\n<meta name=\"twitter:label1\" content=\"\u00c9crit par\" \/>\n\t<meta name=\"twitter:data1\" content=\"Germain Ndri\" \/>\n\t<meta name=\"twitter:label2\" content=\"Dur\u00e9e de lecture estim\u00e9e\" \/>\n\t<meta name=\"twitter:data2\" content=\"1 minute\" \/>\n<script type=\"application\/ld+json\" class=\"yoast-schema-graph\">{\"@context\":\"https:\\\/\\\/schema.org\",\"@graph\":[{\"@type\":\"Article\",\"@id\":\"https:\\\/\\\/www.amanien.info\\\/news\\\/seguela-la-cote-divoire-mobilisee-pour-rendre-un-ultime-hommage-a-hamed-bakayoko\\\/#article\",\"isPartOf\":{\"@id\":\"https:\\\/\\\/www.amanien.info\\\/news\\\/seguela-la-cote-divoire-mobilisee-pour-rendre-un-ultime-hommage-a-hamed-bakayoko\\\/\"},\"author\":{\"name\":\"Germain Ndri\",\"@id\":\"https:\\\/\\\/www.amanien.info\\\/news\\\/#\\\/schema\\\/person\\\/b21093345753a1a98242d505bd894f42\"},\"headline\":\"S\u00e9gu\u00e9la :La C\u00f4te d\u2019Ivoire mobilis\u00e9e pour rendre un ultime hommage \u00e0 Hamed Bakayoko\",\"datePublished\":\"2021-03-19T18:13:07+00:00\",\"dateModified\":\"2021-03-19T18:13:30+00:00\",\"mainEntityOfPage\":{\"@id\":\"https:\\\/\\\/www.amanien.info\\\/news\\\/seguela-la-cote-divoire-mobilisee-pour-rendre-un-ultime-hommage-a-hamed-bakayoko\\\/\"},\"wordCount\":281,\"image\":{\"@id\":\"https:\\\/\\\/www.amanien.info\\\/news\\\/seguela-la-cote-divoire-mobilisee-pour-rendre-un-ultime-hommage-a-hamed-bakayoko\\\/#primaryimage\"},\"thumbnailUrl\":\"https:\\\/\\\/www.amanien.info\\\/news\\\/wp-content\\\/uploads\\\/2021\\\/03\\\/C55R1191.jpg\",\"inLanguage\":\"fr-FR\"},{\"@type\":\"WebPage\",\"@id\":\"https:\\\/\\\/www.amanien.info\\\/news\\\/seguela-la-cote-divoire-mobilisee-pour-rendre-un-ultime-hommage-a-hamed-bakayoko\\\/\",\"url\":\"https:\\\/\\\/www.amanien.info\\\/news\\\/seguela-la-cote-divoire-mobilisee-pour-rendre-un-ultime-hommage-a-hamed-bakayoko\\\/\",\"name\":\"S\u00e9gu\u00e9la :La C\u00f4te d\u2019Ivoire mobilis\u00e9e pour rendre un ultime hommage \u00e0 Hamed Bakayoko - Amanien| L&#039;actualit\u00e9 Ivoirienne et Internationale\",\"isPartOf\":{\"@id\":\"https:\\\/\\\/www.amanien.info\\\/news\\\/#website\"},\"primaryImageOfPage\":{\"@id\":\"https:\\\/\\\/www.amanien.info\\\/news\\\/seguela-la-cote-divoire-mobilisee-pour-rendre-un-ultime-hommage-a-hamed-bakayoko\\\/#primaryimage\"},\"image\":{\"@id\":\"https:\\\/\\\/www.amanien.info\\\/news\\\/seguela-la-cote-divoire-mobilisee-pour-rendre-un-ultime-hommage-a-hamed-bakayoko\\\/#primaryimage\"},\"thumbnailUrl\":\"https:\\\/\\\/www.amanien.info\\\/news\\\/wp-content\\\/uploads\\\/2021\\\/03\\\/C55R1191.jpg\",\"datePublished\":\"2021-03-19T18:13:07+00:00\",\"dateModified\":\"2021-03-19T18:13:30+00:00\",\"author\":{\"@id\":\"https:\\\/\\\/www.amanien.info\\\/news\\\/#\\\/schema\\\/person\\\/b21093345753a1a98242d505bd894f42\"},\"breadcrumb\":{\"@id\":\"https:\\\/\\\/www.amanien.info\\\/news\\\/seguela-la-cote-divoire-mobilisee-pour-rendre-un-ultime-hommage-a-hamed-bakayoko\\\/#breadcrumb\"},\"inLanguage\":\"fr-FR\",\"potentialAction\":[{\"@type\":\"ReadAction\",\"target\":[\"https:\\\/\\\/www.amanien.info\\\/news\\\/seguela-la-cote-divoire-mobilisee-pour-rendre-un-ultime-hommage-a-hamed-bakayoko\\\/\"]}]},{\"@type\":\"ImageObject\",\"inLanguage\":\"fr-FR\",\"@id\":\"https:\\\/\\\/www.amanien.info\\\/news\\\/seguela-la-cote-divoire-mobilisee-pour-rendre-un-ultime-hommage-a-hamed-bakayoko\\\/#primaryimage\",\"url\":\"https:\\\/\\\/www.amanien.info\\\/news\\\/wp-content\\\/uploads\\\/2021\\\/03\\\/C55R1191.jpg\",\"contentUrl\":\"https:\\\/\\\/www.amanien.info\\\/news\\\/wp-content\\\/uploads\\\/2021\\\/03\\\/C55R1191.jpg\",\"width\":720,\"height\":381},{\"@type\":\"BreadcrumbList\",\"@id\":\"https:\\\/\\\/www.amanien.info\\\/news\\\/seguela-la-cote-divoire-mobilisee-pour-rendre-un-ultime-hommage-a-hamed-bakayoko\\\/#breadcrumb\",\"itemListElement\":[{\"@type\":\"ListItem\",\"position\":1,\"name\":\"Accueil\",\"item\":\"https:\\\/\\\/www.amanien.info\\\/news\\\/\"},{\"@type\":\"ListItem\",\"position\":2,\"name\":\"S\u00e9gu\u00e9la :La C\u00f4te d\u2019Ivoire mobilis\u00e9e pour rendre un ultime hommage \u00e0 Hamed Bakayoko\"}]},{\"@type\":\"WebSite\",\"@id\":\"https:\\\/\\\/www.amanien.info\\\/news\\\/#website\",\"url\":\"https:\\\/\\\/www.amanien.info\\\/news\\\/\",\"name\":\"Amanien| L&#039;actualit\u00e9 Ivoirienne et Internationale\",\"description\":\"L&#039;actualit\u00e9 Ivoirienne et Internationale\",\"potentialAction\":[{\"@type\":\"SearchAction\",\"target\":{\"@type\":\"EntryPoint\",\"urlTemplate\":\"https:\\\/\\\/www.amanien.info\\\/news\\\/?s={search_term_string}\"},\"query-input\":{\"@type\":\"PropertyValueSpecification\",\"valueRequired\":true,\"valueName\":\"search_term_string\"}}],\"inLanguage\":\"fr-FR\"},{\"@type\":\"Person\",\"@id\":\"https:\\\/\\\/www.amanien.info\\\/news\\\/#\\\/schema\\\/person\\\/b21093345753a1a98242d505bd894f42\",\"name\":\"Germain Ndri\",\"url\":\"https:\\\/\\\/www.amanien.info\\\/news\\\/author\\\/amanien-infos\\\/\"}]}<\/script>\n<!-- \/ Yoast SEO plugin. -->","yoast_head_json":{"title":"S\u00e9gu\u00e9la :La C\u00f4te d\u2019Ivoire mobilis\u00e9e pour rendre un ultime hommage \u00e0 Hamed Bakayoko - Amanien| L&#039;actualit\u00e9 Ivoirienne et Internationale","robots":{"index":"index","follow":"follow","max-snippet":"max-snippet:-1","max-image-preview":"max-image-preview:large","max-video-preview":"max-video-preview:-1"},"canonical":"https:\/\/www.amanien.info\/news\/seguela-la-cote-divoire-mobilisee-pour-rendre-un-ultime-hommage-a-hamed-bakayoko\/","og_locale":"fr_FR","og_type":"article","og_title":"S\u00e9gu\u00e9la :La C\u00f4te d\u2019Ivoire mobilis\u00e9e pour rendre un ultime hommage \u00e0 Hamed Bakayoko - Amanien| L&#039;actualit\u00e9 Ivoirienne et Internationale","og_description":"Les populations de toutes les R\u00e9gions du pays ont salu\u00e9 les qualit\u00e9s de leader et de bienfaiteur du regrett\u00e9 Premier ministre Hamed Bakayoko, d\u00e9c\u00e9d\u00e9 \u00e0 l\u2019\u00e2ge de 56 ans, le 10 mars dernier \u00e0 Fribourg en Allemagne des suites d\u2019un cancer fulgurant. Les diff\u00e9rents porte-paroles qui se sont succ\u00e9d\u00e9 au pupitre au stade Losseni Soumahoro [&hellip;]","og_url":"https:\/\/www.amanien.info\/news\/seguela-la-cote-divoire-mobilisee-pour-rendre-un-ultime-hommage-a-hamed-bakayoko\/","og_site_name":"Amanien| L&#039;actualit\u00e9 Ivoirienne et Internationale","article_published_time":"2021-03-19T18:13:07+00:00","article_modified_time":"2021-03-19T18:13:30+00:00","og_image":[{"width":720,"height":381,"url":"https:\/\/www.amanien.info\/news\/wp-content\/uploads\/2021\/03\/C55R1191.jpg","type":"image\/jpeg"}],"author":"Germain Ndri","twitter_card":"summary_large_image","twitter_misc":{"\u00c9crit par":"Germain Ndri","Dur\u00e9e de lecture estim\u00e9e":"1 minute"},"schema":{"@context":"https:\/\/schema.org","@graph":[{"@type":"Article","@id":"https:\/\/www.amanien.info\/news\/seguela-la-cote-divoire-mobilisee-pour-rendre-un-ultime-hommage-a-hamed-bakayoko\/#article","isPartOf":{"@id":"https:\/\/www.amanien.info\/news\/seguela-la-cote-divoire-mobilisee-pour-rendre-un-ultime-hommage-a-hamed-bakayoko\/"},"author":{"name":"Germain Ndri","@id":"https:\/\/www.amanien.info\/news\/#\/schema\/person\/b21093345753a1a98242d505bd894f42"},"headline":"S\u00e9gu\u00e9la :La C\u00f4te d\u2019Ivoire mobilis\u00e9e pour rendre un ultime hommage \u00e0 Hamed Bakayoko","datePublished":"2021-03-19T18:13:07+00:00","dateModified":"2021-03-19T18:13:30+00:00","mainEntityOfPage":{"@id":"https:\/\/www.amanien.info\/news\/seguela-la-cote-divoire-mobilisee-pour-rendre-un-ultime-hommage-a-hamed-bakayoko\/"},"wordCount":281,"image":{"@id":"https:\/\/www.amanien.info\/news\/seguela-la-cote-divoire-mobilisee-pour-rendre-un-ultime-hommage-a-hamed-bakayoko\/#primaryimage"},"thumbnailUrl":"https:\/\/www.amanien.info\/news\/wp-content\/uploads\/2021\/03\/C55R1191.jpg","inLanguage":"fr-FR"},{"@type":"WebPage","@id":"https:\/\/www.amanien.info\/news\/seguela-la-cote-divoire-mobilisee-pour-rendre-un-ultime-hommage-a-hamed-bakayoko\/","url":"https:\/\/www.amanien.info\/news\/seguela-la-cote-divoire-mobilisee-pour-rendre-un-ultime-hommage-a-hamed-bakayoko\/","name":"S\u00e9gu\u00e9la :La C\u00f4te d\u2019Ivoire mobilis\u00e9e pour rendre un ultime hommage \u00e0 Hamed Bakayoko - Amanien| L&#039;actualit\u00e9 Ivoirienne et Internationale","isPartOf":{"@id":"https:\/\/www.amanien.info\/news\/#website"},"primaryImageOfPage":{"@id":"https:\/\/www.amanien.info\/news\/seguela-la-cote-divoire-mobilisee-pour-rendre-un-ultime-hommage-a-hamed-bakayoko\/#primaryimage"},"image":{"@id":"https:\/\/www.amanien.info\/news\/seguela-la-cote-divoire-mobilisee-pour-rendre-un-ultime-hommage-a-hamed-bakayoko\/#primaryimage"},"thumbnailUrl":"https:\/\/www.amanien.info\/news\/wp-content\/uploads\/2021\/03\/C55R1191.jpg","datePublished":"2021-03-19T18:13:07+00:00","dateModified":"2021-03-19T18:13:30+00:00","author":{"@id":"https:\/\/www.amanien.info\/news\/#\/schema\/person\/b21093345753a1a98242d505bd894f42"},"breadcrumb":{"@id":"https:\/\/www.amanien.info\/news\/seguela-la-cote-divoire-mobilisee-pour-rendre-un-ultime-hommage-a-hamed-bakayoko\/#breadcrumb"},"inLanguage":"fr-FR","potentialAction":[{"@type":"ReadAction","target":["https:\/\/www.amanien.info\/news\/seguela-la-cote-divoire-mobilisee-pour-rendre-un-ultime-hommage-a-hamed-bakayoko\/"]}]},{"@type":"ImageObject","inLanguage":"fr-FR","@id":"https:\/\/www.amanien.info\/news\/seguela-la-cote-divoire-mobilisee-pour-rendre-un-ultime-hommage-a-hamed-bakayoko\/#primaryimage","url":"https:\/\/www.amanien.info\/news\/wp-content\/uploads\/2021\/03\/C55R1191.jpg","contentUrl":"https:\/\/www.amanien.info\/news\/wp-content\/uploads\/2021\/03\/C55R1191.jpg","width":720,"height":381},{"@type":"BreadcrumbList","@id":"https:\/\/www.amanien.info\/news\/seguela-la-cote-divoire-mobilisee-pour-rendre-un-ultime-hommage-a-hamed-bakayoko\/#breadcrumb","itemListElement":[{"@type":"ListItem","position":1,"name":"Accueil","item":"https:\/\/www.amanien.info\/news\/"},{"@type":"ListItem","position":2,"name":"S\u00e9gu\u00e9la :La C\u00f4te d\u2019Ivoire mobilis\u00e9e pour rendre un ultime hommage \u00e0 Hamed Bakayoko"}]},{"@type":"WebSite","@id":"https:\/\/www.amanien.info\/news\/#website","url":"https:\/\/www.amanien.info\/news\/","name":"Amanien| L&#039;actualit\u00e9 Ivoirienne et Internationale","description":"L&#039;actualit\u00e9 Ivoirienne et Internationale","potentialAction":[{"@type":"SearchAction","target":{"@type":"EntryPoint","urlTemplate":"https:\/\/www.amanien.info\/news\/?s={search_term_string}"},"query-input":{"@type":"PropertyValueSpecification","valueRequired":true,"valueName":"search_term_string"}}],"inLanguage":"fr-FR"},{"@type":"Person","@id":"https:\/\/www.amanien.info\/news\/#\/schema\/person\/b21093345753a1a98242d505bd894f42","name":"Germain Ndri","url":"https:\/\/www.amanien.info\/news\/author\/amanien-infos\/"}]}},"_links":{"self":[{"href":"https:\/\/www.amanien.info\/news\/wp-json\/wp\/v2\/posts\/2497","targetHints":{"allow":["GET"]}}],"collection":[{"href":"https:\/\/www.amanien.info\/news\/wp-json\/wp\/v2\/posts"}],"about":[{"href":"https:\/\/www.amanien.info\/news\/wp-json\/wp\/v2\/types\/post"}],"author":[{"embeddable":true,"href":"https:\/\/www.amanien.info\/news\/wp-json\/wp\/v2\/users\/2"}],"replies":[{"embeddable":true,"href":"https:\/\/www.amanien.info\/news\/wp-json\/wp\/v2\/comments?post=2497"}],"version-history":[{"count":0,"href":"https:\/\/www.amanien.info\/news\/wp-json\/wp\/v2\/posts\/2497\/revisions"}],"wp:featuredmedia":[{"embeddable":true,"href":"https:\/\/www.amanien.info\/news\/wp-json\/wp\/v2\/media\/2498"}],"wp:attachment":[{"href":"https:\/\/www.amanien.info\/news\/wp-json\/wp\/v2\/media?parent=2497"}],"wp:term":[{"taxonomy":"category","embeddable":true,"href":"https:\/\/www.amanien.info\/news\/wp-json\/wp\/v2\/categories?post=2497"},{"taxonomy":"post_tag","embeddable":true,"href":"https:\/\/www.amanien.info\/news\/wp-json\/wp\/v2\/tags?post=2497"}],"curies":[{"name":"wp","href":"https:\/\/api.w.org\/{rel}","templated":true}]}}