{"id":2488,"date":"2021-03-18T08:30:51","date_gmt":"2021-03-18T07:30:51","guid":{"rendered":"http:\/\/https:\/\/zozo.buyee.jp\/\/news\/?p=2488"},"modified":"2021-03-18T08:31:14","modified_gmt":"2021-03-18T07:31:14","slug":"leon-riviere-komenan-expert-en-genre-et-developpement-organise-la-3e-seance-de-formation-sur-le-coaching-integral-pour-tous","status":"publish","type":"post","link":"https:\/\/www.amanien.info\/news\/leon-riviere-komenan-expert-en-genre-et-developpement-organise-la-3e-seance-de-formation-sur-le-coaching-integral-pour-tous\/","title":{"rendered":"L\u00e9on Rivi\u00e8re Komenan, Expert en Genre et D\u00e9veloppement organise la 3e s\u00e9ance de formation sur le coaching int\u00e9gral pour tous"},"content":{"rendered":"<p>\u00ab\u00a0Devenir la meilleure version de soi\u00a0\u00bb. C&rsquo;est autour de ce th\u00e8me que l&rsquo;Expert en Genre et D\u00e9veloppement, M. L\u00e9on Rivi\u00e8re Komenan a organis\u00e9, ce dimanche 14 mars 2021 \u00e0 Ivotel sis au Plateau, la 3e s\u00e9ance de formation sur le coaching int\u00e9gral pour tous.<\/p>\n<p>&lt;&lt; L&rsquo;objectif de cette troisi\u00e8me s\u00e9ance de formation est de donner des outils d&rsquo;accompagnement \u00e0 chacun et chacune afin que, dans son milieu de vie, il puisse se transformer et transformer les autres&gt;&gt; a indiqu\u00e9 le Coach, L\u00e9on Rivi\u00e8re Komenan.<\/p>\n<p>Et d&rsquo;ajouter : &lt;&lt; Nous avons diff\u00e9rentes difficult\u00e9s telles que le regret, l&rsquo;abandon, l&rsquo;injustice, la trahison, l&rsquo;humiliation. Nous sommes confront\u00e9s \u00e0 diff\u00e9rents d\u00e9fis vis-\u00e0-vis de nous-m\u00eames, de nos proches. Le but de notre existence, c&rsquo;est de vivre heureux. Donc, pour cela, cet exercice nous permet de d\u00e9couvrir notre essence et de permettre l&rsquo;essence de pouvoir se transformer&gt;&gt; a-t-il poursuivi.<\/p>\n<p>Mieux, les participants ont \u00e9t\u00e9 instruits sur le processus de transformation et de pouvoir se d\u00e9couvrir, se conna\u00eetre, s&rsquo;aimer, s&rsquo;estimer afin de pouvoir \u00eatre au meilleur de leur existence.<\/p>\n<p>C&rsquo;est ce cheminement que l&rsquo;Expert en Genre et D\u00e9veloppement, L\u00e9on Rivi\u00e8re Komenan a essay\u00e9 de donner gratuitement aux 200 personnes qui sont venues prendre part \u00e0 cette 3e s\u00e9ance de formation.<\/p>\n<p>Aussi a-t-il pr\u00e9cis\u00e9 que ces trois premi\u00e8res s\u00e9ances de formation sur le coaching int\u00e9gral repr\u00e9sentent un brainstorming, c&rsquo;est-\u00e0-dire recueillir les besoins qui sont multiples et accompagner les participants.<\/p>\n<p>A l&rsquo;en croire, cette troisi\u00e8me s\u00e9ance de formation va permettre aux participants de s&rsquo;aimer un peu plus, de se faire confiance, de savoir que la vie est une opportunit\u00e9, d&rsquo;avoir une bonne perception d&rsquo;eux-m\u00eames, de croire en eux et d&rsquo;atteindre l&rsquo;essence de leur vie.<br \/>\n&lt;&lt; Beaucoup manquent de chemin. Je pense que nous sommes l\u00e0 pour pouvoir aider ces personnes-l\u00e0, qui meurent dans leur silence. Nous faisons en sorte qu&rsquo;on puisse restaurer des gens dans notre accompagnement et montrer que le coaching est un outil important pour chacun et chacune de nous. C&rsquo;est notre mission&gt;&gt; a conclu Coach L\u00e9on Rivi\u00e8re Komenan.<\/p>\n<p>Dj\u00e9zou Val\u00e8re, \u00c9crivain et Sp\u00e9cialiste en art oratoire a, pour sa part, entretenu les participants sur la prise de parole et des exercices de prononciation, de lecture, de respiration pratiques.<\/p>\n<p>Ce coaching int\u00e9gral pour tous concerne au moins quinze (15) domaines de l&rsquo;homme dont 2 ont \u00e9t\u00e9 d\u00e9j\u00e0 d\u00e9velopp\u00e9s.<br \/>\nNotons que ces s\u00e9ances de formation sont des s\u00e9ances d&rsquo;exploration et sont, pour le moment, organis\u00e9es une fois par mois.<\/p>\n<p>&nbsp;<\/p>\n<p>Sunday Alain<\/p>\n","protected":false},"excerpt":{"rendered":"<p>\u00ab\u00a0Devenir la meilleure version de soi\u00a0\u00bb. C&rsquo;est autour de ce th\u00e8me que l&rsquo;Expert en Genre et D\u00e9veloppement, M. L\u00e9on Rivi\u00e8re Komenan a organis\u00e9, ce dimanche 14 mars 2021 \u00e0 Ivotel sis au Plateau, la 3e s\u00e9ance de formation sur le coaching int\u00e9gral pour tous. &lt;&lt; L&rsquo;objectif de cette troisi\u00e8me s\u00e9ance de formation est de donner [&hellip;]<\/p>\n","protected":false},"author":2,"featured_media":2487,"comment_status":"closed","ping_status":"closed","sticky":true,"template":"","format":"standard","meta":{"_acf_changed":false,"footnotes":""},"categories":[],"tags":[],"class_list":["post-2488","post","type-post","status-publish","format-standard","has-post-thumbnail","hentry"],"acf":[],"yoast_head":"<!-- This site is optimized with the Yoast SEO plugin v27.5 - https:\/\/yoast.com\/product\/yoast-seo-wordpress\/ -->\n<title>L\u00e9on Rivi\u00e8re Komenan, Expert en Genre et D\u00e9veloppement organise la 3e s\u00e9ance de formation sur le coaching int\u00e9gral pour tous - Amanien| L&#039;actualit\u00e9 Ivoirienne et Internationale<\/title>\n<meta name=\"robots\" content=\"index, follow, max-snippet:-1, max-image-preview:large, max-video-preview:-1\" \/>\n<link rel=\"canonical\" href=\"https:\/\/www.amanien.info\/news\/leon-riviere-komenan-expert-en-genre-et-developpement-organise-la-3e-seance-de-formation-sur-le-coaching-integral-pour-tous\/\" \/>\n<meta property=\"og:locale\" content=\"fr_FR\" \/>\n<meta property=\"og:type\" content=\"article\" \/>\n<meta property=\"og:title\" content=\"L\u00e9on Rivi\u00e8re Komenan, Expert en Genre et D\u00e9veloppement organise la 3e s\u00e9ance de formation sur le coaching int\u00e9gral pour tous - Amanien| L&#039;actualit\u00e9 Ivoirienne et Internationale\" \/>\n<meta property=\"og:description\" content=\"\u00ab\u00a0Devenir la meilleure version de soi\u00a0\u00bb. C&rsquo;est autour de ce th\u00e8me que l&rsquo;Expert en Genre et D\u00e9veloppement, M. L\u00e9on Rivi\u00e8re Komenan a organis\u00e9, ce dimanche 14 mars 2021 \u00e0 Ivotel sis au Plateau, la 3e s\u00e9ance de formation sur le coaching int\u00e9gral pour tous. &lt;&lt; L&rsquo;objectif de cette troisi\u00e8me s\u00e9ance de formation est de donner [&hellip;]\" \/>\n<meta property=\"og:url\" content=\"https:\/\/www.amanien.info\/news\/leon-riviere-komenan-expert-en-genre-et-developpement-organise-la-3e-seance-de-formation-sur-le-coaching-integral-pour-tous\/\" \/>\n<meta property=\"og:site_name\" content=\"Amanien| L&#039;actualit\u00e9 Ivoirienne et Internationale\" \/>\n<meta property=\"article:published_time\" content=\"2021-03-18T07:30:51+00:00\" \/>\n<meta property=\"article:modified_time\" content=\"2021-03-18T07:31:14+00:00\" \/>\n<meta property=\"og:image\" content=\"https:\/\/www.amanien.info\/news\/wp-content\/uploads\/2021\/03\/thumbnail-11.jpg\" \/>\n\t<meta property=\"og:image:width\" content=\"1080\" \/>\n\t<meta property=\"og:image:height\" content=\"810\" \/>\n\t<meta property=\"og:image:type\" content=\"image\/jpeg\" \/>\n<meta name=\"author\" content=\"Germain Ndri\" \/>\n<meta name=\"twitter:card\" content=\"summary_large_image\" \/>\n<meta name=\"twitter:label1\" content=\"\u00c9crit par\" \/>\n\t<meta name=\"twitter:data1\" content=\"Germain Ndri\" \/>\n\t<meta name=\"twitter:label2\" content=\"Dur\u00e9e de lecture estim\u00e9e\" \/>\n\t<meta name=\"twitter:data2\" content=\"2 minutes\" \/>\n<script type=\"application\/ld+json\" class=\"yoast-schema-graph\">{\"@context\":\"https:\\\/\\\/schema.org\",\"@graph\":[{\"@type\":\"Article\",\"@id\":\"https:\\\/\\\/www.amanien.info\\\/news\\\/leon-riviere-komenan-expert-en-genre-et-developpement-organise-la-3e-seance-de-formation-sur-le-coaching-integral-pour-tous\\\/#article\",\"isPartOf\":{\"@id\":\"https:\\\/\\\/www.amanien.info\\\/news\\\/leon-riviere-komenan-expert-en-genre-et-developpement-organise-la-3e-seance-de-formation-sur-le-coaching-integral-pour-tous\\\/\"},\"author\":{\"name\":\"Germain Ndri\",\"@id\":\"https:\\\/\\\/www.amanien.info\\\/news\\\/#\\\/schema\\\/person\\\/b21093345753a1a98242d505bd894f42\"},\"headline\":\"L\u00e9on Rivi\u00e8re Komenan, Expert en Genre et D\u00e9veloppement organise la 3e s\u00e9ance de formation sur le coaching int\u00e9gral pour tous\",\"datePublished\":\"2021-03-18T07:30:51+00:00\",\"dateModified\":\"2021-03-18T07:31:14+00:00\",\"mainEntityOfPage\":{\"@id\":\"https:\\\/\\\/www.amanien.info\\\/news\\\/leon-riviere-komenan-expert-en-genre-et-developpement-organise-la-3e-seance-de-formation-sur-le-coaching-integral-pour-tous\\\/\"},\"wordCount\":498,\"image\":{\"@id\":\"https:\\\/\\\/www.amanien.info\\\/news\\\/leon-riviere-komenan-expert-en-genre-et-developpement-organise-la-3e-seance-de-formation-sur-le-coaching-integral-pour-tous\\\/#primaryimage\"},\"thumbnailUrl\":\"https:\\\/\\\/www.amanien.info\\\/news\\\/wp-content\\\/uploads\\\/2021\\\/03\\\/thumbnail-11.jpg\",\"inLanguage\":\"fr-FR\"},{\"@type\":\"WebPage\",\"@id\":\"https:\\\/\\\/www.amanien.info\\\/news\\\/leon-riviere-komenan-expert-en-genre-et-developpement-organise-la-3e-seance-de-formation-sur-le-coaching-integral-pour-tous\\\/\",\"url\":\"https:\\\/\\\/www.amanien.info\\\/news\\\/leon-riviere-komenan-expert-en-genre-et-developpement-organise-la-3e-seance-de-formation-sur-le-coaching-integral-pour-tous\\\/\",\"name\":\"L\u00e9on Rivi\u00e8re Komenan, Expert en Genre et D\u00e9veloppement organise la 3e s\u00e9ance de formation sur le coaching int\u00e9gral pour tous - Amanien| L&#039;actualit\u00e9 Ivoirienne et Internationale\",\"isPartOf\":{\"@id\":\"https:\\\/\\\/www.amanien.info\\\/news\\\/#website\"},\"primaryImageOfPage\":{\"@id\":\"https:\\\/\\\/www.amanien.info\\\/news\\\/leon-riviere-komenan-expert-en-genre-et-developpement-organise-la-3e-seance-de-formation-sur-le-coaching-integral-pour-tous\\\/#primaryimage\"},\"image\":{\"@id\":\"https:\\\/\\\/www.amanien.info\\\/news\\\/leon-riviere-komenan-expert-en-genre-et-developpement-organise-la-3e-seance-de-formation-sur-le-coaching-integral-pour-tous\\\/#primaryimage\"},\"thumbnailUrl\":\"https:\\\/\\\/www.amanien.info\\\/news\\\/wp-content\\\/uploads\\\/2021\\\/03\\\/thumbnail-11.jpg\",\"datePublished\":\"2021-03-18T07:30:51+00:00\",\"dateModified\":\"2021-03-18T07:31:14+00:00\",\"author\":{\"@id\":\"https:\\\/\\\/www.amanien.info\\\/news\\\/#\\\/schema\\\/person\\\/b21093345753a1a98242d505bd894f42\"},\"breadcrumb\":{\"@id\":\"https:\\\/\\\/www.amanien.info\\\/news\\\/leon-riviere-komenan-expert-en-genre-et-developpement-organise-la-3e-seance-de-formation-sur-le-coaching-integral-pour-tous\\\/#breadcrumb\"},\"inLanguage\":\"fr-FR\",\"potentialAction\":[{\"@type\":\"ReadAction\",\"target\":[\"https:\\\/\\\/www.amanien.info\\\/news\\\/leon-riviere-komenan-expert-en-genre-et-developpement-organise-la-3e-seance-de-formation-sur-le-coaching-integral-pour-tous\\\/\"]}]},{\"@type\":\"ImageObject\",\"inLanguage\":\"fr-FR\",\"@id\":\"https:\\\/\\\/www.amanien.info\\\/news\\\/leon-riviere-komenan-expert-en-genre-et-developpement-organise-la-3e-seance-de-formation-sur-le-coaching-integral-pour-tous\\\/#primaryimage\",\"url\":\"https:\\\/\\\/www.amanien.info\\\/news\\\/wp-content\\\/uploads\\\/2021\\\/03\\\/thumbnail-11.jpg\",\"contentUrl\":\"https:\\\/\\\/www.amanien.info\\\/news\\\/wp-content\\\/uploads\\\/2021\\\/03\\\/thumbnail-11.jpg\",\"width\":1080,\"height\":810},{\"@type\":\"BreadcrumbList\",\"@id\":\"https:\\\/\\\/www.amanien.info\\\/news\\\/leon-riviere-komenan-expert-en-genre-et-developpement-organise-la-3e-seance-de-formation-sur-le-coaching-integral-pour-tous\\\/#breadcrumb\",\"itemListElement\":[{\"@type\":\"ListItem\",\"position\":1,\"name\":\"Accueil\",\"item\":\"https:\\\/\\\/www.amanien.info\\\/news\\\/\"},{\"@type\":\"ListItem\",\"position\":2,\"name\":\"L\u00e9on Rivi\u00e8re Komenan, Expert en Genre et D\u00e9veloppement organise la 3e s\u00e9ance de formation sur le coaching int\u00e9gral pour tous\"}]},{\"@type\":\"WebSite\",\"@id\":\"https:\\\/\\\/www.amanien.info\\\/news\\\/#website\",\"url\":\"https:\\\/\\\/www.amanien.info\\\/news\\\/\",\"name\":\"Amanien| L&#039;actualit\u00e9 Ivoirienne et Internationale\",\"description\":\"L&#039;actualit\u00e9 Ivoirienne et Internationale\",\"potentialAction\":[{\"@type\":\"SearchAction\",\"target\":{\"@type\":\"EntryPoint\",\"urlTemplate\":\"https:\\\/\\\/www.amanien.info\\\/news\\\/?s={search_term_string}\"},\"query-input\":{\"@type\":\"PropertyValueSpecification\",\"valueRequired\":true,\"valueName\":\"search_term_string\"}}],\"inLanguage\":\"fr-FR\"},{\"@type\":\"Person\",\"@id\":\"https:\\\/\\\/www.amanien.info\\\/news\\\/#\\\/schema\\\/person\\\/b21093345753a1a98242d505bd894f42\",\"name\":\"Germain Ndri\",\"url\":\"https:\\\/\\\/www.amanien.info\\\/news\\\/author\\\/amanien-infos\\\/\"}]}<\/script>\n<!-- \/ Yoast SEO plugin. -->","yoast_head_json":{"title":"L\u00e9on Rivi\u00e8re Komenan, Expert en Genre et D\u00e9veloppement organise la 3e s\u00e9ance de formation sur le coaching int\u00e9gral pour tous - Amanien| L&#039;actualit\u00e9 Ivoirienne et Internationale","robots":{"index":"index","follow":"follow","max-snippet":"max-snippet:-1","max-image-preview":"max-image-preview:large","max-video-preview":"max-video-preview:-1"},"canonical":"https:\/\/www.amanien.info\/news\/leon-riviere-komenan-expert-en-genre-et-developpement-organise-la-3e-seance-de-formation-sur-le-coaching-integral-pour-tous\/","og_locale":"fr_FR","og_type":"article","og_title":"L\u00e9on Rivi\u00e8re Komenan, Expert en Genre et D\u00e9veloppement organise la 3e s\u00e9ance de formation sur le coaching int\u00e9gral pour tous - Amanien| L&#039;actualit\u00e9 Ivoirienne et Internationale","og_description":"\u00ab\u00a0Devenir la meilleure version de soi\u00a0\u00bb. C&rsquo;est autour de ce th\u00e8me que l&rsquo;Expert en Genre et D\u00e9veloppement, M. L\u00e9on Rivi\u00e8re Komenan a organis\u00e9, ce dimanche 14 mars 2021 \u00e0 Ivotel sis au Plateau, la 3e s\u00e9ance de formation sur le coaching int\u00e9gral pour tous. &lt;&lt; L&rsquo;objectif de cette troisi\u00e8me s\u00e9ance de formation est de donner [&hellip;]","og_url":"https:\/\/www.amanien.info\/news\/leon-riviere-komenan-expert-en-genre-et-developpement-organise-la-3e-seance-de-formation-sur-le-coaching-integral-pour-tous\/","og_site_name":"Amanien| L&#039;actualit\u00e9 Ivoirienne et Internationale","article_published_time":"2021-03-18T07:30:51+00:00","article_modified_time":"2021-03-18T07:31:14+00:00","og_image":[{"width":1080,"height":810,"url":"https:\/\/www.amanien.info\/news\/wp-content\/uploads\/2021\/03\/thumbnail-11.jpg","type":"image\/jpeg"}],"author":"Germain Ndri","twitter_card":"summary_large_image","twitter_misc":{"\u00c9crit par":"Germain Ndri","Dur\u00e9e de lecture estim\u00e9e":"2 minutes"},"schema":{"@context":"https:\/\/schema.org","@graph":[{"@type":"Article","@id":"https:\/\/www.amanien.info\/news\/leon-riviere-komenan-expert-en-genre-et-developpement-organise-la-3e-seance-de-formation-sur-le-coaching-integral-pour-tous\/#article","isPartOf":{"@id":"https:\/\/www.amanien.info\/news\/leon-riviere-komenan-expert-en-genre-et-developpement-organise-la-3e-seance-de-formation-sur-le-coaching-integral-pour-tous\/"},"author":{"name":"Germain Ndri","@id":"https:\/\/www.amanien.info\/news\/#\/schema\/person\/b21093345753a1a98242d505bd894f42"},"headline":"L\u00e9on Rivi\u00e8re Komenan, Expert en Genre et D\u00e9veloppement organise la 3e s\u00e9ance de formation sur le coaching int\u00e9gral pour tous","datePublished":"2021-03-18T07:30:51+00:00","dateModified":"2021-03-18T07:31:14+00:00","mainEntityOfPage":{"@id":"https:\/\/www.amanien.info\/news\/leon-riviere-komenan-expert-en-genre-et-developpement-organise-la-3e-seance-de-formation-sur-le-coaching-integral-pour-tous\/"},"wordCount":498,"image":{"@id":"https:\/\/www.amanien.info\/news\/leon-riviere-komenan-expert-en-genre-et-developpement-organise-la-3e-seance-de-formation-sur-le-coaching-integral-pour-tous\/#primaryimage"},"thumbnailUrl":"https:\/\/www.amanien.info\/news\/wp-content\/uploads\/2021\/03\/thumbnail-11.jpg","inLanguage":"fr-FR"},{"@type":"WebPage","@id":"https:\/\/www.amanien.info\/news\/leon-riviere-komenan-expert-en-genre-et-developpement-organise-la-3e-seance-de-formation-sur-le-coaching-integral-pour-tous\/","url":"https:\/\/www.amanien.info\/news\/leon-riviere-komenan-expert-en-genre-et-developpement-organise-la-3e-seance-de-formation-sur-le-coaching-integral-pour-tous\/","name":"L\u00e9on Rivi\u00e8re Komenan, Expert en Genre et D\u00e9veloppement organise la 3e s\u00e9ance de formation sur le coaching int\u00e9gral pour tous - Amanien| L&#039;actualit\u00e9 Ivoirienne et Internationale","isPartOf":{"@id":"https:\/\/www.amanien.info\/news\/#website"},"primaryImageOfPage":{"@id":"https:\/\/www.amanien.info\/news\/leon-riviere-komenan-expert-en-genre-et-developpement-organise-la-3e-seance-de-formation-sur-le-coaching-integral-pour-tous\/#primaryimage"},"image":{"@id":"https:\/\/www.amanien.info\/news\/leon-riviere-komenan-expert-en-genre-et-developpement-organise-la-3e-seance-de-formation-sur-le-coaching-integral-pour-tous\/#primaryimage"},"thumbnailUrl":"https:\/\/www.amanien.info\/news\/wp-content\/uploads\/2021\/03\/thumbnail-11.jpg","datePublished":"2021-03-18T07:30:51+00:00","dateModified":"2021-03-18T07:31:14+00:00","author":{"@id":"https:\/\/www.amanien.info\/news\/#\/schema\/person\/b21093345753a1a98242d505bd894f42"},"breadcrumb":{"@id":"https:\/\/www.amanien.info\/news\/leon-riviere-komenan-expert-en-genre-et-developpement-organise-la-3e-seance-de-formation-sur-le-coaching-integral-pour-tous\/#breadcrumb"},"inLanguage":"fr-FR","potentialAction":[{"@type":"ReadAction","target":["https:\/\/www.amanien.info\/news\/leon-riviere-komenan-expert-en-genre-et-developpement-organise-la-3e-seance-de-formation-sur-le-coaching-integral-pour-tous\/"]}]},{"@type":"ImageObject","inLanguage":"fr-FR","@id":"https:\/\/www.amanien.info\/news\/leon-riviere-komenan-expert-en-genre-et-developpement-organise-la-3e-seance-de-formation-sur-le-coaching-integral-pour-tous\/#primaryimage","url":"https:\/\/www.amanien.info\/news\/wp-content\/uploads\/2021\/03\/thumbnail-11.jpg","contentUrl":"https:\/\/www.amanien.info\/news\/wp-content\/uploads\/2021\/03\/thumbnail-11.jpg","width":1080,"height":810},{"@type":"BreadcrumbList","@id":"https:\/\/www.amanien.info\/news\/leon-riviere-komenan-expert-en-genre-et-developpement-organise-la-3e-seance-de-formation-sur-le-coaching-integral-pour-tous\/#breadcrumb","itemListElement":[{"@type":"ListItem","position":1,"name":"Accueil","item":"https:\/\/www.amanien.info\/news\/"},{"@type":"ListItem","position":2,"name":"L\u00e9on Rivi\u00e8re Komenan, Expert en Genre et D\u00e9veloppement organise la 3e s\u00e9ance de formation sur le coaching int\u00e9gral pour tous"}]},{"@type":"WebSite","@id":"https:\/\/www.amanien.info\/news\/#website","url":"https:\/\/www.amanien.info\/news\/","name":"Amanien| L&#039;actualit\u00e9 Ivoirienne et Internationale","description":"L&#039;actualit\u00e9 Ivoirienne et Internationale","potentialAction":[{"@type":"SearchAction","target":{"@type":"EntryPoint","urlTemplate":"https:\/\/www.amanien.info\/news\/?s={search_term_string}"},"query-input":{"@type":"PropertyValueSpecification","valueRequired":true,"valueName":"search_term_string"}}],"inLanguage":"fr-FR"},{"@type":"Person","@id":"https:\/\/www.amanien.info\/news\/#\/schema\/person\/b21093345753a1a98242d505bd894f42","name":"Germain Ndri","url":"https:\/\/www.amanien.info\/news\/author\/amanien-infos\/"}]}},"_links":{"self":[{"href":"https:\/\/www.amanien.info\/news\/wp-json\/wp\/v2\/posts\/2488","targetHints":{"allow":["GET"]}}],"collection":[{"href":"https:\/\/www.amanien.info\/news\/wp-json\/wp\/v2\/posts"}],"about":[{"href":"https:\/\/www.amanien.info\/news\/wp-json\/wp\/v2\/types\/post"}],"author":[{"embeddable":true,"href":"https:\/\/www.amanien.info\/news\/wp-json\/wp\/v2\/users\/2"}],"replies":[{"embeddable":true,"href":"https:\/\/www.amanien.info\/news\/wp-json\/wp\/v2\/comments?post=2488"}],"version-history":[{"count":0,"href":"https:\/\/www.amanien.info\/news\/wp-json\/wp\/v2\/posts\/2488\/revisions"}],"wp:featuredmedia":[{"embeddable":true,"href":"https:\/\/www.amanien.info\/news\/wp-json\/wp\/v2\/media\/2487"}],"wp:attachment":[{"href":"https:\/\/www.amanien.info\/news\/wp-json\/wp\/v2\/media?parent=2488"}],"wp:term":[{"taxonomy":"category","embeddable":true,"href":"https:\/\/www.amanien.info\/news\/wp-json\/wp\/v2\/categories?post=2488"},{"taxonomy":"post_tag","embeddable":true,"href":"https:\/\/www.amanien.info\/news\/wp-json\/wp\/v2\/tags?post=2488"}],"curies":[{"name":"wp","href":"https:\/\/api.w.org\/{rel}","templated":true}]}}