{"id":2443,"date":"2021-03-03T08:56:26","date_gmt":"2021-03-03T07:56:26","guid":{"rendered":"http:\/\/https:\/\/zozo.buyee.jp\/\/news\/?p=2443"},"modified":"2021-03-03T08:56:42","modified_gmt":"2021-03-03T07:56:42","slug":"le-candidat-douyou-nicaise-veut-prioriser-le-respect-de-dignite-humaine","status":"publish","type":"post","link":"https:\/\/www.amanien.info\/news\/le-candidat-douyou-nicaise-veut-prioriser-le-respect-de-dignite-humaine\/","title":{"rendered":"Le candidat Douyou Nicaise veut prioriser le respect de dignit\u00e9 humaine"},"content":{"rendered":"<div class=\"msg-body P_wpofO mq_AS\" data-test-id=\"message-view-body-content\">\n<div class=\"jb_0 X_6MGW N_6Fd5\">\n<div>\n<div id=\"yiv5043403784\">\n<div>\n<p>Affectueusement appel\u00e9 Samba David,\u00a0 Douyou Nicaise est le plus jeune des 15 candidats\u00a0 aux \u00e9lections l\u00e9gislatives du 6 mars 2021 dans la circonscription de Bayota, Bahi\u00e9pa-K\u00e9hi, Ouragahio et Yopohu\u00e9, communes et Sous-pr\u00e9fecture.<\/p>\n<p>Ce jeune candidat de 45 ans qui a connu l\u2019exile durant 2 ans, suite \u00e0 la crise post-\u00e9lectorale de 2010, par la suite mis en prison, d\u00e9cide de se pr\u00e9senter aux l\u00e9gislatives du 6 mars 2021.<\/p>\n<p>Cette d\u00e9cision tient de son engagement de lutter pour la s\u00e9curit\u00e9 et pour le respect de la dignit\u00e9 humaine.<\/p>\n<p>\u00ab\u00a0Notre priorit\u00e9, c\u2019est le respect de la dignit\u00e9 humaine, de mettre l\u2019homme en tant qu\u2019\u00eatre humain au centre de tout d\u00e9bat\u00a0\u00bb,\u00a0 a-t-il expliqu\u00e9, lors du lancement de sa campagne qui s\u2019est d\u00e9roul\u00e9e ce samedi 27 f\u00e9vrier 2021 \u00e0 Bayota, chef-lieu de sous-pr\u00e9fecture, situ\u00e9 \u00e0 32 Km de Gagnoa.<\/p>\n<p>Pour Douyou Nicaise, sans l\u2019homme, il n\u2019y a pas de d\u00e9veloppement. C\u2019est le d\u00e9veloppement humain, insiste-t-il, qui est l\u2019indice r\u00e9el du d\u00e9veloppement d\u2019un pays.<\/p>\n<p>L\u2019aspirant au poste de d\u00e9put\u00e9 estime que, \u2018\u2018l\u2019h\u00e9micycle constitue aujourd\u2019hui un danger pour le peuple. Celui-ci qui devrait, pourtant, \u00eatre\u00a0un contre-pouvoir, est devenu une caisse de r\u00e9sonnance\u2019\u2019. \u00abQuand des d\u00e9put\u00e9s, une fois \u00e9lus, sont redevables \u00e0 leur parti politique ou au pr\u00e9sident de leur parti politique, il y a danger. Je suis pour un Etat de droit. Et l\u2019Etat de droit a\u00a0 donc ses exigences. Ses exigences voudraient que les \u00e9lus soient redevables \u00e0 leurs mandants (\u00e9lecteurs). C\u2019est la raison principale de ma d\u00e9cision d\u2019\u00eatre candidat\u00bb, affirme Nicaise Douyou.<\/p>\n<p>Le candidat de la nouvelle\u00a0 g\u00e9n\u00e9ration comme l\u2019indique ses affiches de campagne, est ind\u00e9pendant. Il affronte 14 candidats dont 10 autres candidats ind\u00e9pendants parmi lesquels deux femmes.<\/p>\n<p>Thierry Lagognon<\/p>\n<\/div>\n<\/div>\n<\/div>\n<\/div>\n<\/div>\n","protected":false},"excerpt":{"rendered":"<p>Affectueusement appel\u00e9 Samba David,\u00a0 Douyou Nicaise est le plus jeune des 15 candidats\u00a0 aux \u00e9lections l\u00e9gislatives du 6 mars 2021 dans la circonscription de Bayota, Bahi\u00e9pa-K\u00e9hi, Ouragahio et Yopohu\u00e9, communes et Sous-pr\u00e9fecture. Ce jeune candidat de 45 ans qui a connu l\u2019exile durant 2 ans, suite \u00e0 la crise post-\u00e9lectorale de 2010, par la suite [&hellip;]<\/p>\n","protected":false},"author":2,"featured_media":2444,"comment_status":"closed","ping_status":"closed","sticky":true,"template":"","format":"standard","meta":{"_acf_changed":false,"footnotes":""},"categories":[],"tags":[],"class_list":["post-2443","post","type-post","status-publish","format-standard","has-post-thumbnail","hentry"],"acf":[],"yoast_head":"<!-- This site is optimized with the Yoast SEO plugin v27.5 - https:\/\/yoast.com\/product\/yoast-seo-wordpress\/ -->\n<title>Le candidat Douyou Nicaise veut prioriser le respect de dignit\u00e9 humaine - Amanien| L&#039;actualit\u00e9 Ivoirienne et Internationale<\/title>\n<meta name=\"robots\" content=\"index, follow, max-snippet:-1, max-image-preview:large, max-video-preview:-1\" \/>\n<link rel=\"canonical\" href=\"https:\/\/www.amanien.info\/news\/le-candidat-douyou-nicaise-veut-prioriser-le-respect-de-dignite-humaine\/\" \/>\n<meta property=\"og:locale\" content=\"fr_FR\" \/>\n<meta property=\"og:type\" content=\"article\" \/>\n<meta property=\"og:title\" content=\"Le candidat Douyou Nicaise veut prioriser le respect de dignit\u00e9 humaine - Amanien| L&#039;actualit\u00e9 Ivoirienne et Internationale\" \/>\n<meta property=\"og:description\" content=\"Affectueusement appel\u00e9 Samba David,\u00a0 Douyou Nicaise est le plus jeune des 15 candidats\u00a0 aux \u00e9lections l\u00e9gislatives du 6 mars 2021 dans la circonscription de Bayota, Bahi\u00e9pa-K\u00e9hi, Ouragahio et Yopohu\u00e9, communes et Sous-pr\u00e9fecture. Ce jeune candidat de 45 ans qui a connu l\u2019exile durant 2 ans, suite \u00e0 la crise post-\u00e9lectorale de 2010, par la suite [&hellip;]\" \/>\n<meta property=\"og:url\" content=\"https:\/\/www.amanien.info\/news\/le-candidat-douyou-nicaise-veut-prioriser-le-respect-de-dignite-humaine\/\" \/>\n<meta property=\"og:site_name\" content=\"Amanien| L&#039;actualit\u00e9 Ivoirienne et Internationale\" \/>\n<meta property=\"article:published_time\" content=\"2021-03-03T07:56:26+00:00\" \/>\n<meta property=\"article:modified_time\" content=\"2021-03-03T07:56:42+00:00\" \/>\n<meta property=\"og:image\" content=\"https:\/\/www.amanien.info\/news\/wp-content\/uploads\/2021\/03\/thumbnail-1.jpg\" \/>\n\t<meta property=\"og:image:width\" content=\"1080\" \/>\n\t<meta property=\"og:image:height\" content=\"720\" \/>\n\t<meta property=\"og:image:type\" content=\"image\/jpeg\" \/>\n<meta name=\"author\" content=\"Germain Ndri\" \/>\n<meta name=\"twitter:card\" content=\"summary_large_image\" \/>\n<meta name=\"twitter:label1\" content=\"\u00c9crit par\" \/>\n\t<meta name=\"twitter:data1\" content=\"Germain Ndri\" \/>\n\t<meta name=\"twitter:label2\" content=\"Dur\u00e9e de lecture estim\u00e9e\" \/>\n\t<meta name=\"twitter:data2\" content=\"2 minutes\" \/>\n<script type=\"application\/ld+json\" class=\"yoast-schema-graph\">{\"@context\":\"https:\\\/\\\/schema.org\",\"@graph\":[{\"@type\":\"Article\",\"@id\":\"https:\\\/\\\/www.amanien.info\\\/news\\\/le-candidat-douyou-nicaise-veut-prioriser-le-respect-de-dignite-humaine\\\/#article\",\"isPartOf\":{\"@id\":\"https:\\\/\\\/www.amanien.info\\\/news\\\/le-candidat-douyou-nicaise-veut-prioriser-le-respect-de-dignite-humaine\\\/\"},\"author\":{\"name\":\"Germain Ndri\",\"@id\":\"https:\\\/\\\/www.amanien.info\\\/news\\\/#\\\/schema\\\/person\\\/b21093345753a1a98242d505bd894f42\"},\"headline\":\"Le candidat Douyou Nicaise veut prioriser le respect de dignit\u00e9 humaine\",\"datePublished\":\"2021-03-03T07:56:26+00:00\",\"dateModified\":\"2021-03-03T07:56:42+00:00\",\"mainEntityOfPage\":{\"@id\":\"https:\\\/\\\/www.amanien.info\\\/news\\\/le-candidat-douyou-nicaise-veut-prioriser-le-respect-de-dignite-humaine\\\/\"},\"wordCount\":318,\"image\":{\"@id\":\"https:\\\/\\\/www.amanien.info\\\/news\\\/le-candidat-douyou-nicaise-veut-prioriser-le-respect-de-dignite-humaine\\\/#primaryimage\"},\"thumbnailUrl\":\"https:\\\/\\\/www.amanien.info\\\/news\\\/wp-content\\\/uploads\\\/2021\\\/03\\\/thumbnail-1.jpg\",\"inLanguage\":\"fr-FR\"},{\"@type\":\"WebPage\",\"@id\":\"https:\\\/\\\/www.amanien.info\\\/news\\\/le-candidat-douyou-nicaise-veut-prioriser-le-respect-de-dignite-humaine\\\/\",\"url\":\"https:\\\/\\\/www.amanien.info\\\/news\\\/le-candidat-douyou-nicaise-veut-prioriser-le-respect-de-dignite-humaine\\\/\",\"name\":\"Le candidat Douyou Nicaise veut prioriser le respect de dignit\u00e9 humaine - Amanien| L&#039;actualit\u00e9 Ivoirienne et Internationale\",\"isPartOf\":{\"@id\":\"https:\\\/\\\/www.amanien.info\\\/news\\\/#website\"},\"primaryImageOfPage\":{\"@id\":\"https:\\\/\\\/www.amanien.info\\\/news\\\/le-candidat-douyou-nicaise-veut-prioriser-le-respect-de-dignite-humaine\\\/#primaryimage\"},\"image\":{\"@id\":\"https:\\\/\\\/www.amanien.info\\\/news\\\/le-candidat-douyou-nicaise-veut-prioriser-le-respect-de-dignite-humaine\\\/#primaryimage\"},\"thumbnailUrl\":\"https:\\\/\\\/www.amanien.info\\\/news\\\/wp-content\\\/uploads\\\/2021\\\/03\\\/thumbnail-1.jpg\",\"datePublished\":\"2021-03-03T07:56:26+00:00\",\"dateModified\":\"2021-03-03T07:56:42+00:00\",\"author\":{\"@id\":\"https:\\\/\\\/www.amanien.info\\\/news\\\/#\\\/schema\\\/person\\\/b21093345753a1a98242d505bd894f42\"},\"breadcrumb\":{\"@id\":\"https:\\\/\\\/www.amanien.info\\\/news\\\/le-candidat-douyou-nicaise-veut-prioriser-le-respect-de-dignite-humaine\\\/#breadcrumb\"},\"inLanguage\":\"fr-FR\",\"potentialAction\":[{\"@type\":\"ReadAction\",\"target\":[\"https:\\\/\\\/www.amanien.info\\\/news\\\/le-candidat-douyou-nicaise-veut-prioriser-le-respect-de-dignite-humaine\\\/\"]}]},{\"@type\":\"ImageObject\",\"inLanguage\":\"fr-FR\",\"@id\":\"https:\\\/\\\/www.amanien.info\\\/news\\\/le-candidat-douyou-nicaise-veut-prioriser-le-respect-de-dignite-humaine\\\/#primaryimage\",\"url\":\"https:\\\/\\\/www.amanien.info\\\/news\\\/wp-content\\\/uploads\\\/2021\\\/03\\\/thumbnail-1.jpg\",\"contentUrl\":\"https:\\\/\\\/www.amanien.info\\\/news\\\/wp-content\\\/uploads\\\/2021\\\/03\\\/thumbnail-1.jpg\",\"width\":1080,\"height\":720},{\"@type\":\"BreadcrumbList\",\"@id\":\"https:\\\/\\\/www.amanien.info\\\/news\\\/le-candidat-douyou-nicaise-veut-prioriser-le-respect-de-dignite-humaine\\\/#breadcrumb\",\"itemListElement\":[{\"@type\":\"ListItem\",\"position\":1,\"name\":\"Accueil\",\"item\":\"https:\\\/\\\/www.amanien.info\\\/news\\\/\"},{\"@type\":\"ListItem\",\"position\":2,\"name\":\"Le candidat Douyou Nicaise veut prioriser le respect de dignit\u00e9 humaine\"}]},{\"@type\":\"WebSite\",\"@id\":\"https:\\\/\\\/www.amanien.info\\\/news\\\/#website\",\"url\":\"https:\\\/\\\/www.amanien.info\\\/news\\\/\",\"name\":\"Amanien| L&#039;actualit\u00e9 Ivoirienne et Internationale\",\"description\":\"L&#039;actualit\u00e9 Ivoirienne et Internationale\",\"potentialAction\":[{\"@type\":\"SearchAction\",\"target\":{\"@type\":\"EntryPoint\",\"urlTemplate\":\"https:\\\/\\\/www.amanien.info\\\/news\\\/?s={search_term_string}\"},\"query-input\":{\"@type\":\"PropertyValueSpecification\",\"valueRequired\":true,\"valueName\":\"search_term_string\"}}],\"inLanguage\":\"fr-FR\"},{\"@type\":\"Person\",\"@id\":\"https:\\\/\\\/www.amanien.info\\\/news\\\/#\\\/schema\\\/person\\\/b21093345753a1a98242d505bd894f42\",\"name\":\"Germain Ndri\",\"url\":\"https:\\\/\\\/www.amanien.info\\\/news\\\/author\\\/amanien-infos\\\/\"}]}<\/script>\n<!-- \/ Yoast SEO plugin. -->","yoast_head_json":{"title":"Le candidat Douyou Nicaise veut prioriser le respect de dignit\u00e9 humaine - Amanien| L&#039;actualit\u00e9 Ivoirienne et Internationale","robots":{"index":"index","follow":"follow","max-snippet":"max-snippet:-1","max-image-preview":"max-image-preview:large","max-video-preview":"max-video-preview:-1"},"canonical":"https:\/\/www.amanien.info\/news\/le-candidat-douyou-nicaise-veut-prioriser-le-respect-de-dignite-humaine\/","og_locale":"fr_FR","og_type":"article","og_title":"Le candidat Douyou Nicaise veut prioriser le respect de dignit\u00e9 humaine - Amanien| L&#039;actualit\u00e9 Ivoirienne et Internationale","og_description":"Affectueusement appel\u00e9 Samba David,\u00a0 Douyou Nicaise est le plus jeune des 15 candidats\u00a0 aux \u00e9lections l\u00e9gislatives du 6 mars 2021 dans la circonscription de Bayota, Bahi\u00e9pa-K\u00e9hi, Ouragahio et Yopohu\u00e9, communes et Sous-pr\u00e9fecture. Ce jeune candidat de 45 ans qui a connu l\u2019exile durant 2 ans, suite \u00e0 la crise post-\u00e9lectorale de 2010, par la suite [&hellip;]","og_url":"https:\/\/www.amanien.info\/news\/le-candidat-douyou-nicaise-veut-prioriser-le-respect-de-dignite-humaine\/","og_site_name":"Amanien| L&#039;actualit\u00e9 Ivoirienne et Internationale","article_published_time":"2021-03-03T07:56:26+00:00","article_modified_time":"2021-03-03T07:56:42+00:00","og_image":[{"width":1080,"height":720,"url":"https:\/\/www.amanien.info\/news\/wp-content\/uploads\/2021\/03\/thumbnail-1.jpg","type":"image\/jpeg"}],"author":"Germain Ndri","twitter_card":"summary_large_image","twitter_misc":{"\u00c9crit par":"Germain Ndri","Dur\u00e9e de lecture estim\u00e9e":"2 minutes"},"schema":{"@context":"https:\/\/schema.org","@graph":[{"@type":"Article","@id":"https:\/\/www.amanien.info\/news\/le-candidat-douyou-nicaise-veut-prioriser-le-respect-de-dignite-humaine\/#article","isPartOf":{"@id":"https:\/\/www.amanien.info\/news\/le-candidat-douyou-nicaise-veut-prioriser-le-respect-de-dignite-humaine\/"},"author":{"name":"Germain Ndri","@id":"https:\/\/www.amanien.info\/news\/#\/schema\/person\/b21093345753a1a98242d505bd894f42"},"headline":"Le candidat Douyou Nicaise veut prioriser le respect de dignit\u00e9 humaine","datePublished":"2021-03-03T07:56:26+00:00","dateModified":"2021-03-03T07:56:42+00:00","mainEntityOfPage":{"@id":"https:\/\/www.amanien.info\/news\/le-candidat-douyou-nicaise-veut-prioriser-le-respect-de-dignite-humaine\/"},"wordCount":318,"image":{"@id":"https:\/\/www.amanien.info\/news\/le-candidat-douyou-nicaise-veut-prioriser-le-respect-de-dignite-humaine\/#primaryimage"},"thumbnailUrl":"https:\/\/www.amanien.info\/news\/wp-content\/uploads\/2021\/03\/thumbnail-1.jpg","inLanguage":"fr-FR"},{"@type":"WebPage","@id":"https:\/\/www.amanien.info\/news\/le-candidat-douyou-nicaise-veut-prioriser-le-respect-de-dignite-humaine\/","url":"https:\/\/www.amanien.info\/news\/le-candidat-douyou-nicaise-veut-prioriser-le-respect-de-dignite-humaine\/","name":"Le candidat Douyou Nicaise veut prioriser le respect de dignit\u00e9 humaine - Amanien| L&#039;actualit\u00e9 Ivoirienne et Internationale","isPartOf":{"@id":"https:\/\/www.amanien.info\/news\/#website"},"primaryImageOfPage":{"@id":"https:\/\/www.amanien.info\/news\/le-candidat-douyou-nicaise-veut-prioriser-le-respect-de-dignite-humaine\/#primaryimage"},"image":{"@id":"https:\/\/www.amanien.info\/news\/le-candidat-douyou-nicaise-veut-prioriser-le-respect-de-dignite-humaine\/#primaryimage"},"thumbnailUrl":"https:\/\/www.amanien.info\/news\/wp-content\/uploads\/2021\/03\/thumbnail-1.jpg","datePublished":"2021-03-03T07:56:26+00:00","dateModified":"2021-03-03T07:56:42+00:00","author":{"@id":"https:\/\/www.amanien.info\/news\/#\/schema\/person\/b21093345753a1a98242d505bd894f42"},"breadcrumb":{"@id":"https:\/\/www.amanien.info\/news\/le-candidat-douyou-nicaise-veut-prioriser-le-respect-de-dignite-humaine\/#breadcrumb"},"inLanguage":"fr-FR","potentialAction":[{"@type":"ReadAction","target":["https:\/\/www.amanien.info\/news\/le-candidat-douyou-nicaise-veut-prioriser-le-respect-de-dignite-humaine\/"]}]},{"@type":"ImageObject","inLanguage":"fr-FR","@id":"https:\/\/www.amanien.info\/news\/le-candidat-douyou-nicaise-veut-prioriser-le-respect-de-dignite-humaine\/#primaryimage","url":"https:\/\/www.amanien.info\/news\/wp-content\/uploads\/2021\/03\/thumbnail-1.jpg","contentUrl":"https:\/\/www.amanien.info\/news\/wp-content\/uploads\/2021\/03\/thumbnail-1.jpg","width":1080,"height":720},{"@type":"BreadcrumbList","@id":"https:\/\/www.amanien.info\/news\/le-candidat-douyou-nicaise-veut-prioriser-le-respect-de-dignite-humaine\/#breadcrumb","itemListElement":[{"@type":"ListItem","position":1,"name":"Accueil","item":"https:\/\/www.amanien.info\/news\/"},{"@type":"ListItem","position":2,"name":"Le candidat Douyou Nicaise veut prioriser le respect de dignit\u00e9 humaine"}]},{"@type":"WebSite","@id":"https:\/\/www.amanien.info\/news\/#website","url":"https:\/\/www.amanien.info\/news\/","name":"Amanien| L&#039;actualit\u00e9 Ivoirienne et Internationale","description":"L&#039;actualit\u00e9 Ivoirienne et Internationale","potentialAction":[{"@type":"SearchAction","target":{"@type":"EntryPoint","urlTemplate":"https:\/\/www.amanien.info\/news\/?s={search_term_string}"},"query-input":{"@type":"PropertyValueSpecification","valueRequired":true,"valueName":"search_term_string"}}],"inLanguage":"fr-FR"},{"@type":"Person","@id":"https:\/\/www.amanien.info\/news\/#\/schema\/person\/b21093345753a1a98242d505bd894f42","name":"Germain Ndri","url":"https:\/\/www.amanien.info\/news\/author\/amanien-infos\/"}]}},"_links":{"self":[{"href":"https:\/\/www.amanien.info\/news\/wp-json\/wp\/v2\/posts\/2443","targetHints":{"allow":["GET"]}}],"collection":[{"href":"https:\/\/www.amanien.info\/news\/wp-json\/wp\/v2\/posts"}],"about":[{"href":"https:\/\/www.amanien.info\/news\/wp-json\/wp\/v2\/types\/post"}],"author":[{"embeddable":true,"href":"https:\/\/www.amanien.info\/news\/wp-json\/wp\/v2\/users\/2"}],"replies":[{"embeddable":true,"href":"https:\/\/www.amanien.info\/news\/wp-json\/wp\/v2\/comments?post=2443"}],"version-history":[{"count":0,"href":"https:\/\/www.amanien.info\/news\/wp-json\/wp\/v2\/posts\/2443\/revisions"}],"wp:featuredmedia":[{"embeddable":true,"href":"https:\/\/www.amanien.info\/news\/wp-json\/wp\/v2\/media\/2444"}],"wp:attachment":[{"href":"https:\/\/www.amanien.info\/news\/wp-json\/wp\/v2\/media?parent=2443"}],"wp:term":[{"taxonomy":"category","embeddable":true,"href":"https:\/\/www.amanien.info\/news\/wp-json\/wp\/v2\/categories?post=2443"},{"taxonomy":"post_tag","embeddable":true,"href":"https:\/\/www.amanien.info\/news\/wp-json\/wp\/v2\/tags?post=2443"}],"curies":[{"name":"wp","href":"https:\/\/api.w.org\/{rel}","templated":true}]}}