{"id":2440,"date":"2021-03-03T08:53:24","date_gmt":"2021-03-03T07:53:24","guid":{"rendered":"http:\/\/https:\/\/zozo.buyee.jp\/\/news\/?p=2440"},"modified":"2021-03-03T08:53:59","modified_gmt":"2021-03-03T07:53:59","slug":"le-premier-congres-de-la-fipetca-a-ouvert-ses-portes-ce-jeudi","status":"publish","type":"post","link":"https:\/\/www.amanien.info\/news\/le-premier-congres-de-la-fipetca-a-ouvert-ses-portes-ce-jeudi\/","title":{"rendered":"Le premier congr\u00e8s de la FIPETCA a ouvert ses portes, ce jeudi"},"content":{"rendered":"<p>&lt;&lt; Les taxis compteurs face aux d\u00e9fis de la modernit\u00e9 : enjeux et perspectives&gt;&gt;. Tel est le th\u00e8me du premier congr\u00e8s de la F\u00e9d\u00e9ration Ivoirienne du Patronat et des Exploitants de Taxis Compteurs d&rsquo;Abidjan ( FIPETCA) qui s&rsquo;est ouvert, ce jeudi 25 f\u00e9vrier 2021 \u00e0 la bourse du travail de Treichville.<\/p>\n<p>Dans son allocution, la Pr\u00e9sidente de la FIPETCA, Mme Kon\u00e9 N. a pr\u00e9cis\u00e9 que la FIPETCA est un groupement d&rsquo;organisations patronales d\u00e9j\u00e0 existantes et relev\u00e9 les nombreuses difficult\u00e9s que rencontre cette fa\u00eeti\u00e8re.<br \/>\nIl s&rsquo;agit entre autres du renouvellement des parcs autos( en priorit\u00e9), de la crise sanitaire \u00e0 covid-19 ayant induit une tr\u00e8s forte baisse des activit\u00e9s des chauffeurs de taxis compteurs depuis mars 2020, des difficult\u00e9s li\u00e9es au passage du secteur informel au statut de soci\u00e9t\u00e9 l\u00e9galement constitu\u00e9e. A cela s&rsquo;ajoutent des difficult\u00e9s li\u00e9es aux mutations sociales et technologiques mondiales.<\/p>\n<p>Selon Mme Kon\u00e9 N. , la FIPETCA doit trouver des moyens pour relever certains d\u00e9fis \u00e0 partir de ce congr\u00e8s.<\/p>\n<p>Lesquels d\u00e9fis qui se r\u00e9sument en l&rsquo;organisation du secteur des taxis compteurs ( passant par l&rsquo;organisation des propri\u00e9taires de taxis compteurs), au renouvellement du parc auto tr\u00e8s v\u00e9tuste, la restructuration de l&rsquo;environnement de travail, la mise en place d&rsquo;un syst\u00e8me de communication rapide et dynamique entre les autorit\u00e9s polici\u00e8res et les chauffeurs de taxis compteurs ainsi que l&rsquo;assurance du bien-\u00eatre des adh\u00e9rents.<\/p>\n<p>&lt;&lt; Pour relever ces d\u00e9fis, nous devons \u00eatre unis pour toutes actions et parler d&rsquo;une seule voix&gt;&gt; a indiqu\u00e9 Kon\u00e9 N.<\/p>\n<p>Et de poursuivre : &lt;&lt; Nous sommes conscients que malgr\u00e9 nos efforts pour maintenir nos activit\u00e9s, les efforts de l&rsquo;Etat pour nous soutenir, il nous reste encore beaucoup \u00e0 faire pour que le chauffeur de taxi-compteur puisse vivre pleinement de son activit\u00e9 et b\u00e9n\u00e9ficier d&rsquo;une belle retraite&gt;&gt; a-t-elle dit.<\/p>\n<p>Le Pr\u00e9sident d&rsquo;honneur, Guedou E. Ousmane a, pour sa part, salu\u00e9 la cr\u00e9ation de la FIPETCA et souhait\u00e9 bon vent \u00e0 cette f\u00e9d\u00e9ration.<br \/>\nAussi a-t-il indiqu\u00e9 qu&rsquo;il existe au moins 20.000 taxis compteurs soit 40.000 emplois de chauffeurs.<\/p>\n<p>Ce congr\u00e8s a \u00e9t\u00e9 meubl\u00e9 par plusieurs travaux \u00e0 savoir, la pr\u00e9sentation du Conseil Ex\u00e9cutif F\u00e9d\u00e9ral, l&rsquo;adoption des statuts et r\u00e8glements int\u00e9rieurs, l&rsquo;\u00e9lection des Commissaires aux comptes et la mise en place du Conseil F\u00e9d\u00e9ral.<\/p>\n<p>&nbsp;<\/p>\n<p>Sunday Alain<\/p>\n","protected":false},"excerpt":{"rendered":"<p>&lt;&lt; Les taxis compteurs face aux d\u00e9fis de la modernit\u00e9 : enjeux et perspectives&gt;&gt;. Tel est le th\u00e8me du premier congr\u00e8s de la F\u00e9d\u00e9ration Ivoirienne du Patronat et des Exploitants de Taxis Compteurs d&rsquo;Abidjan ( FIPETCA) qui s&rsquo;est ouvert, ce jeudi 25 f\u00e9vrier 2021 \u00e0 la bourse du travail de Treichville. Dans son allocution, la [&hellip;]<\/p>\n","protected":false},"author":2,"featured_media":2441,"comment_status":"closed","ping_status":"closed","sticky":true,"template":"","format":"standard","meta":{"_acf_changed":false,"footnotes":""},"categories":[],"tags":[],"class_list":["post-2440","post","type-post","status-publish","format-standard","has-post-thumbnail","hentry"],"acf":[],"yoast_head":"<!-- This site is optimized with the Yoast SEO plugin v27.5 - https:\/\/yoast.com\/product\/yoast-seo-wordpress\/ -->\n<title>Le premier congr\u00e8s de la FIPETCA a ouvert ses portes, ce jeudi - Amanien| L&#039;actualit\u00e9 Ivoirienne et Internationale<\/title>\n<meta name=\"robots\" content=\"index, follow, max-snippet:-1, max-image-preview:large, max-video-preview:-1\" \/>\n<link rel=\"canonical\" href=\"https:\/\/www.amanien.info\/news\/le-premier-congres-de-la-fipetca-a-ouvert-ses-portes-ce-jeudi\/\" \/>\n<meta property=\"og:locale\" content=\"fr_FR\" \/>\n<meta property=\"og:type\" content=\"article\" \/>\n<meta property=\"og:title\" content=\"Le premier congr\u00e8s de la FIPETCA a ouvert ses portes, ce jeudi - Amanien| L&#039;actualit\u00e9 Ivoirienne et Internationale\" \/>\n<meta property=\"og:description\" content=\"&lt;&lt; Les taxis compteurs face aux d\u00e9fis de la modernit\u00e9 : enjeux et perspectives&gt;&gt;. Tel est le th\u00e8me du premier congr\u00e8s de la F\u00e9d\u00e9ration Ivoirienne du Patronat et des Exploitants de Taxis Compteurs d&rsquo;Abidjan ( FIPETCA) qui s&rsquo;est ouvert, ce jeudi 25 f\u00e9vrier 2021 \u00e0 la bourse du travail de Treichville. Dans son allocution, la [&hellip;]\" \/>\n<meta property=\"og:url\" content=\"https:\/\/www.amanien.info\/news\/le-premier-congres-de-la-fipetca-a-ouvert-ses-portes-ce-jeudi\/\" \/>\n<meta property=\"og:site_name\" content=\"Amanien| L&#039;actualit\u00e9 Ivoirienne et Internationale\" \/>\n<meta property=\"article:published_time\" content=\"2021-03-03T07:53:24+00:00\" \/>\n<meta property=\"article:modified_time\" content=\"2021-03-03T07:53:59+00:00\" \/>\n<meta property=\"og:image\" content=\"https:\/\/www.amanien.info\/news\/wp-content\/uploads\/2021\/03\/thumbnail.jpg\" \/>\n\t<meta property=\"og:image:width\" content=\"1080\" \/>\n\t<meta property=\"og:image:height\" content=\"810\" \/>\n\t<meta property=\"og:image:type\" content=\"image\/jpeg\" \/>\n<meta name=\"author\" content=\"Germain Ndri\" \/>\n<meta name=\"twitter:card\" content=\"summary_large_image\" \/>\n<meta name=\"twitter:label1\" content=\"\u00c9crit par\" \/>\n\t<meta name=\"twitter:data1\" content=\"Germain Ndri\" \/>\n\t<meta name=\"twitter:label2\" content=\"Dur\u00e9e de lecture estim\u00e9e\" \/>\n\t<meta name=\"twitter:data2\" content=\"2 minutes\" \/>\n<script type=\"application\/ld+json\" class=\"yoast-schema-graph\">{\"@context\":\"https:\\\/\\\/schema.org\",\"@graph\":[{\"@type\":\"Article\",\"@id\":\"https:\\\/\\\/www.amanien.info\\\/news\\\/le-premier-congres-de-la-fipetca-a-ouvert-ses-portes-ce-jeudi\\\/#article\",\"isPartOf\":{\"@id\":\"https:\\\/\\\/www.amanien.info\\\/news\\\/le-premier-congres-de-la-fipetca-a-ouvert-ses-portes-ce-jeudi\\\/\"},\"author\":{\"name\":\"Germain Ndri\",\"@id\":\"https:\\\/\\\/www.amanien.info\\\/news\\\/#\\\/schema\\\/person\\\/b21093345753a1a98242d505bd894f42\"},\"headline\":\"Le premier congr\u00e8s de la FIPETCA a ouvert ses portes, ce jeudi\",\"datePublished\":\"2021-03-03T07:53:24+00:00\",\"dateModified\":\"2021-03-03T07:53:59+00:00\",\"mainEntityOfPage\":{\"@id\":\"https:\\\/\\\/www.amanien.info\\\/news\\\/le-premier-congres-de-la-fipetca-a-ouvert-ses-portes-ce-jeudi\\\/\"},\"wordCount\":443,\"image\":{\"@id\":\"https:\\\/\\\/www.amanien.info\\\/news\\\/le-premier-congres-de-la-fipetca-a-ouvert-ses-portes-ce-jeudi\\\/#primaryimage\"},\"thumbnailUrl\":\"https:\\\/\\\/www.amanien.info\\\/news\\\/wp-content\\\/uploads\\\/2021\\\/03\\\/thumbnail.jpg\",\"inLanguage\":\"fr-FR\"},{\"@type\":\"WebPage\",\"@id\":\"https:\\\/\\\/www.amanien.info\\\/news\\\/le-premier-congres-de-la-fipetca-a-ouvert-ses-portes-ce-jeudi\\\/\",\"url\":\"https:\\\/\\\/www.amanien.info\\\/news\\\/le-premier-congres-de-la-fipetca-a-ouvert-ses-portes-ce-jeudi\\\/\",\"name\":\"Le premier congr\u00e8s de la FIPETCA a ouvert ses portes, ce jeudi - Amanien| L&#039;actualit\u00e9 Ivoirienne et Internationale\",\"isPartOf\":{\"@id\":\"https:\\\/\\\/www.amanien.info\\\/news\\\/#website\"},\"primaryImageOfPage\":{\"@id\":\"https:\\\/\\\/www.amanien.info\\\/news\\\/le-premier-congres-de-la-fipetca-a-ouvert-ses-portes-ce-jeudi\\\/#primaryimage\"},\"image\":{\"@id\":\"https:\\\/\\\/www.amanien.info\\\/news\\\/le-premier-congres-de-la-fipetca-a-ouvert-ses-portes-ce-jeudi\\\/#primaryimage\"},\"thumbnailUrl\":\"https:\\\/\\\/www.amanien.info\\\/news\\\/wp-content\\\/uploads\\\/2021\\\/03\\\/thumbnail.jpg\",\"datePublished\":\"2021-03-03T07:53:24+00:00\",\"dateModified\":\"2021-03-03T07:53:59+00:00\",\"author\":{\"@id\":\"https:\\\/\\\/www.amanien.info\\\/news\\\/#\\\/schema\\\/person\\\/b21093345753a1a98242d505bd894f42\"},\"breadcrumb\":{\"@id\":\"https:\\\/\\\/www.amanien.info\\\/news\\\/le-premier-congres-de-la-fipetca-a-ouvert-ses-portes-ce-jeudi\\\/#breadcrumb\"},\"inLanguage\":\"fr-FR\",\"potentialAction\":[{\"@type\":\"ReadAction\",\"target\":[\"https:\\\/\\\/www.amanien.info\\\/news\\\/le-premier-congres-de-la-fipetca-a-ouvert-ses-portes-ce-jeudi\\\/\"]}]},{\"@type\":\"ImageObject\",\"inLanguage\":\"fr-FR\",\"@id\":\"https:\\\/\\\/www.amanien.info\\\/news\\\/le-premier-congres-de-la-fipetca-a-ouvert-ses-portes-ce-jeudi\\\/#primaryimage\",\"url\":\"https:\\\/\\\/www.amanien.info\\\/news\\\/wp-content\\\/uploads\\\/2021\\\/03\\\/thumbnail.jpg\",\"contentUrl\":\"https:\\\/\\\/www.amanien.info\\\/news\\\/wp-content\\\/uploads\\\/2021\\\/03\\\/thumbnail.jpg\",\"width\":1080,\"height\":810},{\"@type\":\"BreadcrumbList\",\"@id\":\"https:\\\/\\\/www.amanien.info\\\/news\\\/le-premier-congres-de-la-fipetca-a-ouvert-ses-portes-ce-jeudi\\\/#breadcrumb\",\"itemListElement\":[{\"@type\":\"ListItem\",\"position\":1,\"name\":\"Accueil\",\"item\":\"https:\\\/\\\/www.amanien.info\\\/news\\\/\"},{\"@type\":\"ListItem\",\"position\":2,\"name\":\"Le premier congr\u00e8s de la FIPETCA a ouvert ses portes, ce jeudi\"}]},{\"@type\":\"WebSite\",\"@id\":\"https:\\\/\\\/www.amanien.info\\\/news\\\/#website\",\"url\":\"https:\\\/\\\/www.amanien.info\\\/news\\\/\",\"name\":\"Amanien| L&#039;actualit\u00e9 Ivoirienne et Internationale\",\"description\":\"L&#039;actualit\u00e9 Ivoirienne et Internationale\",\"potentialAction\":[{\"@type\":\"SearchAction\",\"target\":{\"@type\":\"EntryPoint\",\"urlTemplate\":\"https:\\\/\\\/www.amanien.info\\\/news\\\/?s={search_term_string}\"},\"query-input\":{\"@type\":\"PropertyValueSpecification\",\"valueRequired\":true,\"valueName\":\"search_term_string\"}}],\"inLanguage\":\"fr-FR\"},{\"@type\":\"Person\",\"@id\":\"https:\\\/\\\/www.amanien.info\\\/news\\\/#\\\/schema\\\/person\\\/b21093345753a1a98242d505bd894f42\",\"name\":\"Germain Ndri\",\"url\":\"https:\\\/\\\/www.amanien.info\\\/news\\\/author\\\/amanien-infos\\\/\"}]}<\/script>\n<!-- \/ Yoast SEO plugin. -->","yoast_head_json":{"title":"Le premier congr\u00e8s de la FIPETCA a ouvert ses portes, ce jeudi - Amanien| L&#039;actualit\u00e9 Ivoirienne et Internationale","robots":{"index":"index","follow":"follow","max-snippet":"max-snippet:-1","max-image-preview":"max-image-preview:large","max-video-preview":"max-video-preview:-1"},"canonical":"https:\/\/www.amanien.info\/news\/le-premier-congres-de-la-fipetca-a-ouvert-ses-portes-ce-jeudi\/","og_locale":"fr_FR","og_type":"article","og_title":"Le premier congr\u00e8s de la FIPETCA a ouvert ses portes, ce jeudi - Amanien| L&#039;actualit\u00e9 Ivoirienne et Internationale","og_description":"&lt;&lt; Les taxis compteurs face aux d\u00e9fis de la modernit\u00e9 : enjeux et perspectives&gt;&gt;. Tel est le th\u00e8me du premier congr\u00e8s de la F\u00e9d\u00e9ration Ivoirienne du Patronat et des Exploitants de Taxis Compteurs d&rsquo;Abidjan ( FIPETCA) qui s&rsquo;est ouvert, ce jeudi 25 f\u00e9vrier 2021 \u00e0 la bourse du travail de Treichville. Dans son allocution, la [&hellip;]","og_url":"https:\/\/www.amanien.info\/news\/le-premier-congres-de-la-fipetca-a-ouvert-ses-portes-ce-jeudi\/","og_site_name":"Amanien| L&#039;actualit\u00e9 Ivoirienne et Internationale","article_published_time":"2021-03-03T07:53:24+00:00","article_modified_time":"2021-03-03T07:53:59+00:00","og_image":[{"width":1080,"height":810,"url":"https:\/\/www.amanien.info\/news\/wp-content\/uploads\/2021\/03\/thumbnail.jpg","type":"image\/jpeg"}],"author":"Germain Ndri","twitter_card":"summary_large_image","twitter_misc":{"\u00c9crit par":"Germain Ndri","Dur\u00e9e de lecture estim\u00e9e":"2 minutes"},"schema":{"@context":"https:\/\/schema.org","@graph":[{"@type":"Article","@id":"https:\/\/www.amanien.info\/news\/le-premier-congres-de-la-fipetca-a-ouvert-ses-portes-ce-jeudi\/#article","isPartOf":{"@id":"https:\/\/www.amanien.info\/news\/le-premier-congres-de-la-fipetca-a-ouvert-ses-portes-ce-jeudi\/"},"author":{"name":"Germain Ndri","@id":"https:\/\/www.amanien.info\/news\/#\/schema\/person\/b21093345753a1a98242d505bd894f42"},"headline":"Le premier congr\u00e8s de la FIPETCA a ouvert ses portes, ce jeudi","datePublished":"2021-03-03T07:53:24+00:00","dateModified":"2021-03-03T07:53:59+00:00","mainEntityOfPage":{"@id":"https:\/\/www.amanien.info\/news\/le-premier-congres-de-la-fipetca-a-ouvert-ses-portes-ce-jeudi\/"},"wordCount":443,"image":{"@id":"https:\/\/www.amanien.info\/news\/le-premier-congres-de-la-fipetca-a-ouvert-ses-portes-ce-jeudi\/#primaryimage"},"thumbnailUrl":"https:\/\/www.amanien.info\/news\/wp-content\/uploads\/2021\/03\/thumbnail.jpg","inLanguage":"fr-FR"},{"@type":"WebPage","@id":"https:\/\/www.amanien.info\/news\/le-premier-congres-de-la-fipetca-a-ouvert-ses-portes-ce-jeudi\/","url":"https:\/\/www.amanien.info\/news\/le-premier-congres-de-la-fipetca-a-ouvert-ses-portes-ce-jeudi\/","name":"Le premier congr\u00e8s de la FIPETCA a ouvert ses portes, ce jeudi - Amanien| L&#039;actualit\u00e9 Ivoirienne et Internationale","isPartOf":{"@id":"https:\/\/www.amanien.info\/news\/#website"},"primaryImageOfPage":{"@id":"https:\/\/www.amanien.info\/news\/le-premier-congres-de-la-fipetca-a-ouvert-ses-portes-ce-jeudi\/#primaryimage"},"image":{"@id":"https:\/\/www.amanien.info\/news\/le-premier-congres-de-la-fipetca-a-ouvert-ses-portes-ce-jeudi\/#primaryimage"},"thumbnailUrl":"https:\/\/www.amanien.info\/news\/wp-content\/uploads\/2021\/03\/thumbnail.jpg","datePublished":"2021-03-03T07:53:24+00:00","dateModified":"2021-03-03T07:53:59+00:00","author":{"@id":"https:\/\/www.amanien.info\/news\/#\/schema\/person\/b21093345753a1a98242d505bd894f42"},"breadcrumb":{"@id":"https:\/\/www.amanien.info\/news\/le-premier-congres-de-la-fipetca-a-ouvert-ses-portes-ce-jeudi\/#breadcrumb"},"inLanguage":"fr-FR","potentialAction":[{"@type":"ReadAction","target":["https:\/\/www.amanien.info\/news\/le-premier-congres-de-la-fipetca-a-ouvert-ses-portes-ce-jeudi\/"]}]},{"@type":"ImageObject","inLanguage":"fr-FR","@id":"https:\/\/www.amanien.info\/news\/le-premier-congres-de-la-fipetca-a-ouvert-ses-portes-ce-jeudi\/#primaryimage","url":"https:\/\/www.amanien.info\/news\/wp-content\/uploads\/2021\/03\/thumbnail.jpg","contentUrl":"https:\/\/www.amanien.info\/news\/wp-content\/uploads\/2021\/03\/thumbnail.jpg","width":1080,"height":810},{"@type":"BreadcrumbList","@id":"https:\/\/www.amanien.info\/news\/le-premier-congres-de-la-fipetca-a-ouvert-ses-portes-ce-jeudi\/#breadcrumb","itemListElement":[{"@type":"ListItem","position":1,"name":"Accueil","item":"https:\/\/www.amanien.info\/news\/"},{"@type":"ListItem","position":2,"name":"Le premier congr\u00e8s de la FIPETCA a ouvert ses portes, ce jeudi"}]},{"@type":"WebSite","@id":"https:\/\/www.amanien.info\/news\/#website","url":"https:\/\/www.amanien.info\/news\/","name":"Amanien| L&#039;actualit\u00e9 Ivoirienne et Internationale","description":"L&#039;actualit\u00e9 Ivoirienne et Internationale","potentialAction":[{"@type":"SearchAction","target":{"@type":"EntryPoint","urlTemplate":"https:\/\/www.amanien.info\/news\/?s={search_term_string}"},"query-input":{"@type":"PropertyValueSpecification","valueRequired":true,"valueName":"search_term_string"}}],"inLanguage":"fr-FR"},{"@type":"Person","@id":"https:\/\/www.amanien.info\/news\/#\/schema\/person\/b21093345753a1a98242d505bd894f42","name":"Germain Ndri","url":"https:\/\/www.amanien.info\/news\/author\/amanien-infos\/"}]}},"_links":{"self":[{"href":"https:\/\/www.amanien.info\/news\/wp-json\/wp\/v2\/posts\/2440","targetHints":{"allow":["GET"]}}],"collection":[{"href":"https:\/\/www.amanien.info\/news\/wp-json\/wp\/v2\/posts"}],"about":[{"href":"https:\/\/www.amanien.info\/news\/wp-json\/wp\/v2\/types\/post"}],"author":[{"embeddable":true,"href":"https:\/\/www.amanien.info\/news\/wp-json\/wp\/v2\/users\/2"}],"replies":[{"embeddable":true,"href":"https:\/\/www.amanien.info\/news\/wp-json\/wp\/v2\/comments?post=2440"}],"version-history":[{"count":0,"href":"https:\/\/www.amanien.info\/news\/wp-json\/wp\/v2\/posts\/2440\/revisions"}],"wp:featuredmedia":[{"embeddable":true,"href":"https:\/\/www.amanien.info\/news\/wp-json\/wp\/v2\/media\/2441"}],"wp:attachment":[{"href":"https:\/\/www.amanien.info\/news\/wp-json\/wp\/v2\/media?parent=2440"}],"wp:term":[{"taxonomy":"category","embeddable":true,"href":"https:\/\/www.amanien.info\/news\/wp-json\/wp\/v2\/categories?post=2440"},{"taxonomy":"post_tag","embeddable":true,"href":"https:\/\/www.amanien.info\/news\/wp-json\/wp\/v2\/tags?post=2440"}],"curies":[{"name":"wp","href":"https:\/\/api.w.org\/{rel}","templated":true}]}}