{"id":2414,"date":"2021-02-22T08:13:00","date_gmt":"2021-02-22T07:13:00","guid":{"rendered":"http:\/\/https:\/\/zozo.buyee.jp\/\/news\/?p=2414"},"modified":"2021-02-22T08:13:21","modified_gmt":"2021-02-22T07:13:21","slug":"election-a-la-presidence-de-la-caf-le-candidat-ivoirien-jacques-anouma-devoile-son-programme-daction","status":"publish","type":"post","link":"https:\/\/www.amanien.info\/news\/election-a-la-presidence-de-la-caf-le-candidat-ivoirien-jacques-anouma-devoile-son-programme-daction\/","title":{"rendered":"\u00c9lection \u00e0 la pr\u00e9sidence de la CAF\/ Le candidat ivoirien, Jacques Anouma d\u00e9voile son programme d&rsquo;action, << Servir le football africain>>"},"content":{"rendered":"<p>L&rsquo; ancien Pr\u00e9sident de la F\u00e9d\u00e9ration Ivoirienne de Football ( FIF) et candidat \u00e0 la pr\u00e9sidence de la Conf\u00e9d\u00e9ration Africaine de Football ( CAF), Jacques Anouma a, ce vendredi 19 f\u00e9vrier 2021 \u00e0 l&rsquo;auditorium du Minist\u00e8re des Affaires \u00c9trang\u00e8res ( Plateau) \u00e9gren\u00e9 son programme d&rsquo;action intitul\u00e9 &lt;&lt; Servir le football africain&gt;&gt;.<\/p>\n<p>Face \u00e0 un parterre de m\u00e9dias nationaux et internationaux, l&rsquo;Ambassadeur Jacques Anouma a pr\u00e9sent\u00e9 de fa\u00e7on succinte son programme d&rsquo;action qui se d\u00e9cline en quatre (4) grands axes strat\u00e9giques.<\/p>\n<p>Le premier axe ( qui est central) porte sur la r\u00e9forme de la gouvernance et la gestion de la CAF. Pour ce faire, Jacques Anouma entend gouverner par l&rsquo;\u00e9coute, l&rsquo;inclusion et \u00e9lever la gestion de la CAF aux standards internationaux.<\/p>\n<p>Le deuxi\u00e8me axe de programme est en lien avec le renforcement des capacit\u00e9s des acteurs locaux du football.<br \/>\nEn clair, il s&rsquo;agit des ressources humaines, financi\u00e8res et techniques.<\/p>\n<p>Quant au troisi\u00e8me axe, il concerne la mise en place d&rsquo;une politique qui permettra de r\u00e9tablir les \u00e9quilibres financiers et trouver de nouvelles ressources pour financer le d\u00e9veloppement du football africain, en mettant l&rsquo;accent sur le d\u00e9veloppement des droits digitaux.<\/p>\n<p>En outre, le quatri\u00e8me et dernier axe strat\u00e9gique s&rsquo;int\u00e9resse au jeu proprement dit.<br \/>\nIl s&rsquo;agit de la valorisation des comp\u00e9tences des arbitres et techniciens, la r\u00e9flexion approfondie sur le nombre et le rythme des comp\u00e9titions, la mise en \u0153uvre des comp\u00e9titions de jeunes et filles ainsi que l&rsquo;am\u00e9lioration de la d\u00e9tection des talents.<\/p>\n<p>Jacques Anouma a, par ailleurs, pris des engagements. Ce, pour \u00a0\u00bb redresser et r\u00e9habiliter la CAF.<br \/>\n&lt;&lt; Je m&rsquo;engage pour un seul mandat. Une fois \u00e9lu, je me consid\u00e8re en mission, r\u00e9solument investi avec devoir et l&rsquo;obligation de servir et r\u00e9ussir&gt;&gt; a promis le candidat ivoirien, Jacques Anouma.<br \/>\nPuis d&rsquo;indiquer que sa victoire permettra la \u00ab\u00a0mat\u00e9rialisation de son programme et ouvrira, pour l&rsquo;Afrique et les africains, une nouvelle \u00e8re de progr\u00e8s\u00a0\u00bb.<\/p>\n<p>&nbsp;<\/p>\n<p>Pour rappel, l&rsquo;\u00e9lection \u00e0 la pr\u00e9sidence de la CAF se tiendra le vendredi, 12 mars prochain.<\/p>\n<p>&nbsp;<\/p>\n<p>Sunday Alain<\/p>\n","protected":false},"excerpt":{"rendered":"<p>L&rsquo; ancien Pr\u00e9sident de la F\u00e9d\u00e9ration Ivoirienne de Football ( FIF) et candidat \u00e0 la pr\u00e9sidence de la Conf\u00e9d\u00e9ration Africaine de Football ( CAF), Jacques Anouma a, ce vendredi 19 f\u00e9vrier 2021 \u00e0 l&rsquo;auditorium du Minist\u00e8re des Affaires \u00c9trang\u00e8res ( Plateau) \u00e9gren\u00e9 son programme d&rsquo;action intitul\u00e9 &lt;&lt; Servir le football africain&gt;&gt;. Face \u00e0 un parterre [&hellip;]<\/p>\n","protected":false},"author":2,"featured_media":2415,"comment_status":"closed","ping_status":"closed","sticky":true,"template":"","format":"standard","meta":{"_acf_changed":false,"footnotes":""},"categories":[],"tags":[],"class_list":["post-2414","post","type-post","status-publish","format-standard","has-post-thumbnail","hentry"],"acf":[],"yoast_head":"<!-- This site is optimized with the Yoast SEO plugin v27.5 - https:\/\/yoast.com\/product\/yoast-seo-wordpress\/ -->\n<title>\u00c9lection \u00e0 la pr\u00e9sidence de la CAF\/ Le candidat ivoirien, Jacques Anouma d\u00e9voile son programme d&#039;action, &gt; - Amanien| L&#039;actualit\u00e9 Ivoirienne et Internationale<\/title>\n<meta name=\"robots\" content=\"index, follow, max-snippet:-1, max-image-preview:large, max-video-preview:-1\" \/>\n<link rel=\"canonical\" href=\"https:\/\/www.amanien.info\/news\/election-a-la-presidence-de-la-caf-le-candidat-ivoirien-jacques-anouma-devoile-son-programme-daction\/\" \/>\n<meta property=\"og:locale\" content=\"fr_FR\" \/>\n<meta property=\"og:type\" content=\"article\" \/>\n<meta property=\"og:title\" content=\"\u00c9lection \u00e0 la pr\u00e9sidence de la CAF\/ Le candidat ivoirien, Jacques Anouma d\u00e9voile son programme d&#039;action, &gt; - Amanien| L&#039;actualit\u00e9 Ivoirienne et Internationale\" \/>\n<meta property=\"og:description\" content=\"L&rsquo; ancien Pr\u00e9sident de la F\u00e9d\u00e9ration Ivoirienne de Football ( FIF) et candidat \u00e0 la pr\u00e9sidence de la Conf\u00e9d\u00e9ration Africaine de Football ( CAF), Jacques Anouma a, ce vendredi 19 f\u00e9vrier 2021 \u00e0 l&rsquo;auditorium du Minist\u00e8re des Affaires \u00c9trang\u00e8res ( Plateau) \u00e9gren\u00e9 son programme d&rsquo;action intitul\u00e9 &lt;&lt; Servir le football africain&gt;&gt;. Face \u00e0 un parterre [&hellip;]\" \/>\n<meta property=\"og:url\" content=\"https:\/\/www.amanien.info\/news\/election-a-la-presidence-de-la-caf-le-candidat-ivoirien-jacques-anouma-devoile-son-programme-daction\/\" \/>\n<meta property=\"og:site_name\" content=\"Amanien| L&#039;actualit\u00e9 Ivoirienne et Internationale\" \/>\n<meta property=\"article:published_time\" content=\"2021-02-22T07:13:00+00:00\" \/>\n<meta property=\"article:modified_time\" content=\"2021-02-22T07:13:21+00:00\" \/>\n<meta property=\"og:image\" content=\"https:\/\/www.amanien.info\/news\/wp-content\/uploads\/2021\/02\/thumbnail-15.jpg\" \/>\n\t<meta property=\"og:image:width\" content=\"1080\" \/>\n\t<meta property=\"og:image:height\" content=\"810\" \/>\n\t<meta property=\"og:image:type\" content=\"image\/jpeg\" \/>\n<meta name=\"author\" content=\"Germain Ndri\" \/>\n<meta name=\"twitter:card\" content=\"summary_large_image\" \/>\n<meta name=\"twitter:label1\" content=\"\u00c9crit par\" \/>\n\t<meta name=\"twitter:data1\" content=\"Germain Ndri\" \/>\n\t<meta name=\"twitter:label2\" content=\"Dur\u00e9e de lecture estim\u00e9e\" \/>\n\t<meta name=\"twitter:data2\" content=\"2 minutes\" \/>\n<script type=\"application\/ld+json\" class=\"yoast-schema-graph\">{\"@context\":\"https:\\\/\\\/schema.org\",\"@graph\":[{\"@type\":\"Article\",\"@id\":\"https:\\\/\\\/www.amanien.info\\\/news\\\/election-a-la-presidence-de-la-caf-le-candidat-ivoirien-jacques-anouma-devoile-son-programme-daction\\\/#article\",\"isPartOf\":{\"@id\":\"https:\\\/\\\/www.amanien.info\\\/news\\\/election-a-la-presidence-de-la-caf-le-candidat-ivoirien-jacques-anouma-devoile-son-programme-daction\\\/\"},\"author\":{\"name\":\"Germain Ndri\",\"@id\":\"https:\\\/\\\/www.amanien.info\\\/news\\\/#\\\/schema\\\/person\\\/b21093345753a1a98242d505bd894f42\"},\"headline\":\"\u00c9lection \u00e0 la pr\u00e9sidence de la CAF\\\/ Le candidat ivoirien, Jacques Anouma d\u00e9voile son programme d&rsquo;action, >\",\"datePublished\":\"2021-02-22T07:13:00+00:00\",\"dateModified\":\"2021-02-22T07:13:21+00:00\",\"mainEntityOfPage\":{\"@id\":\"https:\\\/\\\/www.amanien.info\\\/news\\\/election-a-la-presidence-de-la-caf-le-candidat-ivoirien-jacques-anouma-devoile-son-programme-daction\\\/\"},\"wordCount\":398,\"image\":{\"@id\":\"https:\\\/\\\/www.amanien.info\\\/news\\\/election-a-la-presidence-de-la-caf-le-candidat-ivoirien-jacques-anouma-devoile-son-programme-daction\\\/#primaryimage\"},\"thumbnailUrl\":\"https:\\\/\\\/www.amanien.info\\\/news\\\/wp-content\\\/uploads\\\/2021\\\/02\\\/thumbnail-15.jpg\",\"inLanguage\":\"fr-FR\"},{\"@type\":\"WebPage\",\"@id\":\"https:\\\/\\\/www.amanien.info\\\/news\\\/election-a-la-presidence-de-la-caf-le-candidat-ivoirien-jacques-anouma-devoile-son-programme-daction\\\/\",\"url\":\"https:\\\/\\\/www.amanien.info\\\/news\\\/election-a-la-presidence-de-la-caf-le-candidat-ivoirien-jacques-anouma-devoile-son-programme-daction\\\/\",\"name\":\"\u00c9lection \u00e0 la pr\u00e9sidence de la CAF\\\/ Le candidat ivoirien, Jacques Anouma d\u00e9voile son programme d'action, > - Amanien| L&#039;actualit\u00e9 Ivoirienne et Internationale\",\"isPartOf\":{\"@id\":\"https:\\\/\\\/www.amanien.info\\\/news\\\/#website\"},\"primaryImageOfPage\":{\"@id\":\"https:\\\/\\\/www.amanien.info\\\/news\\\/election-a-la-presidence-de-la-caf-le-candidat-ivoirien-jacques-anouma-devoile-son-programme-daction\\\/#primaryimage\"},\"image\":{\"@id\":\"https:\\\/\\\/www.amanien.info\\\/news\\\/election-a-la-presidence-de-la-caf-le-candidat-ivoirien-jacques-anouma-devoile-son-programme-daction\\\/#primaryimage\"},\"thumbnailUrl\":\"https:\\\/\\\/www.amanien.info\\\/news\\\/wp-content\\\/uploads\\\/2021\\\/02\\\/thumbnail-15.jpg\",\"datePublished\":\"2021-02-22T07:13:00+00:00\",\"dateModified\":\"2021-02-22T07:13:21+00:00\",\"author\":{\"@id\":\"https:\\\/\\\/www.amanien.info\\\/news\\\/#\\\/schema\\\/person\\\/b21093345753a1a98242d505bd894f42\"},\"breadcrumb\":{\"@id\":\"https:\\\/\\\/www.amanien.info\\\/news\\\/election-a-la-presidence-de-la-caf-le-candidat-ivoirien-jacques-anouma-devoile-son-programme-daction\\\/#breadcrumb\"},\"inLanguage\":\"fr-FR\",\"potentialAction\":[{\"@type\":\"ReadAction\",\"target\":[\"https:\\\/\\\/www.amanien.info\\\/news\\\/election-a-la-presidence-de-la-caf-le-candidat-ivoirien-jacques-anouma-devoile-son-programme-daction\\\/\"]}]},{\"@type\":\"ImageObject\",\"inLanguage\":\"fr-FR\",\"@id\":\"https:\\\/\\\/www.amanien.info\\\/news\\\/election-a-la-presidence-de-la-caf-le-candidat-ivoirien-jacques-anouma-devoile-son-programme-daction\\\/#primaryimage\",\"url\":\"https:\\\/\\\/www.amanien.info\\\/news\\\/wp-content\\\/uploads\\\/2021\\\/02\\\/thumbnail-15.jpg\",\"contentUrl\":\"https:\\\/\\\/www.amanien.info\\\/news\\\/wp-content\\\/uploads\\\/2021\\\/02\\\/thumbnail-15.jpg\",\"width\":1080,\"height\":810},{\"@type\":\"BreadcrumbList\",\"@id\":\"https:\\\/\\\/www.amanien.info\\\/news\\\/election-a-la-presidence-de-la-caf-le-candidat-ivoirien-jacques-anouma-devoile-son-programme-daction\\\/#breadcrumb\",\"itemListElement\":[{\"@type\":\"ListItem\",\"position\":1,\"name\":\"Accueil\",\"item\":\"https:\\\/\\\/www.amanien.info\\\/news\\\/\"},{\"@type\":\"ListItem\",\"position\":2,\"name\":\"\u00c9lection \u00e0 la pr\u00e9sidence de la CAF\\\/ Le candidat ivoirien, Jacques Anouma d\u00e9voile son programme d&rsquo;action, >\"}]},{\"@type\":\"WebSite\",\"@id\":\"https:\\\/\\\/www.amanien.info\\\/news\\\/#website\",\"url\":\"https:\\\/\\\/www.amanien.info\\\/news\\\/\",\"name\":\"Amanien| L&#039;actualit\u00e9 Ivoirienne et Internationale\",\"description\":\"L&#039;actualit\u00e9 Ivoirienne et Internationale\",\"potentialAction\":[{\"@type\":\"SearchAction\",\"target\":{\"@type\":\"EntryPoint\",\"urlTemplate\":\"https:\\\/\\\/www.amanien.info\\\/news\\\/?s={search_term_string}\"},\"query-input\":{\"@type\":\"PropertyValueSpecification\",\"valueRequired\":true,\"valueName\":\"search_term_string\"}}],\"inLanguage\":\"fr-FR\"},{\"@type\":\"Person\",\"@id\":\"https:\\\/\\\/www.amanien.info\\\/news\\\/#\\\/schema\\\/person\\\/b21093345753a1a98242d505bd894f42\",\"name\":\"Germain Ndri\",\"url\":\"https:\\\/\\\/www.amanien.info\\\/news\\\/author\\\/amanien-infos\\\/\"}]}<\/script>\n<!-- \/ Yoast SEO plugin. -->","yoast_head_json":{"title":"\u00c9lection \u00e0 la pr\u00e9sidence de la CAF\/ Le candidat ivoirien, Jacques Anouma d\u00e9voile son programme d'action, > - Amanien| L&#039;actualit\u00e9 Ivoirienne et Internationale","robots":{"index":"index","follow":"follow","max-snippet":"max-snippet:-1","max-image-preview":"max-image-preview:large","max-video-preview":"max-video-preview:-1"},"canonical":"https:\/\/www.amanien.info\/news\/election-a-la-presidence-de-la-caf-le-candidat-ivoirien-jacques-anouma-devoile-son-programme-daction\/","og_locale":"fr_FR","og_type":"article","og_title":"\u00c9lection \u00e0 la pr\u00e9sidence de la CAF\/ Le candidat ivoirien, Jacques Anouma d\u00e9voile son programme d'action, > - Amanien| L&#039;actualit\u00e9 Ivoirienne et Internationale","og_description":"L&rsquo; ancien Pr\u00e9sident de la F\u00e9d\u00e9ration Ivoirienne de Football ( FIF) et candidat \u00e0 la pr\u00e9sidence de la Conf\u00e9d\u00e9ration Africaine de Football ( CAF), Jacques Anouma a, ce vendredi 19 f\u00e9vrier 2021 \u00e0 l&rsquo;auditorium du Minist\u00e8re des Affaires \u00c9trang\u00e8res ( Plateau) \u00e9gren\u00e9 son programme d&rsquo;action intitul\u00e9 &lt;&lt; Servir le football africain&gt;&gt;. Face \u00e0 un parterre [&hellip;]","og_url":"https:\/\/www.amanien.info\/news\/election-a-la-presidence-de-la-caf-le-candidat-ivoirien-jacques-anouma-devoile-son-programme-daction\/","og_site_name":"Amanien| L&#039;actualit\u00e9 Ivoirienne et Internationale","article_published_time":"2021-02-22T07:13:00+00:00","article_modified_time":"2021-02-22T07:13:21+00:00","og_image":[{"width":1080,"height":810,"url":"https:\/\/www.amanien.info\/news\/wp-content\/uploads\/2021\/02\/thumbnail-15.jpg","type":"image\/jpeg"}],"author":"Germain Ndri","twitter_card":"summary_large_image","twitter_misc":{"\u00c9crit par":"Germain Ndri","Dur\u00e9e de lecture estim\u00e9e":"2 minutes"},"schema":{"@context":"https:\/\/schema.org","@graph":[{"@type":"Article","@id":"https:\/\/www.amanien.info\/news\/election-a-la-presidence-de-la-caf-le-candidat-ivoirien-jacques-anouma-devoile-son-programme-daction\/#article","isPartOf":{"@id":"https:\/\/www.amanien.info\/news\/election-a-la-presidence-de-la-caf-le-candidat-ivoirien-jacques-anouma-devoile-son-programme-daction\/"},"author":{"name":"Germain Ndri","@id":"https:\/\/www.amanien.info\/news\/#\/schema\/person\/b21093345753a1a98242d505bd894f42"},"headline":"\u00c9lection \u00e0 la pr\u00e9sidence de la CAF\/ Le candidat ivoirien, Jacques Anouma d\u00e9voile son programme d&rsquo;action, >","datePublished":"2021-02-22T07:13:00+00:00","dateModified":"2021-02-22T07:13:21+00:00","mainEntityOfPage":{"@id":"https:\/\/www.amanien.info\/news\/election-a-la-presidence-de-la-caf-le-candidat-ivoirien-jacques-anouma-devoile-son-programme-daction\/"},"wordCount":398,"image":{"@id":"https:\/\/www.amanien.info\/news\/election-a-la-presidence-de-la-caf-le-candidat-ivoirien-jacques-anouma-devoile-son-programme-daction\/#primaryimage"},"thumbnailUrl":"https:\/\/www.amanien.info\/news\/wp-content\/uploads\/2021\/02\/thumbnail-15.jpg","inLanguage":"fr-FR"},{"@type":"WebPage","@id":"https:\/\/www.amanien.info\/news\/election-a-la-presidence-de-la-caf-le-candidat-ivoirien-jacques-anouma-devoile-son-programme-daction\/","url":"https:\/\/www.amanien.info\/news\/election-a-la-presidence-de-la-caf-le-candidat-ivoirien-jacques-anouma-devoile-son-programme-daction\/","name":"\u00c9lection \u00e0 la pr\u00e9sidence de la CAF\/ Le candidat ivoirien, Jacques Anouma d\u00e9voile son programme d'action, > - Amanien| L&#039;actualit\u00e9 Ivoirienne et Internationale","isPartOf":{"@id":"https:\/\/www.amanien.info\/news\/#website"},"primaryImageOfPage":{"@id":"https:\/\/www.amanien.info\/news\/election-a-la-presidence-de-la-caf-le-candidat-ivoirien-jacques-anouma-devoile-son-programme-daction\/#primaryimage"},"image":{"@id":"https:\/\/www.amanien.info\/news\/election-a-la-presidence-de-la-caf-le-candidat-ivoirien-jacques-anouma-devoile-son-programme-daction\/#primaryimage"},"thumbnailUrl":"https:\/\/www.amanien.info\/news\/wp-content\/uploads\/2021\/02\/thumbnail-15.jpg","datePublished":"2021-02-22T07:13:00+00:00","dateModified":"2021-02-22T07:13:21+00:00","author":{"@id":"https:\/\/www.amanien.info\/news\/#\/schema\/person\/b21093345753a1a98242d505bd894f42"},"breadcrumb":{"@id":"https:\/\/www.amanien.info\/news\/election-a-la-presidence-de-la-caf-le-candidat-ivoirien-jacques-anouma-devoile-son-programme-daction\/#breadcrumb"},"inLanguage":"fr-FR","potentialAction":[{"@type":"ReadAction","target":["https:\/\/www.amanien.info\/news\/election-a-la-presidence-de-la-caf-le-candidat-ivoirien-jacques-anouma-devoile-son-programme-daction\/"]}]},{"@type":"ImageObject","inLanguage":"fr-FR","@id":"https:\/\/www.amanien.info\/news\/election-a-la-presidence-de-la-caf-le-candidat-ivoirien-jacques-anouma-devoile-son-programme-daction\/#primaryimage","url":"https:\/\/www.amanien.info\/news\/wp-content\/uploads\/2021\/02\/thumbnail-15.jpg","contentUrl":"https:\/\/www.amanien.info\/news\/wp-content\/uploads\/2021\/02\/thumbnail-15.jpg","width":1080,"height":810},{"@type":"BreadcrumbList","@id":"https:\/\/www.amanien.info\/news\/election-a-la-presidence-de-la-caf-le-candidat-ivoirien-jacques-anouma-devoile-son-programme-daction\/#breadcrumb","itemListElement":[{"@type":"ListItem","position":1,"name":"Accueil","item":"https:\/\/www.amanien.info\/news\/"},{"@type":"ListItem","position":2,"name":"\u00c9lection \u00e0 la pr\u00e9sidence de la CAF\/ Le candidat ivoirien, Jacques Anouma d\u00e9voile son programme d&rsquo;action, >"}]},{"@type":"WebSite","@id":"https:\/\/www.amanien.info\/news\/#website","url":"https:\/\/www.amanien.info\/news\/","name":"Amanien| L&#039;actualit\u00e9 Ivoirienne et Internationale","description":"L&#039;actualit\u00e9 Ivoirienne et Internationale","potentialAction":[{"@type":"SearchAction","target":{"@type":"EntryPoint","urlTemplate":"https:\/\/www.amanien.info\/news\/?s={search_term_string}"},"query-input":{"@type":"PropertyValueSpecification","valueRequired":true,"valueName":"search_term_string"}}],"inLanguage":"fr-FR"},{"@type":"Person","@id":"https:\/\/www.amanien.info\/news\/#\/schema\/person\/b21093345753a1a98242d505bd894f42","name":"Germain Ndri","url":"https:\/\/www.amanien.info\/news\/author\/amanien-infos\/"}]}},"_links":{"self":[{"href":"https:\/\/www.amanien.info\/news\/wp-json\/wp\/v2\/posts\/2414","targetHints":{"allow":["GET"]}}],"collection":[{"href":"https:\/\/www.amanien.info\/news\/wp-json\/wp\/v2\/posts"}],"about":[{"href":"https:\/\/www.amanien.info\/news\/wp-json\/wp\/v2\/types\/post"}],"author":[{"embeddable":true,"href":"https:\/\/www.amanien.info\/news\/wp-json\/wp\/v2\/users\/2"}],"replies":[{"embeddable":true,"href":"https:\/\/www.amanien.info\/news\/wp-json\/wp\/v2\/comments?post=2414"}],"version-history":[{"count":0,"href":"https:\/\/www.amanien.info\/news\/wp-json\/wp\/v2\/posts\/2414\/revisions"}],"wp:featuredmedia":[{"embeddable":true,"href":"https:\/\/www.amanien.info\/news\/wp-json\/wp\/v2\/media\/2415"}],"wp:attachment":[{"href":"https:\/\/www.amanien.info\/news\/wp-json\/wp\/v2\/media?parent=2414"}],"wp:term":[{"taxonomy":"category","embeddable":true,"href":"https:\/\/www.amanien.info\/news\/wp-json\/wp\/v2\/categories?post=2414"},{"taxonomy":"post_tag","embeddable":true,"href":"https:\/\/www.amanien.info\/news\/wp-json\/wp\/v2\/tags?post=2414"}],"curies":[{"name":"wp","href":"https:\/\/api.w.org\/{rel}","templated":true}]}}