{"id":2411,"date":"2021-02-22T08:10:23","date_gmt":"2021-02-22T07:10:23","guid":{"rendered":"http:\/\/https:\/\/zozo.buyee.jp\/\/news\/?p=2411"},"modified":"2021-02-22T08:10:44","modified_gmt":"2021-02-22T07:10:44","slug":"legislative-du-6-mars-kandia-camara-presente-le-commando-rhdp-dabobo-aux-commercants","status":"publish","type":"post","link":"https:\/\/www.amanien.info\/news\/legislative-du-6-mars-kandia-camara-presente-le-commando-rhdp-dabobo-aux-commercants\/","title":{"rendered":"L\u00e9gislative du 6 mars: Kandia Camara pr\u00e9sente le commando RHDP d\u2019Abobo aux commer\u00e7ants"},"content":{"rendered":"<p>C\u2019est un commando de douze (12) candidats-six titulaires et six suppl\u00e9ants- qui d\u00e9fendront l\u2019effigie du RHDP le 6 mars prochain \u00e0 la faveur des \u00e9lections l\u00e9gislatives. Leur candidature a \u00e9t\u00e9 confi\u00e9e aux commer\u00e7ants d\u2019Abobo le 19 f\u00e9vrier dernier par Kandia Camara, t\u00eate de liste. Devant une foule en liesse, et visiblement acquise \u00e0 sa cause, la \u2018\u2019P\u00e9r\u00e9 nationale\u2019\u2019, comme on l\u2019appelle dans le milieu politique, n\u2019a eu aucune difficult\u00e9 pour faire passer son message\u00a0: celui d\u2019octroyer une victoire \u00e9clatante \u00e0 sa liste. \u00ab(\u2026) Notre Pr\u00e9sident, Son Excellence Alassane Ouattara vous fait confiance, moi \u00e9galement.\u00a0Tout comme notre maire, le Premier ministre Hamed Bakayoko. Ils m\u2019ont charg\u00e9 de venir vous confier notre candidature. Ils m\u2019ont aussi charg\u00e9 de vous dire de r\u00e9\u00e9diter l\u2019exploit du votre de participation \u00e0 l\u2019\u00e9lection Pr\u00e9sidentielle d\u2019Octobre pass\u00e9. Un fort taux qui a lourdement pes\u00e9 dans la balance pour notre victoire. Faites en de m\u00eame cette fois-ci pour offrir l\u2019Assembl\u00e9e nationale au Pr\u00e9sident Alassane Ouattara. Notre circonscription est l\u2019une des rares ou le genre a \u00e9t\u00e9 respect\u00e9 au niveau des titulaires, avec 3 hommes et 3 femmes\u00a0\u00bb, a comment\u00e9 Kandia Camara, sourires aux l\u00e8vres. Qui, \u00e0 l\u2019instant m\u00eame, a proc\u00e9d\u00e9 \u00e0 l\u2019appel nominatif des candidats et candidates. Outre elle-m\u00eame, t\u00eate de liste, il s\u2019agit de Ouattara Brahima, Tour\u00e9 Maimouna, Sidib\u00e9 Daouda, Ak\u00e9 Bernard, Mme Mad\u00e9leine Marco, Lagos Victor, Bamba Amara, Mme Brou Adjoua Jeanne Peuhmond, Y\u00e9o Klotcholoman, Hamed Kon\u00e9 et Kon\u00e9 Ass\u00e9tou. \u00a0R\u00e9ceptionnant cette liste au nom de tous ses camarades, Kon\u00e9 Aboudramane,\u00a0 le pr\u00e9sident de la Coordination RHDP des acteurs du commerce d\u2019Abobo (CACA RHDP), a clairement promis une victoire \u00e9crasante \u00e0 son illustre h\u00f4te. \u00ab(\u2026) N\u2019ayez pas le sommeil trouble. Allez dormir tranquille. Les membres des 35 march\u00e9s d\u2019Abobo et ceux des 43 associations vous suffiront pour creuser l\u2019\u00e9cart\u00a0\u00bb, a-t-il, sous des ovations nourries.<\/p>\n","protected":false},"excerpt":{"rendered":"<p>C\u2019est un commando de douze (12) candidats-six titulaires et six suppl\u00e9ants- qui d\u00e9fendront l\u2019effigie du RHDP le 6 mars prochain \u00e0 la faveur des \u00e9lections l\u00e9gislatives. Leur candidature a \u00e9t\u00e9 confi\u00e9e aux commer\u00e7ants d\u2019Abobo le 19 f\u00e9vrier dernier par Kandia Camara, t\u00eate de liste. Devant une foule en liesse, et visiblement acquise \u00e0 sa cause, [&hellip;]<\/p>\n","protected":false},"author":2,"featured_media":2412,"comment_status":"closed","ping_status":"closed","sticky":true,"template":"","format":"standard","meta":{"_acf_changed":false,"footnotes":""},"categories":[],"tags":[],"class_list":["post-2411","post","type-post","status-publish","format-standard","has-post-thumbnail","hentry"],"acf":[],"yoast_head":"<!-- This site is optimized with the Yoast SEO plugin v27.5 - https:\/\/yoast.com\/product\/yoast-seo-wordpress\/ -->\n<title>L\u00e9gislative du 6 mars: Kandia Camara pr\u00e9sente le commando RHDP d\u2019Abobo aux commer\u00e7ants - Amanien| L&#039;actualit\u00e9 Ivoirienne et Internationale<\/title>\n<meta name=\"robots\" content=\"index, follow, max-snippet:-1, max-image-preview:large, max-video-preview:-1\" \/>\n<link rel=\"canonical\" href=\"https:\/\/www.amanien.info\/news\/legislative-du-6-mars-kandia-camara-presente-le-commando-rhdp-dabobo-aux-commercants\/\" \/>\n<meta property=\"og:locale\" content=\"fr_FR\" \/>\n<meta property=\"og:type\" content=\"article\" \/>\n<meta property=\"og:title\" content=\"L\u00e9gislative du 6 mars: Kandia Camara pr\u00e9sente le commando RHDP d\u2019Abobo aux commer\u00e7ants - Amanien| L&#039;actualit\u00e9 Ivoirienne et Internationale\" \/>\n<meta property=\"og:description\" content=\"C\u2019est un commando de douze (12) candidats-six titulaires et six suppl\u00e9ants- qui d\u00e9fendront l\u2019effigie du RHDP le 6 mars prochain \u00e0 la faveur des \u00e9lections l\u00e9gislatives. Leur candidature a \u00e9t\u00e9 confi\u00e9e aux commer\u00e7ants d\u2019Abobo le 19 f\u00e9vrier dernier par Kandia Camara, t\u00eate de liste. Devant une foule en liesse, et visiblement acquise \u00e0 sa cause, [&hellip;]\" \/>\n<meta property=\"og:url\" content=\"https:\/\/www.amanien.info\/news\/legislative-du-6-mars-kandia-camara-presente-le-commando-rhdp-dabobo-aux-commercants\/\" \/>\n<meta property=\"og:site_name\" content=\"Amanien| L&#039;actualit\u00e9 Ivoirienne et Internationale\" \/>\n<meta property=\"article:published_time\" content=\"2021-02-22T07:10:23+00:00\" \/>\n<meta property=\"article:modified_time\" content=\"2021-02-22T07:10:44+00:00\" \/>\n<meta property=\"og:image\" content=\"https:\/\/www.amanien.info\/news\/wp-content\/uploads\/2021\/02\/thumbnail-14.jpg\" \/>\n\t<meta property=\"og:image:width\" content=\"150\" \/>\n\t<meta property=\"og:image:height\" content=\"180\" \/>\n\t<meta property=\"og:image:type\" content=\"image\/jpeg\" \/>\n<meta name=\"author\" content=\"Germain Ndri\" \/>\n<meta name=\"twitter:card\" content=\"summary_large_image\" \/>\n<meta name=\"twitter:label1\" content=\"\u00c9crit par\" \/>\n\t<meta name=\"twitter:data1\" content=\"Germain Ndri\" \/>\n\t<meta name=\"twitter:label2\" content=\"Dur\u00e9e de lecture estim\u00e9e\" \/>\n\t<meta name=\"twitter:data2\" content=\"2 minutes\" \/>\n<script type=\"application\/ld+json\" class=\"yoast-schema-graph\">{\"@context\":\"https:\\\/\\\/schema.org\",\"@graph\":[{\"@type\":\"Article\",\"@id\":\"https:\\\/\\\/www.amanien.info\\\/news\\\/legislative-du-6-mars-kandia-camara-presente-le-commando-rhdp-dabobo-aux-commercants\\\/#article\",\"isPartOf\":{\"@id\":\"https:\\\/\\\/www.amanien.info\\\/news\\\/legislative-du-6-mars-kandia-camara-presente-le-commando-rhdp-dabobo-aux-commercants\\\/\"},\"author\":{\"name\":\"Germain Ndri\",\"@id\":\"https:\\\/\\\/www.amanien.info\\\/news\\\/#\\\/schema\\\/person\\\/b21093345753a1a98242d505bd894f42\"},\"headline\":\"L\u00e9gislative du 6 mars: Kandia Camara pr\u00e9sente le commando RHDP d\u2019Abobo aux commer\u00e7ants\",\"datePublished\":\"2021-02-22T07:10:23+00:00\",\"dateModified\":\"2021-02-22T07:10:44+00:00\",\"mainEntityOfPage\":{\"@id\":\"https:\\\/\\\/www.amanien.info\\\/news\\\/legislative-du-6-mars-kandia-camara-presente-le-commando-rhdp-dabobo-aux-commercants\\\/\"},\"wordCount\":345,\"image\":{\"@id\":\"https:\\\/\\\/www.amanien.info\\\/news\\\/legislative-du-6-mars-kandia-camara-presente-le-commando-rhdp-dabobo-aux-commercants\\\/#primaryimage\"},\"thumbnailUrl\":\"https:\\\/\\\/www.amanien.info\\\/news\\\/wp-content\\\/uploads\\\/2021\\\/02\\\/thumbnail-14.jpg\",\"inLanguage\":\"fr-FR\"},{\"@type\":\"WebPage\",\"@id\":\"https:\\\/\\\/www.amanien.info\\\/news\\\/legislative-du-6-mars-kandia-camara-presente-le-commando-rhdp-dabobo-aux-commercants\\\/\",\"url\":\"https:\\\/\\\/www.amanien.info\\\/news\\\/legislative-du-6-mars-kandia-camara-presente-le-commando-rhdp-dabobo-aux-commercants\\\/\",\"name\":\"L\u00e9gislative du 6 mars: Kandia Camara pr\u00e9sente le commando RHDP d\u2019Abobo aux commer\u00e7ants - Amanien| L&#039;actualit\u00e9 Ivoirienne et Internationale\",\"isPartOf\":{\"@id\":\"https:\\\/\\\/www.amanien.info\\\/news\\\/#website\"},\"primaryImageOfPage\":{\"@id\":\"https:\\\/\\\/www.amanien.info\\\/news\\\/legislative-du-6-mars-kandia-camara-presente-le-commando-rhdp-dabobo-aux-commercants\\\/#primaryimage\"},\"image\":{\"@id\":\"https:\\\/\\\/www.amanien.info\\\/news\\\/legislative-du-6-mars-kandia-camara-presente-le-commando-rhdp-dabobo-aux-commercants\\\/#primaryimage\"},\"thumbnailUrl\":\"https:\\\/\\\/www.amanien.info\\\/news\\\/wp-content\\\/uploads\\\/2021\\\/02\\\/thumbnail-14.jpg\",\"datePublished\":\"2021-02-22T07:10:23+00:00\",\"dateModified\":\"2021-02-22T07:10:44+00:00\",\"author\":{\"@id\":\"https:\\\/\\\/www.amanien.info\\\/news\\\/#\\\/schema\\\/person\\\/b21093345753a1a98242d505bd894f42\"},\"breadcrumb\":{\"@id\":\"https:\\\/\\\/www.amanien.info\\\/news\\\/legislative-du-6-mars-kandia-camara-presente-le-commando-rhdp-dabobo-aux-commercants\\\/#breadcrumb\"},\"inLanguage\":\"fr-FR\",\"potentialAction\":[{\"@type\":\"ReadAction\",\"target\":[\"https:\\\/\\\/www.amanien.info\\\/news\\\/legislative-du-6-mars-kandia-camara-presente-le-commando-rhdp-dabobo-aux-commercants\\\/\"]}]},{\"@type\":\"ImageObject\",\"inLanguage\":\"fr-FR\",\"@id\":\"https:\\\/\\\/www.amanien.info\\\/news\\\/legislative-du-6-mars-kandia-camara-presente-le-commando-rhdp-dabobo-aux-commercants\\\/#primaryimage\",\"url\":\"https:\\\/\\\/www.amanien.info\\\/news\\\/wp-content\\\/uploads\\\/2021\\\/02\\\/thumbnail-14.jpg\",\"contentUrl\":\"https:\\\/\\\/www.amanien.info\\\/news\\\/wp-content\\\/uploads\\\/2021\\\/02\\\/thumbnail-14.jpg\",\"width\":150,\"height\":180},{\"@type\":\"BreadcrumbList\",\"@id\":\"https:\\\/\\\/www.amanien.info\\\/news\\\/legislative-du-6-mars-kandia-camara-presente-le-commando-rhdp-dabobo-aux-commercants\\\/#breadcrumb\",\"itemListElement\":[{\"@type\":\"ListItem\",\"position\":1,\"name\":\"Accueil\",\"item\":\"https:\\\/\\\/www.amanien.info\\\/news\\\/\"},{\"@type\":\"ListItem\",\"position\":2,\"name\":\"L\u00e9gislative du 6 mars: Kandia Camara pr\u00e9sente le commando RHDP d\u2019Abobo aux commer\u00e7ants\"}]},{\"@type\":\"WebSite\",\"@id\":\"https:\\\/\\\/www.amanien.info\\\/news\\\/#website\",\"url\":\"https:\\\/\\\/www.amanien.info\\\/news\\\/\",\"name\":\"Amanien| L&#039;actualit\u00e9 Ivoirienne et Internationale\",\"description\":\"L&#039;actualit\u00e9 Ivoirienne et Internationale\",\"potentialAction\":[{\"@type\":\"SearchAction\",\"target\":{\"@type\":\"EntryPoint\",\"urlTemplate\":\"https:\\\/\\\/www.amanien.info\\\/news\\\/?s={search_term_string}\"},\"query-input\":{\"@type\":\"PropertyValueSpecification\",\"valueRequired\":true,\"valueName\":\"search_term_string\"}}],\"inLanguage\":\"fr-FR\"},{\"@type\":\"Person\",\"@id\":\"https:\\\/\\\/www.amanien.info\\\/news\\\/#\\\/schema\\\/person\\\/b21093345753a1a98242d505bd894f42\",\"name\":\"Germain Ndri\",\"url\":\"https:\\\/\\\/www.amanien.info\\\/news\\\/author\\\/amanien-infos\\\/\"}]}<\/script>\n<!-- \/ Yoast SEO plugin. -->","yoast_head_json":{"title":"L\u00e9gislative du 6 mars: Kandia Camara pr\u00e9sente le commando RHDP d\u2019Abobo aux commer\u00e7ants - Amanien| L&#039;actualit\u00e9 Ivoirienne et Internationale","robots":{"index":"index","follow":"follow","max-snippet":"max-snippet:-1","max-image-preview":"max-image-preview:large","max-video-preview":"max-video-preview:-1"},"canonical":"https:\/\/www.amanien.info\/news\/legislative-du-6-mars-kandia-camara-presente-le-commando-rhdp-dabobo-aux-commercants\/","og_locale":"fr_FR","og_type":"article","og_title":"L\u00e9gislative du 6 mars: Kandia Camara pr\u00e9sente le commando RHDP d\u2019Abobo aux commer\u00e7ants - Amanien| L&#039;actualit\u00e9 Ivoirienne et Internationale","og_description":"C\u2019est un commando de douze (12) candidats-six titulaires et six suppl\u00e9ants- qui d\u00e9fendront l\u2019effigie du RHDP le 6 mars prochain \u00e0 la faveur des \u00e9lections l\u00e9gislatives. Leur candidature a \u00e9t\u00e9 confi\u00e9e aux commer\u00e7ants d\u2019Abobo le 19 f\u00e9vrier dernier par Kandia Camara, t\u00eate de liste. Devant une foule en liesse, et visiblement acquise \u00e0 sa cause, [&hellip;]","og_url":"https:\/\/www.amanien.info\/news\/legislative-du-6-mars-kandia-camara-presente-le-commando-rhdp-dabobo-aux-commercants\/","og_site_name":"Amanien| L&#039;actualit\u00e9 Ivoirienne et Internationale","article_published_time":"2021-02-22T07:10:23+00:00","article_modified_time":"2021-02-22T07:10:44+00:00","og_image":[{"width":150,"height":180,"url":"https:\/\/www.amanien.info\/news\/wp-content\/uploads\/2021\/02\/thumbnail-14.jpg","type":"image\/jpeg"}],"author":"Germain Ndri","twitter_card":"summary_large_image","twitter_misc":{"\u00c9crit par":"Germain Ndri","Dur\u00e9e de lecture estim\u00e9e":"2 minutes"},"schema":{"@context":"https:\/\/schema.org","@graph":[{"@type":"Article","@id":"https:\/\/www.amanien.info\/news\/legislative-du-6-mars-kandia-camara-presente-le-commando-rhdp-dabobo-aux-commercants\/#article","isPartOf":{"@id":"https:\/\/www.amanien.info\/news\/legislative-du-6-mars-kandia-camara-presente-le-commando-rhdp-dabobo-aux-commercants\/"},"author":{"name":"Germain Ndri","@id":"https:\/\/www.amanien.info\/news\/#\/schema\/person\/b21093345753a1a98242d505bd894f42"},"headline":"L\u00e9gislative du 6 mars: Kandia Camara pr\u00e9sente le commando RHDP d\u2019Abobo aux commer\u00e7ants","datePublished":"2021-02-22T07:10:23+00:00","dateModified":"2021-02-22T07:10:44+00:00","mainEntityOfPage":{"@id":"https:\/\/www.amanien.info\/news\/legislative-du-6-mars-kandia-camara-presente-le-commando-rhdp-dabobo-aux-commercants\/"},"wordCount":345,"image":{"@id":"https:\/\/www.amanien.info\/news\/legislative-du-6-mars-kandia-camara-presente-le-commando-rhdp-dabobo-aux-commercants\/#primaryimage"},"thumbnailUrl":"https:\/\/www.amanien.info\/news\/wp-content\/uploads\/2021\/02\/thumbnail-14.jpg","inLanguage":"fr-FR"},{"@type":"WebPage","@id":"https:\/\/www.amanien.info\/news\/legislative-du-6-mars-kandia-camara-presente-le-commando-rhdp-dabobo-aux-commercants\/","url":"https:\/\/www.amanien.info\/news\/legislative-du-6-mars-kandia-camara-presente-le-commando-rhdp-dabobo-aux-commercants\/","name":"L\u00e9gislative du 6 mars: Kandia Camara pr\u00e9sente le commando RHDP d\u2019Abobo aux commer\u00e7ants - Amanien| L&#039;actualit\u00e9 Ivoirienne et Internationale","isPartOf":{"@id":"https:\/\/www.amanien.info\/news\/#website"},"primaryImageOfPage":{"@id":"https:\/\/www.amanien.info\/news\/legislative-du-6-mars-kandia-camara-presente-le-commando-rhdp-dabobo-aux-commercants\/#primaryimage"},"image":{"@id":"https:\/\/www.amanien.info\/news\/legislative-du-6-mars-kandia-camara-presente-le-commando-rhdp-dabobo-aux-commercants\/#primaryimage"},"thumbnailUrl":"https:\/\/www.amanien.info\/news\/wp-content\/uploads\/2021\/02\/thumbnail-14.jpg","datePublished":"2021-02-22T07:10:23+00:00","dateModified":"2021-02-22T07:10:44+00:00","author":{"@id":"https:\/\/www.amanien.info\/news\/#\/schema\/person\/b21093345753a1a98242d505bd894f42"},"breadcrumb":{"@id":"https:\/\/www.amanien.info\/news\/legislative-du-6-mars-kandia-camara-presente-le-commando-rhdp-dabobo-aux-commercants\/#breadcrumb"},"inLanguage":"fr-FR","potentialAction":[{"@type":"ReadAction","target":["https:\/\/www.amanien.info\/news\/legislative-du-6-mars-kandia-camara-presente-le-commando-rhdp-dabobo-aux-commercants\/"]}]},{"@type":"ImageObject","inLanguage":"fr-FR","@id":"https:\/\/www.amanien.info\/news\/legislative-du-6-mars-kandia-camara-presente-le-commando-rhdp-dabobo-aux-commercants\/#primaryimage","url":"https:\/\/www.amanien.info\/news\/wp-content\/uploads\/2021\/02\/thumbnail-14.jpg","contentUrl":"https:\/\/www.amanien.info\/news\/wp-content\/uploads\/2021\/02\/thumbnail-14.jpg","width":150,"height":180},{"@type":"BreadcrumbList","@id":"https:\/\/www.amanien.info\/news\/legislative-du-6-mars-kandia-camara-presente-le-commando-rhdp-dabobo-aux-commercants\/#breadcrumb","itemListElement":[{"@type":"ListItem","position":1,"name":"Accueil","item":"https:\/\/www.amanien.info\/news\/"},{"@type":"ListItem","position":2,"name":"L\u00e9gislative du 6 mars: Kandia Camara pr\u00e9sente le commando RHDP d\u2019Abobo aux commer\u00e7ants"}]},{"@type":"WebSite","@id":"https:\/\/www.amanien.info\/news\/#website","url":"https:\/\/www.amanien.info\/news\/","name":"Amanien| L&#039;actualit\u00e9 Ivoirienne et Internationale","description":"L&#039;actualit\u00e9 Ivoirienne et Internationale","potentialAction":[{"@type":"SearchAction","target":{"@type":"EntryPoint","urlTemplate":"https:\/\/www.amanien.info\/news\/?s={search_term_string}"},"query-input":{"@type":"PropertyValueSpecification","valueRequired":true,"valueName":"search_term_string"}}],"inLanguage":"fr-FR"},{"@type":"Person","@id":"https:\/\/www.amanien.info\/news\/#\/schema\/person\/b21093345753a1a98242d505bd894f42","name":"Germain Ndri","url":"https:\/\/www.amanien.info\/news\/author\/amanien-infos\/"}]}},"_links":{"self":[{"href":"https:\/\/www.amanien.info\/news\/wp-json\/wp\/v2\/posts\/2411","targetHints":{"allow":["GET"]}}],"collection":[{"href":"https:\/\/www.amanien.info\/news\/wp-json\/wp\/v2\/posts"}],"about":[{"href":"https:\/\/www.amanien.info\/news\/wp-json\/wp\/v2\/types\/post"}],"author":[{"embeddable":true,"href":"https:\/\/www.amanien.info\/news\/wp-json\/wp\/v2\/users\/2"}],"replies":[{"embeddable":true,"href":"https:\/\/www.amanien.info\/news\/wp-json\/wp\/v2\/comments?post=2411"}],"version-history":[{"count":0,"href":"https:\/\/www.amanien.info\/news\/wp-json\/wp\/v2\/posts\/2411\/revisions"}],"wp:featuredmedia":[{"embeddable":true,"href":"https:\/\/www.amanien.info\/news\/wp-json\/wp\/v2\/media\/2412"}],"wp:attachment":[{"href":"https:\/\/www.amanien.info\/news\/wp-json\/wp\/v2\/media?parent=2411"}],"wp:term":[{"taxonomy":"category","embeddable":true,"href":"https:\/\/www.amanien.info\/news\/wp-json\/wp\/v2\/categories?post=2411"},{"taxonomy":"post_tag","embeddable":true,"href":"https:\/\/www.amanien.info\/news\/wp-json\/wp\/v2\/tags?post=2411"}],"curies":[{"name":"wp","href":"https:\/\/api.w.org\/{rel}","templated":true}]}}