{"id":2374,"date":"2021-02-10T09:53:18","date_gmt":"2021-02-10T08:53:18","guid":{"rendered":"http:\/\/https:\/\/zozo.buyee.jp\/\/news\/?p=2374"},"modified":"2021-02-10T09:53:35","modified_gmt":"2021-02-10T08:53:35","slug":"lue-octroie-des-equipements-informatiques-au-crasc-sud-et-a-six-de-ses-delegations","status":"publish","type":"post","link":"https:\/\/www.amanien.info\/news\/lue-octroie-des-equipements-informatiques-au-crasc-sud-et-a-six-de-ses-delegations\/","title":{"rendered":"L&rsquo;UE octroie des \u00e9quipements informatiques au CRASC-SUD et \u00e0 six de ses d\u00e9l\u00e9gations"},"content":{"rendered":"<p>Le Pr\u00e9sident du conseil d\u2019administration du Centre R\u00e9gional d\u2019Appui \u00e0 la Soci\u00e9t\u00e9 Civile du Sud (CRAS-SUD), Seydou Camara, a proc\u00e9d\u00e9 le jeudi 4 f\u00e9vrier 2021, \u00e0 la remise d\u2019\u00e9quipements informatiques aux structures de relais de son organisation.<\/p>\n<p>Le don, constitu\u00e9 de six (6) ordinateurs de bureau, six (6) imprimantes jet d\u2019encre, 6 onduleurs et 6 Fly box, s\u2019inscrit dans le cadre du projet LIANE 2 (Leadership des Acteurs Non Etatiques) suite \u00e0 un diagnostic effectu\u00e9 en juillet 2019 par l&rsquo;UGP dans le but d\u2019identifier les besoins du CRASC-Sud en termes de formations, d\u2019\u00e9quipements mat\u00e9riels, bureautiques et de mobilier.<\/p>\n<p>D\u2019une valeur de 20 millions de FCFA, ces \u00e9quipements sont destin\u00e9s au CRASC-Sud et \u00e0 six de ses d\u00e9l\u00e9gations s\u00e9lectionn\u00e9es sur la base de la qualit\u00e9 de leur travail et de la disponibilit\u00e9 de leur si\u00e8ges r\u00e9gionaux.<\/p>\n<p>La c\u00e9r\u00e9monie officielle de remise a eu lieu \u00e0 San-Pedro, la ville abritant le si\u00e8ge de ladite organisation.<\/p>\n<p>Ce lot de mat\u00e9riels informatiques, explique Seydou Camara, t\u00e9moigne de la volont\u00e9 d\u2019accompagner les acteurs des OSC dans l\u2019exercice de leur mission.<br \/>\nPour lui donc, l\u2019utilisation de cet \u00e9quipement doit rester strictement dans le cadre des activit\u00e9s de la d\u00e9l\u00e9gation et au service des OSC dans la zone des b\u00e9n\u00e9ficiaires.<\/p>\n<p>Il a, alors, exhort\u00e9 les b\u00e9n\u00e9ficiaires \u00e0 faire bon usage et surtout \u00e0 bien les entretenir et \u00e0 les s\u00e9curiser.<\/p>\n<p>\u00ab Chers d\u00e9l\u00e9gu\u00e9s, vous \u00eates tenus de maintenir ces outils de travail dans un parfait \u00e9tat de fonctionnement. D\u2019autre part, ces \u00e9quipements \u00e9tant un don de l\u2019Union Europ\u00e9enne, ne doivent jamais \u00eatre laiss\u00e9s dans un endroit qui les exposeraient au vol et \u00e0 la destruction \u00bb, a-t-il conseill\u00e9, avant de traduit sa reconnaissance \u00e0 tous ceux qui ont \u0153uvr\u00e9 \u00e0 la r\u00e9alisation de ce projet.<\/p>\n<p>\u00ab Je voudrais, ici, remercier le partenaire financier, l\u2019Union Europ\u00e9enne et l\u2019Etat de C\u00f4te d\u2019Ivoire qui \u0153uvrent pour le positionnement des OSC dans le d\u00e9veloppement de notre pays\u00bb, a indiqu\u00e9 Seydou Camara.<\/p>\n<p>Le premier adjoint au maire, Gb\u00e9ri Youkou Pierre, s\u2019est surtout r\u00e9joui de sa pr\u00e9sence \u00e0 la c\u00e9r\u00e9monie. Il a traduit la reconnaissance du premier magistrat de la commune \u00e0 l\u2019Union Europ\u00e9enne avant de saluer \u2018\u2018 toute l\u2019\u00e9quipe du CRASC-SUD avec \u00e0 sa t\u00eate Seydou Camara, qui, selon lui, met tout en \u0153uvre pour implanter solidement les bases de la soci\u00e9t\u00e9 civile dans la r\u00e9gion afin de leur permettre de jouer leur r\u00f4le d\u2019acteur de d\u00e9veloppement aux cot\u00e9s des populations\u2019\u2019.<\/p>\n<p>Au nom des r\u00e9cipiendaires, le d\u00e9l\u00e9gu\u00e9 de la r\u00e9gion de la M\u00e9, Mambo Faustin a, d\u2019embl\u00e9e, t\u00e9moign\u00e9 sa gratitude au donateur pour cet important don qui vient soulager les diff\u00e9rents d\u00e9l\u00e9gu\u00e9s.<\/p>\n<p>Il a ensuite souhait\u00e9 que cet exemple soit suivi par des \u00e9lus locaux afin d\u2019aider les organisations dans leurs activit\u00e9s.<br \/>\n\u00ab Nous avons besoin de l\u2019accompagnement des \u00e9lus locaux.<\/p>\n<p>\u00ab\u00a0Nous sommes un maillon d\u2019accompagnement et non vos adversaires, ni vos ennemis. Nous sommes pr\u00eats \u00e0 \u0153uvrer pour le bien-\u00eatre de nos concitoyens ce pourquoi, vous avez int\u00e9r\u00eat de nous associer \u00e0 tous ce que vous entreprenez comme activit\u00e9 de d\u00e9veloppement \u00ab\u00a0, a-t-il conclu.<br \/>\nThierry Lagognon<\/p>\n","protected":false},"excerpt":{"rendered":"<p>Le Pr\u00e9sident du conseil d\u2019administration du Centre R\u00e9gional d\u2019Appui \u00e0 la Soci\u00e9t\u00e9 Civile du Sud (CRAS-SUD), Seydou Camara, a proc\u00e9d\u00e9 le jeudi 4 f\u00e9vrier 2021, \u00e0 la remise d\u2019\u00e9quipements informatiques aux structures de relais de son organisation. Le don, constitu\u00e9 de six (6) ordinateurs de bureau, six (6) imprimantes jet d\u2019encre, 6 onduleurs et 6 [&hellip;]<\/p>\n","protected":false},"author":2,"featured_media":2375,"comment_status":"closed","ping_status":"closed","sticky":true,"template":"","format":"standard","meta":{"_acf_changed":false,"footnotes":""},"categories":[],"tags":[],"class_list":["post-2374","post","type-post","status-publish","format-standard","has-post-thumbnail","hentry"],"acf":[],"yoast_head":"<!-- This site is optimized with the Yoast SEO plugin v27.5 - https:\/\/yoast.com\/product\/yoast-seo-wordpress\/ -->\n<title>L&#039;UE octroie des \u00e9quipements informatiques au CRASC-SUD et \u00e0 six de ses d\u00e9l\u00e9gations - Amanien| L&#039;actualit\u00e9 Ivoirienne et Internationale<\/title>\n<meta name=\"robots\" content=\"index, follow, max-snippet:-1, max-image-preview:large, max-video-preview:-1\" \/>\n<link rel=\"canonical\" href=\"https:\/\/www.amanien.info\/news\/lue-octroie-des-equipements-informatiques-au-crasc-sud-et-a-six-de-ses-delegations\/\" \/>\n<meta property=\"og:locale\" content=\"fr_FR\" \/>\n<meta property=\"og:type\" content=\"article\" \/>\n<meta property=\"og:title\" content=\"L&#039;UE octroie des \u00e9quipements informatiques au CRASC-SUD et \u00e0 six de ses d\u00e9l\u00e9gations - Amanien| L&#039;actualit\u00e9 Ivoirienne et Internationale\" \/>\n<meta property=\"og:description\" content=\"Le Pr\u00e9sident du conseil d\u2019administration du Centre R\u00e9gional d\u2019Appui \u00e0 la Soci\u00e9t\u00e9 Civile du Sud (CRAS-SUD), Seydou Camara, a proc\u00e9d\u00e9 le jeudi 4 f\u00e9vrier 2021, \u00e0 la remise d\u2019\u00e9quipements informatiques aux structures de relais de son organisation. Le don, constitu\u00e9 de six (6) ordinateurs de bureau, six (6) imprimantes jet d\u2019encre, 6 onduleurs et 6 [&hellip;]\" \/>\n<meta property=\"og:url\" content=\"https:\/\/www.amanien.info\/news\/lue-octroie-des-equipements-informatiques-au-crasc-sud-et-a-six-de-ses-delegations\/\" \/>\n<meta property=\"og:site_name\" content=\"Amanien| L&#039;actualit\u00e9 Ivoirienne et Internationale\" \/>\n<meta property=\"article:published_time\" content=\"2021-02-10T08:53:18+00:00\" \/>\n<meta property=\"article:modified_time\" content=\"2021-02-10T08:53:35+00:00\" \/>\n<meta property=\"og:image\" content=\"https:\/\/www.amanien.info\/news\/wp-content\/uploads\/2021\/02\/thumbnail-7.jpg\" \/>\n\t<meta property=\"og:image:width\" content=\"1080\" \/>\n\t<meta property=\"og:image:height\" content=\"608\" \/>\n\t<meta property=\"og:image:type\" content=\"image\/jpeg\" \/>\n<meta name=\"author\" content=\"Germain Ndri\" \/>\n<meta name=\"twitter:card\" content=\"summary_large_image\" \/>\n<meta name=\"twitter:label1\" content=\"\u00c9crit par\" \/>\n\t<meta name=\"twitter:data1\" content=\"Germain Ndri\" \/>\n\t<meta name=\"twitter:label2\" content=\"Dur\u00e9e de lecture estim\u00e9e\" \/>\n\t<meta name=\"twitter:data2\" content=\"3 minutes\" \/>\n<script type=\"application\/ld+json\" class=\"yoast-schema-graph\">{\"@context\":\"https:\\\/\\\/schema.org\",\"@graph\":[{\"@type\":\"Article\",\"@id\":\"https:\\\/\\\/www.amanien.info\\\/news\\\/lue-octroie-des-equipements-informatiques-au-crasc-sud-et-a-six-de-ses-delegations\\\/#article\",\"isPartOf\":{\"@id\":\"https:\\\/\\\/www.amanien.info\\\/news\\\/lue-octroie-des-equipements-informatiques-au-crasc-sud-et-a-six-de-ses-delegations\\\/\"},\"author\":{\"name\":\"Germain Ndri\",\"@id\":\"https:\\\/\\\/www.amanien.info\\\/news\\\/#\\\/schema\\\/person\\\/b21093345753a1a98242d505bd894f42\"},\"headline\":\"L&rsquo;UE octroie des \u00e9quipements informatiques au CRASC-SUD et \u00e0 six de ses d\u00e9l\u00e9gations\",\"datePublished\":\"2021-02-10T08:53:18+00:00\",\"dateModified\":\"2021-02-10T08:53:35+00:00\",\"mainEntityOfPage\":{\"@id\":\"https:\\\/\\\/www.amanien.info\\\/news\\\/lue-octroie-des-equipements-informatiques-au-crasc-sud-et-a-six-de-ses-delegations\\\/\"},\"wordCount\":577,\"image\":{\"@id\":\"https:\\\/\\\/www.amanien.info\\\/news\\\/lue-octroie-des-equipements-informatiques-au-crasc-sud-et-a-six-de-ses-delegations\\\/#primaryimage\"},\"thumbnailUrl\":\"https:\\\/\\\/www.amanien.info\\\/news\\\/wp-content\\\/uploads\\\/2021\\\/02\\\/thumbnail-7.jpg\",\"inLanguage\":\"fr-FR\"},{\"@type\":\"WebPage\",\"@id\":\"https:\\\/\\\/www.amanien.info\\\/news\\\/lue-octroie-des-equipements-informatiques-au-crasc-sud-et-a-six-de-ses-delegations\\\/\",\"url\":\"https:\\\/\\\/www.amanien.info\\\/news\\\/lue-octroie-des-equipements-informatiques-au-crasc-sud-et-a-six-de-ses-delegations\\\/\",\"name\":\"L'UE octroie des \u00e9quipements informatiques au CRASC-SUD et \u00e0 six de ses d\u00e9l\u00e9gations - Amanien| L&#039;actualit\u00e9 Ivoirienne et Internationale\",\"isPartOf\":{\"@id\":\"https:\\\/\\\/www.amanien.info\\\/news\\\/#website\"},\"primaryImageOfPage\":{\"@id\":\"https:\\\/\\\/www.amanien.info\\\/news\\\/lue-octroie-des-equipements-informatiques-au-crasc-sud-et-a-six-de-ses-delegations\\\/#primaryimage\"},\"image\":{\"@id\":\"https:\\\/\\\/www.amanien.info\\\/news\\\/lue-octroie-des-equipements-informatiques-au-crasc-sud-et-a-six-de-ses-delegations\\\/#primaryimage\"},\"thumbnailUrl\":\"https:\\\/\\\/www.amanien.info\\\/news\\\/wp-content\\\/uploads\\\/2021\\\/02\\\/thumbnail-7.jpg\",\"datePublished\":\"2021-02-10T08:53:18+00:00\",\"dateModified\":\"2021-02-10T08:53:35+00:00\",\"author\":{\"@id\":\"https:\\\/\\\/www.amanien.info\\\/news\\\/#\\\/schema\\\/person\\\/b21093345753a1a98242d505bd894f42\"},\"breadcrumb\":{\"@id\":\"https:\\\/\\\/www.amanien.info\\\/news\\\/lue-octroie-des-equipements-informatiques-au-crasc-sud-et-a-six-de-ses-delegations\\\/#breadcrumb\"},\"inLanguage\":\"fr-FR\",\"potentialAction\":[{\"@type\":\"ReadAction\",\"target\":[\"https:\\\/\\\/www.amanien.info\\\/news\\\/lue-octroie-des-equipements-informatiques-au-crasc-sud-et-a-six-de-ses-delegations\\\/\"]}]},{\"@type\":\"ImageObject\",\"inLanguage\":\"fr-FR\",\"@id\":\"https:\\\/\\\/www.amanien.info\\\/news\\\/lue-octroie-des-equipements-informatiques-au-crasc-sud-et-a-six-de-ses-delegations\\\/#primaryimage\",\"url\":\"https:\\\/\\\/www.amanien.info\\\/news\\\/wp-content\\\/uploads\\\/2021\\\/02\\\/thumbnail-7.jpg\",\"contentUrl\":\"https:\\\/\\\/www.amanien.info\\\/news\\\/wp-content\\\/uploads\\\/2021\\\/02\\\/thumbnail-7.jpg\",\"width\":1080,\"height\":608},{\"@type\":\"BreadcrumbList\",\"@id\":\"https:\\\/\\\/www.amanien.info\\\/news\\\/lue-octroie-des-equipements-informatiques-au-crasc-sud-et-a-six-de-ses-delegations\\\/#breadcrumb\",\"itemListElement\":[{\"@type\":\"ListItem\",\"position\":1,\"name\":\"Accueil\",\"item\":\"https:\\\/\\\/www.amanien.info\\\/news\\\/\"},{\"@type\":\"ListItem\",\"position\":2,\"name\":\"L&rsquo;UE octroie des \u00e9quipements informatiques au CRASC-SUD et \u00e0 six de ses d\u00e9l\u00e9gations\"}]},{\"@type\":\"WebSite\",\"@id\":\"https:\\\/\\\/www.amanien.info\\\/news\\\/#website\",\"url\":\"https:\\\/\\\/www.amanien.info\\\/news\\\/\",\"name\":\"Amanien| L&#039;actualit\u00e9 Ivoirienne et Internationale\",\"description\":\"L&#039;actualit\u00e9 Ivoirienne et Internationale\",\"potentialAction\":[{\"@type\":\"SearchAction\",\"target\":{\"@type\":\"EntryPoint\",\"urlTemplate\":\"https:\\\/\\\/www.amanien.info\\\/news\\\/?s={search_term_string}\"},\"query-input\":{\"@type\":\"PropertyValueSpecification\",\"valueRequired\":true,\"valueName\":\"search_term_string\"}}],\"inLanguage\":\"fr-FR\"},{\"@type\":\"Person\",\"@id\":\"https:\\\/\\\/www.amanien.info\\\/news\\\/#\\\/schema\\\/person\\\/b21093345753a1a98242d505bd894f42\",\"name\":\"Germain Ndri\",\"url\":\"https:\\\/\\\/www.amanien.info\\\/news\\\/author\\\/amanien-infos\\\/\"}]}<\/script>\n<!-- \/ Yoast SEO plugin. -->","yoast_head_json":{"title":"L'UE octroie des \u00e9quipements informatiques au CRASC-SUD et \u00e0 six de ses d\u00e9l\u00e9gations - Amanien| L&#039;actualit\u00e9 Ivoirienne et Internationale","robots":{"index":"index","follow":"follow","max-snippet":"max-snippet:-1","max-image-preview":"max-image-preview:large","max-video-preview":"max-video-preview:-1"},"canonical":"https:\/\/www.amanien.info\/news\/lue-octroie-des-equipements-informatiques-au-crasc-sud-et-a-six-de-ses-delegations\/","og_locale":"fr_FR","og_type":"article","og_title":"L'UE octroie des \u00e9quipements informatiques au CRASC-SUD et \u00e0 six de ses d\u00e9l\u00e9gations - Amanien| L&#039;actualit\u00e9 Ivoirienne et Internationale","og_description":"Le Pr\u00e9sident du conseil d\u2019administration du Centre R\u00e9gional d\u2019Appui \u00e0 la Soci\u00e9t\u00e9 Civile du Sud (CRAS-SUD), Seydou Camara, a proc\u00e9d\u00e9 le jeudi 4 f\u00e9vrier 2021, \u00e0 la remise d\u2019\u00e9quipements informatiques aux structures de relais de son organisation. Le don, constitu\u00e9 de six (6) ordinateurs de bureau, six (6) imprimantes jet d\u2019encre, 6 onduleurs et 6 [&hellip;]","og_url":"https:\/\/www.amanien.info\/news\/lue-octroie-des-equipements-informatiques-au-crasc-sud-et-a-six-de-ses-delegations\/","og_site_name":"Amanien| L&#039;actualit\u00e9 Ivoirienne et Internationale","article_published_time":"2021-02-10T08:53:18+00:00","article_modified_time":"2021-02-10T08:53:35+00:00","og_image":[{"width":1080,"height":608,"url":"https:\/\/www.amanien.info\/news\/wp-content\/uploads\/2021\/02\/thumbnail-7.jpg","type":"image\/jpeg"}],"author":"Germain Ndri","twitter_card":"summary_large_image","twitter_misc":{"\u00c9crit par":"Germain Ndri","Dur\u00e9e de lecture estim\u00e9e":"3 minutes"},"schema":{"@context":"https:\/\/schema.org","@graph":[{"@type":"Article","@id":"https:\/\/www.amanien.info\/news\/lue-octroie-des-equipements-informatiques-au-crasc-sud-et-a-six-de-ses-delegations\/#article","isPartOf":{"@id":"https:\/\/www.amanien.info\/news\/lue-octroie-des-equipements-informatiques-au-crasc-sud-et-a-six-de-ses-delegations\/"},"author":{"name":"Germain Ndri","@id":"https:\/\/www.amanien.info\/news\/#\/schema\/person\/b21093345753a1a98242d505bd894f42"},"headline":"L&rsquo;UE octroie des \u00e9quipements informatiques au CRASC-SUD et \u00e0 six de ses d\u00e9l\u00e9gations","datePublished":"2021-02-10T08:53:18+00:00","dateModified":"2021-02-10T08:53:35+00:00","mainEntityOfPage":{"@id":"https:\/\/www.amanien.info\/news\/lue-octroie-des-equipements-informatiques-au-crasc-sud-et-a-six-de-ses-delegations\/"},"wordCount":577,"image":{"@id":"https:\/\/www.amanien.info\/news\/lue-octroie-des-equipements-informatiques-au-crasc-sud-et-a-six-de-ses-delegations\/#primaryimage"},"thumbnailUrl":"https:\/\/www.amanien.info\/news\/wp-content\/uploads\/2021\/02\/thumbnail-7.jpg","inLanguage":"fr-FR"},{"@type":"WebPage","@id":"https:\/\/www.amanien.info\/news\/lue-octroie-des-equipements-informatiques-au-crasc-sud-et-a-six-de-ses-delegations\/","url":"https:\/\/www.amanien.info\/news\/lue-octroie-des-equipements-informatiques-au-crasc-sud-et-a-six-de-ses-delegations\/","name":"L'UE octroie des \u00e9quipements informatiques au CRASC-SUD et \u00e0 six de ses d\u00e9l\u00e9gations - Amanien| L&#039;actualit\u00e9 Ivoirienne et Internationale","isPartOf":{"@id":"https:\/\/www.amanien.info\/news\/#website"},"primaryImageOfPage":{"@id":"https:\/\/www.amanien.info\/news\/lue-octroie-des-equipements-informatiques-au-crasc-sud-et-a-six-de-ses-delegations\/#primaryimage"},"image":{"@id":"https:\/\/www.amanien.info\/news\/lue-octroie-des-equipements-informatiques-au-crasc-sud-et-a-six-de-ses-delegations\/#primaryimage"},"thumbnailUrl":"https:\/\/www.amanien.info\/news\/wp-content\/uploads\/2021\/02\/thumbnail-7.jpg","datePublished":"2021-02-10T08:53:18+00:00","dateModified":"2021-02-10T08:53:35+00:00","author":{"@id":"https:\/\/www.amanien.info\/news\/#\/schema\/person\/b21093345753a1a98242d505bd894f42"},"breadcrumb":{"@id":"https:\/\/www.amanien.info\/news\/lue-octroie-des-equipements-informatiques-au-crasc-sud-et-a-six-de-ses-delegations\/#breadcrumb"},"inLanguage":"fr-FR","potentialAction":[{"@type":"ReadAction","target":["https:\/\/www.amanien.info\/news\/lue-octroie-des-equipements-informatiques-au-crasc-sud-et-a-six-de-ses-delegations\/"]}]},{"@type":"ImageObject","inLanguage":"fr-FR","@id":"https:\/\/www.amanien.info\/news\/lue-octroie-des-equipements-informatiques-au-crasc-sud-et-a-six-de-ses-delegations\/#primaryimage","url":"https:\/\/www.amanien.info\/news\/wp-content\/uploads\/2021\/02\/thumbnail-7.jpg","contentUrl":"https:\/\/www.amanien.info\/news\/wp-content\/uploads\/2021\/02\/thumbnail-7.jpg","width":1080,"height":608},{"@type":"BreadcrumbList","@id":"https:\/\/www.amanien.info\/news\/lue-octroie-des-equipements-informatiques-au-crasc-sud-et-a-six-de-ses-delegations\/#breadcrumb","itemListElement":[{"@type":"ListItem","position":1,"name":"Accueil","item":"https:\/\/www.amanien.info\/news\/"},{"@type":"ListItem","position":2,"name":"L&rsquo;UE octroie des \u00e9quipements informatiques au CRASC-SUD et \u00e0 six de ses d\u00e9l\u00e9gations"}]},{"@type":"WebSite","@id":"https:\/\/www.amanien.info\/news\/#website","url":"https:\/\/www.amanien.info\/news\/","name":"Amanien| L&#039;actualit\u00e9 Ivoirienne et Internationale","description":"L&#039;actualit\u00e9 Ivoirienne et Internationale","potentialAction":[{"@type":"SearchAction","target":{"@type":"EntryPoint","urlTemplate":"https:\/\/www.amanien.info\/news\/?s={search_term_string}"},"query-input":{"@type":"PropertyValueSpecification","valueRequired":true,"valueName":"search_term_string"}}],"inLanguage":"fr-FR"},{"@type":"Person","@id":"https:\/\/www.amanien.info\/news\/#\/schema\/person\/b21093345753a1a98242d505bd894f42","name":"Germain Ndri","url":"https:\/\/www.amanien.info\/news\/author\/amanien-infos\/"}]}},"_links":{"self":[{"href":"https:\/\/www.amanien.info\/news\/wp-json\/wp\/v2\/posts\/2374","targetHints":{"allow":["GET"]}}],"collection":[{"href":"https:\/\/www.amanien.info\/news\/wp-json\/wp\/v2\/posts"}],"about":[{"href":"https:\/\/www.amanien.info\/news\/wp-json\/wp\/v2\/types\/post"}],"author":[{"embeddable":true,"href":"https:\/\/www.amanien.info\/news\/wp-json\/wp\/v2\/users\/2"}],"replies":[{"embeddable":true,"href":"https:\/\/www.amanien.info\/news\/wp-json\/wp\/v2\/comments?post=2374"}],"version-history":[{"count":0,"href":"https:\/\/www.amanien.info\/news\/wp-json\/wp\/v2\/posts\/2374\/revisions"}],"wp:featuredmedia":[{"embeddable":true,"href":"https:\/\/www.amanien.info\/news\/wp-json\/wp\/v2\/media\/2375"}],"wp:attachment":[{"href":"https:\/\/www.amanien.info\/news\/wp-json\/wp\/v2\/media?parent=2374"}],"wp:term":[{"taxonomy":"category","embeddable":true,"href":"https:\/\/www.amanien.info\/news\/wp-json\/wp\/v2\/categories?post=2374"},{"taxonomy":"post_tag","embeddable":true,"href":"https:\/\/www.amanien.info\/news\/wp-json\/wp\/v2\/tags?post=2374"}],"curies":[{"name":"wp","href":"https:\/\/api.w.org\/{rel}","templated":true}]}}