{"id":2352,"date":"2021-02-02T14:32:52","date_gmt":"2021-02-02T13:32:52","guid":{"rendered":"http:\/\/https:\/\/zozo.buyee.jp\/\/news\/?p=2352"},"modified":"2021-02-02T14:33:12","modified_gmt":"2021-02-02T13:33:12","slug":"le-cvsper-et-ladd-disent-non-a-la-centrale-a-charbon-a-san-pedro","status":"publish","type":"post","link":"https:\/\/www.amanien.info\/news\/le-cvsper-et-ladd-disent-non-a-la-centrale-a-charbon-a-san-pedro\/","title":{"rendered":"Le CVSPER et l&rsquo;ADD disent non \u00e0 la centrale \u00e0 charbon \u00e0 San-Pedro"},"content":{"rendered":"<div class=\"msg-body P_wpofO mq_AS\" data-test-id=\"message-view-body-content\">\n<div class=\"jb_0 X_6MGW N_6Fd5\">\n<div>\n<div id=\"yiv1196238235\">\n<div>\n<div>Dans le cadre de la semaine climatique, \u00e0 l\u2019occasion du forum mondial social, le\u00a0 Comit\u00e9 de Veille et de Sensibilisation pour la Promotion des Energies Renouvelables (CVSPER) et l\u2019Association pour le D\u00e9veloppement\u00a0 Durable (ADD) ont organis\u00e9 les 28 et 29 janvier 2021, un atelier d\u2019information sur la probl\u00e9matique des \u00e9nergies renouvelables dans la ville de San-Pedro.<\/div>\n<div><\/div>\n<div>A travers cet atelier, qui s\u2019est tenu \u00e0 la salle de conf\u00e9rence du district sanitaire, les leaders de jeunesses autochtones et les correspondants de presse ont \u00e9t\u00e9 inform\u00e9s et instruits\u00a0 sur la n\u00e9cessit\u00e9 de recourir aux \u00e9nergies renouvelables et de proscrire les \u00e9nergies fossiles.<\/div>\n<div><\/div>\n<div>Pour Nahounou Dal\u00e9ba, g\u00e9o-\u00e9conomiste de la section ivoirienne de Jeune Volontaires pour l\u2019Environnement (JVE), la C\u00f4te d\u2019ivoire veut n\u00e9cessairement\u00a0 \u00eatre un HUB \u00e9nerg\u00e9tique de l\u2019Afrique de l\u2019ouest, mais ce noble besoin peut se r\u00e9aliser sans polluer.<\/div>\n<div><\/div>\n<div>En effet, le 7 d\u00e9cembre 2016, le gouvernement ivoirien a annonc\u00e9 la construction de deux centrales thermiques \u00e0 charbon dans la ville de San-Pedro qui\u00a0 devraient \u00eatre\u00a0 livr\u00e9es en 2020 pour la premi\u00e8re et la seconde en 2021.<\/div>\n<div><\/div>\n<div>Chacune, d\u2019une capacit\u00e9 de production de\u00a0 350 Mw,\u00a0 le projet fait l\u2019objet, depuis quatre ans, d\u2019un mouvement de protestation men\u00e9 par le CVSPER, qui craint son impact sur l\u2019environnement.<\/div>\n<div><\/div>\n<div>L\u2019argument\u00a0 d\u2019une centrale thermique supercritique au \u00abcharbon propre \u00bb est souvent avanc\u00e9 pour d\u00e9fendre le projet. Pour Nahounou Dal\u00e9ba, cet argument n\u2019est qu\u2019un mirage.<\/div>\n<div><\/div>\n<div>\u00abNous sommes all\u00e9s au S\u00e9n\u00e9gal. L\u00e0-bas, une d\u00e9claration a \u00e9t\u00e9 faite sur la base d\u2019\u00e9l\u00e9ments scientifiques\u00a0 concernant cette centrale supercritique qui n\u2019existe nulle part \u00bb, a-t-il indiqu\u00e9, tout en s\u2019interrogeant\u00a0 pourquoi, la C\u00f4te d\u2019ivoire veut ouvrir des centrales thermiques \u00e0 charbon alors que les pays europ\u00e9ens, qui sont des mod\u00e8les de d\u00e9veloppement, abandonnent des centrales thermiques \u00e0 charbon.<\/div>\n<div><\/div>\n<div>\u00ab Ce n\u2019est\u00a0 m\u00eame pas dans l\u2019int\u00e9r\u00eat de la C\u00f4te d\u2019Ivoire de construire\u00a0 une centrale \u00e0 charbon, sinon dans l\u2019int\u00e9r\u00eat unique de certains op\u00e9rateurs \u00e9conomiques qui aujourd\u2019hui portent le projet\u00a0 dans notre pays \u00bb, a fustig\u00e9 Nahounou Dal\u00e9ba.<\/div>\n<div><\/div>\n<div>Comme alternative, l\u2019environnementaliste propose \u00e0 l\u2019Etat ivoirien de mettre en ex\u00e9cution le plan de construction des barrages hydro\u00e9lectriques, de promouvoir d\u2019avantage l\u2019\u00e9nergie solaire et \u00e9olienne qui manquent de promotion en la C\u00f4te d\u2019Ivoire.<\/div>\n<div><\/div>\n<div>\u00abLa r\u00e9alisation de la centrale thermique \u00e0 charbon fait 1000 milliards alors qu\u2019un barrage comme celui de Soubr\u00e9 fait 333 milliards. Donc, on pourra fait trois barrages en lieu et place d\u2019une centrale \u00e0 charbon qui va polluer l\u2019atmosph\u00e8re. Sans oublier que la C\u00f4te d\u2019Ivoire est d\u00e9pourvue de ressources en charbon, la centrale thermique \u00e0 charbon de San-Pedro fonctionnera\u00a0 donc gr\u00e2ce \u00e0 du charbon import\u00e9 d\u2019Afrique du sud. Un choix qui\u00a0 pose question en mati\u00e8re d\u2019\u00e9cologie, d\u2019\u00e9conomie, mais\u00a0 \u00e9galement en termes de droits fondamentaux \u00bb, a indiqu\u00e9 le g\u00e9o-\u00e9conomiste.<\/div>\n<div><\/div>\n<div>Premi\u00e8res organisations \u00e0 tirer la sonnette d\u2019alarme, d\u00e8s les pr\u00e9misses de ce projet, le CVSPER et l\u2019ADD par le biais de projection de vid\u00e9os organis\u00e9es \u00e0 chaque fois, parvient plus ou moins \u00e0 mobiliser l\u2019ensemble de la population.<\/div>\n<div><\/div>\n<div>Le mouvement de protestation prend peu \u00e0 peu de l\u2018ampleur dans la localit\u00e9 de San-Pedro. CVSPER, depuis toutes ces ann\u00e9es m\u00e8ne aussi des actions juridiques,\u00a0 exploite notamment le syst\u00e8me\u00a0 de sauvegarde des banques.<\/div>\n<div><\/div>\n<div>En effet, les banques sont oblig\u00e9es de r\u00e9aliser des \u00e9tudes d\u2019impact et de ne pas financer de projets qui nuisent \u00e0 l\u2019environnement et aux populations.<\/div>\n<div><\/div>\n<div>Ces rencontres se sont sold\u00e9es par une caravane de l\u2019environnement\u00a0 le\u00a0 samedi 30 janvier 2021. D\u00e9but\u00e9 au rond-point de la gare aux environs de 8 heures, cette caravane s\u2019est vue interrompre par des autorit\u00e9s administratives de la ville apr\u00e8s deux kilom\u00e8tres de distance parcourue.<\/div>\n<div>Thierry Lagognon<\/div>\n<div><\/div>\n<\/div>\n<\/div>\n<\/div>\n<\/div>\n<\/div>\n","protected":false},"excerpt":{"rendered":"<p>Dans le cadre de la semaine climatique, \u00e0 l\u2019occasion du forum mondial social, le\u00a0 Comit\u00e9 de Veille et de Sensibilisation pour la Promotion des Energies Renouvelables (CVSPER) et l\u2019Association pour le D\u00e9veloppement\u00a0 Durable (ADD) ont organis\u00e9 les 28 et 29 janvier 2021, un atelier d\u2019information sur la probl\u00e9matique des \u00e9nergies renouvelables dans la ville de [&hellip;]<\/p>\n","protected":false},"author":2,"featured_media":2353,"comment_status":"closed","ping_status":"closed","sticky":true,"template":"","format":"standard","meta":{"_acf_changed":false,"footnotes":""},"categories":[],"tags":[],"class_list":["post-2352","post","type-post","status-publish","format-standard","has-post-thumbnail","hentry"],"acf":[],"yoast_head":"<!-- This site is optimized with the Yoast SEO plugin v27.5 - https:\/\/yoast.com\/product\/yoast-seo-wordpress\/ -->\n<title>Le CVSPER et l&#039;ADD disent non \u00e0 la centrale \u00e0 charbon \u00e0 San-Pedro - Amanien| L&#039;actualit\u00e9 Ivoirienne et Internationale<\/title>\n<meta name=\"robots\" content=\"index, follow, max-snippet:-1, max-image-preview:large, max-video-preview:-1\" \/>\n<link rel=\"canonical\" href=\"https:\/\/www.amanien.info\/news\/le-cvsper-et-ladd-disent-non-a-la-centrale-a-charbon-a-san-pedro\/\" \/>\n<meta property=\"og:locale\" content=\"fr_FR\" \/>\n<meta property=\"og:type\" content=\"article\" \/>\n<meta property=\"og:title\" content=\"Le CVSPER et l&#039;ADD disent non \u00e0 la centrale \u00e0 charbon \u00e0 San-Pedro - Amanien| L&#039;actualit\u00e9 Ivoirienne et Internationale\" \/>\n<meta property=\"og:description\" content=\"Dans le cadre de la semaine climatique, \u00e0 l\u2019occasion du forum mondial social, le\u00a0 Comit\u00e9 de Veille et de Sensibilisation pour la Promotion des Energies Renouvelables (CVSPER) et l\u2019Association pour le D\u00e9veloppement\u00a0 Durable (ADD) ont organis\u00e9 les 28 et 29 janvier 2021, un atelier d\u2019information sur la probl\u00e9matique des \u00e9nergies renouvelables dans la ville de [&hellip;]\" \/>\n<meta property=\"og:url\" content=\"https:\/\/www.amanien.info\/news\/le-cvsper-et-ladd-disent-non-a-la-centrale-a-charbon-a-san-pedro\/\" \/>\n<meta property=\"og:site_name\" content=\"Amanien| L&#039;actualit\u00e9 Ivoirienne et Internationale\" \/>\n<meta property=\"article:published_time\" content=\"2021-02-02T13:32:52+00:00\" \/>\n<meta property=\"article:modified_time\" content=\"2021-02-02T13:33:12+00:00\" \/>\n<meta property=\"og:image\" content=\"https:\/\/www.amanien.info\/news\/wp-content\/uploads\/2021\/02\/thumbnail-2.jpg\" \/>\n\t<meta property=\"og:image:width\" content=\"1080\" \/>\n\t<meta property=\"og:image:height\" content=\"608\" \/>\n\t<meta property=\"og:image:type\" content=\"image\/jpeg\" \/>\n<meta name=\"author\" content=\"Germain Ndri\" \/>\n<meta name=\"twitter:card\" content=\"summary_large_image\" \/>\n<meta name=\"twitter:label1\" content=\"\u00c9crit par\" \/>\n\t<meta name=\"twitter:data1\" content=\"Germain Ndri\" \/>\n\t<meta name=\"twitter:label2\" content=\"Dur\u00e9e de lecture estim\u00e9e\" \/>\n\t<meta name=\"twitter:data2\" content=\"3 minutes\" \/>\n<script type=\"application\/ld+json\" class=\"yoast-schema-graph\">{\"@context\":\"https:\\\/\\\/schema.org\",\"@graph\":[{\"@type\":\"Article\",\"@id\":\"https:\\\/\\\/www.amanien.info\\\/news\\\/le-cvsper-et-ladd-disent-non-a-la-centrale-a-charbon-a-san-pedro\\\/#article\",\"isPartOf\":{\"@id\":\"https:\\\/\\\/www.amanien.info\\\/news\\\/le-cvsper-et-ladd-disent-non-a-la-centrale-a-charbon-a-san-pedro\\\/\"},\"author\":{\"name\":\"Germain Ndri\",\"@id\":\"https:\\\/\\\/www.amanien.info\\\/news\\\/#\\\/schema\\\/person\\\/b21093345753a1a98242d505bd894f42\"},\"headline\":\"Le CVSPER et l&rsquo;ADD disent non \u00e0 la centrale \u00e0 charbon \u00e0 San-Pedro\",\"datePublished\":\"2021-02-02T13:32:52+00:00\",\"dateModified\":\"2021-02-02T13:33:12+00:00\",\"mainEntityOfPage\":{\"@id\":\"https:\\\/\\\/www.amanien.info\\\/news\\\/le-cvsper-et-ladd-disent-non-a-la-centrale-a-charbon-a-san-pedro\\\/\"},\"wordCount\":670,\"image\":{\"@id\":\"https:\\\/\\\/www.amanien.info\\\/news\\\/le-cvsper-et-ladd-disent-non-a-la-centrale-a-charbon-a-san-pedro\\\/#primaryimage\"},\"thumbnailUrl\":\"https:\\\/\\\/www.amanien.info\\\/news\\\/wp-content\\\/uploads\\\/2021\\\/02\\\/thumbnail-2.jpg\",\"inLanguage\":\"fr-FR\"},{\"@type\":\"WebPage\",\"@id\":\"https:\\\/\\\/www.amanien.info\\\/news\\\/le-cvsper-et-ladd-disent-non-a-la-centrale-a-charbon-a-san-pedro\\\/\",\"url\":\"https:\\\/\\\/www.amanien.info\\\/news\\\/le-cvsper-et-ladd-disent-non-a-la-centrale-a-charbon-a-san-pedro\\\/\",\"name\":\"Le CVSPER et l'ADD disent non \u00e0 la centrale \u00e0 charbon \u00e0 San-Pedro - Amanien| L&#039;actualit\u00e9 Ivoirienne et Internationale\",\"isPartOf\":{\"@id\":\"https:\\\/\\\/www.amanien.info\\\/news\\\/#website\"},\"primaryImageOfPage\":{\"@id\":\"https:\\\/\\\/www.amanien.info\\\/news\\\/le-cvsper-et-ladd-disent-non-a-la-centrale-a-charbon-a-san-pedro\\\/#primaryimage\"},\"image\":{\"@id\":\"https:\\\/\\\/www.amanien.info\\\/news\\\/le-cvsper-et-ladd-disent-non-a-la-centrale-a-charbon-a-san-pedro\\\/#primaryimage\"},\"thumbnailUrl\":\"https:\\\/\\\/www.amanien.info\\\/news\\\/wp-content\\\/uploads\\\/2021\\\/02\\\/thumbnail-2.jpg\",\"datePublished\":\"2021-02-02T13:32:52+00:00\",\"dateModified\":\"2021-02-02T13:33:12+00:00\",\"author\":{\"@id\":\"https:\\\/\\\/www.amanien.info\\\/news\\\/#\\\/schema\\\/person\\\/b21093345753a1a98242d505bd894f42\"},\"breadcrumb\":{\"@id\":\"https:\\\/\\\/www.amanien.info\\\/news\\\/le-cvsper-et-ladd-disent-non-a-la-centrale-a-charbon-a-san-pedro\\\/#breadcrumb\"},\"inLanguage\":\"fr-FR\",\"potentialAction\":[{\"@type\":\"ReadAction\",\"target\":[\"https:\\\/\\\/www.amanien.info\\\/news\\\/le-cvsper-et-ladd-disent-non-a-la-centrale-a-charbon-a-san-pedro\\\/\"]}]},{\"@type\":\"ImageObject\",\"inLanguage\":\"fr-FR\",\"@id\":\"https:\\\/\\\/www.amanien.info\\\/news\\\/le-cvsper-et-ladd-disent-non-a-la-centrale-a-charbon-a-san-pedro\\\/#primaryimage\",\"url\":\"https:\\\/\\\/www.amanien.info\\\/news\\\/wp-content\\\/uploads\\\/2021\\\/02\\\/thumbnail-2.jpg\",\"contentUrl\":\"https:\\\/\\\/www.amanien.info\\\/news\\\/wp-content\\\/uploads\\\/2021\\\/02\\\/thumbnail-2.jpg\",\"width\":1080,\"height\":608},{\"@type\":\"BreadcrumbList\",\"@id\":\"https:\\\/\\\/www.amanien.info\\\/news\\\/le-cvsper-et-ladd-disent-non-a-la-centrale-a-charbon-a-san-pedro\\\/#breadcrumb\",\"itemListElement\":[{\"@type\":\"ListItem\",\"position\":1,\"name\":\"Accueil\",\"item\":\"https:\\\/\\\/www.amanien.info\\\/news\\\/\"},{\"@type\":\"ListItem\",\"position\":2,\"name\":\"Le CVSPER et l&rsquo;ADD disent non \u00e0 la centrale \u00e0 charbon \u00e0 San-Pedro\"}]},{\"@type\":\"WebSite\",\"@id\":\"https:\\\/\\\/www.amanien.info\\\/news\\\/#website\",\"url\":\"https:\\\/\\\/www.amanien.info\\\/news\\\/\",\"name\":\"Amanien| L&#039;actualit\u00e9 Ivoirienne et Internationale\",\"description\":\"L&#039;actualit\u00e9 Ivoirienne et Internationale\",\"potentialAction\":[{\"@type\":\"SearchAction\",\"target\":{\"@type\":\"EntryPoint\",\"urlTemplate\":\"https:\\\/\\\/www.amanien.info\\\/news\\\/?s={search_term_string}\"},\"query-input\":{\"@type\":\"PropertyValueSpecification\",\"valueRequired\":true,\"valueName\":\"search_term_string\"}}],\"inLanguage\":\"fr-FR\"},{\"@type\":\"Person\",\"@id\":\"https:\\\/\\\/www.amanien.info\\\/news\\\/#\\\/schema\\\/person\\\/b21093345753a1a98242d505bd894f42\",\"name\":\"Germain Ndri\",\"url\":\"https:\\\/\\\/www.amanien.info\\\/news\\\/author\\\/amanien-infos\\\/\"}]}<\/script>\n<!-- \/ Yoast SEO plugin. -->","yoast_head_json":{"title":"Le CVSPER et l'ADD disent non \u00e0 la centrale \u00e0 charbon \u00e0 San-Pedro - Amanien| L&#039;actualit\u00e9 Ivoirienne et Internationale","robots":{"index":"index","follow":"follow","max-snippet":"max-snippet:-1","max-image-preview":"max-image-preview:large","max-video-preview":"max-video-preview:-1"},"canonical":"https:\/\/www.amanien.info\/news\/le-cvsper-et-ladd-disent-non-a-la-centrale-a-charbon-a-san-pedro\/","og_locale":"fr_FR","og_type":"article","og_title":"Le CVSPER et l'ADD disent non \u00e0 la centrale \u00e0 charbon \u00e0 San-Pedro - Amanien| L&#039;actualit\u00e9 Ivoirienne et Internationale","og_description":"Dans le cadre de la semaine climatique, \u00e0 l\u2019occasion du forum mondial social, le\u00a0 Comit\u00e9 de Veille et de Sensibilisation pour la Promotion des Energies Renouvelables (CVSPER) et l\u2019Association pour le D\u00e9veloppement\u00a0 Durable (ADD) ont organis\u00e9 les 28 et 29 janvier 2021, un atelier d\u2019information sur la probl\u00e9matique des \u00e9nergies renouvelables dans la ville de [&hellip;]","og_url":"https:\/\/www.amanien.info\/news\/le-cvsper-et-ladd-disent-non-a-la-centrale-a-charbon-a-san-pedro\/","og_site_name":"Amanien| L&#039;actualit\u00e9 Ivoirienne et Internationale","article_published_time":"2021-02-02T13:32:52+00:00","article_modified_time":"2021-02-02T13:33:12+00:00","og_image":[{"width":1080,"height":608,"url":"https:\/\/www.amanien.info\/news\/wp-content\/uploads\/2021\/02\/thumbnail-2.jpg","type":"image\/jpeg"}],"author":"Germain Ndri","twitter_card":"summary_large_image","twitter_misc":{"\u00c9crit par":"Germain Ndri","Dur\u00e9e de lecture estim\u00e9e":"3 minutes"},"schema":{"@context":"https:\/\/schema.org","@graph":[{"@type":"Article","@id":"https:\/\/www.amanien.info\/news\/le-cvsper-et-ladd-disent-non-a-la-centrale-a-charbon-a-san-pedro\/#article","isPartOf":{"@id":"https:\/\/www.amanien.info\/news\/le-cvsper-et-ladd-disent-non-a-la-centrale-a-charbon-a-san-pedro\/"},"author":{"name":"Germain Ndri","@id":"https:\/\/www.amanien.info\/news\/#\/schema\/person\/b21093345753a1a98242d505bd894f42"},"headline":"Le CVSPER et l&rsquo;ADD disent non \u00e0 la centrale \u00e0 charbon \u00e0 San-Pedro","datePublished":"2021-02-02T13:32:52+00:00","dateModified":"2021-02-02T13:33:12+00:00","mainEntityOfPage":{"@id":"https:\/\/www.amanien.info\/news\/le-cvsper-et-ladd-disent-non-a-la-centrale-a-charbon-a-san-pedro\/"},"wordCount":670,"image":{"@id":"https:\/\/www.amanien.info\/news\/le-cvsper-et-ladd-disent-non-a-la-centrale-a-charbon-a-san-pedro\/#primaryimage"},"thumbnailUrl":"https:\/\/www.amanien.info\/news\/wp-content\/uploads\/2021\/02\/thumbnail-2.jpg","inLanguage":"fr-FR"},{"@type":"WebPage","@id":"https:\/\/www.amanien.info\/news\/le-cvsper-et-ladd-disent-non-a-la-centrale-a-charbon-a-san-pedro\/","url":"https:\/\/www.amanien.info\/news\/le-cvsper-et-ladd-disent-non-a-la-centrale-a-charbon-a-san-pedro\/","name":"Le CVSPER et l'ADD disent non \u00e0 la centrale \u00e0 charbon \u00e0 San-Pedro - Amanien| L&#039;actualit\u00e9 Ivoirienne et Internationale","isPartOf":{"@id":"https:\/\/www.amanien.info\/news\/#website"},"primaryImageOfPage":{"@id":"https:\/\/www.amanien.info\/news\/le-cvsper-et-ladd-disent-non-a-la-centrale-a-charbon-a-san-pedro\/#primaryimage"},"image":{"@id":"https:\/\/www.amanien.info\/news\/le-cvsper-et-ladd-disent-non-a-la-centrale-a-charbon-a-san-pedro\/#primaryimage"},"thumbnailUrl":"https:\/\/www.amanien.info\/news\/wp-content\/uploads\/2021\/02\/thumbnail-2.jpg","datePublished":"2021-02-02T13:32:52+00:00","dateModified":"2021-02-02T13:33:12+00:00","author":{"@id":"https:\/\/www.amanien.info\/news\/#\/schema\/person\/b21093345753a1a98242d505bd894f42"},"breadcrumb":{"@id":"https:\/\/www.amanien.info\/news\/le-cvsper-et-ladd-disent-non-a-la-centrale-a-charbon-a-san-pedro\/#breadcrumb"},"inLanguage":"fr-FR","potentialAction":[{"@type":"ReadAction","target":["https:\/\/www.amanien.info\/news\/le-cvsper-et-ladd-disent-non-a-la-centrale-a-charbon-a-san-pedro\/"]}]},{"@type":"ImageObject","inLanguage":"fr-FR","@id":"https:\/\/www.amanien.info\/news\/le-cvsper-et-ladd-disent-non-a-la-centrale-a-charbon-a-san-pedro\/#primaryimage","url":"https:\/\/www.amanien.info\/news\/wp-content\/uploads\/2021\/02\/thumbnail-2.jpg","contentUrl":"https:\/\/www.amanien.info\/news\/wp-content\/uploads\/2021\/02\/thumbnail-2.jpg","width":1080,"height":608},{"@type":"BreadcrumbList","@id":"https:\/\/www.amanien.info\/news\/le-cvsper-et-ladd-disent-non-a-la-centrale-a-charbon-a-san-pedro\/#breadcrumb","itemListElement":[{"@type":"ListItem","position":1,"name":"Accueil","item":"https:\/\/www.amanien.info\/news\/"},{"@type":"ListItem","position":2,"name":"Le CVSPER et l&rsquo;ADD disent non \u00e0 la centrale \u00e0 charbon \u00e0 San-Pedro"}]},{"@type":"WebSite","@id":"https:\/\/www.amanien.info\/news\/#website","url":"https:\/\/www.amanien.info\/news\/","name":"Amanien| L&#039;actualit\u00e9 Ivoirienne et Internationale","description":"L&#039;actualit\u00e9 Ivoirienne et Internationale","potentialAction":[{"@type":"SearchAction","target":{"@type":"EntryPoint","urlTemplate":"https:\/\/www.amanien.info\/news\/?s={search_term_string}"},"query-input":{"@type":"PropertyValueSpecification","valueRequired":true,"valueName":"search_term_string"}}],"inLanguage":"fr-FR"},{"@type":"Person","@id":"https:\/\/www.amanien.info\/news\/#\/schema\/person\/b21093345753a1a98242d505bd894f42","name":"Germain Ndri","url":"https:\/\/www.amanien.info\/news\/author\/amanien-infos\/"}]}},"_links":{"self":[{"href":"https:\/\/www.amanien.info\/news\/wp-json\/wp\/v2\/posts\/2352","targetHints":{"allow":["GET"]}}],"collection":[{"href":"https:\/\/www.amanien.info\/news\/wp-json\/wp\/v2\/posts"}],"about":[{"href":"https:\/\/www.amanien.info\/news\/wp-json\/wp\/v2\/types\/post"}],"author":[{"embeddable":true,"href":"https:\/\/www.amanien.info\/news\/wp-json\/wp\/v2\/users\/2"}],"replies":[{"embeddable":true,"href":"https:\/\/www.amanien.info\/news\/wp-json\/wp\/v2\/comments?post=2352"}],"version-history":[{"count":0,"href":"https:\/\/www.amanien.info\/news\/wp-json\/wp\/v2\/posts\/2352\/revisions"}],"wp:featuredmedia":[{"embeddable":true,"href":"https:\/\/www.amanien.info\/news\/wp-json\/wp\/v2\/media\/2353"}],"wp:attachment":[{"href":"https:\/\/www.amanien.info\/news\/wp-json\/wp\/v2\/media?parent=2352"}],"wp:term":[{"taxonomy":"category","embeddable":true,"href":"https:\/\/www.amanien.info\/news\/wp-json\/wp\/v2\/categories?post=2352"},{"taxonomy":"post_tag","embeddable":true,"href":"https:\/\/www.amanien.info\/news\/wp-json\/wp\/v2\/tags?post=2352"}],"curies":[{"name":"wp","href":"https:\/\/api.w.org\/{rel}","templated":true}]}}