{"id":2346,"date":"2021-02-02T14:26:42","date_gmt":"2021-02-02T13:26:42","guid":{"rendered":"http:\/\/https:\/\/zozo.buyee.jp\/\/news\/?p=2346"},"modified":"2021-02-02T14:27:01","modified_gmt":"2021-02-02T13:27:01","slug":"ceremonie-de-graduation-de-ladvanced-management-program-amp-2020-mde-business-school-celebre-sa-10e-generation-de-managers-dotes-de-lexpertise-metier","status":"publish","type":"post","link":"https:\/\/www.amanien.info\/news\/ceremonie-de-graduation-de-ladvanced-management-program-amp-2020-mde-business-school-celebre-sa-10e-generation-de-managers-dotes-de-lexpertise-metier\/","title":{"rendered":"C\u00e9r\u00e9monie de graduation de l\u2019Advanced Management Program (AMP 2020)\u00a0: MDE Business School c\u00e9l\u00e8bre sa 10e g\u00e9n\u00e9ration de Managers dot\u00e9s de l\u2019expertise m\u00e9tier"},"content":{"rendered":"<p>La 10<sup>e<\/sup> promotion de l\u2019Advanced Management Program (AMP 2020), forte de vingt-quatre membres, fera partie officiellement de la grande famille des Alumni de MDE Business School \u00e0 compter du samedi 30 janvier 2021. Ces derniers recevront, ce jour, leurs certificats et attributs de fin de formation au Palais des congr\u00e8s du Sofitel H\u00f4tel Ivoire o\u00f9 une c\u00e9r\u00e9monie de graduation sera organis\u00e9e en leur honneur.<\/p>\n<p>Pour MDE, cette dixi\u00e8me promotion marque une \u00e9tape de maturit\u00e9 dans un parcours au cours duquel l\u2019\u00e9cole s\u2019est attel\u00e9e \u00e0 \u00ab\u00a0montrer qu\u2019un autre type de management est possible\u00a0\u00bb surtout dans un monde o\u00f9 \u00ab\u00a0la volatilit\u00e9 des march\u00e9s, la transformation digitale et l\u2019innovation changent et remod\u00e8lent totalement la fa\u00e7on dont s\u2019organise la comp\u00e9tition sur le march\u00e9 au niveau des entreprises, quels que soient les secteurs d\u2019activit\u00e9s.\u00a0\u00bb a rappel\u00e9 un des responsables du programme.<\/p>\n<p>Durant 10 ans MDE Business School a accompagn\u00e9 sans rel\u00e2che la formation et le renforcement de comp\u00e9tences des cadres du pays et de la sous-r\u00e9gion avec le but ultime d\u2019am\u00e9liorer le futur de la C\u00f4te d\u2019Ivoire, de l\u2019Afrique et du Monde entier. Le r\u00e9sultat est bien l\u00e0 aujourd\u2019hui\u00a0: plus de 319 hauts dirigeants form\u00e9s dans divers secteurs de l\u2019\u00e9conomie nationale, dont 15,36% de femmes, capables de faire face avec succ\u00e8s \u00e0 ces d\u00e9fis des temps nouveaux.<\/p>\n<p>\u00c0 l\u2019issue de cette c\u00e9r\u00e9monie de remise de parchemin, ce sera donc au total 343 Managers AMP, n\u00e9s \u00e0 cette nouvelle race de managers dont le pays a besoin. C\u2019est-\u00e0-dire des Dirigeants d\u2019entreprises aguerris, dot\u00e9s de nouvelles habilet\u00e9s leur permettant de penser global, d\u2019agir en parfaits strat\u00e8ges avec des crit\u00e8res \u00e9thiques et un sens des responsabilit\u00e9s sociales qui en font de v\u00e9ritables acteurs du changement.<\/p>\n<p>Service Communication MDE<\/p>\n","protected":false},"excerpt":{"rendered":"<p>La 10e promotion de l\u2019Advanced Management Program (AMP 2020), forte de vingt-quatre membres, fera partie officiellement de la grande famille des Alumni de MDE Business School \u00e0 compter du samedi 30 janvier 2021. Ces derniers recevront, ce jour, leurs certificats et attributs de fin de formation au Palais des congr\u00e8s du Sofitel H\u00f4tel Ivoire o\u00f9 [&hellip;]<\/p>\n","protected":false},"author":2,"featured_media":2347,"comment_status":"closed","ping_status":"closed","sticky":true,"template":"","format":"standard","meta":{"_acf_changed":false,"footnotes":""},"categories":[],"tags":[],"class_list":["post-2346","post","type-post","status-publish","format-standard","has-post-thumbnail","hentry"],"acf":[],"yoast_head":"<!-- This site is optimized with the Yoast SEO plugin v27.5 - https:\/\/yoast.com\/product\/yoast-seo-wordpress\/ -->\n<title>C\u00e9r\u00e9monie de graduation de l\u2019Advanced Management Program (AMP 2020)\u00a0: MDE Business School c\u00e9l\u00e8bre sa 10e g\u00e9n\u00e9ration de Managers dot\u00e9s de l\u2019expertise m\u00e9tier - Amanien| L&#039;actualit\u00e9 Ivoirienne et Internationale<\/title>\n<meta name=\"robots\" content=\"index, follow, max-snippet:-1, max-image-preview:large, max-video-preview:-1\" \/>\n<link rel=\"canonical\" href=\"https:\/\/www.amanien.info\/news\/ceremonie-de-graduation-de-ladvanced-management-program-amp-2020-mde-business-school-celebre-sa-10e-generation-de-managers-dotes-de-lexpertise-metier\/\" \/>\n<meta property=\"og:locale\" content=\"fr_FR\" \/>\n<meta property=\"og:type\" content=\"article\" \/>\n<meta property=\"og:title\" content=\"C\u00e9r\u00e9monie de graduation de l\u2019Advanced Management Program (AMP 2020)\u00a0: MDE Business School c\u00e9l\u00e8bre sa 10e g\u00e9n\u00e9ration de Managers dot\u00e9s de l\u2019expertise m\u00e9tier - Amanien| L&#039;actualit\u00e9 Ivoirienne et Internationale\" \/>\n<meta property=\"og:description\" content=\"La 10e promotion de l\u2019Advanced Management Program (AMP 2020), forte de vingt-quatre membres, fera partie officiellement de la grande famille des Alumni de MDE Business School \u00e0 compter du samedi 30 janvier 2021. Ces derniers recevront, ce jour, leurs certificats et attributs de fin de formation au Palais des congr\u00e8s du Sofitel H\u00f4tel Ivoire o\u00f9 [&hellip;]\" \/>\n<meta property=\"og:url\" content=\"https:\/\/www.amanien.info\/news\/ceremonie-de-graduation-de-ladvanced-management-program-amp-2020-mde-business-school-celebre-sa-10e-generation-de-managers-dotes-de-lexpertise-metier\/\" \/>\n<meta property=\"og:site_name\" content=\"Amanien| L&#039;actualit\u00e9 Ivoirienne et Internationale\" \/>\n<meta property=\"article:published_time\" content=\"2021-02-02T13:26:42+00:00\" \/>\n<meta property=\"article:modified_time\" content=\"2021-02-02T13:27:01+00:00\" \/>\n<meta property=\"og:image\" content=\"https:\/\/www.amanien.info\/news\/wp-content\/uploads\/2021\/02\/Sans-titre.jpg\" \/>\n\t<meta property=\"og:image:width\" content=\"605\" \/>\n\t<meta property=\"og:image:height\" content=\"262\" \/>\n\t<meta property=\"og:image:type\" content=\"image\/jpeg\" \/>\n<meta name=\"author\" content=\"Germain Ndri\" \/>\n<meta name=\"twitter:card\" content=\"summary_large_image\" \/>\n<meta name=\"twitter:label1\" content=\"\u00c9crit par\" \/>\n\t<meta name=\"twitter:data1\" content=\"Germain Ndri\" \/>\n\t<meta name=\"twitter:label2\" content=\"Dur\u00e9e de lecture estim\u00e9e\" \/>\n\t<meta name=\"twitter:data2\" content=\"2 minutes\" \/>\n<script type=\"application\/ld+json\" class=\"yoast-schema-graph\">{\"@context\":\"https:\\\/\\\/schema.org\",\"@graph\":[{\"@type\":\"Article\",\"@id\":\"https:\\\/\\\/www.amanien.info\\\/news\\\/ceremonie-de-graduation-de-ladvanced-management-program-amp-2020-mde-business-school-celebre-sa-10e-generation-de-managers-dotes-de-lexpertise-metier\\\/#article\",\"isPartOf\":{\"@id\":\"https:\\\/\\\/www.amanien.info\\\/news\\\/ceremonie-de-graduation-de-ladvanced-management-program-amp-2020-mde-business-school-celebre-sa-10e-generation-de-managers-dotes-de-lexpertise-metier\\\/\"},\"author\":{\"name\":\"Germain Ndri\",\"@id\":\"https:\\\/\\\/www.amanien.info\\\/news\\\/#\\\/schema\\\/person\\\/b21093345753a1a98242d505bd894f42\"},\"headline\":\"C\u00e9r\u00e9monie de graduation de l\u2019Advanced Management Program (AMP 2020)\u00a0: MDE Business School c\u00e9l\u00e8bre sa 10e g\u00e9n\u00e9ration de Managers dot\u00e9s de l\u2019expertise m\u00e9tier\",\"datePublished\":\"2021-02-02T13:26:42+00:00\",\"dateModified\":\"2021-02-02T13:27:01+00:00\",\"mainEntityOfPage\":{\"@id\":\"https:\\\/\\\/www.amanien.info\\\/news\\\/ceremonie-de-graduation-de-ladvanced-management-program-amp-2020-mde-business-school-celebre-sa-10e-generation-de-managers-dotes-de-lexpertise-metier\\\/\"},\"wordCount\":346,\"image\":{\"@id\":\"https:\\\/\\\/www.amanien.info\\\/news\\\/ceremonie-de-graduation-de-ladvanced-management-program-amp-2020-mde-business-school-celebre-sa-10e-generation-de-managers-dotes-de-lexpertise-metier\\\/#primaryimage\"},\"thumbnailUrl\":\"https:\\\/\\\/www.amanien.info\\\/news\\\/wp-content\\\/uploads\\\/2021\\\/02\\\/Sans-titre.jpg\",\"inLanguage\":\"fr-FR\"},{\"@type\":\"WebPage\",\"@id\":\"https:\\\/\\\/www.amanien.info\\\/news\\\/ceremonie-de-graduation-de-ladvanced-management-program-amp-2020-mde-business-school-celebre-sa-10e-generation-de-managers-dotes-de-lexpertise-metier\\\/\",\"url\":\"https:\\\/\\\/www.amanien.info\\\/news\\\/ceremonie-de-graduation-de-ladvanced-management-program-amp-2020-mde-business-school-celebre-sa-10e-generation-de-managers-dotes-de-lexpertise-metier\\\/\",\"name\":\"C\u00e9r\u00e9monie de graduation de l\u2019Advanced Management Program (AMP 2020)\u00a0: MDE Business School c\u00e9l\u00e8bre sa 10e g\u00e9n\u00e9ration de Managers dot\u00e9s de l\u2019expertise m\u00e9tier - Amanien| L&#039;actualit\u00e9 Ivoirienne et Internationale\",\"isPartOf\":{\"@id\":\"https:\\\/\\\/www.amanien.info\\\/news\\\/#website\"},\"primaryImageOfPage\":{\"@id\":\"https:\\\/\\\/www.amanien.info\\\/news\\\/ceremonie-de-graduation-de-ladvanced-management-program-amp-2020-mde-business-school-celebre-sa-10e-generation-de-managers-dotes-de-lexpertise-metier\\\/#primaryimage\"},\"image\":{\"@id\":\"https:\\\/\\\/www.amanien.info\\\/news\\\/ceremonie-de-graduation-de-ladvanced-management-program-amp-2020-mde-business-school-celebre-sa-10e-generation-de-managers-dotes-de-lexpertise-metier\\\/#primaryimage\"},\"thumbnailUrl\":\"https:\\\/\\\/www.amanien.info\\\/news\\\/wp-content\\\/uploads\\\/2021\\\/02\\\/Sans-titre.jpg\",\"datePublished\":\"2021-02-02T13:26:42+00:00\",\"dateModified\":\"2021-02-02T13:27:01+00:00\",\"author\":{\"@id\":\"https:\\\/\\\/www.amanien.info\\\/news\\\/#\\\/schema\\\/person\\\/b21093345753a1a98242d505bd894f42\"},\"breadcrumb\":{\"@id\":\"https:\\\/\\\/www.amanien.info\\\/news\\\/ceremonie-de-graduation-de-ladvanced-management-program-amp-2020-mde-business-school-celebre-sa-10e-generation-de-managers-dotes-de-lexpertise-metier\\\/#breadcrumb\"},\"inLanguage\":\"fr-FR\",\"potentialAction\":[{\"@type\":\"ReadAction\",\"target\":[\"https:\\\/\\\/www.amanien.info\\\/news\\\/ceremonie-de-graduation-de-ladvanced-management-program-amp-2020-mde-business-school-celebre-sa-10e-generation-de-managers-dotes-de-lexpertise-metier\\\/\"]}]},{\"@type\":\"ImageObject\",\"inLanguage\":\"fr-FR\",\"@id\":\"https:\\\/\\\/www.amanien.info\\\/news\\\/ceremonie-de-graduation-de-ladvanced-management-program-amp-2020-mde-business-school-celebre-sa-10e-generation-de-managers-dotes-de-lexpertise-metier\\\/#primaryimage\",\"url\":\"https:\\\/\\\/www.amanien.info\\\/news\\\/wp-content\\\/uploads\\\/2021\\\/02\\\/Sans-titre.jpg\",\"contentUrl\":\"https:\\\/\\\/www.amanien.info\\\/news\\\/wp-content\\\/uploads\\\/2021\\\/02\\\/Sans-titre.jpg\",\"width\":605,\"height\":262},{\"@type\":\"BreadcrumbList\",\"@id\":\"https:\\\/\\\/www.amanien.info\\\/news\\\/ceremonie-de-graduation-de-ladvanced-management-program-amp-2020-mde-business-school-celebre-sa-10e-generation-de-managers-dotes-de-lexpertise-metier\\\/#breadcrumb\",\"itemListElement\":[{\"@type\":\"ListItem\",\"position\":1,\"name\":\"Accueil\",\"item\":\"https:\\\/\\\/www.amanien.info\\\/news\\\/\"},{\"@type\":\"ListItem\",\"position\":2,\"name\":\"C\u00e9r\u00e9monie de graduation de l\u2019Advanced Management Program (AMP 2020)\u00a0: MDE Business School c\u00e9l\u00e8bre sa 10e g\u00e9n\u00e9ration de Managers dot\u00e9s de l\u2019expertise m\u00e9tier\"}]},{\"@type\":\"WebSite\",\"@id\":\"https:\\\/\\\/www.amanien.info\\\/news\\\/#website\",\"url\":\"https:\\\/\\\/www.amanien.info\\\/news\\\/\",\"name\":\"Amanien| L&#039;actualit\u00e9 Ivoirienne et Internationale\",\"description\":\"L&#039;actualit\u00e9 Ivoirienne et Internationale\",\"potentialAction\":[{\"@type\":\"SearchAction\",\"target\":{\"@type\":\"EntryPoint\",\"urlTemplate\":\"https:\\\/\\\/www.amanien.info\\\/news\\\/?s={search_term_string}\"},\"query-input\":{\"@type\":\"PropertyValueSpecification\",\"valueRequired\":true,\"valueName\":\"search_term_string\"}}],\"inLanguage\":\"fr-FR\"},{\"@type\":\"Person\",\"@id\":\"https:\\\/\\\/www.amanien.info\\\/news\\\/#\\\/schema\\\/person\\\/b21093345753a1a98242d505bd894f42\",\"name\":\"Germain Ndri\",\"url\":\"https:\\\/\\\/www.amanien.info\\\/news\\\/author\\\/amanien-infos\\\/\"}]}<\/script>\n<!-- \/ Yoast SEO plugin. -->","yoast_head_json":{"title":"C\u00e9r\u00e9monie de graduation de l\u2019Advanced Management Program (AMP 2020)\u00a0: MDE Business School c\u00e9l\u00e8bre sa 10e g\u00e9n\u00e9ration de Managers dot\u00e9s de l\u2019expertise m\u00e9tier - Amanien| L&#039;actualit\u00e9 Ivoirienne et Internationale","robots":{"index":"index","follow":"follow","max-snippet":"max-snippet:-1","max-image-preview":"max-image-preview:large","max-video-preview":"max-video-preview:-1"},"canonical":"https:\/\/www.amanien.info\/news\/ceremonie-de-graduation-de-ladvanced-management-program-amp-2020-mde-business-school-celebre-sa-10e-generation-de-managers-dotes-de-lexpertise-metier\/","og_locale":"fr_FR","og_type":"article","og_title":"C\u00e9r\u00e9monie de graduation de l\u2019Advanced Management Program (AMP 2020)\u00a0: MDE Business School c\u00e9l\u00e8bre sa 10e g\u00e9n\u00e9ration de Managers dot\u00e9s de l\u2019expertise m\u00e9tier - Amanien| L&#039;actualit\u00e9 Ivoirienne et Internationale","og_description":"La 10e promotion de l\u2019Advanced Management Program (AMP 2020), forte de vingt-quatre membres, fera partie officiellement de la grande famille des Alumni de MDE Business School \u00e0 compter du samedi 30 janvier 2021. Ces derniers recevront, ce jour, leurs certificats et attributs de fin de formation au Palais des congr\u00e8s du Sofitel H\u00f4tel Ivoire o\u00f9 [&hellip;]","og_url":"https:\/\/www.amanien.info\/news\/ceremonie-de-graduation-de-ladvanced-management-program-amp-2020-mde-business-school-celebre-sa-10e-generation-de-managers-dotes-de-lexpertise-metier\/","og_site_name":"Amanien| L&#039;actualit\u00e9 Ivoirienne et Internationale","article_published_time":"2021-02-02T13:26:42+00:00","article_modified_time":"2021-02-02T13:27:01+00:00","og_image":[{"width":605,"height":262,"url":"https:\/\/www.amanien.info\/news\/wp-content\/uploads\/2021\/02\/Sans-titre.jpg","type":"image\/jpeg"}],"author":"Germain Ndri","twitter_card":"summary_large_image","twitter_misc":{"\u00c9crit par":"Germain Ndri","Dur\u00e9e de lecture estim\u00e9e":"2 minutes"},"schema":{"@context":"https:\/\/schema.org","@graph":[{"@type":"Article","@id":"https:\/\/www.amanien.info\/news\/ceremonie-de-graduation-de-ladvanced-management-program-amp-2020-mde-business-school-celebre-sa-10e-generation-de-managers-dotes-de-lexpertise-metier\/#article","isPartOf":{"@id":"https:\/\/www.amanien.info\/news\/ceremonie-de-graduation-de-ladvanced-management-program-amp-2020-mde-business-school-celebre-sa-10e-generation-de-managers-dotes-de-lexpertise-metier\/"},"author":{"name":"Germain Ndri","@id":"https:\/\/www.amanien.info\/news\/#\/schema\/person\/b21093345753a1a98242d505bd894f42"},"headline":"C\u00e9r\u00e9monie de graduation de l\u2019Advanced Management Program (AMP 2020)\u00a0: MDE Business School c\u00e9l\u00e8bre sa 10e g\u00e9n\u00e9ration de Managers dot\u00e9s de l\u2019expertise m\u00e9tier","datePublished":"2021-02-02T13:26:42+00:00","dateModified":"2021-02-02T13:27:01+00:00","mainEntityOfPage":{"@id":"https:\/\/www.amanien.info\/news\/ceremonie-de-graduation-de-ladvanced-management-program-amp-2020-mde-business-school-celebre-sa-10e-generation-de-managers-dotes-de-lexpertise-metier\/"},"wordCount":346,"image":{"@id":"https:\/\/www.amanien.info\/news\/ceremonie-de-graduation-de-ladvanced-management-program-amp-2020-mde-business-school-celebre-sa-10e-generation-de-managers-dotes-de-lexpertise-metier\/#primaryimage"},"thumbnailUrl":"https:\/\/www.amanien.info\/news\/wp-content\/uploads\/2021\/02\/Sans-titre.jpg","inLanguage":"fr-FR"},{"@type":"WebPage","@id":"https:\/\/www.amanien.info\/news\/ceremonie-de-graduation-de-ladvanced-management-program-amp-2020-mde-business-school-celebre-sa-10e-generation-de-managers-dotes-de-lexpertise-metier\/","url":"https:\/\/www.amanien.info\/news\/ceremonie-de-graduation-de-ladvanced-management-program-amp-2020-mde-business-school-celebre-sa-10e-generation-de-managers-dotes-de-lexpertise-metier\/","name":"C\u00e9r\u00e9monie de graduation de l\u2019Advanced Management Program (AMP 2020)\u00a0: MDE Business School c\u00e9l\u00e8bre sa 10e g\u00e9n\u00e9ration de Managers dot\u00e9s de l\u2019expertise m\u00e9tier - Amanien| L&#039;actualit\u00e9 Ivoirienne et Internationale","isPartOf":{"@id":"https:\/\/www.amanien.info\/news\/#website"},"primaryImageOfPage":{"@id":"https:\/\/www.amanien.info\/news\/ceremonie-de-graduation-de-ladvanced-management-program-amp-2020-mde-business-school-celebre-sa-10e-generation-de-managers-dotes-de-lexpertise-metier\/#primaryimage"},"image":{"@id":"https:\/\/www.amanien.info\/news\/ceremonie-de-graduation-de-ladvanced-management-program-amp-2020-mde-business-school-celebre-sa-10e-generation-de-managers-dotes-de-lexpertise-metier\/#primaryimage"},"thumbnailUrl":"https:\/\/www.amanien.info\/news\/wp-content\/uploads\/2021\/02\/Sans-titre.jpg","datePublished":"2021-02-02T13:26:42+00:00","dateModified":"2021-02-02T13:27:01+00:00","author":{"@id":"https:\/\/www.amanien.info\/news\/#\/schema\/person\/b21093345753a1a98242d505bd894f42"},"breadcrumb":{"@id":"https:\/\/www.amanien.info\/news\/ceremonie-de-graduation-de-ladvanced-management-program-amp-2020-mde-business-school-celebre-sa-10e-generation-de-managers-dotes-de-lexpertise-metier\/#breadcrumb"},"inLanguage":"fr-FR","potentialAction":[{"@type":"ReadAction","target":["https:\/\/www.amanien.info\/news\/ceremonie-de-graduation-de-ladvanced-management-program-amp-2020-mde-business-school-celebre-sa-10e-generation-de-managers-dotes-de-lexpertise-metier\/"]}]},{"@type":"ImageObject","inLanguage":"fr-FR","@id":"https:\/\/www.amanien.info\/news\/ceremonie-de-graduation-de-ladvanced-management-program-amp-2020-mde-business-school-celebre-sa-10e-generation-de-managers-dotes-de-lexpertise-metier\/#primaryimage","url":"https:\/\/www.amanien.info\/news\/wp-content\/uploads\/2021\/02\/Sans-titre.jpg","contentUrl":"https:\/\/www.amanien.info\/news\/wp-content\/uploads\/2021\/02\/Sans-titre.jpg","width":605,"height":262},{"@type":"BreadcrumbList","@id":"https:\/\/www.amanien.info\/news\/ceremonie-de-graduation-de-ladvanced-management-program-amp-2020-mde-business-school-celebre-sa-10e-generation-de-managers-dotes-de-lexpertise-metier\/#breadcrumb","itemListElement":[{"@type":"ListItem","position":1,"name":"Accueil","item":"https:\/\/www.amanien.info\/news\/"},{"@type":"ListItem","position":2,"name":"C\u00e9r\u00e9monie de graduation de l\u2019Advanced Management Program (AMP 2020)\u00a0: MDE Business School c\u00e9l\u00e8bre sa 10e g\u00e9n\u00e9ration de Managers dot\u00e9s de l\u2019expertise m\u00e9tier"}]},{"@type":"WebSite","@id":"https:\/\/www.amanien.info\/news\/#website","url":"https:\/\/www.amanien.info\/news\/","name":"Amanien| L&#039;actualit\u00e9 Ivoirienne et Internationale","description":"L&#039;actualit\u00e9 Ivoirienne et Internationale","potentialAction":[{"@type":"SearchAction","target":{"@type":"EntryPoint","urlTemplate":"https:\/\/www.amanien.info\/news\/?s={search_term_string}"},"query-input":{"@type":"PropertyValueSpecification","valueRequired":true,"valueName":"search_term_string"}}],"inLanguage":"fr-FR"},{"@type":"Person","@id":"https:\/\/www.amanien.info\/news\/#\/schema\/person\/b21093345753a1a98242d505bd894f42","name":"Germain Ndri","url":"https:\/\/www.amanien.info\/news\/author\/amanien-infos\/"}]}},"_links":{"self":[{"href":"https:\/\/www.amanien.info\/news\/wp-json\/wp\/v2\/posts\/2346","targetHints":{"allow":["GET"]}}],"collection":[{"href":"https:\/\/www.amanien.info\/news\/wp-json\/wp\/v2\/posts"}],"about":[{"href":"https:\/\/www.amanien.info\/news\/wp-json\/wp\/v2\/types\/post"}],"author":[{"embeddable":true,"href":"https:\/\/www.amanien.info\/news\/wp-json\/wp\/v2\/users\/2"}],"replies":[{"embeddable":true,"href":"https:\/\/www.amanien.info\/news\/wp-json\/wp\/v2\/comments?post=2346"}],"version-history":[{"count":0,"href":"https:\/\/www.amanien.info\/news\/wp-json\/wp\/v2\/posts\/2346\/revisions"}],"wp:featuredmedia":[{"embeddable":true,"href":"https:\/\/www.amanien.info\/news\/wp-json\/wp\/v2\/media\/2347"}],"wp:attachment":[{"href":"https:\/\/www.amanien.info\/news\/wp-json\/wp\/v2\/media?parent=2346"}],"wp:term":[{"taxonomy":"category","embeddable":true,"href":"https:\/\/www.amanien.info\/news\/wp-json\/wp\/v2\/categories?post=2346"},{"taxonomy":"post_tag","embeddable":true,"href":"https:\/\/www.amanien.info\/news\/wp-json\/wp\/v2\/tags?post=2346"}],"curies":[{"name":"wp","href":"https:\/\/api.w.org\/{rel}","templated":true}]}}