{"id":2343,"date":"2021-02-02T14:19:25","date_gmt":"2021-02-02T13:19:25","guid":{"rendered":"http:\/\/https:\/\/zozo.buyee.jp\/\/news\/?p=2343"},"modified":"2021-02-02T14:19:44","modified_gmt":"2021-02-02T13:19:44","slug":"lutte-contre-la-covid19-la-croix-rouge-de-cote-divoire-renforce-les-capacites-des-journalistes","status":"publish","type":"post","link":"https:\/\/www.amanien.info\/news\/lutte-contre-la-covid19-la-croix-rouge-de-cote-divoire-renforce-les-capacites-des-journalistes\/","title":{"rendered":"Lutte contre la covid19: La Croix-Rouge de C\u00f4te d&rsquo;Ivoire renforce les capacit\u00e9s des journalistes"},"content":{"rendered":"<p>La pand\u00e9mie \u00e0 coronavirus continue de s\u00e9vir. Depuis quelques semaines, la C\u00f4te d&rsquo;Ivoire est confront\u00e9e \u00e0 une deuxi\u00e8me vague de l&rsquo; \u00e9pid\u00e9mie, avec l&rsquo; augmentation du nombre de cas. Face \u00e0 cette situation, la Croix-Rouge de C\u00f4te d&rsquo;Ivoire ( CRCI), a organis\u00e9 le mardi 26 janvier, \u00e0 l&rsquo;espace Creao- Uemoa, un atelier afin d&rsquo; \u00e9changer sur le sujet avec les hommes de m\u00e9dias. Le coordonnateur sant\u00e9 de la CRCI Dr Alain Kouassi, a \u00e0 cette occasion remerci\u00e9 la Banque Mondiale pour son appui financier. Il a soulign\u00e9 que cet atelier vise \u00e0 renforcer les connaissances des journalistes sur la covid19, afin que ceux-ci sensibilisent au respect des mesures barri\u00e8res, et \u00e9viter ainsi la propagation de la maladie dans la communaut\u00e9. Okou Marius, chef de projet, a expos\u00e9 sur la maladie \u00e0 coronavirus. Il a expliqu\u00e9 que la maladie se transmet par des postillons \u00e9mis lorsqu&rsquo; une personne contamin\u00e9e tousse ou \u00e9ternue. Les signes de la maladie sont entre autres la fi\u00e8vre, les maux de t\u00eate, de la gorge, la toux, les courbatures. Pour \u00e9viter d&rsquo; \u00eatre contamin\u00e9 ou de contaminer les autres, il faut respecter les mesures barri\u00e8res que sont le port du masque facial, la distanciation physique, le lavage des mains ect&#8230;Selon lui, le virus en couronne ou coronavirus a \u00e9t\u00e9 identifi\u00e9 pour la premi\u00e8re fois en 1960.<br \/>\nMoussa Diabat\u00e9 et G. Debouchard, assistants communication, ont instruit les participants sur l&rsquo; historique et la connaissance du Mouvement Croix- Rouge. L&rsquo; on retient que la CRCI est auxiliaire des pouvoirs publics dans le domaine de l&rsquo; humanitaire. Kouadio Nicoles, charg\u00e9e du genre a instruit les journalistes sur la communication des risques et engagement communautaire( CREC). Selon elle, c&rsquo; est une approche communautaire qui permet de mettre la communaut\u00e9 au c\u0153ur des activit\u00e9s. Il s&rsquo; agit ici d&rsquo; amener la communaut\u00e9, par la sensibilisation, \u00e0 s&rsquo; impliquer dans la r\u00e9solution des dangers ou de tout probl\u00e8me auquel elle est confront\u00e9e.Elle a invit\u00e9 les hommes et femmes des m\u00e9dias \u00e0 donner des informations v\u00e9rifies et \u00e9viter ainsi de colporter les rumeurs. Tout en \u00e9coutant les feedbacks pour mieux comprendre la communaut\u00e9.<br \/>\nC.W<\/p>\n","protected":false},"excerpt":{"rendered":"<p>La pand\u00e9mie \u00e0 coronavirus continue de s\u00e9vir. Depuis quelques semaines, la C\u00f4te d&rsquo;Ivoire est confront\u00e9e \u00e0 une deuxi\u00e8me vague de l&rsquo; \u00e9pid\u00e9mie, avec l&rsquo; augmentation du nombre de cas. Face \u00e0 cette situation, la Croix-Rouge de C\u00f4te d&rsquo;Ivoire ( CRCI), a organis\u00e9 le mardi 26 janvier, \u00e0 l&rsquo;espace Creao- Uemoa, un atelier afin d&rsquo; \u00e9changer [&hellip;]<\/p>\n","protected":false},"author":2,"featured_media":2344,"comment_status":"closed","ping_status":"closed","sticky":true,"template":"","format":"standard","meta":{"_acf_changed":false,"footnotes":""},"categories":[],"tags":[],"class_list":["post-2343","post","type-post","status-publish","format-standard","has-post-thumbnail","hentry"],"acf":[],"yoast_head":"<!-- This site is optimized with the Yoast SEO plugin v27.5 - https:\/\/yoast.com\/product\/yoast-seo-wordpress\/ -->\n<title>Lutte contre la covid19: La Croix-Rouge de C\u00f4te d&#039;Ivoire renforce les capacit\u00e9s des journalistes - Amanien| L&#039;actualit\u00e9 Ivoirienne et Internationale<\/title>\n<meta name=\"robots\" content=\"index, follow, max-snippet:-1, max-image-preview:large, max-video-preview:-1\" \/>\n<link rel=\"canonical\" href=\"https:\/\/www.amanien.info\/news\/lutte-contre-la-covid19-la-croix-rouge-de-cote-divoire-renforce-les-capacites-des-journalistes\/\" \/>\n<meta property=\"og:locale\" content=\"fr_FR\" \/>\n<meta property=\"og:type\" content=\"article\" \/>\n<meta property=\"og:title\" content=\"Lutte contre la covid19: La Croix-Rouge de C\u00f4te d&#039;Ivoire renforce les capacit\u00e9s des journalistes - Amanien| L&#039;actualit\u00e9 Ivoirienne et Internationale\" \/>\n<meta property=\"og:description\" content=\"La pand\u00e9mie \u00e0 coronavirus continue de s\u00e9vir. Depuis quelques semaines, la C\u00f4te d&rsquo;Ivoire est confront\u00e9e \u00e0 une deuxi\u00e8me vague de l&rsquo; \u00e9pid\u00e9mie, avec l&rsquo; augmentation du nombre de cas. Face \u00e0 cette situation, la Croix-Rouge de C\u00f4te d&rsquo;Ivoire ( CRCI), a organis\u00e9 le mardi 26 janvier, \u00e0 l&rsquo;espace Creao- Uemoa, un atelier afin d&rsquo; \u00e9changer [&hellip;]\" \/>\n<meta property=\"og:url\" content=\"https:\/\/www.amanien.info\/news\/lutte-contre-la-covid19-la-croix-rouge-de-cote-divoire-renforce-les-capacites-des-journalistes\/\" \/>\n<meta property=\"og:site_name\" content=\"Amanien| L&#039;actualit\u00e9 Ivoirienne et Internationale\" \/>\n<meta property=\"article:published_time\" content=\"2021-02-02T13:19:25+00:00\" \/>\n<meta property=\"article:modified_time\" content=\"2021-02-02T13:19:44+00:00\" \/>\n<meta property=\"og:image\" content=\"https:\/\/www.amanien.info\/news\/wp-content\/uploads\/2021\/02\/thumbnail.jpg\" \/>\n\t<meta property=\"og:image:width\" content=\"1080\" \/>\n\t<meta property=\"og:image:height\" content=\"608\" \/>\n\t<meta property=\"og:image:type\" content=\"image\/jpeg\" \/>\n<meta name=\"author\" content=\"Germain Ndri\" \/>\n<meta name=\"twitter:card\" content=\"summary_large_image\" \/>\n<meta name=\"twitter:label1\" content=\"\u00c9crit par\" \/>\n\t<meta name=\"twitter:data1\" content=\"Germain Ndri\" \/>\n\t<meta name=\"twitter:label2\" content=\"Dur\u00e9e de lecture estim\u00e9e\" \/>\n\t<meta name=\"twitter:data2\" content=\"2 minutes\" \/>\n<script type=\"application\/ld+json\" class=\"yoast-schema-graph\">{\"@context\":\"https:\\\/\\\/schema.org\",\"@graph\":[{\"@type\":\"Article\",\"@id\":\"https:\\\/\\\/www.amanien.info\\\/news\\\/lutte-contre-la-covid19-la-croix-rouge-de-cote-divoire-renforce-les-capacites-des-journalistes\\\/#article\",\"isPartOf\":{\"@id\":\"https:\\\/\\\/www.amanien.info\\\/news\\\/lutte-contre-la-covid19-la-croix-rouge-de-cote-divoire-renforce-les-capacites-des-journalistes\\\/\"},\"author\":{\"name\":\"Germain Ndri\",\"@id\":\"https:\\\/\\\/www.amanien.info\\\/news\\\/#\\\/schema\\\/person\\\/b21093345753a1a98242d505bd894f42\"},\"headline\":\"Lutte contre la covid19: La Croix-Rouge de C\u00f4te d&rsquo;Ivoire renforce les capacit\u00e9s des journalistes\",\"datePublished\":\"2021-02-02T13:19:25+00:00\",\"dateModified\":\"2021-02-02T13:19:44+00:00\",\"mainEntityOfPage\":{\"@id\":\"https:\\\/\\\/www.amanien.info\\\/news\\\/lutte-contre-la-covid19-la-croix-rouge-de-cote-divoire-renforce-les-capacites-des-journalistes\\\/\"},\"wordCount\":383,\"image\":{\"@id\":\"https:\\\/\\\/www.amanien.info\\\/news\\\/lutte-contre-la-covid19-la-croix-rouge-de-cote-divoire-renforce-les-capacites-des-journalistes\\\/#primaryimage\"},\"thumbnailUrl\":\"https:\\\/\\\/www.amanien.info\\\/news\\\/wp-content\\\/uploads\\\/2021\\\/02\\\/thumbnail.jpg\",\"inLanguage\":\"fr-FR\"},{\"@type\":\"WebPage\",\"@id\":\"https:\\\/\\\/www.amanien.info\\\/news\\\/lutte-contre-la-covid19-la-croix-rouge-de-cote-divoire-renforce-les-capacites-des-journalistes\\\/\",\"url\":\"https:\\\/\\\/www.amanien.info\\\/news\\\/lutte-contre-la-covid19-la-croix-rouge-de-cote-divoire-renforce-les-capacites-des-journalistes\\\/\",\"name\":\"Lutte contre la covid19: La Croix-Rouge de C\u00f4te d'Ivoire renforce les capacit\u00e9s des journalistes - Amanien| L&#039;actualit\u00e9 Ivoirienne et Internationale\",\"isPartOf\":{\"@id\":\"https:\\\/\\\/www.amanien.info\\\/news\\\/#website\"},\"primaryImageOfPage\":{\"@id\":\"https:\\\/\\\/www.amanien.info\\\/news\\\/lutte-contre-la-covid19-la-croix-rouge-de-cote-divoire-renforce-les-capacites-des-journalistes\\\/#primaryimage\"},\"image\":{\"@id\":\"https:\\\/\\\/www.amanien.info\\\/news\\\/lutte-contre-la-covid19-la-croix-rouge-de-cote-divoire-renforce-les-capacites-des-journalistes\\\/#primaryimage\"},\"thumbnailUrl\":\"https:\\\/\\\/www.amanien.info\\\/news\\\/wp-content\\\/uploads\\\/2021\\\/02\\\/thumbnail.jpg\",\"datePublished\":\"2021-02-02T13:19:25+00:00\",\"dateModified\":\"2021-02-02T13:19:44+00:00\",\"author\":{\"@id\":\"https:\\\/\\\/www.amanien.info\\\/news\\\/#\\\/schema\\\/person\\\/b21093345753a1a98242d505bd894f42\"},\"breadcrumb\":{\"@id\":\"https:\\\/\\\/www.amanien.info\\\/news\\\/lutte-contre-la-covid19-la-croix-rouge-de-cote-divoire-renforce-les-capacites-des-journalistes\\\/#breadcrumb\"},\"inLanguage\":\"fr-FR\",\"potentialAction\":[{\"@type\":\"ReadAction\",\"target\":[\"https:\\\/\\\/www.amanien.info\\\/news\\\/lutte-contre-la-covid19-la-croix-rouge-de-cote-divoire-renforce-les-capacites-des-journalistes\\\/\"]}]},{\"@type\":\"ImageObject\",\"inLanguage\":\"fr-FR\",\"@id\":\"https:\\\/\\\/www.amanien.info\\\/news\\\/lutte-contre-la-covid19-la-croix-rouge-de-cote-divoire-renforce-les-capacites-des-journalistes\\\/#primaryimage\",\"url\":\"https:\\\/\\\/www.amanien.info\\\/news\\\/wp-content\\\/uploads\\\/2021\\\/02\\\/thumbnail.jpg\",\"contentUrl\":\"https:\\\/\\\/www.amanien.info\\\/news\\\/wp-content\\\/uploads\\\/2021\\\/02\\\/thumbnail.jpg\",\"width\":1080,\"height\":608},{\"@type\":\"BreadcrumbList\",\"@id\":\"https:\\\/\\\/www.amanien.info\\\/news\\\/lutte-contre-la-covid19-la-croix-rouge-de-cote-divoire-renforce-les-capacites-des-journalistes\\\/#breadcrumb\",\"itemListElement\":[{\"@type\":\"ListItem\",\"position\":1,\"name\":\"Accueil\",\"item\":\"https:\\\/\\\/www.amanien.info\\\/news\\\/\"},{\"@type\":\"ListItem\",\"position\":2,\"name\":\"Lutte contre la covid19: La Croix-Rouge de C\u00f4te d&rsquo;Ivoire renforce les capacit\u00e9s des journalistes\"}]},{\"@type\":\"WebSite\",\"@id\":\"https:\\\/\\\/www.amanien.info\\\/news\\\/#website\",\"url\":\"https:\\\/\\\/www.amanien.info\\\/news\\\/\",\"name\":\"Amanien| L&#039;actualit\u00e9 Ivoirienne et Internationale\",\"description\":\"L&#039;actualit\u00e9 Ivoirienne et Internationale\",\"potentialAction\":[{\"@type\":\"SearchAction\",\"target\":{\"@type\":\"EntryPoint\",\"urlTemplate\":\"https:\\\/\\\/www.amanien.info\\\/news\\\/?s={search_term_string}\"},\"query-input\":{\"@type\":\"PropertyValueSpecification\",\"valueRequired\":true,\"valueName\":\"search_term_string\"}}],\"inLanguage\":\"fr-FR\"},{\"@type\":\"Person\",\"@id\":\"https:\\\/\\\/www.amanien.info\\\/news\\\/#\\\/schema\\\/person\\\/b21093345753a1a98242d505bd894f42\",\"name\":\"Germain Ndri\",\"url\":\"https:\\\/\\\/www.amanien.info\\\/news\\\/author\\\/amanien-infos\\\/\"}]}<\/script>\n<!-- \/ Yoast SEO plugin. -->","yoast_head_json":{"title":"Lutte contre la covid19: La Croix-Rouge de C\u00f4te d'Ivoire renforce les capacit\u00e9s des journalistes - Amanien| L&#039;actualit\u00e9 Ivoirienne et Internationale","robots":{"index":"index","follow":"follow","max-snippet":"max-snippet:-1","max-image-preview":"max-image-preview:large","max-video-preview":"max-video-preview:-1"},"canonical":"https:\/\/www.amanien.info\/news\/lutte-contre-la-covid19-la-croix-rouge-de-cote-divoire-renforce-les-capacites-des-journalistes\/","og_locale":"fr_FR","og_type":"article","og_title":"Lutte contre la covid19: La Croix-Rouge de C\u00f4te d'Ivoire renforce les capacit\u00e9s des journalistes - Amanien| L&#039;actualit\u00e9 Ivoirienne et Internationale","og_description":"La pand\u00e9mie \u00e0 coronavirus continue de s\u00e9vir. Depuis quelques semaines, la C\u00f4te d&rsquo;Ivoire est confront\u00e9e \u00e0 une deuxi\u00e8me vague de l&rsquo; \u00e9pid\u00e9mie, avec l&rsquo; augmentation du nombre de cas. Face \u00e0 cette situation, la Croix-Rouge de C\u00f4te d&rsquo;Ivoire ( CRCI), a organis\u00e9 le mardi 26 janvier, \u00e0 l&rsquo;espace Creao- Uemoa, un atelier afin d&rsquo; \u00e9changer [&hellip;]","og_url":"https:\/\/www.amanien.info\/news\/lutte-contre-la-covid19-la-croix-rouge-de-cote-divoire-renforce-les-capacites-des-journalistes\/","og_site_name":"Amanien| L&#039;actualit\u00e9 Ivoirienne et Internationale","article_published_time":"2021-02-02T13:19:25+00:00","article_modified_time":"2021-02-02T13:19:44+00:00","og_image":[{"width":1080,"height":608,"url":"https:\/\/www.amanien.info\/news\/wp-content\/uploads\/2021\/02\/thumbnail.jpg","type":"image\/jpeg"}],"author":"Germain Ndri","twitter_card":"summary_large_image","twitter_misc":{"\u00c9crit par":"Germain Ndri","Dur\u00e9e de lecture estim\u00e9e":"2 minutes"},"schema":{"@context":"https:\/\/schema.org","@graph":[{"@type":"Article","@id":"https:\/\/www.amanien.info\/news\/lutte-contre-la-covid19-la-croix-rouge-de-cote-divoire-renforce-les-capacites-des-journalistes\/#article","isPartOf":{"@id":"https:\/\/www.amanien.info\/news\/lutte-contre-la-covid19-la-croix-rouge-de-cote-divoire-renforce-les-capacites-des-journalistes\/"},"author":{"name":"Germain Ndri","@id":"https:\/\/www.amanien.info\/news\/#\/schema\/person\/b21093345753a1a98242d505bd894f42"},"headline":"Lutte contre la covid19: La Croix-Rouge de C\u00f4te d&rsquo;Ivoire renforce les capacit\u00e9s des journalistes","datePublished":"2021-02-02T13:19:25+00:00","dateModified":"2021-02-02T13:19:44+00:00","mainEntityOfPage":{"@id":"https:\/\/www.amanien.info\/news\/lutte-contre-la-covid19-la-croix-rouge-de-cote-divoire-renforce-les-capacites-des-journalistes\/"},"wordCount":383,"image":{"@id":"https:\/\/www.amanien.info\/news\/lutte-contre-la-covid19-la-croix-rouge-de-cote-divoire-renforce-les-capacites-des-journalistes\/#primaryimage"},"thumbnailUrl":"https:\/\/www.amanien.info\/news\/wp-content\/uploads\/2021\/02\/thumbnail.jpg","inLanguage":"fr-FR"},{"@type":"WebPage","@id":"https:\/\/www.amanien.info\/news\/lutte-contre-la-covid19-la-croix-rouge-de-cote-divoire-renforce-les-capacites-des-journalistes\/","url":"https:\/\/www.amanien.info\/news\/lutte-contre-la-covid19-la-croix-rouge-de-cote-divoire-renforce-les-capacites-des-journalistes\/","name":"Lutte contre la covid19: La Croix-Rouge de C\u00f4te d'Ivoire renforce les capacit\u00e9s des journalistes - Amanien| L&#039;actualit\u00e9 Ivoirienne et Internationale","isPartOf":{"@id":"https:\/\/www.amanien.info\/news\/#website"},"primaryImageOfPage":{"@id":"https:\/\/www.amanien.info\/news\/lutte-contre-la-covid19-la-croix-rouge-de-cote-divoire-renforce-les-capacites-des-journalistes\/#primaryimage"},"image":{"@id":"https:\/\/www.amanien.info\/news\/lutte-contre-la-covid19-la-croix-rouge-de-cote-divoire-renforce-les-capacites-des-journalistes\/#primaryimage"},"thumbnailUrl":"https:\/\/www.amanien.info\/news\/wp-content\/uploads\/2021\/02\/thumbnail.jpg","datePublished":"2021-02-02T13:19:25+00:00","dateModified":"2021-02-02T13:19:44+00:00","author":{"@id":"https:\/\/www.amanien.info\/news\/#\/schema\/person\/b21093345753a1a98242d505bd894f42"},"breadcrumb":{"@id":"https:\/\/www.amanien.info\/news\/lutte-contre-la-covid19-la-croix-rouge-de-cote-divoire-renforce-les-capacites-des-journalistes\/#breadcrumb"},"inLanguage":"fr-FR","potentialAction":[{"@type":"ReadAction","target":["https:\/\/www.amanien.info\/news\/lutte-contre-la-covid19-la-croix-rouge-de-cote-divoire-renforce-les-capacites-des-journalistes\/"]}]},{"@type":"ImageObject","inLanguage":"fr-FR","@id":"https:\/\/www.amanien.info\/news\/lutte-contre-la-covid19-la-croix-rouge-de-cote-divoire-renforce-les-capacites-des-journalistes\/#primaryimage","url":"https:\/\/www.amanien.info\/news\/wp-content\/uploads\/2021\/02\/thumbnail.jpg","contentUrl":"https:\/\/www.amanien.info\/news\/wp-content\/uploads\/2021\/02\/thumbnail.jpg","width":1080,"height":608},{"@type":"BreadcrumbList","@id":"https:\/\/www.amanien.info\/news\/lutte-contre-la-covid19-la-croix-rouge-de-cote-divoire-renforce-les-capacites-des-journalistes\/#breadcrumb","itemListElement":[{"@type":"ListItem","position":1,"name":"Accueil","item":"https:\/\/www.amanien.info\/news\/"},{"@type":"ListItem","position":2,"name":"Lutte contre la covid19: La Croix-Rouge de C\u00f4te d&rsquo;Ivoire renforce les capacit\u00e9s des journalistes"}]},{"@type":"WebSite","@id":"https:\/\/www.amanien.info\/news\/#website","url":"https:\/\/www.amanien.info\/news\/","name":"Amanien| L&#039;actualit\u00e9 Ivoirienne et Internationale","description":"L&#039;actualit\u00e9 Ivoirienne et Internationale","potentialAction":[{"@type":"SearchAction","target":{"@type":"EntryPoint","urlTemplate":"https:\/\/www.amanien.info\/news\/?s={search_term_string}"},"query-input":{"@type":"PropertyValueSpecification","valueRequired":true,"valueName":"search_term_string"}}],"inLanguage":"fr-FR"},{"@type":"Person","@id":"https:\/\/www.amanien.info\/news\/#\/schema\/person\/b21093345753a1a98242d505bd894f42","name":"Germain Ndri","url":"https:\/\/www.amanien.info\/news\/author\/amanien-infos\/"}]}},"_links":{"self":[{"href":"https:\/\/www.amanien.info\/news\/wp-json\/wp\/v2\/posts\/2343","targetHints":{"allow":["GET"]}}],"collection":[{"href":"https:\/\/www.amanien.info\/news\/wp-json\/wp\/v2\/posts"}],"about":[{"href":"https:\/\/www.amanien.info\/news\/wp-json\/wp\/v2\/types\/post"}],"author":[{"embeddable":true,"href":"https:\/\/www.amanien.info\/news\/wp-json\/wp\/v2\/users\/2"}],"replies":[{"embeddable":true,"href":"https:\/\/www.amanien.info\/news\/wp-json\/wp\/v2\/comments?post=2343"}],"version-history":[{"count":0,"href":"https:\/\/www.amanien.info\/news\/wp-json\/wp\/v2\/posts\/2343\/revisions"}],"wp:featuredmedia":[{"embeddable":true,"href":"https:\/\/www.amanien.info\/news\/wp-json\/wp\/v2\/media\/2344"}],"wp:attachment":[{"href":"https:\/\/www.amanien.info\/news\/wp-json\/wp\/v2\/media?parent=2343"}],"wp:term":[{"taxonomy":"category","embeddable":true,"href":"https:\/\/www.amanien.info\/news\/wp-json\/wp\/v2\/categories?post=2343"},{"taxonomy":"post_tag","embeddable":true,"href":"https:\/\/www.amanien.info\/news\/wp-json\/wp\/v2\/tags?post=2343"}],"curies":[{"name":"wp","href":"https:\/\/api.w.org\/{rel}","templated":true}]}}