{"id":2337,"date":"2021-01-26T18:18:55","date_gmt":"2021-01-26T17:18:55","guid":{"rendered":"http:\/\/https:\/\/zozo.buyee.jp\/\/news\/?p=2337"},"modified":"2021-01-26T18:19:31","modified_gmt":"2021-01-26T17:19:31","slug":"ceremonie-dhommage-de-la-nation-aux-quatre-casques-bleus-ivoiriens-tues-a-tombouctou-mali","status":"publish","type":"post","link":"https:\/\/www.amanien.info\/news\/ceremonie-dhommage-de-la-nation-aux-quatre-casques-bleus-ivoiriens-tues-a-tombouctou-mali\/","title":{"rendered":"C\u00e9r\u00e9monie d&rsquo;Hommage de la Nation aux quatre casques bleus ivoiriens tu\u00e9s \u00e0 Tombouctou, Mali"},"content":{"rendered":"<p>La c\u00e9r\u00e9monie d&rsquo;Hommage de la Nation aux quatre (4) casques bleus ivoiriens tomb\u00e9s au champ d&rsquo;Honneur \u00e0 Tombouctou (Mali) s&rsquo;est tenue ce lundi, 25 janvier 2021 \u00e0 la place du G\u00e9n\u00e9ral Ouattara Thomas d&rsquo;Aquin de l\u2019\u00c9tat-major des Arm\u00e9es sis au Plateau, en pr\u00e9sence du Chef de l&rsquo;\u00c9tat ivoirien, Alassane Ouattara.<\/p>\n<p>Cette importante c\u00e9r\u00e9monie d&rsquo;Hommage a ob\u00e9i au rituel protocolaire en vigueur en la mati\u00e8re, \u00e0 savoir, le recueillement du Chef de l&rsquo;\u00c9tat sur les d\u00e9pouilles des quatre(4) soldats, la d\u00e9coration et la promotion aux grades sup\u00e9rieurs, l&rsquo;oraison fun\u00e8bre, la sonnerie aux morts ainsi que la remise du Drapeau national et des attributs aux diff\u00e9rentes familles des d\u00e9funts.<\/p>\n<p>Le Chef d&rsquo;Etat-Major, G\u00e9n\u00e9ral des Arm\u00e9es, Lassina DOUMBIA a, dans l&rsquo;oraison fun\u00e8bre, salu\u00e9 le Pr\u00e9sident de la R\u00e9publique, Alassane Ouattara, Chef supr\u00eame des Arm\u00e9es, dont la pr\u00e9sence est le t\u00e9moignage de sa reconnaissance aux victimes pour leur sacrifice et de sa compassion \u00e0 leurs familles, \u00e0 l&rsquo;ensemble de la grande famille de l&rsquo;Arm\u00e9e et \u00e0 la nation toute enti\u00e8re.<\/p>\n<p>Aussi a-t-il exprim\u00e9 au Chef de l&rsquo;\u00c9tat, au Premier Ministre, au Pr\u00e9sident d&rsquo;institutions, aux membres du Gouvernement et aux invit\u00e9s, la sinc\u00e8re gratitude de toutes les composantes de la grande Muette pour le r\u00e9confort qu&rsquo;ils leur apportent en effectuant ce d\u00e9placement.<\/p>\n<p>Le G\u00e9n\u00e9ral Lassina DOUMBIA a, par ailleurs, indiqu\u00e9 que le soldat, dont le destin n&rsquo;est pas de conna\u00eetre les d\u00e9lices de la retraite, il n&rsquo;y a pas meilleure mort que celle que viennent de subir les quatre casques bleus ivoiriens c&rsquo;est-\u00e0-dire, mourir au combat, au champ d&rsquo;Honneur, l&rsquo;arme \u00e0 la main, dans l&rsquo;accomplissement de son devoir au nom de la C\u00f4te d&rsquo;Ivoire, de la paix, en Afrique.<\/p>\n<p>Faut-il le rappeler, les quatre (4) soldats ivoiriens sont tomb\u00e9s au champ d&rsquo;Honneur \u00e0 Tombouctou ( Mali), le mercredi 13 janvier 2021, dans le cadre de la Mission Multidimensionnelle Int\u00e9gr\u00e9e des Nations Unies pour la Stabilisation du Mali ( MINUSMA).<br \/>\nIl s&rsquo;agit des Adjudants DOUMBIA Yacouba et Adama BAKAYOKO, du Sergent-Chef, GUIEGUY Amian Jean-Baptiste et du Caporal-Chef, BAMBA Moustapha.<\/p>\n<p>&nbsp;<\/p>\n<p>S.A.<\/p>\n","protected":false},"excerpt":{"rendered":"<p>La c\u00e9r\u00e9monie d&rsquo;Hommage de la Nation aux quatre (4) casques bleus ivoiriens tomb\u00e9s au champ d&rsquo;Honneur \u00e0 Tombouctou (Mali) s&rsquo;est tenue ce lundi, 25 janvier 2021 \u00e0 la place du G\u00e9n\u00e9ral Ouattara Thomas d&rsquo;Aquin de l\u2019\u00c9tat-major des Arm\u00e9es sis au Plateau, en pr\u00e9sence du Chef de l&rsquo;\u00c9tat ivoirien, Alassane Ouattara. Cette importante c\u00e9r\u00e9monie d&rsquo;Hommage a [&hellip;]<\/p>\n","protected":false},"author":2,"featured_media":2338,"comment_status":"closed","ping_status":"closed","sticky":true,"template":"","format":"standard","meta":{"_acf_changed":false,"footnotes":""},"categories":[],"tags":[],"class_list":["post-2337","post","type-post","status-publish","format-standard","has-post-thumbnail","hentry"],"acf":[],"yoast_head":"<!-- This site is optimized with the Yoast SEO plugin v27.5 - https:\/\/yoast.com\/product\/yoast-seo-wordpress\/ -->\n<title>C\u00e9r\u00e9monie d&#039;Hommage de la Nation aux quatre casques bleus ivoiriens tu\u00e9s \u00e0 Tombouctou, Mali - Amanien| L&#039;actualit\u00e9 Ivoirienne et Internationale<\/title>\n<meta name=\"robots\" content=\"index, follow, max-snippet:-1, max-image-preview:large, max-video-preview:-1\" \/>\n<link rel=\"canonical\" href=\"https:\/\/www.amanien.info\/news\/ceremonie-dhommage-de-la-nation-aux-quatre-casques-bleus-ivoiriens-tues-a-tombouctou-mali\/\" \/>\n<meta property=\"og:locale\" content=\"fr_FR\" \/>\n<meta property=\"og:type\" content=\"article\" \/>\n<meta property=\"og:title\" content=\"C\u00e9r\u00e9monie d&#039;Hommage de la Nation aux quatre casques bleus ivoiriens tu\u00e9s \u00e0 Tombouctou, Mali - Amanien| L&#039;actualit\u00e9 Ivoirienne et Internationale\" \/>\n<meta property=\"og:description\" content=\"La c\u00e9r\u00e9monie d&rsquo;Hommage de la Nation aux quatre (4) casques bleus ivoiriens tomb\u00e9s au champ d&rsquo;Honneur \u00e0 Tombouctou (Mali) s&rsquo;est tenue ce lundi, 25 janvier 2021 \u00e0 la place du G\u00e9n\u00e9ral Ouattara Thomas d&rsquo;Aquin de l\u2019\u00c9tat-major des Arm\u00e9es sis au Plateau, en pr\u00e9sence du Chef de l&rsquo;\u00c9tat ivoirien, Alassane Ouattara. Cette importante c\u00e9r\u00e9monie d&rsquo;Hommage a [&hellip;]\" \/>\n<meta property=\"og:url\" content=\"https:\/\/www.amanien.info\/news\/ceremonie-dhommage-de-la-nation-aux-quatre-casques-bleus-ivoiriens-tues-a-tombouctou-mali\/\" \/>\n<meta property=\"og:site_name\" content=\"Amanien| L&#039;actualit\u00e9 Ivoirienne et Internationale\" \/>\n<meta property=\"article:published_time\" content=\"2021-01-26T17:18:55+00:00\" \/>\n<meta property=\"article:modified_time\" content=\"2021-01-26T17:19:31+00:00\" \/>\n<meta property=\"og:image\" content=\"https:\/\/www.amanien.info\/news\/wp-content\/uploads\/2021\/01\/thumbnail-14.jpg\" \/>\n\t<meta property=\"og:image:width\" content=\"720\" \/>\n\t<meta property=\"og:image:height\" content=\"480\" \/>\n\t<meta property=\"og:image:type\" content=\"image\/jpeg\" \/>\n<meta name=\"author\" content=\"Germain Ndri\" \/>\n<meta name=\"twitter:card\" content=\"summary_large_image\" \/>\n<meta name=\"twitter:label1\" content=\"\u00c9crit par\" \/>\n\t<meta name=\"twitter:data1\" content=\"Germain Ndri\" \/>\n\t<meta name=\"twitter:label2\" content=\"Dur\u00e9e de lecture estim\u00e9e\" \/>\n\t<meta name=\"twitter:data2\" content=\"2 minutes\" \/>\n<script type=\"application\/ld+json\" class=\"yoast-schema-graph\">{\"@context\":\"https:\\\/\\\/schema.org\",\"@graph\":[{\"@type\":\"Article\",\"@id\":\"https:\\\/\\\/www.amanien.info\\\/news\\\/ceremonie-dhommage-de-la-nation-aux-quatre-casques-bleus-ivoiriens-tues-a-tombouctou-mali\\\/#article\",\"isPartOf\":{\"@id\":\"https:\\\/\\\/www.amanien.info\\\/news\\\/ceremonie-dhommage-de-la-nation-aux-quatre-casques-bleus-ivoiriens-tues-a-tombouctou-mali\\\/\"},\"author\":{\"name\":\"Germain Ndri\",\"@id\":\"https:\\\/\\\/www.amanien.info\\\/news\\\/#\\\/schema\\\/person\\\/b21093345753a1a98242d505bd894f42\"},\"headline\":\"C\u00e9r\u00e9monie d&rsquo;Hommage de la Nation aux quatre casques bleus ivoiriens tu\u00e9s \u00e0 Tombouctou, Mali\",\"datePublished\":\"2021-01-26T17:18:55+00:00\",\"dateModified\":\"2021-01-26T17:19:31+00:00\",\"mainEntityOfPage\":{\"@id\":\"https:\\\/\\\/www.amanien.info\\\/news\\\/ceremonie-dhommage-de-la-nation-aux-quatre-casques-bleus-ivoiriens-tues-a-tombouctou-mali\\\/\"},\"wordCount\":405,\"image\":{\"@id\":\"https:\\\/\\\/www.amanien.info\\\/news\\\/ceremonie-dhommage-de-la-nation-aux-quatre-casques-bleus-ivoiriens-tues-a-tombouctou-mali\\\/#primaryimage\"},\"thumbnailUrl\":\"https:\\\/\\\/www.amanien.info\\\/news\\\/wp-content\\\/uploads\\\/2021\\\/01\\\/thumbnail-14.jpg\",\"inLanguage\":\"fr-FR\"},{\"@type\":\"WebPage\",\"@id\":\"https:\\\/\\\/www.amanien.info\\\/news\\\/ceremonie-dhommage-de-la-nation-aux-quatre-casques-bleus-ivoiriens-tues-a-tombouctou-mali\\\/\",\"url\":\"https:\\\/\\\/www.amanien.info\\\/news\\\/ceremonie-dhommage-de-la-nation-aux-quatre-casques-bleus-ivoiriens-tues-a-tombouctou-mali\\\/\",\"name\":\"C\u00e9r\u00e9monie d'Hommage de la Nation aux quatre casques bleus ivoiriens tu\u00e9s \u00e0 Tombouctou, Mali - Amanien| L&#039;actualit\u00e9 Ivoirienne et Internationale\",\"isPartOf\":{\"@id\":\"https:\\\/\\\/www.amanien.info\\\/news\\\/#website\"},\"primaryImageOfPage\":{\"@id\":\"https:\\\/\\\/www.amanien.info\\\/news\\\/ceremonie-dhommage-de-la-nation-aux-quatre-casques-bleus-ivoiriens-tues-a-tombouctou-mali\\\/#primaryimage\"},\"image\":{\"@id\":\"https:\\\/\\\/www.amanien.info\\\/news\\\/ceremonie-dhommage-de-la-nation-aux-quatre-casques-bleus-ivoiriens-tues-a-tombouctou-mali\\\/#primaryimage\"},\"thumbnailUrl\":\"https:\\\/\\\/www.amanien.info\\\/news\\\/wp-content\\\/uploads\\\/2021\\\/01\\\/thumbnail-14.jpg\",\"datePublished\":\"2021-01-26T17:18:55+00:00\",\"dateModified\":\"2021-01-26T17:19:31+00:00\",\"author\":{\"@id\":\"https:\\\/\\\/www.amanien.info\\\/news\\\/#\\\/schema\\\/person\\\/b21093345753a1a98242d505bd894f42\"},\"breadcrumb\":{\"@id\":\"https:\\\/\\\/www.amanien.info\\\/news\\\/ceremonie-dhommage-de-la-nation-aux-quatre-casques-bleus-ivoiriens-tues-a-tombouctou-mali\\\/#breadcrumb\"},\"inLanguage\":\"fr-FR\",\"potentialAction\":[{\"@type\":\"ReadAction\",\"target\":[\"https:\\\/\\\/www.amanien.info\\\/news\\\/ceremonie-dhommage-de-la-nation-aux-quatre-casques-bleus-ivoiriens-tues-a-tombouctou-mali\\\/\"]}]},{\"@type\":\"ImageObject\",\"inLanguage\":\"fr-FR\",\"@id\":\"https:\\\/\\\/www.amanien.info\\\/news\\\/ceremonie-dhommage-de-la-nation-aux-quatre-casques-bleus-ivoiriens-tues-a-tombouctou-mali\\\/#primaryimage\",\"url\":\"https:\\\/\\\/www.amanien.info\\\/news\\\/wp-content\\\/uploads\\\/2021\\\/01\\\/thumbnail-14.jpg\",\"contentUrl\":\"https:\\\/\\\/www.amanien.info\\\/news\\\/wp-content\\\/uploads\\\/2021\\\/01\\\/thumbnail-14.jpg\",\"width\":720,\"height\":480},{\"@type\":\"BreadcrumbList\",\"@id\":\"https:\\\/\\\/www.amanien.info\\\/news\\\/ceremonie-dhommage-de-la-nation-aux-quatre-casques-bleus-ivoiriens-tues-a-tombouctou-mali\\\/#breadcrumb\",\"itemListElement\":[{\"@type\":\"ListItem\",\"position\":1,\"name\":\"Accueil\",\"item\":\"https:\\\/\\\/www.amanien.info\\\/news\\\/\"},{\"@type\":\"ListItem\",\"position\":2,\"name\":\"C\u00e9r\u00e9monie d&rsquo;Hommage de la Nation aux quatre casques bleus ivoiriens tu\u00e9s \u00e0 Tombouctou, Mali\"}]},{\"@type\":\"WebSite\",\"@id\":\"https:\\\/\\\/www.amanien.info\\\/news\\\/#website\",\"url\":\"https:\\\/\\\/www.amanien.info\\\/news\\\/\",\"name\":\"Amanien| L&#039;actualit\u00e9 Ivoirienne et Internationale\",\"description\":\"L&#039;actualit\u00e9 Ivoirienne et Internationale\",\"potentialAction\":[{\"@type\":\"SearchAction\",\"target\":{\"@type\":\"EntryPoint\",\"urlTemplate\":\"https:\\\/\\\/www.amanien.info\\\/news\\\/?s={search_term_string}\"},\"query-input\":{\"@type\":\"PropertyValueSpecification\",\"valueRequired\":true,\"valueName\":\"search_term_string\"}}],\"inLanguage\":\"fr-FR\"},{\"@type\":\"Person\",\"@id\":\"https:\\\/\\\/www.amanien.info\\\/news\\\/#\\\/schema\\\/person\\\/b21093345753a1a98242d505bd894f42\",\"name\":\"Germain Ndri\",\"url\":\"https:\\\/\\\/www.amanien.info\\\/news\\\/author\\\/amanien-infos\\\/\"}]}<\/script>\n<!-- \/ Yoast SEO plugin. -->","yoast_head_json":{"title":"C\u00e9r\u00e9monie d'Hommage de la Nation aux quatre casques bleus ivoiriens tu\u00e9s \u00e0 Tombouctou, Mali - Amanien| L&#039;actualit\u00e9 Ivoirienne et Internationale","robots":{"index":"index","follow":"follow","max-snippet":"max-snippet:-1","max-image-preview":"max-image-preview:large","max-video-preview":"max-video-preview:-1"},"canonical":"https:\/\/www.amanien.info\/news\/ceremonie-dhommage-de-la-nation-aux-quatre-casques-bleus-ivoiriens-tues-a-tombouctou-mali\/","og_locale":"fr_FR","og_type":"article","og_title":"C\u00e9r\u00e9monie d'Hommage de la Nation aux quatre casques bleus ivoiriens tu\u00e9s \u00e0 Tombouctou, Mali - Amanien| L&#039;actualit\u00e9 Ivoirienne et Internationale","og_description":"La c\u00e9r\u00e9monie d&rsquo;Hommage de la Nation aux quatre (4) casques bleus ivoiriens tomb\u00e9s au champ d&rsquo;Honneur \u00e0 Tombouctou (Mali) s&rsquo;est tenue ce lundi, 25 janvier 2021 \u00e0 la place du G\u00e9n\u00e9ral Ouattara Thomas d&rsquo;Aquin de l\u2019\u00c9tat-major des Arm\u00e9es sis au Plateau, en pr\u00e9sence du Chef de l&rsquo;\u00c9tat ivoirien, Alassane Ouattara. Cette importante c\u00e9r\u00e9monie d&rsquo;Hommage a [&hellip;]","og_url":"https:\/\/www.amanien.info\/news\/ceremonie-dhommage-de-la-nation-aux-quatre-casques-bleus-ivoiriens-tues-a-tombouctou-mali\/","og_site_name":"Amanien| L&#039;actualit\u00e9 Ivoirienne et Internationale","article_published_time":"2021-01-26T17:18:55+00:00","article_modified_time":"2021-01-26T17:19:31+00:00","og_image":[{"width":720,"height":480,"url":"https:\/\/www.amanien.info\/news\/wp-content\/uploads\/2021\/01\/thumbnail-14.jpg","type":"image\/jpeg"}],"author":"Germain Ndri","twitter_card":"summary_large_image","twitter_misc":{"\u00c9crit par":"Germain Ndri","Dur\u00e9e de lecture estim\u00e9e":"2 minutes"},"schema":{"@context":"https:\/\/schema.org","@graph":[{"@type":"Article","@id":"https:\/\/www.amanien.info\/news\/ceremonie-dhommage-de-la-nation-aux-quatre-casques-bleus-ivoiriens-tues-a-tombouctou-mali\/#article","isPartOf":{"@id":"https:\/\/www.amanien.info\/news\/ceremonie-dhommage-de-la-nation-aux-quatre-casques-bleus-ivoiriens-tues-a-tombouctou-mali\/"},"author":{"name":"Germain Ndri","@id":"https:\/\/www.amanien.info\/news\/#\/schema\/person\/b21093345753a1a98242d505bd894f42"},"headline":"C\u00e9r\u00e9monie d&rsquo;Hommage de la Nation aux quatre casques bleus ivoiriens tu\u00e9s \u00e0 Tombouctou, Mali","datePublished":"2021-01-26T17:18:55+00:00","dateModified":"2021-01-26T17:19:31+00:00","mainEntityOfPage":{"@id":"https:\/\/www.amanien.info\/news\/ceremonie-dhommage-de-la-nation-aux-quatre-casques-bleus-ivoiriens-tues-a-tombouctou-mali\/"},"wordCount":405,"image":{"@id":"https:\/\/www.amanien.info\/news\/ceremonie-dhommage-de-la-nation-aux-quatre-casques-bleus-ivoiriens-tues-a-tombouctou-mali\/#primaryimage"},"thumbnailUrl":"https:\/\/www.amanien.info\/news\/wp-content\/uploads\/2021\/01\/thumbnail-14.jpg","inLanguage":"fr-FR"},{"@type":"WebPage","@id":"https:\/\/www.amanien.info\/news\/ceremonie-dhommage-de-la-nation-aux-quatre-casques-bleus-ivoiriens-tues-a-tombouctou-mali\/","url":"https:\/\/www.amanien.info\/news\/ceremonie-dhommage-de-la-nation-aux-quatre-casques-bleus-ivoiriens-tues-a-tombouctou-mali\/","name":"C\u00e9r\u00e9monie d'Hommage de la Nation aux quatre casques bleus ivoiriens tu\u00e9s \u00e0 Tombouctou, Mali - Amanien| L&#039;actualit\u00e9 Ivoirienne et Internationale","isPartOf":{"@id":"https:\/\/www.amanien.info\/news\/#website"},"primaryImageOfPage":{"@id":"https:\/\/www.amanien.info\/news\/ceremonie-dhommage-de-la-nation-aux-quatre-casques-bleus-ivoiriens-tues-a-tombouctou-mali\/#primaryimage"},"image":{"@id":"https:\/\/www.amanien.info\/news\/ceremonie-dhommage-de-la-nation-aux-quatre-casques-bleus-ivoiriens-tues-a-tombouctou-mali\/#primaryimage"},"thumbnailUrl":"https:\/\/www.amanien.info\/news\/wp-content\/uploads\/2021\/01\/thumbnail-14.jpg","datePublished":"2021-01-26T17:18:55+00:00","dateModified":"2021-01-26T17:19:31+00:00","author":{"@id":"https:\/\/www.amanien.info\/news\/#\/schema\/person\/b21093345753a1a98242d505bd894f42"},"breadcrumb":{"@id":"https:\/\/www.amanien.info\/news\/ceremonie-dhommage-de-la-nation-aux-quatre-casques-bleus-ivoiriens-tues-a-tombouctou-mali\/#breadcrumb"},"inLanguage":"fr-FR","potentialAction":[{"@type":"ReadAction","target":["https:\/\/www.amanien.info\/news\/ceremonie-dhommage-de-la-nation-aux-quatre-casques-bleus-ivoiriens-tues-a-tombouctou-mali\/"]}]},{"@type":"ImageObject","inLanguage":"fr-FR","@id":"https:\/\/www.amanien.info\/news\/ceremonie-dhommage-de-la-nation-aux-quatre-casques-bleus-ivoiriens-tues-a-tombouctou-mali\/#primaryimage","url":"https:\/\/www.amanien.info\/news\/wp-content\/uploads\/2021\/01\/thumbnail-14.jpg","contentUrl":"https:\/\/www.amanien.info\/news\/wp-content\/uploads\/2021\/01\/thumbnail-14.jpg","width":720,"height":480},{"@type":"BreadcrumbList","@id":"https:\/\/www.amanien.info\/news\/ceremonie-dhommage-de-la-nation-aux-quatre-casques-bleus-ivoiriens-tues-a-tombouctou-mali\/#breadcrumb","itemListElement":[{"@type":"ListItem","position":1,"name":"Accueil","item":"https:\/\/www.amanien.info\/news\/"},{"@type":"ListItem","position":2,"name":"C\u00e9r\u00e9monie d&rsquo;Hommage de la Nation aux quatre casques bleus ivoiriens tu\u00e9s \u00e0 Tombouctou, Mali"}]},{"@type":"WebSite","@id":"https:\/\/www.amanien.info\/news\/#website","url":"https:\/\/www.amanien.info\/news\/","name":"Amanien| L&#039;actualit\u00e9 Ivoirienne et Internationale","description":"L&#039;actualit\u00e9 Ivoirienne et Internationale","potentialAction":[{"@type":"SearchAction","target":{"@type":"EntryPoint","urlTemplate":"https:\/\/www.amanien.info\/news\/?s={search_term_string}"},"query-input":{"@type":"PropertyValueSpecification","valueRequired":true,"valueName":"search_term_string"}}],"inLanguage":"fr-FR"},{"@type":"Person","@id":"https:\/\/www.amanien.info\/news\/#\/schema\/person\/b21093345753a1a98242d505bd894f42","name":"Germain Ndri","url":"https:\/\/www.amanien.info\/news\/author\/amanien-infos\/"}]}},"_links":{"self":[{"href":"https:\/\/www.amanien.info\/news\/wp-json\/wp\/v2\/posts\/2337","targetHints":{"allow":["GET"]}}],"collection":[{"href":"https:\/\/www.amanien.info\/news\/wp-json\/wp\/v2\/posts"}],"about":[{"href":"https:\/\/www.amanien.info\/news\/wp-json\/wp\/v2\/types\/post"}],"author":[{"embeddable":true,"href":"https:\/\/www.amanien.info\/news\/wp-json\/wp\/v2\/users\/2"}],"replies":[{"embeddable":true,"href":"https:\/\/www.amanien.info\/news\/wp-json\/wp\/v2\/comments?post=2337"}],"version-history":[{"count":0,"href":"https:\/\/www.amanien.info\/news\/wp-json\/wp\/v2\/posts\/2337\/revisions"}],"wp:featuredmedia":[{"embeddable":true,"href":"https:\/\/www.amanien.info\/news\/wp-json\/wp\/v2\/media\/2338"}],"wp:attachment":[{"href":"https:\/\/www.amanien.info\/news\/wp-json\/wp\/v2\/media?parent=2337"}],"wp:term":[{"taxonomy":"category","embeddable":true,"href":"https:\/\/www.amanien.info\/news\/wp-json\/wp\/v2\/categories?post=2337"},{"taxonomy":"post_tag","embeddable":true,"href":"https:\/\/www.amanien.info\/news\/wp-json\/wp\/v2\/tags?post=2337"}],"curies":[{"name":"wp","href":"https:\/\/api.w.org\/{rel}","templated":true}]}}