{"id":2334,"date":"2021-01-26T18:15:36","date_gmt":"2021-01-26T17:15:36","guid":{"rendered":"http:\/\/https:\/\/zozo.buyee.jp\/\/news\/?p=2334"},"modified":"2021-01-26T18:15:56","modified_gmt":"2021-01-26T17:15:56","slug":"deuxieme-vague-de-la-covid19-le-gouvernement-appelle-au-respect-strict-des-mesures-barrieres","status":"publish","type":"post","link":"https:\/\/www.amanien.info\/news\/deuxieme-vague-de-la-covid19-le-gouvernement-appelle-au-respect-strict-des-mesures-barrieres\/","title":{"rendered":"Deuxi\u00e8me vague de la covid19: Le gouvernement appelle au respect strict des mesures barri\u00e8res"},"content":{"rendered":"<p>Le Ministre de la Communication et porte parole du gouvernement Sidi Tiemoko Tour\u00e9, a anim\u00e9 une conf\u00e9rence de presse le lundi 25 janvier \u00e0 son cabinet sis \u00e0 l&rsquo; immeuble Siam. Le th\u00e8me portait sur \u00a0\u00bb La situation de la gestion de la covid19 en C\u00f4te d&rsquo;Ivoire\u00a0\u00bb. Selon le ministre, le pays est confront\u00e9 \u00e0 une nouvelle vague de la covid19, une situation pr\u00e9occupante qui implique de prendre des mesures qui s&rsquo; imposent. De 219 cas au 2 d\u00e9cembre 2020, la C\u00f4te d&rsquo;Ivoire est pass\u00e9 \u00e0 3643 cas positifs de covid19 entre le 20 d\u00e9cembre et le 18 janvier2021. Pis, le nombre de cas positifs enregistr\u00e9s entre le 19 et le 22 janvier est de 1011 cas. Selon le conf\u00e9rencier, cette pouss\u00e9e de cas est li\u00e9e au rassemblement culturels et artistiques et touche beaucoup plus les jeunes de moins de 35 ans. En outre, la transmission est devenue communautaire.<br \/>\nFace \u00e0 cette situation, le conseil national de s\u00e9curit\u00e9 s&rsquo; est r\u00e9uni la semaine derni\u00e8re, et a d\u00e9cid\u00e9 entre autres l&rsquo; intensification du contr\u00f4le du port du masque dans les lieux publics et les transports en commun. Ainsi que l&rsquo; instauration de l&rsquo; \u00e9tat d&rsquo; urgence sanitaire et la r\u00e9duction du d\u00e9lai de test covid de 7 a 5 jours et l&rsquo; acquisition de 100.000 doses de vaccins pfizer par le m\u00e9canisme covax.<br \/>\nSelon le Ministre Sidi Tiemoko, la vaccination va d\u00e9buter en fin f\u00e9vrier par les forces de d\u00e9fenses et de s\u00e9curit\u00e9, les enseignants, le personnel soignant et les personnes pr\u00e9sentant un co- morbidit\u00e9. Elle s&rsquo; \u00e9tendra ensuite aux personnes de plus de 50 ans. S&rsquo; agissant de la conservation du vaccin pfizer &#8211; biontech \u00e0 moins de 70 degr\u00e9s celcius, le ministre a indiqu\u00e9 qu&rsquo; une cha\u00eene de froid adapt\u00e9e sera obtenue avec l&rsquo; aide des partenaires.<br \/>\nPar ailleurs, la C\u00f4te d&rsquo;Ivoire a pass\u00e9 la commande des vaccins payants pour obtenir les vaccins sputnic v, astrazeneca- Oxford,et shinopharm. Ainsi, 9 millions de doses de vaccins contre la covid19 seront acquis en deux phases d&rsquo; ici la mi avril, a dit le porte parole du gouvernement.<br \/>\nIl a rappel\u00e9 que d\u00e8s la survenue de la pand\u00e9mie, le chef de l&rsquo;\u00c9tat Alassane Ouattara a fait d\u00e9bloquer un fonds d&rsquo; urgence sanitaire de 95,88 milliards de francs cfa pour la riposte sanitaire, \u00e9conomique et humanitaire. Ensuite, un fonds de 140 milliards de francs cfa a \u00e9t\u00e9 mis en place soit 30 milliards de fonds de soutien aux petites et moyennes entreprises, 20milliards pour appui aux acteurs di secteur informel et 50 milliards de fonds pour la solidarit\u00e9 et le soutien d&rsquo; urgence humanitaire. En 2021 a-t-il dit, le gouvernement pr\u00e9voit 110milliards pour le soutien aux PME et 40milliards pour la solidarit\u00e9 et le soutien humanitaire. Le Directeur G\u00e9n\u00e9ral de la Sant\u00e9 Publique Pr Samba Kon\u00e9 a soulign\u00e9 que le s\u00e9quen\u00e7age des \u00e9chantillons est en cours pour d\u00e9tecter les nouvelles variantes de la covid19 et livrera ses r\u00e9sultats dans 10 jours. Tandis que M. Tanoh, conseiller technique du ministre de l&rsquo; \u00e9conomie et des finances a soulign\u00e9 qu&rsquo; un plan de 1700milliards est pr\u00e9vu pour faire face aux diff\u00e9rentes composantes de la pand\u00e9mie. Il a not\u00e9 que 194, 245 m\u00e9nages ont re\u00e7u une aide 75000 francs chacun soit 25000 francs sur 3 mois.<br \/>\nLe porte parole du gouvernement a appel\u00e9 \u00ab\u00a0au respect strict des mesures barri\u00e8res, car nous sommes individuellement responsable de la Sant\u00e9 des autres. Au 24 janvier 2021, la C\u00f4te d&rsquo;Ivoire compte 26850 cas confirm\u00e9s, 24762 gu\u00e9ris, 148 d\u00e9c\u00e8s et 1942 cas actifs.<br \/>\nCalvin Wandji<\/p>\n<p>&nbsp;<\/p>\n","protected":false},"excerpt":{"rendered":"<p>Le Ministre de la Communication et porte parole du gouvernement Sidi Tiemoko Tour\u00e9, a anim\u00e9 une conf\u00e9rence de presse le lundi 25 janvier \u00e0 son cabinet sis \u00e0 l&rsquo; immeuble Siam. Le th\u00e8me portait sur \u00a0\u00bb La situation de la gestion de la covid19 en C\u00f4te d&rsquo;Ivoire\u00a0\u00bb. Selon le ministre, le pays est confront\u00e9 \u00e0 [&hellip;]<\/p>\n","protected":false},"author":2,"featured_media":2335,"comment_status":"closed","ping_status":"closed","sticky":true,"template":"","format":"standard","meta":{"_acf_changed":false,"footnotes":""},"categories":[],"tags":[],"class_list":["post-2334","post","type-post","status-publish","format-standard","has-post-thumbnail","hentry"],"acf":[],"yoast_head":"<!-- This site is optimized with the Yoast SEO plugin v27.5 - https:\/\/yoast.com\/product\/yoast-seo-wordpress\/ -->\n<title>Deuxi\u00e8me vague de la covid19: Le gouvernement appelle au respect strict des mesures barri\u00e8res - Amanien| L&#039;actualit\u00e9 Ivoirienne et Internationale<\/title>\n<meta name=\"robots\" content=\"index, follow, max-snippet:-1, max-image-preview:large, max-video-preview:-1\" \/>\n<link rel=\"canonical\" href=\"https:\/\/www.amanien.info\/news\/deuxieme-vague-de-la-covid19-le-gouvernement-appelle-au-respect-strict-des-mesures-barrieres\/\" \/>\n<meta property=\"og:locale\" content=\"fr_FR\" \/>\n<meta property=\"og:type\" content=\"article\" \/>\n<meta property=\"og:title\" content=\"Deuxi\u00e8me vague de la covid19: Le gouvernement appelle au respect strict des mesures barri\u00e8res - Amanien| L&#039;actualit\u00e9 Ivoirienne et Internationale\" \/>\n<meta property=\"og:description\" content=\"Le Ministre de la Communication et porte parole du gouvernement Sidi Tiemoko Tour\u00e9, a anim\u00e9 une conf\u00e9rence de presse le lundi 25 janvier \u00e0 son cabinet sis \u00e0 l&rsquo; immeuble Siam. Le th\u00e8me portait sur \u00a0\u00bb La situation de la gestion de la covid19 en C\u00f4te d&rsquo;Ivoire\u00a0\u00bb. Selon le ministre, le pays est confront\u00e9 \u00e0 [&hellip;]\" \/>\n<meta property=\"og:url\" content=\"https:\/\/www.amanien.info\/news\/deuxieme-vague-de-la-covid19-le-gouvernement-appelle-au-respect-strict-des-mesures-barrieres\/\" \/>\n<meta property=\"og:site_name\" content=\"Amanien| L&#039;actualit\u00e9 Ivoirienne et Internationale\" \/>\n<meta property=\"article:published_time\" content=\"2021-01-26T17:15:36+00:00\" \/>\n<meta property=\"article:modified_time\" content=\"2021-01-26T17:15:56+00:00\" \/>\n<meta property=\"og:image\" content=\"https:\/\/www.amanien.info\/news\/wp-content\/uploads\/2021\/01\/thumbnail-13.jpg\" \/>\n\t<meta property=\"og:image:width\" content=\"1080\" \/>\n\t<meta property=\"og:image:height\" content=\"608\" \/>\n\t<meta property=\"og:image:type\" content=\"image\/jpeg\" \/>\n<meta name=\"author\" content=\"Germain Ndri\" \/>\n<meta name=\"twitter:card\" content=\"summary_large_image\" \/>\n<meta name=\"twitter:label1\" content=\"\u00c9crit par\" \/>\n\t<meta name=\"twitter:data1\" content=\"Germain Ndri\" \/>\n\t<meta name=\"twitter:label2\" content=\"Dur\u00e9e de lecture estim\u00e9e\" \/>\n\t<meta name=\"twitter:data2\" content=\"3 minutes\" \/>\n<script type=\"application\/ld+json\" class=\"yoast-schema-graph\">{\"@context\":\"https:\\\/\\\/schema.org\",\"@graph\":[{\"@type\":\"Article\",\"@id\":\"https:\\\/\\\/www.amanien.info\\\/news\\\/deuxieme-vague-de-la-covid19-le-gouvernement-appelle-au-respect-strict-des-mesures-barrieres\\\/#article\",\"isPartOf\":{\"@id\":\"https:\\\/\\\/www.amanien.info\\\/news\\\/deuxieme-vague-de-la-covid19-le-gouvernement-appelle-au-respect-strict-des-mesures-barrieres\\\/\"},\"author\":{\"name\":\"Germain Ndri\",\"@id\":\"https:\\\/\\\/www.amanien.info\\\/news\\\/#\\\/schema\\\/person\\\/b21093345753a1a98242d505bd894f42\"},\"headline\":\"Deuxi\u00e8me vague de la covid19: Le gouvernement appelle au respect strict des mesures barri\u00e8res\",\"datePublished\":\"2021-01-26T17:15:36+00:00\",\"dateModified\":\"2021-01-26T17:15:56+00:00\",\"mainEntityOfPage\":{\"@id\":\"https:\\\/\\\/www.amanien.info\\\/news\\\/deuxieme-vague-de-la-covid19-le-gouvernement-appelle-au-respect-strict-des-mesures-barrieres\\\/\"},\"wordCount\":615,\"image\":{\"@id\":\"https:\\\/\\\/www.amanien.info\\\/news\\\/deuxieme-vague-de-la-covid19-le-gouvernement-appelle-au-respect-strict-des-mesures-barrieres\\\/#primaryimage\"},\"thumbnailUrl\":\"https:\\\/\\\/www.amanien.info\\\/news\\\/wp-content\\\/uploads\\\/2021\\\/01\\\/thumbnail-13.jpg\",\"inLanguage\":\"fr-FR\"},{\"@type\":\"WebPage\",\"@id\":\"https:\\\/\\\/www.amanien.info\\\/news\\\/deuxieme-vague-de-la-covid19-le-gouvernement-appelle-au-respect-strict-des-mesures-barrieres\\\/\",\"url\":\"https:\\\/\\\/www.amanien.info\\\/news\\\/deuxieme-vague-de-la-covid19-le-gouvernement-appelle-au-respect-strict-des-mesures-barrieres\\\/\",\"name\":\"Deuxi\u00e8me vague de la covid19: Le gouvernement appelle au respect strict des mesures barri\u00e8res - Amanien| L&#039;actualit\u00e9 Ivoirienne et Internationale\",\"isPartOf\":{\"@id\":\"https:\\\/\\\/www.amanien.info\\\/news\\\/#website\"},\"primaryImageOfPage\":{\"@id\":\"https:\\\/\\\/www.amanien.info\\\/news\\\/deuxieme-vague-de-la-covid19-le-gouvernement-appelle-au-respect-strict-des-mesures-barrieres\\\/#primaryimage\"},\"image\":{\"@id\":\"https:\\\/\\\/www.amanien.info\\\/news\\\/deuxieme-vague-de-la-covid19-le-gouvernement-appelle-au-respect-strict-des-mesures-barrieres\\\/#primaryimage\"},\"thumbnailUrl\":\"https:\\\/\\\/www.amanien.info\\\/news\\\/wp-content\\\/uploads\\\/2021\\\/01\\\/thumbnail-13.jpg\",\"datePublished\":\"2021-01-26T17:15:36+00:00\",\"dateModified\":\"2021-01-26T17:15:56+00:00\",\"author\":{\"@id\":\"https:\\\/\\\/www.amanien.info\\\/news\\\/#\\\/schema\\\/person\\\/b21093345753a1a98242d505bd894f42\"},\"breadcrumb\":{\"@id\":\"https:\\\/\\\/www.amanien.info\\\/news\\\/deuxieme-vague-de-la-covid19-le-gouvernement-appelle-au-respect-strict-des-mesures-barrieres\\\/#breadcrumb\"},\"inLanguage\":\"fr-FR\",\"potentialAction\":[{\"@type\":\"ReadAction\",\"target\":[\"https:\\\/\\\/www.amanien.info\\\/news\\\/deuxieme-vague-de-la-covid19-le-gouvernement-appelle-au-respect-strict-des-mesures-barrieres\\\/\"]}]},{\"@type\":\"ImageObject\",\"inLanguage\":\"fr-FR\",\"@id\":\"https:\\\/\\\/www.amanien.info\\\/news\\\/deuxieme-vague-de-la-covid19-le-gouvernement-appelle-au-respect-strict-des-mesures-barrieres\\\/#primaryimage\",\"url\":\"https:\\\/\\\/www.amanien.info\\\/news\\\/wp-content\\\/uploads\\\/2021\\\/01\\\/thumbnail-13.jpg\",\"contentUrl\":\"https:\\\/\\\/www.amanien.info\\\/news\\\/wp-content\\\/uploads\\\/2021\\\/01\\\/thumbnail-13.jpg\",\"width\":1080,\"height\":608},{\"@type\":\"BreadcrumbList\",\"@id\":\"https:\\\/\\\/www.amanien.info\\\/news\\\/deuxieme-vague-de-la-covid19-le-gouvernement-appelle-au-respect-strict-des-mesures-barrieres\\\/#breadcrumb\",\"itemListElement\":[{\"@type\":\"ListItem\",\"position\":1,\"name\":\"Accueil\",\"item\":\"https:\\\/\\\/www.amanien.info\\\/news\\\/\"},{\"@type\":\"ListItem\",\"position\":2,\"name\":\"Deuxi\u00e8me vague de la covid19: Le gouvernement appelle au respect strict des mesures barri\u00e8res\"}]},{\"@type\":\"WebSite\",\"@id\":\"https:\\\/\\\/www.amanien.info\\\/news\\\/#website\",\"url\":\"https:\\\/\\\/www.amanien.info\\\/news\\\/\",\"name\":\"Amanien| L&#039;actualit\u00e9 Ivoirienne et Internationale\",\"description\":\"L&#039;actualit\u00e9 Ivoirienne et Internationale\",\"potentialAction\":[{\"@type\":\"SearchAction\",\"target\":{\"@type\":\"EntryPoint\",\"urlTemplate\":\"https:\\\/\\\/www.amanien.info\\\/news\\\/?s={search_term_string}\"},\"query-input\":{\"@type\":\"PropertyValueSpecification\",\"valueRequired\":true,\"valueName\":\"search_term_string\"}}],\"inLanguage\":\"fr-FR\"},{\"@type\":\"Person\",\"@id\":\"https:\\\/\\\/www.amanien.info\\\/news\\\/#\\\/schema\\\/person\\\/b21093345753a1a98242d505bd894f42\",\"name\":\"Germain Ndri\",\"url\":\"https:\\\/\\\/www.amanien.info\\\/news\\\/author\\\/amanien-infos\\\/\"}]}<\/script>\n<!-- \/ Yoast SEO plugin. -->","yoast_head_json":{"title":"Deuxi\u00e8me vague de la covid19: Le gouvernement appelle au respect strict des mesures barri\u00e8res - Amanien| L&#039;actualit\u00e9 Ivoirienne et Internationale","robots":{"index":"index","follow":"follow","max-snippet":"max-snippet:-1","max-image-preview":"max-image-preview:large","max-video-preview":"max-video-preview:-1"},"canonical":"https:\/\/www.amanien.info\/news\/deuxieme-vague-de-la-covid19-le-gouvernement-appelle-au-respect-strict-des-mesures-barrieres\/","og_locale":"fr_FR","og_type":"article","og_title":"Deuxi\u00e8me vague de la covid19: Le gouvernement appelle au respect strict des mesures barri\u00e8res - Amanien| L&#039;actualit\u00e9 Ivoirienne et Internationale","og_description":"Le Ministre de la Communication et porte parole du gouvernement Sidi Tiemoko Tour\u00e9, a anim\u00e9 une conf\u00e9rence de presse le lundi 25 janvier \u00e0 son cabinet sis \u00e0 l&rsquo; immeuble Siam. Le th\u00e8me portait sur \u00a0\u00bb La situation de la gestion de la covid19 en C\u00f4te d&rsquo;Ivoire\u00a0\u00bb. Selon le ministre, le pays est confront\u00e9 \u00e0 [&hellip;]","og_url":"https:\/\/www.amanien.info\/news\/deuxieme-vague-de-la-covid19-le-gouvernement-appelle-au-respect-strict-des-mesures-barrieres\/","og_site_name":"Amanien| L&#039;actualit\u00e9 Ivoirienne et Internationale","article_published_time":"2021-01-26T17:15:36+00:00","article_modified_time":"2021-01-26T17:15:56+00:00","og_image":[{"width":1080,"height":608,"url":"https:\/\/www.amanien.info\/news\/wp-content\/uploads\/2021\/01\/thumbnail-13.jpg","type":"image\/jpeg"}],"author":"Germain Ndri","twitter_card":"summary_large_image","twitter_misc":{"\u00c9crit par":"Germain Ndri","Dur\u00e9e de lecture estim\u00e9e":"3 minutes"},"schema":{"@context":"https:\/\/schema.org","@graph":[{"@type":"Article","@id":"https:\/\/www.amanien.info\/news\/deuxieme-vague-de-la-covid19-le-gouvernement-appelle-au-respect-strict-des-mesures-barrieres\/#article","isPartOf":{"@id":"https:\/\/www.amanien.info\/news\/deuxieme-vague-de-la-covid19-le-gouvernement-appelle-au-respect-strict-des-mesures-barrieres\/"},"author":{"name":"Germain Ndri","@id":"https:\/\/www.amanien.info\/news\/#\/schema\/person\/b21093345753a1a98242d505bd894f42"},"headline":"Deuxi\u00e8me vague de la covid19: Le gouvernement appelle au respect strict des mesures barri\u00e8res","datePublished":"2021-01-26T17:15:36+00:00","dateModified":"2021-01-26T17:15:56+00:00","mainEntityOfPage":{"@id":"https:\/\/www.amanien.info\/news\/deuxieme-vague-de-la-covid19-le-gouvernement-appelle-au-respect-strict-des-mesures-barrieres\/"},"wordCount":615,"image":{"@id":"https:\/\/www.amanien.info\/news\/deuxieme-vague-de-la-covid19-le-gouvernement-appelle-au-respect-strict-des-mesures-barrieres\/#primaryimage"},"thumbnailUrl":"https:\/\/www.amanien.info\/news\/wp-content\/uploads\/2021\/01\/thumbnail-13.jpg","inLanguage":"fr-FR"},{"@type":"WebPage","@id":"https:\/\/www.amanien.info\/news\/deuxieme-vague-de-la-covid19-le-gouvernement-appelle-au-respect-strict-des-mesures-barrieres\/","url":"https:\/\/www.amanien.info\/news\/deuxieme-vague-de-la-covid19-le-gouvernement-appelle-au-respect-strict-des-mesures-barrieres\/","name":"Deuxi\u00e8me vague de la covid19: Le gouvernement appelle au respect strict des mesures barri\u00e8res - Amanien| L&#039;actualit\u00e9 Ivoirienne et Internationale","isPartOf":{"@id":"https:\/\/www.amanien.info\/news\/#website"},"primaryImageOfPage":{"@id":"https:\/\/www.amanien.info\/news\/deuxieme-vague-de-la-covid19-le-gouvernement-appelle-au-respect-strict-des-mesures-barrieres\/#primaryimage"},"image":{"@id":"https:\/\/www.amanien.info\/news\/deuxieme-vague-de-la-covid19-le-gouvernement-appelle-au-respect-strict-des-mesures-barrieres\/#primaryimage"},"thumbnailUrl":"https:\/\/www.amanien.info\/news\/wp-content\/uploads\/2021\/01\/thumbnail-13.jpg","datePublished":"2021-01-26T17:15:36+00:00","dateModified":"2021-01-26T17:15:56+00:00","author":{"@id":"https:\/\/www.amanien.info\/news\/#\/schema\/person\/b21093345753a1a98242d505bd894f42"},"breadcrumb":{"@id":"https:\/\/www.amanien.info\/news\/deuxieme-vague-de-la-covid19-le-gouvernement-appelle-au-respect-strict-des-mesures-barrieres\/#breadcrumb"},"inLanguage":"fr-FR","potentialAction":[{"@type":"ReadAction","target":["https:\/\/www.amanien.info\/news\/deuxieme-vague-de-la-covid19-le-gouvernement-appelle-au-respect-strict-des-mesures-barrieres\/"]}]},{"@type":"ImageObject","inLanguage":"fr-FR","@id":"https:\/\/www.amanien.info\/news\/deuxieme-vague-de-la-covid19-le-gouvernement-appelle-au-respect-strict-des-mesures-barrieres\/#primaryimage","url":"https:\/\/www.amanien.info\/news\/wp-content\/uploads\/2021\/01\/thumbnail-13.jpg","contentUrl":"https:\/\/www.amanien.info\/news\/wp-content\/uploads\/2021\/01\/thumbnail-13.jpg","width":1080,"height":608},{"@type":"BreadcrumbList","@id":"https:\/\/www.amanien.info\/news\/deuxieme-vague-de-la-covid19-le-gouvernement-appelle-au-respect-strict-des-mesures-barrieres\/#breadcrumb","itemListElement":[{"@type":"ListItem","position":1,"name":"Accueil","item":"https:\/\/www.amanien.info\/news\/"},{"@type":"ListItem","position":2,"name":"Deuxi\u00e8me vague de la covid19: Le gouvernement appelle au respect strict des mesures barri\u00e8res"}]},{"@type":"WebSite","@id":"https:\/\/www.amanien.info\/news\/#website","url":"https:\/\/www.amanien.info\/news\/","name":"Amanien| L&#039;actualit\u00e9 Ivoirienne et Internationale","description":"L&#039;actualit\u00e9 Ivoirienne et Internationale","potentialAction":[{"@type":"SearchAction","target":{"@type":"EntryPoint","urlTemplate":"https:\/\/www.amanien.info\/news\/?s={search_term_string}"},"query-input":{"@type":"PropertyValueSpecification","valueRequired":true,"valueName":"search_term_string"}}],"inLanguage":"fr-FR"},{"@type":"Person","@id":"https:\/\/www.amanien.info\/news\/#\/schema\/person\/b21093345753a1a98242d505bd894f42","name":"Germain Ndri","url":"https:\/\/www.amanien.info\/news\/author\/amanien-infos\/"}]}},"_links":{"self":[{"href":"https:\/\/www.amanien.info\/news\/wp-json\/wp\/v2\/posts\/2334","targetHints":{"allow":["GET"]}}],"collection":[{"href":"https:\/\/www.amanien.info\/news\/wp-json\/wp\/v2\/posts"}],"about":[{"href":"https:\/\/www.amanien.info\/news\/wp-json\/wp\/v2\/types\/post"}],"author":[{"embeddable":true,"href":"https:\/\/www.amanien.info\/news\/wp-json\/wp\/v2\/users\/2"}],"replies":[{"embeddable":true,"href":"https:\/\/www.amanien.info\/news\/wp-json\/wp\/v2\/comments?post=2334"}],"version-history":[{"count":0,"href":"https:\/\/www.amanien.info\/news\/wp-json\/wp\/v2\/posts\/2334\/revisions"}],"wp:featuredmedia":[{"embeddable":true,"href":"https:\/\/www.amanien.info\/news\/wp-json\/wp\/v2\/media\/2335"}],"wp:attachment":[{"href":"https:\/\/www.amanien.info\/news\/wp-json\/wp\/v2\/media?parent=2334"}],"wp:term":[{"taxonomy":"category","embeddable":true,"href":"https:\/\/www.amanien.info\/news\/wp-json\/wp\/v2\/categories?post=2334"},{"taxonomy":"post_tag","embeddable":true,"href":"https:\/\/www.amanien.info\/news\/wp-json\/wp\/v2\/tags?post=2334"}],"curies":[{"name":"wp","href":"https:\/\/api.w.org\/{rel}","templated":true}]}}