{"id":2315,"date":"2021-01-24T16:54:48","date_gmt":"2021-01-24T15:54:48","guid":{"rendered":"http:\/\/https:\/\/zozo.buyee.jp\/\/news\/?p=2315"},"modified":"2021-01-24T16:55:26","modified_gmt":"2021-01-24T15:55:26","slug":"communique-du-conseil-des-ministres-du-20-janvier-le-gouvernement-suspend-la-hausse-du-prix-de-l-huile-de-palme-et-de-la-farine-boulangere","status":"publish","type":"post","link":"https:\/\/www.amanien.info\/news\/communique-du-conseil-des-ministres-du-20-janvier-le-gouvernement-suspend-la-hausse-du-prix-de-l-huile-de-palme-et-de-la-farine-boulangere\/","title":{"rendered":"Communiqu\u00e9 du conseil des ministres du 20 janvier: Le gouvernement suspend la hausse du prix de l&rsquo; huile de palme et de la farine boulang\u00e8re"},"content":{"rendered":"<p>Le mercredi 20 janvier 2021, un Conseil des Ministres s\u2019est tenu de 11h00 \u00e0 14h00, au Palais de la Pr\u00e9sidence de la R\u00e9publique \u00e0 Abidjan, sous la pr\u00e9sidence de Son Excellence Monsieur Alassane OUATTARA, Pr\u00e9sident de la R\u00e9publique, Chef de l\u2019Etat.<\/p>\n<p>L\u2019ordre du jour de cette r\u00e9union comportait les points suivants :<\/p>\n<p>A\/-Mesures G\u00e9n\u00e9rales<br \/>\n\u2212 Projets de d\u00e9crets<br \/>\nB\/- Mesures individuelles<br \/>\nC\/-Communications<br \/>\nD\/-Divers<\/p>\n<p>A\/\u2013 MESURES GENERALES<\/p>\n<p>PROJETS DE DECRETS<\/p>\n<p>1- Au titre du Minist\u00e8re des Eaux et For\u00eats, en liaison avec le Minist\u00e8re de l\u2019Agriculture et du D\u00e9veloppement Rural, le Minist\u00e8re de la Sant\u00e9 et de l\u2019Hygi\u00e8ne Publique et le Minist\u00e8re du Commerce et de l\u2019Industrie;<\/p>\n<p>Le Conseil a adopt\u00e9 un d\u00e9cret relatif aux conditions d\u2019importation, d\u2019exportation et d\u2019introduction en C\u00f4te d\u2019Ivoire de tout sp\u00e9cimen de plante foresti\u00e8re.<\/p>\n<p>En application de loi n\u00b02019-675 du 23 juillet 2019 portant Code Forestier, en lien avec la Convention sur le Commerce International des Esp\u00e8ces de Faune et de Flore Sauvages Menac\u00e9es d\u2019Extinction (CITES), ce d\u00e9cret organise les conditions d\u2019une utilisation durable des esp\u00e8ces v\u00e9g\u00e9tales sauvages. Il renforce \u00e0 cet effet la lutte contre le commerce illicite des plantes foresti\u00e8res en vue de pr\u00e9server les \u00e9cosyst\u00e8mes forestiers et la sant\u00e9 publique contre les organismes nuisibles et les maladies v\u00e9hicul\u00e9s par les v\u00e9g\u00e9taux.<br \/>\nAinsi, d\u00e9sormais, l\u2019importation, l\u2019exportation ou l\u2019introduction de tout sp\u00e9cimen de plante foresti\u00e8re en C\u00f4te d\u2019Ivoire est soumise \u00e0 autorisation pr\u00e9alable du Ministre charg\u00e9 des for\u00eats.<\/p>\n<p>2- Au titre du Minist\u00e8re du Budget et du Portefeuille de l\u2019Etat, en liaison avec le Minist\u00e8re de l\u2019Economie et des Finances;<\/p>\n<p>Le Conseil a adopt\u00e9 deux d\u00e9crets :<\/p>\n<p>\u2022 un d\u00e9cret d\u00e9terminant les r\u00e8gles d\u2019administration, de gestion, de contr\u00f4le, de dissolution et de liquidation des Soci\u00e9t\u00e9s d\u2019Etat ;<\/p>\n<p>\u2022 un d\u00e9cret d\u00e9finissant les r\u00e8gles de repr\u00e9sentation de la participation financi\u00e8re publique, de gouvernance et de contr\u00f4le des soci\u00e9t\u00e9s \u00e0 participation financi\u00e8re publique.<\/p>\n<p>Ces deux d\u00e9crets visent \u00e0 adapter la gouvernance des Soci\u00e9t\u00e9s d\u2019Etat et des soci\u00e9t\u00e9s \u00e0 participation financi\u00e8re publique, non seulement aux \u00e9volutions des textes communautaires relatifs au droit des affaires, mais \u00e9galement aux mutations internes intervenues en mati\u00e8re de gestion des finances publiques.<br \/>\nIls r\u00e9organisent pour chacun de ces deux types de soci\u00e9t\u00e9s les modalit\u00e9s d\u2019organisation et de fonctionnement ainsi que les modalit\u00e9s de contr\u00f4le et de suivi. Ils pr\u00e9cisent notamment, les r\u00e8gles sp\u00e9cifiques de repr\u00e9sentation de la participation financi\u00e8re publique et de gestion des soci\u00e9t\u00e9s \u00e0 participation financi\u00e8re publique majoritaire et des soci\u00e9t\u00e9s contr\u00f4l\u00e9es par l\u2019Etat. Ils d\u00e9terminent en outre le champ, les conditions et les modalit\u00e9s du contr\u00f4le contractuel, de v\u00e9rification des comptes et d\u2019exercice de la tutelle administrative.<\/p>\n<p>B\/\u2013 MESURES INDIVIDUELLES<\/p>\n<p>1- Au titre du Minist\u00e8re des Affaires Etrang\u00e8res<\/p>\n<p>Le Conseil a donn\u00e9 son accord en vue de la nomination de Monsieur OUATTARA Baf\u00e9tigu\u00e9, Ambassadeur, 3e \u00e9chelon, actuellement Directeur Am\u00e9riques et Cara\u00efbes du Minist\u00e8re des Affaires Etrang\u00e8res, en qualit\u00e9 d\u2019Ambassadeur Extraordinaire et Pl\u00e9nipotentiaire de la R\u00e9publique de C\u00f4te d\u2019Ivoire pr\u00e8s le Canada, avec r\u00e9sidence \u00e0 Ottawa.<\/p>\n<p>2- Au titre du Minist\u00e8re de l\u2019Int\u00e9rieur et de la S\u00e9curit\u00e9;<\/p>\n<p>Sur proposition de la Commission Electorale Ind\u00e9pendante (CEI), le Conseil a donn\u00e9 son accord en vue de la nomination de Monsieur DOUMBIA Soumaila, Pr\u00e9sident du Renouveau D\u00e9mocratique, en qualit\u00e9 de Membre de la Commission Centrale de la Commission Electorale Ind\u00e9pendante, en remplacement de Madame LAGOU Adjoua Henriette, d\u00e9missionnaire.<\/p>\n<p>3- Au titre du Minist\u00e8re de l\u2019Enseignement Sup\u00e9rieur et de la Recherche Scientifique ;<\/p>\n<p>Le Conseil a donn\u00e9 son accord en vue de la nomination des personnes ci-apr\u00e8s :<\/p>\n<p>&#8211; Kob\u00e9a Toka Ars\u00e8ne, en qualit\u00e9 de Directeur de Cabinet du Ministre de l\u2019Enseignement Sup\u00e9rieur et de la Recherche Scientifique ;<\/p>\n<p>&#8211; Ballo Zi\u00e9, en qualit\u00e9 de Pr\u00e9sident de l\u2019Universit\u00e9 F\u00e9lix HOUPHOU\u00cbT-BOIGNY de Cocody ;<\/p>\n<p>&#8211; Kouakou Koffi, en qualit\u00e9 de Pr\u00e9sident de l\u2019Universit\u00e9 Alassane OUATTARA de Bouak\u00e9 ;<\/p>\n<p>&#8211; M\u00e9k\u00e9 M\u00e9it\u00e9, en qualit\u00e9 de Pr\u00e9sident de l\u2019Universit\u00e9 de San Pedro ;<\/p>\n<p>&#8211; Ouattara Lassin\u00e9, en qualit\u00e9 de Directeur de l\u2019Ecole Normale Sup\u00e9rieure (ENS) ;<\/p>\n<p>&#8211; Ouattara Baf\u00e9tigu\u00e9, Directeur du Centre R\u00e9gional des \u0152uvres Universitaires d\u2019Abidjan -2 (CROUA 2).<\/p>\n<p>4- Au titre du Minist\u00e8re de l\u2019Agriculture et du D\u00e9veloppement Rural, en liaison avec le Minist\u00e8re des Affaires Etrang\u00e8res, le Minist\u00e8re de l\u2019Economie et des Finances et le Minist\u00e8re du Budget et du Portefeuille de l\u2019Etat;<\/p>\n<p>Le Conseil a donn\u00e9 son accord en vue de la nomination de Monsieur Alex Arnaud ASSANVO, en qualit\u00e9 de Secr\u00e9taire Ex\u00e9cutif de l\u2019Organisation sous-r\u00e9gionale d\u00e9nomm\u00e9e \u00ab Initiative Cacao C\u00f4te d\u2019Ivoire-Ghana \u00bb, avec r\u00e9sidence \u00e0 Accra au Ghana.<\/p>\n<p>C\/\u2013 COMMUNICATIONS<\/p>\n<p>1- Au titre du Minist\u00e8re de la Sant\u00e9 et de l\u2019Hygi\u00e8ne Publique;<\/p>\n<p>Le Conseil a adopt\u00e9 deux communications :<\/p>\n<p>\u2022 La premi\u00e8re communication est relative \u00e0 la situation de la gestion de la COVID-19 au 18 janvier 2021.<\/p>\n<p>A la date du 18 janvier 2021, la C\u00f4te d\u2019Ivoire d\u00e9nombre 25 304 cas confirm\u00e9s de COVID-19 et 142 d\u00e9c\u00e8s (0,56% de taux de l\u00e9talit\u00e9). Le nombre total de gu\u00e9ris est de 23 527 (93,4% de taux de gu\u00e9rison). En comparant les nombres de cas sur trois (3) p\u00e9riodes de 10 jours, du 20 au 29 d\u00e9cembre 2020, du 30 d\u00e9cembre 2020 au 8 janvier 2021 et du 9 janvier au 18 janvier 2021, il a \u00e9t\u00e9 enregistr\u00e9 respectivement 360, 1232 et 2050 cas positifs, ce qui indique une reprise \u00e9pid\u00e9mique.<br \/>\nSi en premi\u00e8re analyse, les donn\u00e9es recueillies au d\u00e9but du mois de janvier 2021 montraient que la majorit\u00e9 des nouveaux cas positifs \u00e9taient des jeunes \u00e2g\u00e9s de moins de 35 ans et avaient en commun la fr\u00e9quentation des lieux festifs tels que les bo\u00eetes de nuit, les bars ou la participation \u00e0 des \u00e9v\u00e8nements culturels et artistiques, \u00e0 ce jour, la transmission est devenue familiale et communautaire. La transmission se fait actuellement dans nos lieux de vie, \u00e0 savoir \u00e0 la maison, \u00e0 l\u2019\u00e9cole et au travail et essentiellement en raison du non-respect des mesures barri\u00e8res, notamment le port de masque, la distanciation physique et le lavage des mains.<br \/>\nAinsi, \u00e0 la date du 18 janvier 2021, 1635 cas de COVID-19 sont toujours actifs. Toutefois, les indicateurs d\u2019alerte n\u2019ont pas \u00e9t\u00e9 atteints. La prise en charge des cas positifs simples et des malades graves se poursuit de mani\u00e8re appropri\u00e9e dans les centres hospitaliers sp\u00e9cialis\u00e9s pr\u00e9vus \u00e0 cet effet.<\/p>\n<p>Le Conseil appelle \u00e0 davantage de prudence et au respect scrupuleux des mesures barri\u00e8res afin de se pr\u00e9server de toute contamination. De nouvelles mesures propos\u00e9es par Comit\u00e9 de veille au Gouvernement feront l\u2019objet d\u2019analyse au prochain Conseil National de S\u00e9curit\u00e9.<\/p>\n<p>\u2022 La deuxi\u00e8me communication est relative au processus d\u2019acquisition et \u00e0 la disponibilit\u00e9 des vaccins COVID-19 pour l\u2019organisation d\u2019une campagne de vaccination en C\u00f4te d\u2019Ivoire.<\/p>\n<p>Dans le cadre de la lutte contre la pand\u00e9mie de COVID-19, le Gouvernement s\u2019est engag\u00e9 \u00e0 offrir aux populations des vaccins COVID-19, d\u00e8s le premier trimestre 2021, qu\u2019ils soient gratuits ou payants. A cet effet, l\u2019Agence Ivoirienne de R\u00e9gulation Pharmaceutique (AIRP) a autoris\u00e9 les vaccins Pfizer-BioNTech et Moderna. L\u2019autorisation des vaccins AstraZeneca de la Grande Bretagne, Sinopharm de la Chine et Sputnik V de la Russie, est attendue pour cette semaine.<br \/>\nLes premi\u00e8res livraisons du vaccin Pfizer, environ 100 000 doses, initialement pr\u00e9vues pour la fin janvier 2021, sont report\u00e9es \u00e0 la mi-f\u00e9vrier compte tenu des retards dans la mise \u00e0 disposition des vaccins. Toutefois, le Conseil maintient le calendrier pr\u00e9vu pour la campagne de vaccination et a instruit le Ministre charg\u00e9 de la Sant\u00e9 et l\u2019ensemble des Ministres concern\u00e9s \u00e0 l\u2019effet de poursuivre les pr\u00e9paratifs du dispositif de la campagne.<\/p>\n<p>2- Au titre du Minist\u00e8re de l\u2019Emploi et de la Protection Sociale, en liaison avec le Minist\u00e8re de la Fonction Publique ;<\/p>\n<p>Le Conseil a adopt\u00e9 une communication relative au recrutement d\u00e9rogatoire des personnes en situation de handicap \u00e0 la Fonction Publique, session 2020.<\/p>\n<p>Les deux cents (200) postes budg\u00e9taires de grade D1 \u00e0 A4 pr\u00e9vus pour la session 2020 ont tous \u00e9t\u00e9 pourvus \u00e0 l\u2019issue des travaux de la Commission de Recrutement D\u00e9rogatoire compos\u00e9e des repr\u00e9sentants de l\u2019Administration publique et des repr\u00e9sentants des organisations de personnes handicap\u00e9es<br \/>\nAinsi, ont \u00e9t\u00e9 retenus, sur 1 000 dossiers examin\u00e9s, 100 handicap\u00e9s moteurs, 35 handicap\u00e9s auditifs, 35 handicap\u00e9s visuels et 30 personnes portant des handicaps li\u00e9s aux troubles du d\u00e9veloppement.<br \/>\nCompte tenu de l\u2019apport d\u00e9cisif de cette action du Gouvernement dans l\u2019am\u00e9lioration des conditions de vie de cette frange de la population, le Conseil a d\u00e9cid\u00e9, dans le cadre de la politique sociale du Gouvernement, de r\u00e9\u00e9diter pour cette ann\u00e9e 2021, le recrutement d\u00e9rogatoire des personnes en situation de handicap \u00e0 la Fonction Publique.<\/p>\n<p>3- Au titre du Minist\u00e8re de l\u2019Economie et des Finances, en liaison avec le Minist\u00e8re de la Construction, du Logement et de l\u2019Urbanisme et le Minist\u00e8re du Budget et du Portefeuille de l\u2019Etat;<\/p>\n<p>Le Conseil a adopt\u00e9 une communication relative au projet de construction du si\u00e8ge de la Banque Nationale d\u2019Investissement (BNI).<\/p>\n<p>Suite \u00e0 la mise en \u0153uvre du plan de restructuration de la Banque, qui a permis de r\u00e9sorber les difficult\u00e9s constat\u00e9es ces derni\u00e8res ann\u00e9es, avec l\u2019apport de l\u2019Etat, la BNI conna\u00eet de meilleurs r\u00e9sultats financiers. Dans cette dynamique, la BNI a d\u00e9cid\u00e9 de se doter d\u2019un si\u00e8ge en vue d\u2019optimiser le fonctionnement de ses services, de renforcer son image commerciale et de r\u00e9duire les co\u00fbts directs immobiliers. Le nouveau si\u00e8ge de la banque, con\u00e7u autour d\u2019un \u00e9difice immobilier de huit (8) \u00e9tages, d\u2019un co\u00fbt global de 13,5 milliards de francs CFA, sera b\u00e2ti sur un terrain de 2 000 m2 appartenant \u00e0 l\u2019Institution, sis \u00e0 la rue des banques. Le Conseil a ent\u00e9rin\u00e9 cette d\u00e9cision de la banque.<\/p>\n<p>4- Au titre du Minist\u00e8re de l\u2019Economie et des Finances, en liaison avec le Minist\u00e8re de l\u2019Agriculture et du D\u00e9veloppement Rural, le Minist\u00e8re du Budget et du Portefeuille de l\u2019Etat, le Minist\u00e8re de la Solidarit\u00e9, de la Coh\u00e9sion Sociale et de la Lutte contre la Pauvret\u00e9, le Minist\u00e8re du Commerce et de l\u2019Industrie, le Minist\u00e8re de la Promotion de la Jeunesse et de l\u2019Emploi des Jeunes et le Minist\u00e8re de la Promotion des PME;<\/p>\n<p>Le Conseil a adopt\u00e9 une communication relative au bilan \u00e0 fin d\u00e9cembre 2020 des fonds mis en place pour faire face \u00e0 la COVID-19.<\/p>\n<p>Compte tenu des contraintes budg\u00e9taires, le budget total 2020 des fonds est ressorti \u00e0 140 milliards de francs CFA effectivement mis en place dont 30 milliards pour le Fonds de Soutien aux Grandes Entreprises (FSGE), 40 milliards pour le Fonds de Soutien aux PME (FSPME), 20 milliards pour le Fonds d\u2019Appui aux Acteurs du Secteur Informel (FASI) et 50 milliards pour le Fonds de Solidarit\u00e9 et de Soutien d\u2019Urgence Humanitaire (FSS).<br \/>\nA fin d\u00e9cembre 2020, le montant total des concours financiers octroy\u00e9s aux grandes entreprises par le FSGE s\u2019\u00e9l\u00e8ve \u00e0 23,579 milliards de francs CFA dont 23,017 milliards de francs CFA de pr\u00eats directs en faveur de quatre-vingt-onze (91) entreprises et 562,5 millions de couverture de garantie de pr\u00eats bancaires \u00e0 une entreprise, soit un taux d\u2019utilisation des ressources 2020 de 78,6%.<br \/>\n590 PME ont b\u00e9n\u00e9fici\u00e9 du soutien du FSPME, pour un montant total de 25,55 milliards de francs CFA, r\u00e9parti comme suit :<br \/>\n&#8211; 84 subventions pour un montant de 32,6 millions de francs CFA ;<br \/>\n&#8211; 92 pr\u00eats \u00e0 taux z\u00e9ro pour un montant de 378,88 millions de francs CFA ;<br \/>\n&#8211; 495 pr\u00eats \u00e0 taux r\u00e9duit de 2,5% pour un montant de 25,138 milliards de francs CFA.<\/p>\n<p>Outre les op\u00e9rations de pr\u00eats directs, le FSPME a abond\u00e9 le Fonds de Garantie des PME (FGPME), \u00e0 hauteur de 10 milliards de francs CFA, en vue de permettre \u00e0 cette structure de garantir les pr\u00eats bancaires au profit des PME. Le taux effectif d\u2019utilisation des ressources 2020 ressort ainsi \u00e0 88,87%, hors la ligne de refinancement des structures de microfinance. Le reliquat des ressources permettra de soutenir les entreprises du secteur des TNT, impact\u00e9es par la crise de la COVID-19.<br \/>\n77 646 acteurs du Secteur Informel issus des secteurs de l\u2019Artisanat, du Commerce, des Loisirs, de la Restauration, des Services et du Transport ont b\u00e9n\u00e9fici\u00e9 des subventions du FASI pour un montant total de 17,26 milliards de FCFA. Outre ces op\u00e9rations g\u00e9n\u00e9rales, le FASI a d\u00e9gag\u00e9 un montant de 2,070 milliards de francs CFA pour r\u00e9pondre \u00e0 certaines sollicitations sp\u00e9cifiques en faveur de 2 535 acteurs comprenant des tenanciers de Bars et Night Clubs, des coop\u00e9ratives de femmes dans le domaine du vivrier et acteurs en situation de handicap. Au total, sur une dotation budg\u00e9taire de 20 milliards de francs CFA, un montant de 19,6 milliards de FCFA a \u00e9t\u00e9 absorb\u00e9, soit un taux d\u2019utilisation des ressources 2020 de 98%.<br \/>\nLe montant des op\u00e9rations du FSS au 31 d\u00e9cembre 2020, comprenant notamment les transferts mon\u00e9taires au profit de 194 245 m\u00e9nages vuln\u00e9rables, le soutien financier \u00e0 18 909 personnes licenci\u00e9es ou mises au ch\u00f4mage, le soutien \u00e0 quatre centres d\u2019accueil des enfants en situation de la rue dans le Grand Abidjan, la prise en charge des factures d\u2019\u00e9lectricit\u00e9 de 1 052 749 m\u00e9nages et des factures d\u2019eau de 472 972 m\u00e9nages abonn\u00e9s au tarif social, sur une p\u00e9riode de trois mois (Avril-Juin 2020), s\u2019\u00e9l\u00e8ve \u00e0 38,536 milliards de FCFA pour une dotation de 50 milliards de francs CFA, soit un taux d\u2019absorption de 77,07%.<\/p>\n<p>Les op\u00e9rations de soutien aux entreprises et aux populations impact\u00e9es par la COVID-19 se poursuivront en 2021 au regard de la persistance de la pand\u00e9mie et de la reprise \u00e9pid\u00e9mique. Aussi, pour la gestion 2021, les dotations budg\u00e9taires pr\u00e9vues au titre des diff\u00e9rents fonds se pr\u00e9sentent comme suit :<br \/>\n&#8211; Fonds de Soutien aux Entreprises (FSGE et FSPME) : 110 milliards de francs CFA ;<br \/>\n&#8211; Fonds d\u2019Appui aux Acteurs du Secteur Informel : 30 milliards de francs CFA;<br \/>\n&#8211; Fonds de Solidarit\u00e9 et de Soutien d\u2019Urgence Humanitaire : 40 milliards de francs CFA.<\/p>\n<p>5- Au titre du Minist\u00e8re du Budget et du Portefeuille de l\u2019Etat;<\/p>\n<p>Le Conseil a adopt\u00e9 une communication relative au bilan de la mise en \u0153uvre de la premi\u00e8re \u00e9dition du Programme de Certification des Administrateurs des Soci\u00e9t\u00e9s Publiques (CASP) et aux perspectives.<\/p>\n<p>Initi\u00e9 en mars 2019, le CASP a pour objectif de professionnaliser les fonctions de dirigeants sociaux des soci\u00e9t\u00e9s publiques, de raffermir en particulier les capacit\u00e9s des administrateurs en mati\u00e8re de r\u00e9alisation de choix strat\u00e9giques et de pilotage de la performance, \u00e0 travers un programme de formation intense ax\u00e9e sur la strat\u00e9gie de gestion des entreprises, le contr\u00f4le et la gestion des risques ainsi que les droits et obligations des dirigeants sociaux. La premi\u00e8re \u00e9dition du CASP, lanc\u00e9e en juillet 2019 en partenariat avec l\u2019Institut National des Administrateurs de C\u00f4te d\u2019Ivoire (INAD-CI), a \u00e9t\u00e9 cl\u00f4tur\u00e9e en ao\u00fbt 2020. Elle a permis d\u2019assurer la formation et la certification de 282 administrateurs, avec un taux de participation de 82%.<br \/>\nDans la perspective de favoriser une plus grande rentabilit\u00e9 financi\u00e8re des entreprises du portefeuille de l\u2019Etat et du secteur parapublic en g\u00e9n\u00e9ral, le Conseil a d\u00e9cid\u00e9 d\u2019\u00e9tendre progressivement ce programme de certification aux organes dirigeants des soci\u00e9t\u00e9s publiques, des agences d\u2019ex\u00e9cution et des \u00e9tablissements publics. Dans cet \u00e9lan, le Conseil a instruit le Ministre charg\u00e9 du Portefeuille de l\u2019Etat et l\u2019ensemble des Ministres concern\u00e9s \u00e0 l\u2019effet de prendre les dispositions appropri\u00e9es pour assurer le suivi de la participation effective des mandataires sociaux aux r\u00e9unions des Conseils d\u2019Administration ainsi qu\u2019aux formations organis\u00e9es pour l\u2019am\u00e9lioration des comp\u00e9tences des administrateurs.<\/p>\n<p>6- Au titre du Minist\u00e8re du Commerce et de l\u2019Industrie, en liaison avec le Minist\u00e8re de l\u2019Agriculture et du D\u00e9veloppement Rural;<\/p>\n<p>Le Conseil a adopt\u00e9 une communication relative \u00e0 la suspension de la hausse des prix de l\u2019huile de palme raffin\u00e9e et de la farine boulang\u00e8re.<\/p>\n<p>Dans le cadre du suivi r\u00e9gulier des prix op\u00e9r\u00e9 par les services comp\u00e9tents du Minist\u00e8re en charge du Commerce, il a \u00e9t\u00e9 donn\u00e9 de constater une hausse des prix de cession de l\u2019huile de palme raffin\u00e9e et de la farine boulang\u00e8re sur les march\u00e9s. Selon les informations recueillies et suite aux rencontres avec les organisations professionnelles des fili\u00e8res concern\u00e9es, il appara\u00eet que cette situation est due \u00e0 la tendance haussi\u00e8re des cours mondiaux de l\u2019huile de palme brute et du bl\u00e9, en raison de la forte baisse de la production mondiale de ces diff\u00e9rents produits. En ce qui concerne l\u2019huile de palme, la situation actuelle du march\u00e9 des huiles est caract\u00e9ris\u00e9e par une acc\u00e9l\u00e9ration de la hausse des cours des huiles constat\u00e9e depuis le mois de novembre 2020. Concernant le bl\u00e9, les pr\u00e9visions du 1er trimestre 2021 laissent \u00e9galement envisager une tendance \u00e0 la hausse des cours mondiaux.<br \/>\nFace \u00e0 ces perturbations qui fragilisent le pouvoir d\u2019achat des m\u00e9nages d\u00e9j\u00e0 affect\u00e9s par les effets de la COVID-19, le Conseil a ent\u00e9rin\u00e9 les mesures ci-apr\u00e8s arr\u00eat\u00e9es d\u2019un commun accord avec les acteurs des fili\u00e8res bl\u00e9\/farine et huile de palme :<\/p>\n<p>&#8211; la suspension des hausses des prix de l\u2019huile de palme raffin\u00e9e intervenues en ce mois de janvier 2021, les prix en vigueur demeurent ceux appliqu\u00e9s au 31 d\u00e9cembre 2020 ;<br \/>\n&#8211; le gel des prix du sac de 50 kg de la farine boulang\u00e8re de type 55 ; le prix demeure \u00e0 19 000 francs CFA maximum.<\/p>\n<p>Aussi, deux comit\u00e9s techniques, compos\u00e9s des repr\u00e9sentants du Gouvernement et des fili\u00e8res concern\u00e9es, ont \u00e9t\u00e9 mis en place afin de poursuivre les concertations en vue de pr\u00e9server le pouvoir d\u2019achat des populations et d\u2019assurer la p\u00e9rennit\u00e9 des activit\u00e9s des industriels.<\/p>\n<p>7- Au titre du Minist\u00e8re des Sports;<\/p>\n<p>Le Conseil a adopt\u00e9 une communication relative \u00e0 l\u2019\u00e9volution de la campagne de promotion de la candidature de l\u2019Ambassadeur Jacques Bernard Daniel ANOUMA \u00e0 la pr\u00e9sidence de la Conf\u00e9d\u00e9ration Africaine de Football (CAF).<\/p>\n<p>La candidature de notre compatriote a \u00e9t\u00e9 officiellement retenue par la Commission de Gouvernance de la CAF, le 11 janvier 2021. A ce jour, l\u2019\u00e9tat des lieux de la campagne fait appara\u00eetre un contexte favorable en raison de son exp\u00e9rience av\u00e9r\u00e9e dans les faiti\u00e8res internationales, \u00e0 savoir la CAF et la FIFA.<br \/>\nAussi, le Conseil a instruit le Ministre des Sports et l\u2019ensemble des Ministres concern\u00e9s \u00e0 l\u2019effet de prendre les dispositions idoines pour accentuer les actions diplomatiques et relationnelles, notamment la dynamique communautaire et solidaire de la sous-r\u00e9gion, pour favoriser l\u2019\u00e9lection de l\u2019Ambassadeur Jacques Bernard Daniel ANOUMA \u00e0 la pr\u00e9sidence de la CAF.<\/p>\n<p>8- Au titre du Minist\u00e8re de l\u2019Enseignement Sup\u00e9rieur et de la Recherche Scientifique;<\/p>\n<p>Le Conseil a adopt\u00e9 une communication relative \u00e0 l\u2019orientation et \u00e0 l\u2019affectation des bacheliers 2020 dans les universit\u00e9s et grandes \u00e9coles.<\/p>\n<p>Pour la session 2020, sur 101 787 bacheliers, 77 943, soit 76,57%, se sont pr\u00e9inscrits dont 61,49% en Sciences humaines, sociales, litt\u00e9raires, 36,65% en Sciences de la sant\u00e9 et sciences naturelles et 1,86% en Sciences et technologies. Suite aux d\u00e9lib\u00e9rations de la commission d\u2019orientation et d\u2019affectation des nouveaux bacheliers dans l\u2019enseignement sup\u00e9rieur, 17 646 bacheliers pr\u00e9inscrits, soit 22,64%, ont \u00e9t\u00e9 affect\u00e9s dans les universit\u00e9s publiques. Ce nombre est sensiblement le m\u00eame que celui de l\u2019ann\u00e9e derni\u00e8re qui \u00e9tait de 17 490. Compte tenu de la forte demande et de la capacit\u00e9 d\u2019accueil limit\u00e9e de nos universit\u00e9s publiques, 59 863, soit 76,80% des bacheliers pr\u00e9inscrits, ont \u00e9t\u00e9 affect\u00e9s dans les \u00e9tablissements priv\u00e9s d\u2019enseignement sup\u00e9rieur, contre 62 624 affect\u00e9s dans le priv\u00e9 en 2019, soit une r\u00e9gression de 4,41%. Les universit\u00e9s priv\u00e9es qui offrent une formation de type licence ont re\u00e7u 16 187 \u00e9tudiants, soit 27,04% de l\u2019effectif total affect\u00e9 dans le priv\u00e9.<br \/>\nLe reste des candidats qui n\u2019a pas obtenu de place ni dans les universit\u00e9s publiques, ni dans les universit\u00e9s priv\u00e9es pour une formation de type licence, soit 43 676 bacheliers ont \u00e9t\u00e9 affect\u00e9s dans les grandes \u00e9coles priv\u00e9es, dans les formations de courte dur\u00e9e de type Brevet de Technicien Sup\u00e9rieur (BTS), soit 72,96% de l\u2019effectif total affect\u00e9 dans le priv\u00e9.<br \/>\nAu regard de l\u2019insuffisance de la capacit\u00e9 d\u2019accueil des \u00e9tablissements publics d\u2019enseignement sup\u00e9rieur malgr\u00e9 les efforts \u00e9normes consentis par le Gouvernement, le Conseil a d\u00e9cid\u00e9 d\u2019intensifier le Programme de D\u00e9centralisation des Universit\u00e9s (PDU) ainsi que le d\u00e9veloppement du num\u00e9rique \u00e9ducatif pour aider \u00e0 prendre en charge le nombre sans cesse croissant des \u00e9tudiants sur nos campus.<\/p>\n<p>D- DIVERS<\/p>\n<p>Le prochain Conseil des Ministres se tiendra le 03 f\u00e9vrier 2021. Dans l\u2019intervalle, une conf\u00e9rence de presse sur certains points de l\u2019actualit\u00e9 gouvernementale se tiendra le lundi 25 janvier 2021.<\/p>\n<p>Fait \u00e0 Abidjan, le 20 janvier 2021<br \/>\nSidi Ti\u00e9moko TOURE<br \/>\nMinistre de la Communication et des M\u00e9dias,<br \/>\nPorte-parole du Gouvernement<br \/>\n<a href=\"mailto:porteparolat@communication.gouv.ci\" target=\"_blank\" rel=\"nofollow noopener noreferrer\">porteparolat@communication.gouv.ci<\/a><\/p>\n","protected":false},"excerpt":{"rendered":"<p>Le mercredi 20 janvier 2021, un Conseil des Ministres s\u2019est tenu de 11h00 \u00e0 14h00, au Palais de la Pr\u00e9sidence de la R\u00e9publique \u00e0 Abidjan, sous la pr\u00e9sidence de Son Excellence Monsieur Alassane OUATTARA, Pr\u00e9sident de la R\u00e9publique, Chef de l\u2019Etat. L\u2019ordre du jour de cette r\u00e9union comportait les points suivants : A\/-Mesures G\u00e9n\u00e9rales \u2212 [&hellip;]<\/p>\n","protected":false},"author":2,"featured_media":2152,"comment_status":"closed","ping_status":"closed","sticky":true,"template":"","format":"standard","meta":{"_acf_changed":false,"footnotes":""},"categories":[],"tags":[],"class_list":["post-2315","post","type-post","status-publish","format-standard","has-post-thumbnail","hentry"],"acf":[],"yoast_head":"<!-- This site is optimized with the Yoast SEO plugin v27.5 - https:\/\/yoast.com\/product\/yoast-seo-wordpress\/ -->\n<title>Communiqu\u00e9 du conseil des ministres du 20 janvier: Le gouvernement suspend la hausse du prix de l&#039; huile de palme et de la farine boulang\u00e8re - Amanien| L&#039;actualit\u00e9 Ivoirienne et Internationale<\/title>\n<meta name=\"robots\" content=\"index, follow, max-snippet:-1, max-image-preview:large, max-video-preview:-1\" \/>\n<link rel=\"canonical\" href=\"https:\/\/www.amanien.info\/news\/communique-du-conseil-des-ministres-du-20-janvier-le-gouvernement-suspend-la-hausse-du-prix-de-l-huile-de-palme-et-de-la-farine-boulangere\/\" \/>\n<meta property=\"og:locale\" content=\"fr_FR\" \/>\n<meta property=\"og:type\" content=\"article\" \/>\n<meta property=\"og:title\" content=\"Communiqu\u00e9 du conseil des ministres du 20 janvier: Le gouvernement suspend la hausse du prix de l&#039; huile de palme et de la farine boulang\u00e8re - Amanien| L&#039;actualit\u00e9 Ivoirienne et Internationale\" \/>\n<meta property=\"og:description\" content=\"Le mercredi 20 janvier 2021, un Conseil des Ministres s\u2019est tenu de 11h00 \u00e0 14h00, au Palais de la Pr\u00e9sidence de la R\u00e9publique \u00e0 Abidjan, sous la pr\u00e9sidence de Son Excellence Monsieur Alassane OUATTARA, Pr\u00e9sident de la R\u00e9publique, Chef de l\u2019Etat. L\u2019ordre du jour de cette r\u00e9union comportait les points suivants : A\/-Mesures G\u00e9n\u00e9rales \u2212 [&hellip;]\" \/>\n<meta property=\"og:url\" content=\"https:\/\/www.amanien.info\/news\/communique-du-conseil-des-ministres-du-20-janvier-le-gouvernement-suspend-la-hausse-du-prix-de-l-huile-de-palme-et-de-la-farine-boulangere\/\" \/>\n<meta property=\"og:site_name\" content=\"Amanien| L&#039;actualit\u00e9 Ivoirienne et Internationale\" \/>\n<meta property=\"article:published_time\" content=\"2021-01-24T15:54:48+00:00\" \/>\n<meta property=\"article:modified_time\" content=\"2021-01-24T15:55:26+00:00\" \/>\n<meta property=\"og:image\" content=\"https:\/\/www.amanien.info\/news\/wp-content\/uploads\/2020\/11\/thumbnail-9.jpg\" \/>\n\t<meta property=\"og:image:width\" content=\"720\" \/>\n\t<meta property=\"og:image:height\" content=\"480\" \/>\n\t<meta property=\"og:image:type\" content=\"image\/jpeg\" \/>\n<meta name=\"author\" content=\"Germain Ndri\" \/>\n<meta name=\"twitter:card\" content=\"summary_large_image\" \/>\n<meta name=\"twitter:label1\" content=\"\u00c9crit par\" \/>\n\t<meta name=\"twitter:data1\" content=\"Germain Ndri\" \/>\n\t<meta name=\"twitter:label2\" content=\"Dur\u00e9e de lecture estim\u00e9e\" \/>\n\t<meta name=\"twitter:data2\" content=\"18 minutes\" \/>\n<script type=\"application\/ld+json\" class=\"yoast-schema-graph\">{\"@context\":\"https:\\\/\\\/schema.org\",\"@graph\":[{\"@type\":\"Article\",\"@id\":\"https:\\\/\\\/www.amanien.info\\\/news\\\/communique-du-conseil-des-ministres-du-20-janvier-le-gouvernement-suspend-la-hausse-du-prix-de-l-huile-de-palme-et-de-la-farine-boulangere\\\/#article\",\"isPartOf\":{\"@id\":\"https:\\\/\\\/www.amanien.info\\\/news\\\/communique-du-conseil-des-ministres-du-20-janvier-le-gouvernement-suspend-la-hausse-du-prix-de-l-huile-de-palme-et-de-la-farine-boulangere\\\/\"},\"author\":{\"name\":\"Germain Ndri\",\"@id\":\"https:\\\/\\\/www.amanien.info\\\/news\\\/#\\\/schema\\\/person\\\/b21093345753a1a98242d505bd894f42\"},\"headline\":\"Communiqu\u00e9 du conseil des ministres du 20 janvier: Le gouvernement suspend la hausse du prix de l&rsquo; huile de palme et de la farine boulang\u00e8re\",\"datePublished\":\"2021-01-24T15:54:48+00:00\",\"dateModified\":\"2021-01-24T15:55:26+00:00\",\"mainEntityOfPage\":{\"@id\":\"https:\\\/\\\/www.amanien.info\\\/news\\\/communique-du-conseil-des-ministres-du-20-janvier-le-gouvernement-suspend-la-hausse-du-prix-de-l-huile-de-palme-et-de-la-farine-boulangere\\\/\"},\"wordCount\":3686,\"image\":{\"@id\":\"https:\\\/\\\/www.amanien.info\\\/news\\\/communique-du-conseil-des-ministres-du-20-janvier-le-gouvernement-suspend-la-hausse-du-prix-de-l-huile-de-palme-et-de-la-farine-boulangere\\\/#primaryimage\"},\"thumbnailUrl\":\"https:\\\/\\\/www.amanien.info\\\/news\\\/wp-content\\\/uploads\\\/2020\\\/11\\\/thumbnail-9.jpg\",\"inLanguage\":\"fr-FR\"},{\"@type\":\"WebPage\",\"@id\":\"https:\\\/\\\/www.amanien.info\\\/news\\\/communique-du-conseil-des-ministres-du-20-janvier-le-gouvernement-suspend-la-hausse-du-prix-de-l-huile-de-palme-et-de-la-farine-boulangere\\\/\",\"url\":\"https:\\\/\\\/www.amanien.info\\\/news\\\/communique-du-conseil-des-ministres-du-20-janvier-le-gouvernement-suspend-la-hausse-du-prix-de-l-huile-de-palme-et-de-la-farine-boulangere\\\/\",\"name\":\"Communiqu\u00e9 du conseil des ministres du 20 janvier: Le gouvernement suspend la hausse du prix de l' huile de palme et de la farine boulang\u00e8re - Amanien| L&#039;actualit\u00e9 Ivoirienne et Internationale\",\"isPartOf\":{\"@id\":\"https:\\\/\\\/www.amanien.info\\\/news\\\/#website\"},\"primaryImageOfPage\":{\"@id\":\"https:\\\/\\\/www.amanien.info\\\/news\\\/communique-du-conseil-des-ministres-du-20-janvier-le-gouvernement-suspend-la-hausse-du-prix-de-l-huile-de-palme-et-de-la-farine-boulangere\\\/#primaryimage\"},\"image\":{\"@id\":\"https:\\\/\\\/www.amanien.info\\\/news\\\/communique-du-conseil-des-ministres-du-20-janvier-le-gouvernement-suspend-la-hausse-du-prix-de-l-huile-de-palme-et-de-la-farine-boulangere\\\/#primaryimage\"},\"thumbnailUrl\":\"https:\\\/\\\/www.amanien.info\\\/news\\\/wp-content\\\/uploads\\\/2020\\\/11\\\/thumbnail-9.jpg\",\"datePublished\":\"2021-01-24T15:54:48+00:00\",\"dateModified\":\"2021-01-24T15:55:26+00:00\",\"author\":{\"@id\":\"https:\\\/\\\/www.amanien.info\\\/news\\\/#\\\/schema\\\/person\\\/b21093345753a1a98242d505bd894f42\"},\"breadcrumb\":{\"@id\":\"https:\\\/\\\/www.amanien.info\\\/news\\\/communique-du-conseil-des-ministres-du-20-janvier-le-gouvernement-suspend-la-hausse-du-prix-de-l-huile-de-palme-et-de-la-farine-boulangere\\\/#breadcrumb\"},\"inLanguage\":\"fr-FR\",\"potentialAction\":[{\"@type\":\"ReadAction\",\"target\":[\"https:\\\/\\\/www.amanien.info\\\/news\\\/communique-du-conseil-des-ministres-du-20-janvier-le-gouvernement-suspend-la-hausse-du-prix-de-l-huile-de-palme-et-de-la-farine-boulangere\\\/\"]}]},{\"@type\":\"ImageObject\",\"inLanguage\":\"fr-FR\",\"@id\":\"https:\\\/\\\/www.amanien.info\\\/news\\\/communique-du-conseil-des-ministres-du-20-janvier-le-gouvernement-suspend-la-hausse-du-prix-de-l-huile-de-palme-et-de-la-farine-boulangere\\\/#primaryimage\",\"url\":\"https:\\\/\\\/www.amanien.info\\\/news\\\/wp-content\\\/uploads\\\/2020\\\/11\\\/thumbnail-9.jpg\",\"contentUrl\":\"https:\\\/\\\/www.amanien.info\\\/news\\\/wp-content\\\/uploads\\\/2020\\\/11\\\/thumbnail-9.jpg\",\"width\":720,\"height\":480},{\"@type\":\"BreadcrumbList\",\"@id\":\"https:\\\/\\\/www.amanien.info\\\/news\\\/communique-du-conseil-des-ministres-du-20-janvier-le-gouvernement-suspend-la-hausse-du-prix-de-l-huile-de-palme-et-de-la-farine-boulangere\\\/#breadcrumb\",\"itemListElement\":[{\"@type\":\"ListItem\",\"position\":1,\"name\":\"Accueil\",\"item\":\"https:\\\/\\\/www.amanien.info\\\/news\\\/\"},{\"@type\":\"ListItem\",\"position\":2,\"name\":\"Communiqu\u00e9 du conseil des ministres du 20 janvier: Le gouvernement suspend la hausse du prix de l&rsquo; huile de palme et de la farine boulang\u00e8re\"}]},{\"@type\":\"WebSite\",\"@id\":\"https:\\\/\\\/www.amanien.info\\\/news\\\/#website\",\"url\":\"https:\\\/\\\/www.amanien.info\\\/news\\\/\",\"name\":\"Amanien| L&#039;actualit\u00e9 Ivoirienne et Internationale\",\"description\":\"L&#039;actualit\u00e9 Ivoirienne et Internationale\",\"potentialAction\":[{\"@type\":\"SearchAction\",\"target\":{\"@type\":\"EntryPoint\",\"urlTemplate\":\"https:\\\/\\\/www.amanien.info\\\/news\\\/?s={search_term_string}\"},\"query-input\":{\"@type\":\"PropertyValueSpecification\",\"valueRequired\":true,\"valueName\":\"search_term_string\"}}],\"inLanguage\":\"fr-FR\"},{\"@type\":\"Person\",\"@id\":\"https:\\\/\\\/www.amanien.info\\\/news\\\/#\\\/schema\\\/person\\\/b21093345753a1a98242d505bd894f42\",\"name\":\"Germain Ndri\",\"url\":\"https:\\\/\\\/www.amanien.info\\\/news\\\/author\\\/amanien-infos\\\/\"}]}<\/script>\n<!-- \/ Yoast SEO plugin. -->","yoast_head_json":{"title":"Communiqu\u00e9 du conseil des ministres du 20 janvier: Le gouvernement suspend la hausse du prix de l' huile de palme et de la farine boulang\u00e8re - Amanien| L&#039;actualit\u00e9 Ivoirienne et Internationale","robots":{"index":"index","follow":"follow","max-snippet":"max-snippet:-1","max-image-preview":"max-image-preview:large","max-video-preview":"max-video-preview:-1"},"canonical":"https:\/\/www.amanien.info\/news\/communique-du-conseil-des-ministres-du-20-janvier-le-gouvernement-suspend-la-hausse-du-prix-de-l-huile-de-palme-et-de-la-farine-boulangere\/","og_locale":"fr_FR","og_type":"article","og_title":"Communiqu\u00e9 du conseil des ministres du 20 janvier: Le gouvernement suspend la hausse du prix de l' huile de palme et de la farine boulang\u00e8re - Amanien| L&#039;actualit\u00e9 Ivoirienne et Internationale","og_description":"Le mercredi 20 janvier 2021, un Conseil des Ministres s\u2019est tenu de 11h00 \u00e0 14h00, au Palais de la Pr\u00e9sidence de la R\u00e9publique \u00e0 Abidjan, sous la pr\u00e9sidence de Son Excellence Monsieur Alassane OUATTARA, Pr\u00e9sident de la R\u00e9publique, Chef de l\u2019Etat. L\u2019ordre du jour de cette r\u00e9union comportait les points suivants : A\/-Mesures G\u00e9n\u00e9rales \u2212 [&hellip;]","og_url":"https:\/\/www.amanien.info\/news\/communique-du-conseil-des-ministres-du-20-janvier-le-gouvernement-suspend-la-hausse-du-prix-de-l-huile-de-palme-et-de-la-farine-boulangere\/","og_site_name":"Amanien| L&#039;actualit\u00e9 Ivoirienne et Internationale","article_published_time":"2021-01-24T15:54:48+00:00","article_modified_time":"2021-01-24T15:55:26+00:00","og_image":[{"width":720,"height":480,"url":"https:\/\/www.amanien.info\/news\/wp-content\/uploads\/2020\/11\/thumbnail-9.jpg","type":"image\/jpeg"}],"author":"Germain Ndri","twitter_card":"summary_large_image","twitter_misc":{"\u00c9crit par":"Germain Ndri","Dur\u00e9e de lecture estim\u00e9e":"18 minutes"},"schema":{"@context":"https:\/\/schema.org","@graph":[{"@type":"Article","@id":"https:\/\/www.amanien.info\/news\/communique-du-conseil-des-ministres-du-20-janvier-le-gouvernement-suspend-la-hausse-du-prix-de-l-huile-de-palme-et-de-la-farine-boulangere\/#article","isPartOf":{"@id":"https:\/\/www.amanien.info\/news\/communique-du-conseil-des-ministres-du-20-janvier-le-gouvernement-suspend-la-hausse-du-prix-de-l-huile-de-palme-et-de-la-farine-boulangere\/"},"author":{"name":"Germain Ndri","@id":"https:\/\/www.amanien.info\/news\/#\/schema\/person\/b21093345753a1a98242d505bd894f42"},"headline":"Communiqu\u00e9 du conseil des ministres du 20 janvier: Le gouvernement suspend la hausse du prix de l&rsquo; huile de palme et de la farine boulang\u00e8re","datePublished":"2021-01-24T15:54:48+00:00","dateModified":"2021-01-24T15:55:26+00:00","mainEntityOfPage":{"@id":"https:\/\/www.amanien.info\/news\/communique-du-conseil-des-ministres-du-20-janvier-le-gouvernement-suspend-la-hausse-du-prix-de-l-huile-de-palme-et-de-la-farine-boulangere\/"},"wordCount":3686,"image":{"@id":"https:\/\/www.amanien.info\/news\/communique-du-conseil-des-ministres-du-20-janvier-le-gouvernement-suspend-la-hausse-du-prix-de-l-huile-de-palme-et-de-la-farine-boulangere\/#primaryimage"},"thumbnailUrl":"https:\/\/www.amanien.info\/news\/wp-content\/uploads\/2020\/11\/thumbnail-9.jpg","inLanguage":"fr-FR"},{"@type":"WebPage","@id":"https:\/\/www.amanien.info\/news\/communique-du-conseil-des-ministres-du-20-janvier-le-gouvernement-suspend-la-hausse-du-prix-de-l-huile-de-palme-et-de-la-farine-boulangere\/","url":"https:\/\/www.amanien.info\/news\/communique-du-conseil-des-ministres-du-20-janvier-le-gouvernement-suspend-la-hausse-du-prix-de-l-huile-de-palme-et-de-la-farine-boulangere\/","name":"Communiqu\u00e9 du conseil des ministres du 20 janvier: Le gouvernement suspend la hausse du prix de l' huile de palme et de la farine boulang\u00e8re - Amanien| L&#039;actualit\u00e9 Ivoirienne et Internationale","isPartOf":{"@id":"https:\/\/www.amanien.info\/news\/#website"},"primaryImageOfPage":{"@id":"https:\/\/www.amanien.info\/news\/communique-du-conseil-des-ministres-du-20-janvier-le-gouvernement-suspend-la-hausse-du-prix-de-l-huile-de-palme-et-de-la-farine-boulangere\/#primaryimage"},"image":{"@id":"https:\/\/www.amanien.info\/news\/communique-du-conseil-des-ministres-du-20-janvier-le-gouvernement-suspend-la-hausse-du-prix-de-l-huile-de-palme-et-de-la-farine-boulangere\/#primaryimage"},"thumbnailUrl":"https:\/\/www.amanien.info\/news\/wp-content\/uploads\/2020\/11\/thumbnail-9.jpg","datePublished":"2021-01-24T15:54:48+00:00","dateModified":"2021-01-24T15:55:26+00:00","author":{"@id":"https:\/\/www.amanien.info\/news\/#\/schema\/person\/b21093345753a1a98242d505bd894f42"},"breadcrumb":{"@id":"https:\/\/www.amanien.info\/news\/communique-du-conseil-des-ministres-du-20-janvier-le-gouvernement-suspend-la-hausse-du-prix-de-l-huile-de-palme-et-de-la-farine-boulangere\/#breadcrumb"},"inLanguage":"fr-FR","potentialAction":[{"@type":"ReadAction","target":["https:\/\/www.amanien.info\/news\/communique-du-conseil-des-ministres-du-20-janvier-le-gouvernement-suspend-la-hausse-du-prix-de-l-huile-de-palme-et-de-la-farine-boulangere\/"]}]},{"@type":"ImageObject","inLanguage":"fr-FR","@id":"https:\/\/www.amanien.info\/news\/communique-du-conseil-des-ministres-du-20-janvier-le-gouvernement-suspend-la-hausse-du-prix-de-l-huile-de-palme-et-de-la-farine-boulangere\/#primaryimage","url":"https:\/\/www.amanien.info\/news\/wp-content\/uploads\/2020\/11\/thumbnail-9.jpg","contentUrl":"https:\/\/www.amanien.info\/news\/wp-content\/uploads\/2020\/11\/thumbnail-9.jpg","width":720,"height":480},{"@type":"BreadcrumbList","@id":"https:\/\/www.amanien.info\/news\/communique-du-conseil-des-ministres-du-20-janvier-le-gouvernement-suspend-la-hausse-du-prix-de-l-huile-de-palme-et-de-la-farine-boulangere\/#breadcrumb","itemListElement":[{"@type":"ListItem","position":1,"name":"Accueil","item":"https:\/\/www.amanien.info\/news\/"},{"@type":"ListItem","position":2,"name":"Communiqu\u00e9 du conseil des ministres du 20 janvier: Le gouvernement suspend la hausse du prix de l&rsquo; huile de palme et de la farine boulang\u00e8re"}]},{"@type":"WebSite","@id":"https:\/\/www.amanien.info\/news\/#website","url":"https:\/\/www.amanien.info\/news\/","name":"Amanien| L&#039;actualit\u00e9 Ivoirienne et Internationale","description":"L&#039;actualit\u00e9 Ivoirienne et Internationale","potentialAction":[{"@type":"SearchAction","target":{"@type":"EntryPoint","urlTemplate":"https:\/\/www.amanien.info\/news\/?s={search_term_string}"},"query-input":{"@type":"PropertyValueSpecification","valueRequired":true,"valueName":"search_term_string"}}],"inLanguage":"fr-FR"},{"@type":"Person","@id":"https:\/\/www.amanien.info\/news\/#\/schema\/person\/b21093345753a1a98242d505bd894f42","name":"Germain Ndri","url":"https:\/\/www.amanien.info\/news\/author\/amanien-infos\/"}]}},"_links":{"self":[{"href":"https:\/\/www.amanien.info\/news\/wp-json\/wp\/v2\/posts\/2315","targetHints":{"allow":["GET"]}}],"collection":[{"href":"https:\/\/www.amanien.info\/news\/wp-json\/wp\/v2\/posts"}],"about":[{"href":"https:\/\/www.amanien.info\/news\/wp-json\/wp\/v2\/types\/post"}],"author":[{"embeddable":true,"href":"https:\/\/www.amanien.info\/news\/wp-json\/wp\/v2\/users\/2"}],"replies":[{"embeddable":true,"href":"https:\/\/www.amanien.info\/news\/wp-json\/wp\/v2\/comments?post=2315"}],"version-history":[{"count":0,"href":"https:\/\/www.amanien.info\/news\/wp-json\/wp\/v2\/posts\/2315\/revisions"}],"wp:featuredmedia":[{"embeddable":true,"href":"https:\/\/www.amanien.info\/news\/wp-json\/wp\/v2\/media\/2152"}],"wp:attachment":[{"href":"https:\/\/www.amanien.info\/news\/wp-json\/wp\/v2\/media?parent=2315"}],"wp:term":[{"taxonomy":"category","embeddable":true,"href":"https:\/\/www.amanien.info\/news\/wp-json\/wp\/v2\/categories?post=2315"},{"taxonomy":"post_tag","embeddable":true,"href":"https:\/\/www.amanien.info\/news\/wp-json\/wp\/v2\/tags?post=2315"}],"curies":[{"name":"wp","href":"https:\/\/api.w.org\/{rel}","templated":true}]}}