{"id":2308,"date":"2021-01-19T11:08:14","date_gmt":"2021-01-19T10:08:14","guid":{"rendered":"http:\/\/https:\/\/zozo.buyee.jp\/\/news\/?p=2308"},"modified":"2021-01-19T11:09:16","modified_gmt":"2021-01-19T10:09:16","slug":"menace-dune-seconde-vague-du-covid-19-sylla-lancine-president-apctc-ci-ce-seisme-va-nous-obliger-a-couper-nos-moteurs","status":"publish","type":"post","link":"https:\/\/www.amanien.info\/news\/menace-dune-seconde-vague-du-covid-19-sylla-lancine-president-apctc-ci-ce-seisme-va-nous-obliger-a-couper-nos-moteurs\/","title":{"rendered":"Menace d\u2019une seconde vague du Covid 19 \/ Sylla Lancin\u00e9 pr\u00e9sident APCTC-CI: \u2018\u2019 Ce s\u00e9isme va nous obliger \u00e0 couper nos moteurs\u2019\u2019"},"content":{"rendered":"<p>La seconde vague de la pand\u00e9mie du Coronavirus qui s\u2019annonce comme un s\u00e9isme \u00e9conomique, taraude la qui\u00e9tude des uns et des autres, avec une crainte\u00a0 exacerb\u00e9e chez les transporteurs. \u00a0Ils ne cachent pas leur amertume, depuis le regain de recrudescence en C\u00f4te d\u2019Ivoire depuis un certain temps. En effet, le 16 janvier 2021, \u00e0 son si\u00e8ge \u00e0 Anyama, cit\u00e9 de la cola, Sylla Lancin\u00e9, le pr\u00e9sident de l\u2019Association des propri\u00e9taires et conducteurs de taxis compteurs de C\u00f4te d\u2019Ivoire (APCTC-CI), est mont\u00e9 au cr\u00e9neau pour exprimer tout son d\u00e9sarroi face \u00e0 ce fl\u00e9au mondial. \u00ab (\u2026) Cette fois-ci, ce sera la catastrophe. Nous n\u2019avons pas encore fini de rafistoler les morceaux de l\u2019an dernier, et nous voici au bord de la seconde\u00a0\u00bb, mart\u00e8le -t-il. Avant de fustiger\u00a0: \u00ab (\u2026) Nous avons trop souffert l\u2019ann\u00e9e derni\u00e8re. Nos chauffeurs n\u2019avaient plus de salaires, m\u00eame leur \u2018\u2019 gbr\u00e9\u2019\u2019 (somme quotidiennement empoch\u00e9e par les chauffeurs et qui est diff\u00e9rente de leurs r\u00e9mun\u00e9rations), \u00e9tait menac\u00e9e. Quant aux propri\u00e9taires que nous sommes, c\u2019\u00e9tait le pire, car nos recettes avaient chut\u00e9. On recevait maintenant 7\u00a0000 FCFA contre 17\u00a0000 \u00e0 la recette normale. C\u2019est dire que la sinistrose n\u2019avait \u00e9pargn\u00e9 personne\u00a0\u00bb, souligne l\u2019orateur. Qui a clairement affich\u00e9 son inqui\u00e9tude face \u00e0 cette seconde vague. \u00ab (\u2026) Cette fois, on sera oblig\u00e9 de couper nos moteurs. Car, la fois derni\u00e8re, nous n\u2019avons re\u00e7u aucune aide, ni aucun appui de l\u2019Etat. M\u00eame les r\u00e9ductions annonc\u00e9es sur nos imp\u00f4ts n\u2019\u00e9taient pas respect\u00e9es. Car dans les centres, l\u2019on trouvait toujours quelque chose \u00e0 nous dire et on payait. Bref, on \u00e9tait livr\u00e9 \u00e0 nous-m\u00eames. Vraiment, c\u2019est tr\u00e8s inqui\u00e9tant, et on craint le pire cette ann\u00e9e\u00a0\u00bb, mart\u00e8le Sylla Lancin\u00e9. Qui a souhait\u00e9 que l\u2019Etat trouve d\u2019autres solutions cette ann\u00e9e, en lieu et place de la r\u00e9duction des places dans les v\u00e9hicules. \u00ab (\u2026) Les transporteurs n\u2019arrivent pas vraiment \u00e0 supporter les charges avec les mesures de r\u00e9duction de places. Je pense qu\u2019il faut exiger et insister sur le port obligatoire des masques. Sinon, deux ans de perte nous plongeront dans un gouffre sans fond, et on aura que nos beaux yeux pour pleurer\u00a0\u00bb, note le n\u00b01 de l\u2019Apctc-CI. Il a clos ses propos sur des v\u0153ux de bonne sant\u00e9, de bonheur, de long\u00e9vit\u00e9 et de plein succ\u00e8s pour toute la C\u00f4te d\u2019Ivoire, avec un point d\u2019honneur pour les acteurs du transport terrestre.<\/p>\n<p><strong>Kon\u00e9 Seydou<\/strong><\/p>\n","protected":false},"excerpt":{"rendered":"<p>La seconde vague de la pand\u00e9mie du Coronavirus qui s\u2019annonce comme un s\u00e9isme \u00e9conomique, taraude la qui\u00e9tude des uns et des autres, avec une crainte\u00a0 exacerb\u00e9e chez les transporteurs. \u00a0Ils ne cachent pas leur amertume, depuis le regain de recrudescence en C\u00f4te d\u2019Ivoire depuis un certain temps. En effet, le 16 janvier 2021, \u00e0 son [&hellip;]<\/p>\n","protected":false},"author":2,"featured_media":2309,"comment_status":"closed","ping_status":"closed","sticky":true,"template":"","format":"standard","meta":{"_acf_changed":false,"footnotes":""},"categories":[],"tags":[],"class_list":["post-2308","post","type-post","status-publish","format-standard","has-post-thumbnail","hentry"],"acf":[],"yoast_head":"<!-- This site is optimized with the Yoast SEO plugin v27.5 - https:\/\/yoast.com\/product\/yoast-seo-wordpress\/ -->\n<title>Menace d\u2019une seconde vague du Covid 19 \/ Sylla Lancin\u00e9 pr\u00e9sident APCTC-CI: \u2018\u2019 Ce s\u00e9isme va nous obliger \u00e0 couper nos moteurs\u2019\u2019 - Amanien| L&#039;actualit\u00e9 Ivoirienne et Internationale<\/title>\n<meta name=\"robots\" content=\"index, follow, max-snippet:-1, max-image-preview:large, max-video-preview:-1\" \/>\n<link rel=\"canonical\" href=\"https:\/\/www.amanien.info\/news\/menace-dune-seconde-vague-du-covid-19-sylla-lancine-president-apctc-ci-ce-seisme-va-nous-obliger-a-couper-nos-moteurs\/\" \/>\n<meta property=\"og:locale\" content=\"fr_FR\" \/>\n<meta property=\"og:type\" content=\"article\" \/>\n<meta property=\"og:title\" content=\"Menace d\u2019une seconde vague du Covid 19 \/ Sylla Lancin\u00e9 pr\u00e9sident APCTC-CI: \u2018\u2019 Ce s\u00e9isme va nous obliger \u00e0 couper nos moteurs\u2019\u2019 - Amanien| L&#039;actualit\u00e9 Ivoirienne et Internationale\" \/>\n<meta property=\"og:description\" content=\"La seconde vague de la pand\u00e9mie du Coronavirus qui s\u2019annonce comme un s\u00e9isme \u00e9conomique, taraude la qui\u00e9tude des uns et des autres, avec une crainte\u00a0 exacerb\u00e9e chez les transporteurs. \u00a0Ils ne cachent pas leur amertume, depuis le regain de recrudescence en C\u00f4te d\u2019Ivoire depuis un certain temps. En effet, le 16 janvier 2021, \u00e0 son [&hellip;]\" \/>\n<meta property=\"og:url\" content=\"https:\/\/www.amanien.info\/news\/menace-dune-seconde-vague-du-covid-19-sylla-lancine-president-apctc-ci-ce-seisme-va-nous-obliger-a-couper-nos-moteurs\/\" \/>\n<meta property=\"og:site_name\" content=\"Amanien| L&#039;actualit\u00e9 Ivoirienne et Internationale\" \/>\n<meta property=\"article:published_time\" content=\"2021-01-19T10:08:14+00:00\" \/>\n<meta property=\"article:modified_time\" content=\"2021-01-19T10:09:16+00:00\" \/>\n<meta property=\"og:image\" content=\"https:\/\/www.amanien.info\/news\/wp-content\/uploads\/2021\/01\/thumbnail-9.jpg\" \/>\n\t<meta property=\"og:image:width\" content=\"1080\" \/>\n\t<meta property=\"og:image:height\" content=\"1529\" \/>\n\t<meta property=\"og:image:type\" content=\"image\/jpeg\" \/>\n<meta name=\"author\" content=\"Germain Ndri\" \/>\n<meta name=\"twitter:card\" content=\"summary_large_image\" \/>\n<meta name=\"twitter:label1\" content=\"\u00c9crit par\" \/>\n\t<meta name=\"twitter:data1\" content=\"Germain Ndri\" \/>\n\t<meta name=\"twitter:label2\" content=\"Dur\u00e9e de lecture estim\u00e9e\" \/>\n\t<meta name=\"twitter:data2\" content=\"2 minutes\" \/>\n<script type=\"application\/ld+json\" class=\"yoast-schema-graph\">{\"@context\":\"https:\\\/\\\/schema.org\",\"@graph\":[{\"@type\":\"Article\",\"@id\":\"https:\\\/\\\/www.amanien.info\\\/news\\\/menace-dune-seconde-vague-du-covid-19-sylla-lancine-president-apctc-ci-ce-seisme-va-nous-obliger-a-couper-nos-moteurs\\\/#article\",\"isPartOf\":{\"@id\":\"https:\\\/\\\/www.amanien.info\\\/news\\\/menace-dune-seconde-vague-du-covid-19-sylla-lancine-president-apctc-ci-ce-seisme-va-nous-obliger-a-couper-nos-moteurs\\\/\"},\"author\":{\"name\":\"Germain Ndri\",\"@id\":\"https:\\\/\\\/www.amanien.info\\\/news\\\/#\\\/schema\\\/person\\\/b21093345753a1a98242d505bd894f42\"},\"headline\":\"Menace d\u2019une seconde vague du Covid 19 \\\/ Sylla Lancin\u00e9 pr\u00e9sident APCTC-CI: \u2018\u2019 Ce s\u00e9isme va nous obliger \u00e0 couper nos moteurs\u2019\u2019\",\"datePublished\":\"2021-01-19T10:08:14+00:00\",\"dateModified\":\"2021-01-19T10:09:16+00:00\",\"mainEntityOfPage\":{\"@id\":\"https:\\\/\\\/www.amanien.info\\\/news\\\/menace-dune-seconde-vague-du-covid-19-sylla-lancine-president-apctc-ci-ce-seisme-va-nous-obliger-a-couper-nos-moteurs\\\/\"},\"wordCount\":457,\"image\":{\"@id\":\"https:\\\/\\\/www.amanien.info\\\/news\\\/menace-dune-seconde-vague-du-covid-19-sylla-lancine-president-apctc-ci-ce-seisme-va-nous-obliger-a-couper-nos-moteurs\\\/#primaryimage\"},\"thumbnailUrl\":\"https:\\\/\\\/www.amanien.info\\\/news\\\/wp-content\\\/uploads\\\/2021\\\/01\\\/thumbnail-9.jpg\",\"inLanguage\":\"fr-FR\"},{\"@type\":\"WebPage\",\"@id\":\"https:\\\/\\\/www.amanien.info\\\/news\\\/menace-dune-seconde-vague-du-covid-19-sylla-lancine-president-apctc-ci-ce-seisme-va-nous-obliger-a-couper-nos-moteurs\\\/\",\"url\":\"https:\\\/\\\/www.amanien.info\\\/news\\\/menace-dune-seconde-vague-du-covid-19-sylla-lancine-president-apctc-ci-ce-seisme-va-nous-obliger-a-couper-nos-moteurs\\\/\",\"name\":\"Menace d\u2019une seconde vague du Covid 19 \\\/ Sylla Lancin\u00e9 pr\u00e9sident APCTC-CI: \u2018\u2019 Ce s\u00e9isme va nous obliger \u00e0 couper nos moteurs\u2019\u2019 - Amanien| L&#039;actualit\u00e9 Ivoirienne et Internationale\",\"isPartOf\":{\"@id\":\"https:\\\/\\\/www.amanien.info\\\/news\\\/#website\"},\"primaryImageOfPage\":{\"@id\":\"https:\\\/\\\/www.amanien.info\\\/news\\\/menace-dune-seconde-vague-du-covid-19-sylla-lancine-president-apctc-ci-ce-seisme-va-nous-obliger-a-couper-nos-moteurs\\\/#primaryimage\"},\"image\":{\"@id\":\"https:\\\/\\\/www.amanien.info\\\/news\\\/menace-dune-seconde-vague-du-covid-19-sylla-lancine-president-apctc-ci-ce-seisme-va-nous-obliger-a-couper-nos-moteurs\\\/#primaryimage\"},\"thumbnailUrl\":\"https:\\\/\\\/www.amanien.info\\\/news\\\/wp-content\\\/uploads\\\/2021\\\/01\\\/thumbnail-9.jpg\",\"datePublished\":\"2021-01-19T10:08:14+00:00\",\"dateModified\":\"2021-01-19T10:09:16+00:00\",\"author\":{\"@id\":\"https:\\\/\\\/www.amanien.info\\\/news\\\/#\\\/schema\\\/person\\\/b21093345753a1a98242d505bd894f42\"},\"breadcrumb\":{\"@id\":\"https:\\\/\\\/www.amanien.info\\\/news\\\/menace-dune-seconde-vague-du-covid-19-sylla-lancine-president-apctc-ci-ce-seisme-va-nous-obliger-a-couper-nos-moteurs\\\/#breadcrumb\"},\"inLanguage\":\"fr-FR\",\"potentialAction\":[{\"@type\":\"ReadAction\",\"target\":[\"https:\\\/\\\/www.amanien.info\\\/news\\\/menace-dune-seconde-vague-du-covid-19-sylla-lancine-president-apctc-ci-ce-seisme-va-nous-obliger-a-couper-nos-moteurs\\\/\"]}]},{\"@type\":\"ImageObject\",\"inLanguage\":\"fr-FR\",\"@id\":\"https:\\\/\\\/www.amanien.info\\\/news\\\/menace-dune-seconde-vague-du-covid-19-sylla-lancine-president-apctc-ci-ce-seisme-va-nous-obliger-a-couper-nos-moteurs\\\/#primaryimage\",\"url\":\"https:\\\/\\\/www.amanien.info\\\/news\\\/wp-content\\\/uploads\\\/2021\\\/01\\\/thumbnail-9.jpg\",\"contentUrl\":\"https:\\\/\\\/www.amanien.info\\\/news\\\/wp-content\\\/uploads\\\/2021\\\/01\\\/thumbnail-9.jpg\",\"width\":1080,\"height\":1529},{\"@type\":\"BreadcrumbList\",\"@id\":\"https:\\\/\\\/www.amanien.info\\\/news\\\/menace-dune-seconde-vague-du-covid-19-sylla-lancine-president-apctc-ci-ce-seisme-va-nous-obliger-a-couper-nos-moteurs\\\/#breadcrumb\",\"itemListElement\":[{\"@type\":\"ListItem\",\"position\":1,\"name\":\"Accueil\",\"item\":\"https:\\\/\\\/www.amanien.info\\\/news\\\/\"},{\"@type\":\"ListItem\",\"position\":2,\"name\":\"Menace d\u2019une seconde vague du Covid 19 \\\/ Sylla Lancin\u00e9 pr\u00e9sident APCTC-CI: \u2018\u2019 Ce s\u00e9isme va nous obliger \u00e0 couper nos moteurs\u2019\u2019\"}]},{\"@type\":\"WebSite\",\"@id\":\"https:\\\/\\\/www.amanien.info\\\/news\\\/#website\",\"url\":\"https:\\\/\\\/www.amanien.info\\\/news\\\/\",\"name\":\"Amanien| L&#039;actualit\u00e9 Ivoirienne et Internationale\",\"description\":\"L&#039;actualit\u00e9 Ivoirienne et Internationale\",\"potentialAction\":[{\"@type\":\"SearchAction\",\"target\":{\"@type\":\"EntryPoint\",\"urlTemplate\":\"https:\\\/\\\/www.amanien.info\\\/news\\\/?s={search_term_string}\"},\"query-input\":{\"@type\":\"PropertyValueSpecification\",\"valueRequired\":true,\"valueName\":\"search_term_string\"}}],\"inLanguage\":\"fr-FR\"},{\"@type\":\"Person\",\"@id\":\"https:\\\/\\\/www.amanien.info\\\/news\\\/#\\\/schema\\\/person\\\/b21093345753a1a98242d505bd894f42\",\"name\":\"Germain Ndri\",\"url\":\"https:\\\/\\\/www.amanien.info\\\/news\\\/author\\\/amanien-infos\\\/\"}]}<\/script>\n<!-- \/ Yoast SEO plugin. -->","yoast_head_json":{"title":"Menace d\u2019une seconde vague du Covid 19 \/ Sylla Lancin\u00e9 pr\u00e9sident APCTC-CI: \u2018\u2019 Ce s\u00e9isme va nous obliger \u00e0 couper nos moteurs\u2019\u2019 - Amanien| L&#039;actualit\u00e9 Ivoirienne et Internationale","robots":{"index":"index","follow":"follow","max-snippet":"max-snippet:-1","max-image-preview":"max-image-preview:large","max-video-preview":"max-video-preview:-1"},"canonical":"https:\/\/www.amanien.info\/news\/menace-dune-seconde-vague-du-covid-19-sylla-lancine-president-apctc-ci-ce-seisme-va-nous-obliger-a-couper-nos-moteurs\/","og_locale":"fr_FR","og_type":"article","og_title":"Menace d\u2019une seconde vague du Covid 19 \/ Sylla Lancin\u00e9 pr\u00e9sident APCTC-CI: \u2018\u2019 Ce s\u00e9isme va nous obliger \u00e0 couper nos moteurs\u2019\u2019 - Amanien| L&#039;actualit\u00e9 Ivoirienne et Internationale","og_description":"La seconde vague de la pand\u00e9mie du Coronavirus qui s\u2019annonce comme un s\u00e9isme \u00e9conomique, taraude la qui\u00e9tude des uns et des autres, avec une crainte\u00a0 exacerb\u00e9e chez les transporteurs. \u00a0Ils ne cachent pas leur amertume, depuis le regain de recrudescence en C\u00f4te d\u2019Ivoire depuis un certain temps. En effet, le 16 janvier 2021, \u00e0 son [&hellip;]","og_url":"https:\/\/www.amanien.info\/news\/menace-dune-seconde-vague-du-covid-19-sylla-lancine-president-apctc-ci-ce-seisme-va-nous-obliger-a-couper-nos-moteurs\/","og_site_name":"Amanien| L&#039;actualit\u00e9 Ivoirienne et Internationale","article_published_time":"2021-01-19T10:08:14+00:00","article_modified_time":"2021-01-19T10:09:16+00:00","og_image":[{"width":1080,"height":1529,"url":"https:\/\/www.amanien.info\/news\/wp-content\/uploads\/2021\/01\/thumbnail-9.jpg","type":"image\/jpeg"}],"author":"Germain Ndri","twitter_card":"summary_large_image","twitter_misc":{"\u00c9crit par":"Germain Ndri","Dur\u00e9e de lecture estim\u00e9e":"2 minutes"},"schema":{"@context":"https:\/\/schema.org","@graph":[{"@type":"Article","@id":"https:\/\/www.amanien.info\/news\/menace-dune-seconde-vague-du-covid-19-sylla-lancine-president-apctc-ci-ce-seisme-va-nous-obliger-a-couper-nos-moteurs\/#article","isPartOf":{"@id":"https:\/\/www.amanien.info\/news\/menace-dune-seconde-vague-du-covid-19-sylla-lancine-president-apctc-ci-ce-seisme-va-nous-obliger-a-couper-nos-moteurs\/"},"author":{"name":"Germain Ndri","@id":"https:\/\/www.amanien.info\/news\/#\/schema\/person\/b21093345753a1a98242d505bd894f42"},"headline":"Menace d\u2019une seconde vague du Covid 19 \/ Sylla Lancin\u00e9 pr\u00e9sident APCTC-CI: \u2018\u2019 Ce s\u00e9isme va nous obliger \u00e0 couper nos moteurs\u2019\u2019","datePublished":"2021-01-19T10:08:14+00:00","dateModified":"2021-01-19T10:09:16+00:00","mainEntityOfPage":{"@id":"https:\/\/www.amanien.info\/news\/menace-dune-seconde-vague-du-covid-19-sylla-lancine-president-apctc-ci-ce-seisme-va-nous-obliger-a-couper-nos-moteurs\/"},"wordCount":457,"image":{"@id":"https:\/\/www.amanien.info\/news\/menace-dune-seconde-vague-du-covid-19-sylla-lancine-president-apctc-ci-ce-seisme-va-nous-obliger-a-couper-nos-moteurs\/#primaryimage"},"thumbnailUrl":"https:\/\/www.amanien.info\/news\/wp-content\/uploads\/2021\/01\/thumbnail-9.jpg","inLanguage":"fr-FR"},{"@type":"WebPage","@id":"https:\/\/www.amanien.info\/news\/menace-dune-seconde-vague-du-covid-19-sylla-lancine-president-apctc-ci-ce-seisme-va-nous-obliger-a-couper-nos-moteurs\/","url":"https:\/\/www.amanien.info\/news\/menace-dune-seconde-vague-du-covid-19-sylla-lancine-president-apctc-ci-ce-seisme-va-nous-obliger-a-couper-nos-moteurs\/","name":"Menace d\u2019une seconde vague du Covid 19 \/ Sylla Lancin\u00e9 pr\u00e9sident APCTC-CI: \u2018\u2019 Ce s\u00e9isme va nous obliger \u00e0 couper nos moteurs\u2019\u2019 - Amanien| L&#039;actualit\u00e9 Ivoirienne et Internationale","isPartOf":{"@id":"https:\/\/www.amanien.info\/news\/#website"},"primaryImageOfPage":{"@id":"https:\/\/www.amanien.info\/news\/menace-dune-seconde-vague-du-covid-19-sylla-lancine-president-apctc-ci-ce-seisme-va-nous-obliger-a-couper-nos-moteurs\/#primaryimage"},"image":{"@id":"https:\/\/www.amanien.info\/news\/menace-dune-seconde-vague-du-covid-19-sylla-lancine-president-apctc-ci-ce-seisme-va-nous-obliger-a-couper-nos-moteurs\/#primaryimage"},"thumbnailUrl":"https:\/\/www.amanien.info\/news\/wp-content\/uploads\/2021\/01\/thumbnail-9.jpg","datePublished":"2021-01-19T10:08:14+00:00","dateModified":"2021-01-19T10:09:16+00:00","author":{"@id":"https:\/\/www.amanien.info\/news\/#\/schema\/person\/b21093345753a1a98242d505bd894f42"},"breadcrumb":{"@id":"https:\/\/www.amanien.info\/news\/menace-dune-seconde-vague-du-covid-19-sylla-lancine-president-apctc-ci-ce-seisme-va-nous-obliger-a-couper-nos-moteurs\/#breadcrumb"},"inLanguage":"fr-FR","potentialAction":[{"@type":"ReadAction","target":["https:\/\/www.amanien.info\/news\/menace-dune-seconde-vague-du-covid-19-sylla-lancine-president-apctc-ci-ce-seisme-va-nous-obliger-a-couper-nos-moteurs\/"]}]},{"@type":"ImageObject","inLanguage":"fr-FR","@id":"https:\/\/www.amanien.info\/news\/menace-dune-seconde-vague-du-covid-19-sylla-lancine-president-apctc-ci-ce-seisme-va-nous-obliger-a-couper-nos-moteurs\/#primaryimage","url":"https:\/\/www.amanien.info\/news\/wp-content\/uploads\/2021\/01\/thumbnail-9.jpg","contentUrl":"https:\/\/www.amanien.info\/news\/wp-content\/uploads\/2021\/01\/thumbnail-9.jpg","width":1080,"height":1529},{"@type":"BreadcrumbList","@id":"https:\/\/www.amanien.info\/news\/menace-dune-seconde-vague-du-covid-19-sylla-lancine-president-apctc-ci-ce-seisme-va-nous-obliger-a-couper-nos-moteurs\/#breadcrumb","itemListElement":[{"@type":"ListItem","position":1,"name":"Accueil","item":"https:\/\/www.amanien.info\/news\/"},{"@type":"ListItem","position":2,"name":"Menace d\u2019une seconde vague du Covid 19 \/ Sylla Lancin\u00e9 pr\u00e9sident APCTC-CI: \u2018\u2019 Ce s\u00e9isme va nous obliger \u00e0 couper nos moteurs\u2019\u2019"}]},{"@type":"WebSite","@id":"https:\/\/www.amanien.info\/news\/#website","url":"https:\/\/www.amanien.info\/news\/","name":"Amanien| L&#039;actualit\u00e9 Ivoirienne et Internationale","description":"L&#039;actualit\u00e9 Ivoirienne et Internationale","potentialAction":[{"@type":"SearchAction","target":{"@type":"EntryPoint","urlTemplate":"https:\/\/www.amanien.info\/news\/?s={search_term_string}"},"query-input":{"@type":"PropertyValueSpecification","valueRequired":true,"valueName":"search_term_string"}}],"inLanguage":"fr-FR"},{"@type":"Person","@id":"https:\/\/www.amanien.info\/news\/#\/schema\/person\/b21093345753a1a98242d505bd894f42","name":"Germain Ndri","url":"https:\/\/www.amanien.info\/news\/author\/amanien-infos\/"}]}},"_links":{"self":[{"href":"https:\/\/www.amanien.info\/news\/wp-json\/wp\/v2\/posts\/2308","targetHints":{"allow":["GET"]}}],"collection":[{"href":"https:\/\/www.amanien.info\/news\/wp-json\/wp\/v2\/posts"}],"about":[{"href":"https:\/\/www.amanien.info\/news\/wp-json\/wp\/v2\/types\/post"}],"author":[{"embeddable":true,"href":"https:\/\/www.amanien.info\/news\/wp-json\/wp\/v2\/users\/2"}],"replies":[{"embeddable":true,"href":"https:\/\/www.amanien.info\/news\/wp-json\/wp\/v2\/comments?post=2308"}],"version-history":[{"count":0,"href":"https:\/\/www.amanien.info\/news\/wp-json\/wp\/v2\/posts\/2308\/revisions"}],"wp:featuredmedia":[{"embeddable":true,"href":"https:\/\/www.amanien.info\/news\/wp-json\/wp\/v2\/media\/2309"}],"wp:attachment":[{"href":"https:\/\/www.amanien.info\/news\/wp-json\/wp\/v2\/media?parent=2308"}],"wp:term":[{"taxonomy":"category","embeddable":true,"href":"https:\/\/www.amanien.info\/news\/wp-json\/wp\/v2\/categories?post=2308"},{"taxonomy":"post_tag","embeddable":true,"href":"https:\/\/www.amanien.info\/news\/wp-json\/wp\/v2\/tags?post=2308"}],"curies":[{"name":"wp","href":"https:\/\/api.w.org\/{rel}","templated":true}]}}