{"id":2305,"date":"2021-01-19T11:05:01","date_gmt":"2021-01-19T10:05:01","guid":{"rendered":"http:\/\/https:\/\/zozo.buyee.jp\/\/news\/?p=2305"},"modified":"2021-01-19T11:05:19","modified_gmt":"2021-01-19T10:05:19","slug":"coronavirus-assistance-aux-acteurs-du-transport-un-responsable-de-structure-crie-a-lexclusion","status":"publish","type":"post","link":"https:\/\/www.amanien.info\/news\/coronavirus-assistance-aux-acteurs-du-transport-un-responsable-de-structure-crie-a-lexclusion\/","title":{"rendered":"Coronavirus \/ Assistance aux acteurs du transport: Un responsable de structure crie \u00e0 l\u2019exclusion"},"content":{"rendered":"<p>Alors qu\u2019on la conjuguait au pass\u00e9 depuis un certain temps, la pand\u00e9mie du Coronavirus refait surface de plus belle. A l\u2019instar de la premi\u00e8re vague, celle -ci est s\u00e9rieuse et inqui\u00e8te. D\u2019o\u00f9 des mesures pr\u00e9ventives pourraient \u00eatre prises. De m\u00eame que des appuis pourraient \u00eatre apport\u00e9s aux diff\u00e9rents segments de la soci\u00e9t\u00e9 au cas o\u00f9 cette pand\u00e9mie arrivait \u00e0 bloquer toutes les activit\u00e9s comme ce fut le cas l\u2019an dernier. Mais d\u00e9j\u00e0, des responsables de structures remuent les brancards pour ne pas faire partie des grands oubli\u00e9s. C\u2019est le cas de Kon\u00e9 Fran\u00e7ois, pr\u00e9sident de l\u2019Association pour les devoirs et droits des chauffeurs (Addc). En effet, animant une conf\u00e9rence de presse le 14 janvier dernier, Kon\u00e9 Fran\u00e7ois a clairement signifi\u00e9 qu\u2019aucun membre de sa structure n\u2019a b\u00e9n\u00e9fici\u00e9 d\u2019aucun appui de l\u2019Etat l\u2019ann\u00e9e derni\u00e8re. \u00ab (\u2026) Vivant d\u00e9j\u00e0 dans des conditions d\u00e9risoires et pr\u00e9caires du fait du manque de salaire pour certains et de maigres salaires pour d\u2019autres, les chauffeurs, surpris d\u2019ailleurs comme tout le monde par cette pand\u00e9mie, ont \u00e9t\u00e9 d\u00e9boussol\u00e9s. Livr\u00e9s pantois \u00e0 eux-m\u00eames, ils n\u2019ont eu leurs pauvres yeux pour constater les incalculables d\u00e9g\u00e2ts. Nous en avons pay\u00e9 le plus lourd tribu\u00a0\u00bb, regrette-t-il. Et de poursuivre\u00a0:\u00a0\u00ab\u00a0(\u2026) Par la suite, on va \u00eatre inform\u00e9 du programme social du gouvernement. Mais en d\u00e9pit de tous les courriers que nous avons adress\u00e9s \u00e0 plusieurs minist\u00e8res, y compris la Primature sous feu Amadou Gon Coulibaly, et actuellement Hamed Bakayoko, nous n\u2019avons eu aucun \u00e9cho favorable\u00a0\u00bb, a r\u00e9v\u00e9l\u00e9 le conf\u00e9rencier. Qui a souhait\u00e9 que la sinistrose s\u2019\u00e9loigne de toute la C\u00f4te d\u2019Ivoire cette ann\u00e9e. Cependant, il a expliqu\u00e9 que si ce n\u2019est pas le cas, qu\u2019il faudrait que les chauffeurs b\u00e9n\u00e9ficient d\u2019appuis et de soutiens cette fois-ci. Kon\u00e9 Fran\u00e7ois a aussi plaid\u00e9 \u00e0 ce que le ministre s\u2019implique personnellement dans l\u2019am\u00e9lioration des conditions de vie des chauffeurs. \u00ab (\u2026) Monsieur le ministre, la v\u00e9rit\u00e9 est ailleurs. Tour ce qu\u2019on pourrait vous dire, n\u2019est que la face iceberg de la chose. En r\u00e9alit\u00e9, la corporation des chauffeurs est agonisante, elle se meurt au file des ans. Nous n\u2019avons aucun n encadrement.\u00a0 Nous sommes les parents pauvres du secteur. Il faut vraiment que vous vous impliquez dans la revalorisation de notre secteur\u00a0\u00bb, plaide l\u2019orateur. Qui a une fois de plus souhait\u00e9 que la Covid aille tr\u00e8s loin de la C\u00f4te d\u2019Ivoire.<\/p>\n<p><strong>Kon\u00e9 Seydou<\/strong><\/p>\n","protected":false},"excerpt":{"rendered":"<p>Alors qu\u2019on la conjuguait au pass\u00e9 depuis un certain temps, la pand\u00e9mie du Coronavirus refait surface de plus belle. A l\u2019instar de la premi\u00e8re vague, celle -ci est s\u00e9rieuse et inqui\u00e8te. D\u2019o\u00f9 des mesures pr\u00e9ventives pourraient \u00eatre prises. De m\u00eame que des appuis pourraient \u00eatre apport\u00e9s aux diff\u00e9rents segments de la soci\u00e9t\u00e9 au cas o\u00f9 [&hellip;]<\/p>\n","protected":false},"author":2,"featured_media":2306,"comment_status":"closed","ping_status":"closed","sticky":true,"template":"","format":"standard","meta":{"_acf_changed":false,"footnotes":""},"categories":[],"tags":[],"class_list":["post-2305","post","type-post","status-publish","format-standard","has-post-thumbnail","hentry"],"acf":[],"yoast_head":"<!-- This site is optimized with the Yoast SEO plugin v27.5 - https:\/\/yoast.com\/product\/yoast-seo-wordpress\/ -->\n<title>Coronavirus \/ Assistance aux acteurs du transport: Un responsable de structure crie \u00e0 l\u2019exclusion - Amanien| L&#039;actualit\u00e9 Ivoirienne et Internationale<\/title>\n<meta name=\"robots\" content=\"index, follow, max-snippet:-1, max-image-preview:large, max-video-preview:-1\" \/>\n<link rel=\"canonical\" href=\"https:\/\/www.amanien.info\/news\/coronavirus-assistance-aux-acteurs-du-transport-un-responsable-de-structure-crie-a-lexclusion\/\" \/>\n<meta property=\"og:locale\" content=\"fr_FR\" \/>\n<meta property=\"og:type\" content=\"article\" \/>\n<meta property=\"og:title\" content=\"Coronavirus \/ Assistance aux acteurs du transport: Un responsable de structure crie \u00e0 l\u2019exclusion - Amanien| L&#039;actualit\u00e9 Ivoirienne et Internationale\" \/>\n<meta property=\"og:description\" content=\"Alors qu\u2019on la conjuguait au pass\u00e9 depuis un certain temps, la pand\u00e9mie du Coronavirus refait surface de plus belle. A l\u2019instar de la premi\u00e8re vague, celle -ci est s\u00e9rieuse et inqui\u00e8te. D\u2019o\u00f9 des mesures pr\u00e9ventives pourraient \u00eatre prises. De m\u00eame que des appuis pourraient \u00eatre apport\u00e9s aux diff\u00e9rents segments de la soci\u00e9t\u00e9 au cas o\u00f9 [&hellip;]\" \/>\n<meta property=\"og:url\" content=\"https:\/\/www.amanien.info\/news\/coronavirus-assistance-aux-acteurs-du-transport-un-responsable-de-structure-crie-a-lexclusion\/\" \/>\n<meta property=\"og:site_name\" content=\"Amanien| L&#039;actualit\u00e9 Ivoirienne et Internationale\" \/>\n<meta property=\"article:published_time\" content=\"2021-01-19T10:05:01+00:00\" \/>\n<meta property=\"article:modified_time\" content=\"2021-01-19T10:05:19+00:00\" \/>\n<meta property=\"og:image\" content=\"https:\/\/www.amanien.info\/news\/wp-content\/uploads\/2021\/01\/thumbnail-8.jpg\" \/>\n\t<meta property=\"og:image:width\" content=\"810\" \/>\n\t<meta property=\"og:image:height\" content=\"1080\" \/>\n\t<meta property=\"og:image:type\" content=\"image\/jpeg\" \/>\n<meta name=\"author\" content=\"Germain Ndri\" \/>\n<meta name=\"twitter:card\" content=\"summary_large_image\" \/>\n<meta name=\"twitter:label1\" content=\"\u00c9crit par\" \/>\n\t<meta name=\"twitter:data1\" content=\"Germain Ndri\" \/>\n\t<meta name=\"twitter:label2\" content=\"Dur\u00e9e de lecture estim\u00e9e\" \/>\n\t<meta name=\"twitter:data2\" content=\"2 minutes\" \/>\n<script type=\"application\/ld+json\" class=\"yoast-schema-graph\">{\"@context\":\"https:\\\/\\\/schema.org\",\"@graph\":[{\"@type\":\"Article\",\"@id\":\"https:\\\/\\\/www.amanien.info\\\/news\\\/coronavirus-assistance-aux-acteurs-du-transport-un-responsable-de-structure-crie-a-lexclusion\\\/#article\",\"isPartOf\":{\"@id\":\"https:\\\/\\\/www.amanien.info\\\/news\\\/coronavirus-assistance-aux-acteurs-du-transport-un-responsable-de-structure-crie-a-lexclusion\\\/\"},\"author\":{\"name\":\"Germain Ndri\",\"@id\":\"https:\\\/\\\/www.amanien.info\\\/news\\\/#\\\/schema\\\/person\\\/b21093345753a1a98242d505bd894f42\"},\"headline\":\"Coronavirus \\\/ Assistance aux acteurs du transport: Un responsable de structure crie \u00e0 l\u2019exclusion\",\"datePublished\":\"2021-01-19T10:05:01+00:00\",\"dateModified\":\"2021-01-19T10:05:19+00:00\",\"mainEntityOfPage\":{\"@id\":\"https:\\\/\\\/www.amanien.info\\\/news\\\/coronavirus-assistance-aux-acteurs-du-transport-un-responsable-de-structure-crie-a-lexclusion\\\/\"},\"wordCount\":466,\"image\":{\"@id\":\"https:\\\/\\\/www.amanien.info\\\/news\\\/coronavirus-assistance-aux-acteurs-du-transport-un-responsable-de-structure-crie-a-lexclusion\\\/#primaryimage\"},\"thumbnailUrl\":\"https:\\\/\\\/www.amanien.info\\\/news\\\/wp-content\\\/uploads\\\/2021\\\/01\\\/thumbnail-8.jpg\",\"inLanguage\":\"fr-FR\"},{\"@type\":\"WebPage\",\"@id\":\"https:\\\/\\\/www.amanien.info\\\/news\\\/coronavirus-assistance-aux-acteurs-du-transport-un-responsable-de-structure-crie-a-lexclusion\\\/\",\"url\":\"https:\\\/\\\/www.amanien.info\\\/news\\\/coronavirus-assistance-aux-acteurs-du-transport-un-responsable-de-structure-crie-a-lexclusion\\\/\",\"name\":\"Coronavirus \\\/ Assistance aux acteurs du transport: Un responsable de structure crie \u00e0 l\u2019exclusion - Amanien| L&#039;actualit\u00e9 Ivoirienne et Internationale\",\"isPartOf\":{\"@id\":\"https:\\\/\\\/www.amanien.info\\\/news\\\/#website\"},\"primaryImageOfPage\":{\"@id\":\"https:\\\/\\\/www.amanien.info\\\/news\\\/coronavirus-assistance-aux-acteurs-du-transport-un-responsable-de-structure-crie-a-lexclusion\\\/#primaryimage\"},\"image\":{\"@id\":\"https:\\\/\\\/www.amanien.info\\\/news\\\/coronavirus-assistance-aux-acteurs-du-transport-un-responsable-de-structure-crie-a-lexclusion\\\/#primaryimage\"},\"thumbnailUrl\":\"https:\\\/\\\/www.amanien.info\\\/news\\\/wp-content\\\/uploads\\\/2021\\\/01\\\/thumbnail-8.jpg\",\"datePublished\":\"2021-01-19T10:05:01+00:00\",\"dateModified\":\"2021-01-19T10:05:19+00:00\",\"author\":{\"@id\":\"https:\\\/\\\/www.amanien.info\\\/news\\\/#\\\/schema\\\/person\\\/b21093345753a1a98242d505bd894f42\"},\"breadcrumb\":{\"@id\":\"https:\\\/\\\/www.amanien.info\\\/news\\\/coronavirus-assistance-aux-acteurs-du-transport-un-responsable-de-structure-crie-a-lexclusion\\\/#breadcrumb\"},\"inLanguage\":\"fr-FR\",\"potentialAction\":[{\"@type\":\"ReadAction\",\"target\":[\"https:\\\/\\\/www.amanien.info\\\/news\\\/coronavirus-assistance-aux-acteurs-du-transport-un-responsable-de-structure-crie-a-lexclusion\\\/\"]}]},{\"@type\":\"ImageObject\",\"inLanguage\":\"fr-FR\",\"@id\":\"https:\\\/\\\/www.amanien.info\\\/news\\\/coronavirus-assistance-aux-acteurs-du-transport-un-responsable-de-structure-crie-a-lexclusion\\\/#primaryimage\",\"url\":\"https:\\\/\\\/www.amanien.info\\\/news\\\/wp-content\\\/uploads\\\/2021\\\/01\\\/thumbnail-8.jpg\",\"contentUrl\":\"https:\\\/\\\/www.amanien.info\\\/news\\\/wp-content\\\/uploads\\\/2021\\\/01\\\/thumbnail-8.jpg\",\"width\":810,\"height\":1080},{\"@type\":\"BreadcrumbList\",\"@id\":\"https:\\\/\\\/www.amanien.info\\\/news\\\/coronavirus-assistance-aux-acteurs-du-transport-un-responsable-de-structure-crie-a-lexclusion\\\/#breadcrumb\",\"itemListElement\":[{\"@type\":\"ListItem\",\"position\":1,\"name\":\"Accueil\",\"item\":\"https:\\\/\\\/www.amanien.info\\\/news\\\/\"},{\"@type\":\"ListItem\",\"position\":2,\"name\":\"Coronavirus \\\/ Assistance aux acteurs du transport: Un responsable de structure crie \u00e0 l\u2019exclusion\"}]},{\"@type\":\"WebSite\",\"@id\":\"https:\\\/\\\/www.amanien.info\\\/news\\\/#website\",\"url\":\"https:\\\/\\\/www.amanien.info\\\/news\\\/\",\"name\":\"Amanien| L&#039;actualit\u00e9 Ivoirienne et Internationale\",\"description\":\"L&#039;actualit\u00e9 Ivoirienne et Internationale\",\"potentialAction\":[{\"@type\":\"SearchAction\",\"target\":{\"@type\":\"EntryPoint\",\"urlTemplate\":\"https:\\\/\\\/www.amanien.info\\\/news\\\/?s={search_term_string}\"},\"query-input\":{\"@type\":\"PropertyValueSpecification\",\"valueRequired\":true,\"valueName\":\"search_term_string\"}}],\"inLanguage\":\"fr-FR\"},{\"@type\":\"Person\",\"@id\":\"https:\\\/\\\/www.amanien.info\\\/news\\\/#\\\/schema\\\/person\\\/b21093345753a1a98242d505bd894f42\",\"name\":\"Germain Ndri\",\"url\":\"https:\\\/\\\/www.amanien.info\\\/news\\\/author\\\/amanien-infos\\\/\"}]}<\/script>\n<!-- \/ Yoast SEO plugin. -->","yoast_head_json":{"title":"Coronavirus \/ Assistance aux acteurs du transport: Un responsable de structure crie \u00e0 l\u2019exclusion - Amanien| L&#039;actualit\u00e9 Ivoirienne et Internationale","robots":{"index":"index","follow":"follow","max-snippet":"max-snippet:-1","max-image-preview":"max-image-preview:large","max-video-preview":"max-video-preview:-1"},"canonical":"https:\/\/www.amanien.info\/news\/coronavirus-assistance-aux-acteurs-du-transport-un-responsable-de-structure-crie-a-lexclusion\/","og_locale":"fr_FR","og_type":"article","og_title":"Coronavirus \/ Assistance aux acteurs du transport: Un responsable de structure crie \u00e0 l\u2019exclusion - Amanien| L&#039;actualit\u00e9 Ivoirienne et Internationale","og_description":"Alors qu\u2019on la conjuguait au pass\u00e9 depuis un certain temps, la pand\u00e9mie du Coronavirus refait surface de plus belle. A l\u2019instar de la premi\u00e8re vague, celle -ci est s\u00e9rieuse et inqui\u00e8te. D\u2019o\u00f9 des mesures pr\u00e9ventives pourraient \u00eatre prises. De m\u00eame que des appuis pourraient \u00eatre apport\u00e9s aux diff\u00e9rents segments de la soci\u00e9t\u00e9 au cas o\u00f9 [&hellip;]","og_url":"https:\/\/www.amanien.info\/news\/coronavirus-assistance-aux-acteurs-du-transport-un-responsable-de-structure-crie-a-lexclusion\/","og_site_name":"Amanien| L&#039;actualit\u00e9 Ivoirienne et Internationale","article_published_time":"2021-01-19T10:05:01+00:00","article_modified_time":"2021-01-19T10:05:19+00:00","og_image":[{"width":810,"height":1080,"url":"https:\/\/www.amanien.info\/news\/wp-content\/uploads\/2021\/01\/thumbnail-8.jpg","type":"image\/jpeg"}],"author":"Germain Ndri","twitter_card":"summary_large_image","twitter_misc":{"\u00c9crit par":"Germain Ndri","Dur\u00e9e de lecture estim\u00e9e":"2 minutes"},"schema":{"@context":"https:\/\/schema.org","@graph":[{"@type":"Article","@id":"https:\/\/www.amanien.info\/news\/coronavirus-assistance-aux-acteurs-du-transport-un-responsable-de-structure-crie-a-lexclusion\/#article","isPartOf":{"@id":"https:\/\/www.amanien.info\/news\/coronavirus-assistance-aux-acteurs-du-transport-un-responsable-de-structure-crie-a-lexclusion\/"},"author":{"name":"Germain Ndri","@id":"https:\/\/www.amanien.info\/news\/#\/schema\/person\/b21093345753a1a98242d505bd894f42"},"headline":"Coronavirus \/ Assistance aux acteurs du transport: Un responsable de structure crie \u00e0 l\u2019exclusion","datePublished":"2021-01-19T10:05:01+00:00","dateModified":"2021-01-19T10:05:19+00:00","mainEntityOfPage":{"@id":"https:\/\/www.amanien.info\/news\/coronavirus-assistance-aux-acteurs-du-transport-un-responsable-de-structure-crie-a-lexclusion\/"},"wordCount":466,"image":{"@id":"https:\/\/www.amanien.info\/news\/coronavirus-assistance-aux-acteurs-du-transport-un-responsable-de-structure-crie-a-lexclusion\/#primaryimage"},"thumbnailUrl":"https:\/\/www.amanien.info\/news\/wp-content\/uploads\/2021\/01\/thumbnail-8.jpg","inLanguage":"fr-FR"},{"@type":"WebPage","@id":"https:\/\/www.amanien.info\/news\/coronavirus-assistance-aux-acteurs-du-transport-un-responsable-de-structure-crie-a-lexclusion\/","url":"https:\/\/www.amanien.info\/news\/coronavirus-assistance-aux-acteurs-du-transport-un-responsable-de-structure-crie-a-lexclusion\/","name":"Coronavirus \/ Assistance aux acteurs du transport: Un responsable de structure crie \u00e0 l\u2019exclusion - Amanien| L&#039;actualit\u00e9 Ivoirienne et Internationale","isPartOf":{"@id":"https:\/\/www.amanien.info\/news\/#website"},"primaryImageOfPage":{"@id":"https:\/\/www.amanien.info\/news\/coronavirus-assistance-aux-acteurs-du-transport-un-responsable-de-structure-crie-a-lexclusion\/#primaryimage"},"image":{"@id":"https:\/\/www.amanien.info\/news\/coronavirus-assistance-aux-acteurs-du-transport-un-responsable-de-structure-crie-a-lexclusion\/#primaryimage"},"thumbnailUrl":"https:\/\/www.amanien.info\/news\/wp-content\/uploads\/2021\/01\/thumbnail-8.jpg","datePublished":"2021-01-19T10:05:01+00:00","dateModified":"2021-01-19T10:05:19+00:00","author":{"@id":"https:\/\/www.amanien.info\/news\/#\/schema\/person\/b21093345753a1a98242d505bd894f42"},"breadcrumb":{"@id":"https:\/\/www.amanien.info\/news\/coronavirus-assistance-aux-acteurs-du-transport-un-responsable-de-structure-crie-a-lexclusion\/#breadcrumb"},"inLanguage":"fr-FR","potentialAction":[{"@type":"ReadAction","target":["https:\/\/www.amanien.info\/news\/coronavirus-assistance-aux-acteurs-du-transport-un-responsable-de-structure-crie-a-lexclusion\/"]}]},{"@type":"ImageObject","inLanguage":"fr-FR","@id":"https:\/\/www.amanien.info\/news\/coronavirus-assistance-aux-acteurs-du-transport-un-responsable-de-structure-crie-a-lexclusion\/#primaryimage","url":"https:\/\/www.amanien.info\/news\/wp-content\/uploads\/2021\/01\/thumbnail-8.jpg","contentUrl":"https:\/\/www.amanien.info\/news\/wp-content\/uploads\/2021\/01\/thumbnail-8.jpg","width":810,"height":1080},{"@type":"BreadcrumbList","@id":"https:\/\/www.amanien.info\/news\/coronavirus-assistance-aux-acteurs-du-transport-un-responsable-de-structure-crie-a-lexclusion\/#breadcrumb","itemListElement":[{"@type":"ListItem","position":1,"name":"Accueil","item":"https:\/\/www.amanien.info\/news\/"},{"@type":"ListItem","position":2,"name":"Coronavirus \/ Assistance aux acteurs du transport: Un responsable de structure crie \u00e0 l\u2019exclusion"}]},{"@type":"WebSite","@id":"https:\/\/www.amanien.info\/news\/#website","url":"https:\/\/www.amanien.info\/news\/","name":"Amanien| L&#039;actualit\u00e9 Ivoirienne et Internationale","description":"L&#039;actualit\u00e9 Ivoirienne et Internationale","potentialAction":[{"@type":"SearchAction","target":{"@type":"EntryPoint","urlTemplate":"https:\/\/www.amanien.info\/news\/?s={search_term_string}"},"query-input":{"@type":"PropertyValueSpecification","valueRequired":true,"valueName":"search_term_string"}}],"inLanguage":"fr-FR"},{"@type":"Person","@id":"https:\/\/www.amanien.info\/news\/#\/schema\/person\/b21093345753a1a98242d505bd894f42","name":"Germain Ndri","url":"https:\/\/www.amanien.info\/news\/author\/amanien-infos\/"}]}},"_links":{"self":[{"href":"https:\/\/www.amanien.info\/news\/wp-json\/wp\/v2\/posts\/2305","targetHints":{"allow":["GET"]}}],"collection":[{"href":"https:\/\/www.amanien.info\/news\/wp-json\/wp\/v2\/posts"}],"about":[{"href":"https:\/\/www.amanien.info\/news\/wp-json\/wp\/v2\/types\/post"}],"author":[{"embeddable":true,"href":"https:\/\/www.amanien.info\/news\/wp-json\/wp\/v2\/users\/2"}],"replies":[{"embeddable":true,"href":"https:\/\/www.amanien.info\/news\/wp-json\/wp\/v2\/comments?post=2305"}],"version-history":[{"count":0,"href":"https:\/\/www.amanien.info\/news\/wp-json\/wp\/v2\/posts\/2305\/revisions"}],"wp:featuredmedia":[{"embeddable":true,"href":"https:\/\/www.amanien.info\/news\/wp-json\/wp\/v2\/media\/2306"}],"wp:attachment":[{"href":"https:\/\/www.amanien.info\/news\/wp-json\/wp\/v2\/media?parent=2305"}],"wp:term":[{"taxonomy":"category","embeddable":true,"href":"https:\/\/www.amanien.info\/news\/wp-json\/wp\/v2\/categories?post=2305"},{"taxonomy":"post_tag","embeddable":true,"href":"https:\/\/www.amanien.info\/news\/wp-json\/wp\/v2\/tags?post=2305"}],"curies":[{"name":"wp","href":"https:\/\/api.w.org\/{rel}","templated":true}]}}