{"id":2283,"date":"2021-01-10T17:15:53","date_gmt":"2021-01-10T16:15:53","guid":{"rendered":"http:\/\/https:\/\/zozo.buyee.jp\/\/news\/?p=2283"},"modified":"2021-01-10T17:16:16","modified_gmt":"2021-01-10T16:16:16","slug":"san-pedro-nabo-clement-en-lice-pour-les-legislatives-prochaines","status":"publish","type":"post","link":"https:\/\/www.amanien.info\/news\/san-pedro-nabo-clement-en-lice-pour-les-legislatives-prochaines\/","title":{"rendered":"San-Pedro: Nabo Cl\u00e9ment en lice pour les l\u00e9gislatives prochaines"},"content":{"rendered":"<div class=\"msg-body P_wpofO mq_AS\" data-test-id=\"message-view-body-content\">\n<div class=\"jb_0 X_6MGW N_6Fd5\">\n<div>\n<div id=\"yiv4070445148\">\n<div>\n<div>\n<div>\n<div>\u00ab Je suis de retour et je suis venu dire \u00e0 mes parents que je suis candidat \u00bb, c&rsquo;est\u00a0 par ces mots que l\u2019ex-maire de San-Pedro, Boueka Nabo Cl\u00e9ment,\u00a0 par ailleurs S\u00e9nateur, a annonc\u00e9, hier samedi 9 janvier 2021, sa candidature aux l\u00e9gislatives, aux chefs autochtones et responsables coutumiers.<\/div>\n<div><\/div>\n<div>Par ce geste, il a tenu solliciter la b\u00e9n\u00e9diction des siens avant toute initiative.<\/div>\n<div>\u00ab Je ne peux pas d\u00e9poser\u00a0 ma candidature, apr\u00e8s venir dire \u00e0 mes parents que je suis candidat. Je vous le dis avant , pour avoir votre b\u00e9n\u00e9diction\u00bb, a-t-il explique.<\/div>\n<div>Saluant cette annonce, les chefs coutumiers ont apport\u00e9 toutes leurs faveurs au fils prodige. \u00abTu as notre soutien, d\u00e9pos\u00e9 ta candidature et on fera le reste \u00bb, c\u2019est ainsi qu\u2019a r\u00e9agi Man\u00e9 B\u00e9n\u00e9 Maxime, chef de San-Pedro\u00a0 village , qui a proclam\u00e9 que toutes les chances de succ\u00e8s accompagnent le candidat Nabo Cl\u00e9ment.<\/div>\n<div>Au terme de la rencontre qui s&rsquo;est tenue au quartier Kroumen, Nabo Cl\u00e9ment s&rsquo;est voulu rassurant:<\/div>\n<div>\u00ab\u00a0Nabo Cl\u00e9ment est debout et je sais avec votre b\u00e9n\u00e9diction, j\u2019irai prendre ce fauteuil \u00ab\u00a0, a-t-il conclu.<\/div>\n<div>Avant cette annonce, le S\u00e9neteur Nabo Cl\u00e9ment, a formul\u00e9 ses v\u0153ux de bonne ann\u00e9e aux chefs. Ensuite, il a fait un don en vivre d\u2019une valeur de 650 000 F CFA et la somme de\u00a0 1 000 000 F CFA \u00e0 ses parents.<\/div>\n<div>Arriv\u00e9e le 8 janvier 2021, dans sa ville natale,\u00a0 apr\u00e8s 2 ans d&rsquo;absence, apr\u00e8s les \u00e9lections municipales de 2018, Nabo Cl\u00e9ment a \u00e9t\u00e9\u00a0 accueilli par une liesse populaire.<\/div>\n<div><\/div>\n<div>A bord de son v\u00e9hicules, Nabo Cl\u00e9ment\u00a0 accompagn\u00e9s d\u2019une foule de v\u00e9hicules et de motocyclistes, a\u00a0 parcouru les grandes art\u00e8res de la seconde ville portuaire.<\/div>\n<div><\/div>\n<div>A l\u2019int\u00e9rieur de la ville, les manifestants ont re\u00e7u les f\u00e9licitations et les encouragements des populations qui tout le long du passage du cort\u00e8ge\u00a0 scandaient :\u00a0\u00bbLe baobab est de retour\u00a0\u00bb, \u00ab\u00a0Nabo, nous avons besoin de vous\u00a0\u00bb, \u00a0\u00bb Nous ne sommes pas d\u00e9courag\u00e9s\u00a0\u00bb, Nabo ou rien\u00a0\u00bb. Pour dire que le ministre Nabo Cl\u00e9ment, a toujours fait corps avec la population de San Pedro.<\/div>\n<div>Thierry\u00a0 Lagognon<\/div>\n<div><\/div>\n<\/div>\n<\/div>\n<\/div>\n<\/div>\n<\/div>\n<\/div>\n<\/div>\n","protected":false},"excerpt":{"rendered":"<p>\u00ab Je suis de retour et je suis venu dire \u00e0 mes parents que je suis candidat \u00bb, c&rsquo;est\u00a0 par ces mots que l\u2019ex-maire de San-Pedro, Boueka Nabo Cl\u00e9ment,\u00a0 par ailleurs S\u00e9nateur, a annonc\u00e9, hier samedi 9 janvier 2021, sa candidature aux l\u00e9gislatives, aux chefs autochtones et responsables coutumiers. Par ce geste, il a tenu [&hellip;]<\/p>\n","protected":false},"author":2,"featured_media":2284,"comment_status":"closed","ping_status":"closed","sticky":true,"template":"","format":"standard","meta":{"_acf_changed":false,"footnotes":""},"categories":[],"tags":[],"class_list":["post-2283","post","type-post","status-publish","format-standard","has-post-thumbnail","hentry"],"acf":[],"yoast_head":"<!-- This site is optimized with the Yoast SEO plugin v27.5 - https:\/\/yoast.com\/product\/yoast-seo-wordpress\/ -->\n<title>San-Pedro: Nabo Cl\u00e9ment en lice pour les l\u00e9gislatives prochaines - Amanien| L&#039;actualit\u00e9 Ivoirienne et Internationale<\/title>\n<meta name=\"robots\" content=\"index, follow, max-snippet:-1, max-image-preview:large, max-video-preview:-1\" \/>\n<link rel=\"canonical\" href=\"https:\/\/www.amanien.info\/news\/san-pedro-nabo-clement-en-lice-pour-les-legislatives-prochaines\/\" \/>\n<meta property=\"og:locale\" content=\"fr_FR\" \/>\n<meta property=\"og:type\" content=\"article\" \/>\n<meta property=\"og:title\" content=\"San-Pedro: Nabo Cl\u00e9ment en lice pour les l\u00e9gislatives prochaines - Amanien| L&#039;actualit\u00e9 Ivoirienne et Internationale\" \/>\n<meta property=\"og:description\" content=\"\u00ab Je suis de retour et je suis venu dire \u00e0 mes parents que je suis candidat \u00bb, c&rsquo;est\u00a0 par ces mots que l\u2019ex-maire de San-Pedro, Boueka Nabo Cl\u00e9ment,\u00a0 par ailleurs S\u00e9nateur, a annonc\u00e9, hier samedi 9 janvier 2021, sa candidature aux l\u00e9gislatives, aux chefs autochtones et responsables coutumiers. Par ce geste, il a tenu [&hellip;]\" \/>\n<meta property=\"og:url\" content=\"https:\/\/www.amanien.info\/news\/san-pedro-nabo-clement-en-lice-pour-les-legislatives-prochaines\/\" \/>\n<meta property=\"og:site_name\" content=\"Amanien| L&#039;actualit\u00e9 Ivoirienne et Internationale\" \/>\n<meta property=\"article:published_time\" content=\"2021-01-10T16:15:53+00:00\" \/>\n<meta property=\"article:modified_time\" content=\"2021-01-10T16:16:16+00:00\" \/>\n<meta property=\"og:image\" content=\"https:\/\/www.amanien.info\/news\/wp-content\/uploads\/2021\/01\/thumbnail-5.jpg\" \/>\n\t<meta property=\"og:image:width\" content=\"1080\" \/>\n\t<meta property=\"og:image:height\" content=\"608\" \/>\n\t<meta property=\"og:image:type\" content=\"image\/jpeg\" \/>\n<meta name=\"author\" content=\"Germain Ndri\" \/>\n<meta name=\"twitter:card\" content=\"summary_large_image\" \/>\n<meta name=\"twitter:label1\" content=\"\u00c9crit par\" \/>\n\t<meta name=\"twitter:data1\" content=\"Germain Ndri\" \/>\n\t<meta name=\"twitter:label2\" content=\"Dur\u00e9e de lecture estim\u00e9e\" \/>\n\t<meta name=\"twitter:data2\" content=\"2 minutes\" \/>\n<script type=\"application\/ld+json\" class=\"yoast-schema-graph\">{\"@context\":\"https:\\\/\\\/schema.org\",\"@graph\":[{\"@type\":\"Article\",\"@id\":\"https:\\\/\\\/www.amanien.info\\\/news\\\/san-pedro-nabo-clement-en-lice-pour-les-legislatives-prochaines\\\/#article\",\"isPartOf\":{\"@id\":\"https:\\\/\\\/www.amanien.info\\\/news\\\/san-pedro-nabo-clement-en-lice-pour-les-legislatives-prochaines\\\/\"},\"author\":{\"name\":\"Germain Ndri\",\"@id\":\"https:\\\/\\\/www.amanien.info\\\/news\\\/#\\\/schema\\\/person\\\/b21093345753a1a98242d505bd894f42\"},\"headline\":\"San-Pedro: Nabo Cl\u00e9ment en lice pour les l\u00e9gislatives prochaines\",\"datePublished\":\"2021-01-10T16:15:53+00:00\",\"dateModified\":\"2021-01-10T16:16:16+00:00\",\"mainEntityOfPage\":{\"@id\":\"https:\\\/\\\/www.amanien.info\\\/news\\\/san-pedro-nabo-clement-en-lice-pour-les-legislatives-prochaines\\\/\"},\"wordCount\":377,\"image\":{\"@id\":\"https:\\\/\\\/www.amanien.info\\\/news\\\/san-pedro-nabo-clement-en-lice-pour-les-legislatives-prochaines\\\/#primaryimage\"},\"thumbnailUrl\":\"https:\\\/\\\/www.amanien.info\\\/news\\\/wp-content\\\/uploads\\\/2021\\\/01\\\/thumbnail-5.jpg\",\"inLanguage\":\"fr-FR\"},{\"@type\":\"WebPage\",\"@id\":\"https:\\\/\\\/www.amanien.info\\\/news\\\/san-pedro-nabo-clement-en-lice-pour-les-legislatives-prochaines\\\/\",\"url\":\"https:\\\/\\\/www.amanien.info\\\/news\\\/san-pedro-nabo-clement-en-lice-pour-les-legislatives-prochaines\\\/\",\"name\":\"San-Pedro: Nabo Cl\u00e9ment en lice pour les l\u00e9gislatives prochaines - Amanien| L&#039;actualit\u00e9 Ivoirienne et Internationale\",\"isPartOf\":{\"@id\":\"https:\\\/\\\/www.amanien.info\\\/news\\\/#website\"},\"primaryImageOfPage\":{\"@id\":\"https:\\\/\\\/www.amanien.info\\\/news\\\/san-pedro-nabo-clement-en-lice-pour-les-legislatives-prochaines\\\/#primaryimage\"},\"image\":{\"@id\":\"https:\\\/\\\/www.amanien.info\\\/news\\\/san-pedro-nabo-clement-en-lice-pour-les-legislatives-prochaines\\\/#primaryimage\"},\"thumbnailUrl\":\"https:\\\/\\\/www.amanien.info\\\/news\\\/wp-content\\\/uploads\\\/2021\\\/01\\\/thumbnail-5.jpg\",\"datePublished\":\"2021-01-10T16:15:53+00:00\",\"dateModified\":\"2021-01-10T16:16:16+00:00\",\"author\":{\"@id\":\"https:\\\/\\\/www.amanien.info\\\/news\\\/#\\\/schema\\\/person\\\/b21093345753a1a98242d505bd894f42\"},\"breadcrumb\":{\"@id\":\"https:\\\/\\\/www.amanien.info\\\/news\\\/san-pedro-nabo-clement-en-lice-pour-les-legislatives-prochaines\\\/#breadcrumb\"},\"inLanguage\":\"fr-FR\",\"potentialAction\":[{\"@type\":\"ReadAction\",\"target\":[\"https:\\\/\\\/www.amanien.info\\\/news\\\/san-pedro-nabo-clement-en-lice-pour-les-legislatives-prochaines\\\/\"]}]},{\"@type\":\"ImageObject\",\"inLanguage\":\"fr-FR\",\"@id\":\"https:\\\/\\\/www.amanien.info\\\/news\\\/san-pedro-nabo-clement-en-lice-pour-les-legislatives-prochaines\\\/#primaryimage\",\"url\":\"https:\\\/\\\/www.amanien.info\\\/news\\\/wp-content\\\/uploads\\\/2021\\\/01\\\/thumbnail-5.jpg\",\"contentUrl\":\"https:\\\/\\\/www.amanien.info\\\/news\\\/wp-content\\\/uploads\\\/2021\\\/01\\\/thumbnail-5.jpg\",\"width\":1080,\"height\":608},{\"@type\":\"BreadcrumbList\",\"@id\":\"https:\\\/\\\/www.amanien.info\\\/news\\\/san-pedro-nabo-clement-en-lice-pour-les-legislatives-prochaines\\\/#breadcrumb\",\"itemListElement\":[{\"@type\":\"ListItem\",\"position\":1,\"name\":\"Accueil\",\"item\":\"https:\\\/\\\/www.amanien.info\\\/news\\\/\"},{\"@type\":\"ListItem\",\"position\":2,\"name\":\"San-Pedro: Nabo Cl\u00e9ment en lice pour les l\u00e9gislatives prochaines\"}]},{\"@type\":\"WebSite\",\"@id\":\"https:\\\/\\\/www.amanien.info\\\/news\\\/#website\",\"url\":\"https:\\\/\\\/www.amanien.info\\\/news\\\/\",\"name\":\"Amanien| L&#039;actualit\u00e9 Ivoirienne et Internationale\",\"description\":\"L&#039;actualit\u00e9 Ivoirienne et Internationale\",\"potentialAction\":[{\"@type\":\"SearchAction\",\"target\":{\"@type\":\"EntryPoint\",\"urlTemplate\":\"https:\\\/\\\/www.amanien.info\\\/news\\\/?s={search_term_string}\"},\"query-input\":{\"@type\":\"PropertyValueSpecification\",\"valueRequired\":true,\"valueName\":\"search_term_string\"}}],\"inLanguage\":\"fr-FR\"},{\"@type\":\"Person\",\"@id\":\"https:\\\/\\\/www.amanien.info\\\/news\\\/#\\\/schema\\\/person\\\/b21093345753a1a98242d505bd894f42\",\"name\":\"Germain Ndri\",\"url\":\"https:\\\/\\\/www.amanien.info\\\/news\\\/author\\\/amanien-infos\\\/\"}]}<\/script>\n<!-- \/ Yoast SEO plugin. -->","yoast_head_json":{"title":"San-Pedro: Nabo Cl\u00e9ment en lice pour les l\u00e9gislatives prochaines - Amanien| L&#039;actualit\u00e9 Ivoirienne et Internationale","robots":{"index":"index","follow":"follow","max-snippet":"max-snippet:-1","max-image-preview":"max-image-preview:large","max-video-preview":"max-video-preview:-1"},"canonical":"https:\/\/www.amanien.info\/news\/san-pedro-nabo-clement-en-lice-pour-les-legislatives-prochaines\/","og_locale":"fr_FR","og_type":"article","og_title":"San-Pedro: Nabo Cl\u00e9ment en lice pour les l\u00e9gislatives prochaines - Amanien| L&#039;actualit\u00e9 Ivoirienne et Internationale","og_description":"\u00ab Je suis de retour et je suis venu dire \u00e0 mes parents que je suis candidat \u00bb, c&rsquo;est\u00a0 par ces mots que l\u2019ex-maire de San-Pedro, Boueka Nabo Cl\u00e9ment,\u00a0 par ailleurs S\u00e9nateur, a annonc\u00e9, hier samedi 9 janvier 2021, sa candidature aux l\u00e9gislatives, aux chefs autochtones et responsables coutumiers. Par ce geste, il a tenu [&hellip;]","og_url":"https:\/\/www.amanien.info\/news\/san-pedro-nabo-clement-en-lice-pour-les-legislatives-prochaines\/","og_site_name":"Amanien| L&#039;actualit\u00e9 Ivoirienne et Internationale","article_published_time":"2021-01-10T16:15:53+00:00","article_modified_time":"2021-01-10T16:16:16+00:00","og_image":[{"width":1080,"height":608,"url":"https:\/\/www.amanien.info\/news\/wp-content\/uploads\/2021\/01\/thumbnail-5.jpg","type":"image\/jpeg"}],"author":"Germain Ndri","twitter_card":"summary_large_image","twitter_misc":{"\u00c9crit par":"Germain Ndri","Dur\u00e9e de lecture estim\u00e9e":"2 minutes"},"schema":{"@context":"https:\/\/schema.org","@graph":[{"@type":"Article","@id":"https:\/\/www.amanien.info\/news\/san-pedro-nabo-clement-en-lice-pour-les-legislatives-prochaines\/#article","isPartOf":{"@id":"https:\/\/www.amanien.info\/news\/san-pedro-nabo-clement-en-lice-pour-les-legislatives-prochaines\/"},"author":{"name":"Germain Ndri","@id":"https:\/\/www.amanien.info\/news\/#\/schema\/person\/b21093345753a1a98242d505bd894f42"},"headline":"San-Pedro: Nabo Cl\u00e9ment en lice pour les l\u00e9gislatives prochaines","datePublished":"2021-01-10T16:15:53+00:00","dateModified":"2021-01-10T16:16:16+00:00","mainEntityOfPage":{"@id":"https:\/\/www.amanien.info\/news\/san-pedro-nabo-clement-en-lice-pour-les-legislatives-prochaines\/"},"wordCount":377,"image":{"@id":"https:\/\/www.amanien.info\/news\/san-pedro-nabo-clement-en-lice-pour-les-legislatives-prochaines\/#primaryimage"},"thumbnailUrl":"https:\/\/www.amanien.info\/news\/wp-content\/uploads\/2021\/01\/thumbnail-5.jpg","inLanguage":"fr-FR"},{"@type":"WebPage","@id":"https:\/\/www.amanien.info\/news\/san-pedro-nabo-clement-en-lice-pour-les-legislatives-prochaines\/","url":"https:\/\/www.amanien.info\/news\/san-pedro-nabo-clement-en-lice-pour-les-legislatives-prochaines\/","name":"San-Pedro: Nabo Cl\u00e9ment en lice pour les l\u00e9gislatives prochaines - Amanien| L&#039;actualit\u00e9 Ivoirienne et Internationale","isPartOf":{"@id":"https:\/\/www.amanien.info\/news\/#website"},"primaryImageOfPage":{"@id":"https:\/\/www.amanien.info\/news\/san-pedro-nabo-clement-en-lice-pour-les-legislatives-prochaines\/#primaryimage"},"image":{"@id":"https:\/\/www.amanien.info\/news\/san-pedro-nabo-clement-en-lice-pour-les-legislatives-prochaines\/#primaryimage"},"thumbnailUrl":"https:\/\/www.amanien.info\/news\/wp-content\/uploads\/2021\/01\/thumbnail-5.jpg","datePublished":"2021-01-10T16:15:53+00:00","dateModified":"2021-01-10T16:16:16+00:00","author":{"@id":"https:\/\/www.amanien.info\/news\/#\/schema\/person\/b21093345753a1a98242d505bd894f42"},"breadcrumb":{"@id":"https:\/\/www.amanien.info\/news\/san-pedro-nabo-clement-en-lice-pour-les-legislatives-prochaines\/#breadcrumb"},"inLanguage":"fr-FR","potentialAction":[{"@type":"ReadAction","target":["https:\/\/www.amanien.info\/news\/san-pedro-nabo-clement-en-lice-pour-les-legislatives-prochaines\/"]}]},{"@type":"ImageObject","inLanguage":"fr-FR","@id":"https:\/\/www.amanien.info\/news\/san-pedro-nabo-clement-en-lice-pour-les-legislatives-prochaines\/#primaryimage","url":"https:\/\/www.amanien.info\/news\/wp-content\/uploads\/2021\/01\/thumbnail-5.jpg","contentUrl":"https:\/\/www.amanien.info\/news\/wp-content\/uploads\/2021\/01\/thumbnail-5.jpg","width":1080,"height":608},{"@type":"BreadcrumbList","@id":"https:\/\/www.amanien.info\/news\/san-pedro-nabo-clement-en-lice-pour-les-legislatives-prochaines\/#breadcrumb","itemListElement":[{"@type":"ListItem","position":1,"name":"Accueil","item":"https:\/\/www.amanien.info\/news\/"},{"@type":"ListItem","position":2,"name":"San-Pedro: Nabo Cl\u00e9ment en lice pour les l\u00e9gislatives prochaines"}]},{"@type":"WebSite","@id":"https:\/\/www.amanien.info\/news\/#website","url":"https:\/\/www.amanien.info\/news\/","name":"Amanien| L&#039;actualit\u00e9 Ivoirienne et Internationale","description":"L&#039;actualit\u00e9 Ivoirienne et Internationale","potentialAction":[{"@type":"SearchAction","target":{"@type":"EntryPoint","urlTemplate":"https:\/\/www.amanien.info\/news\/?s={search_term_string}"},"query-input":{"@type":"PropertyValueSpecification","valueRequired":true,"valueName":"search_term_string"}}],"inLanguage":"fr-FR"},{"@type":"Person","@id":"https:\/\/www.amanien.info\/news\/#\/schema\/person\/b21093345753a1a98242d505bd894f42","name":"Germain Ndri","url":"https:\/\/www.amanien.info\/news\/author\/amanien-infos\/"}]}},"_links":{"self":[{"href":"https:\/\/www.amanien.info\/news\/wp-json\/wp\/v2\/posts\/2283","targetHints":{"allow":["GET"]}}],"collection":[{"href":"https:\/\/www.amanien.info\/news\/wp-json\/wp\/v2\/posts"}],"about":[{"href":"https:\/\/www.amanien.info\/news\/wp-json\/wp\/v2\/types\/post"}],"author":[{"embeddable":true,"href":"https:\/\/www.amanien.info\/news\/wp-json\/wp\/v2\/users\/2"}],"replies":[{"embeddable":true,"href":"https:\/\/www.amanien.info\/news\/wp-json\/wp\/v2\/comments?post=2283"}],"version-history":[{"count":0,"href":"https:\/\/www.amanien.info\/news\/wp-json\/wp\/v2\/posts\/2283\/revisions"}],"wp:featuredmedia":[{"embeddable":true,"href":"https:\/\/www.amanien.info\/news\/wp-json\/wp\/v2\/media\/2284"}],"wp:attachment":[{"href":"https:\/\/www.amanien.info\/news\/wp-json\/wp\/v2\/media?parent=2283"}],"wp:term":[{"taxonomy":"category","embeddable":true,"href":"https:\/\/www.amanien.info\/news\/wp-json\/wp\/v2\/categories?post=2283"},{"taxonomy":"post_tag","embeddable":true,"href":"https:\/\/www.amanien.info\/news\/wp-json\/wp\/v2\/tags?post=2283"}],"curies":[{"name":"wp","href":"https:\/\/api.w.org\/{rel}","templated":true}]}}