{"id":2279,"date":"2021-01-10T17:10:45","date_gmt":"2021-01-10T16:10:45","guid":{"rendered":"http:\/\/https:\/\/zozo.buyee.jp\/\/news\/?p=2279"},"modified":"2021-01-10T17:12:04","modified_gmt":"2021-01-10T16:12:04","slug":"ceremonie-de-presentation-de-voeux-au-maire-de-sans-pedro","status":"publish","type":"post","link":"https:\/\/www.amanien.info\/news\/ceremonie-de-presentation-de-voeux-au-maire-de-sans-pedro\/","title":{"rendered":"C\u00e9r\u00e9monie de pr\u00e9sentation de v\u0153ux au maire de Sans-P\u00e9dro"},"content":{"rendered":"<p>La mairie de San-Pedro, dans toute ses composantes, a pr\u00e9sent\u00e9 ses v\u0153ux de bonne ann\u00e9e au premier magistrat de la commune au cours d\u2019une c\u00e9r\u00e9monie, vendredi 8 janvier 2021, au sein de la mairie.<\/p>\n<p>Cette c\u00e9r\u00e9monie de pr\u00e9sentation des v\u0153ux a \u00e9t\u00e9 marqu\u00e9e par plusieurs \u00e9changes en pr\u00e9sence du s\u00e9nateur, Yebarth Justin et de l\u2019honorable Kpatouha Maltide.<\/p>\n<p>Les Porte- paroles des diff\u00e9rentes entit\u00e9s ont exprim\u00e9, tour \u00e0 tour, au maire, sa famille et \u00e0 ses proches, leurs v\u0153ux de bonne et heureuse ann\u00e9e 2021. Tous ont pri\u00e9 le Tout-Puissant afin qu\u2019il prot\u00e8ge et inspire le maire dans la conduite des affaires de la commune. Ils ont \u00e9galement promis de contribuer, chacun \u00e0 son niveau, \u00e0 la r\u00e9alisation de l\u2019objectif cher au maire qui est de faire de la seconde ville portuaire du pays une cit\u00e9 reluisante.<\/p>\n<p>En th\u00e8mes de dol\u00e9ances, Mme Gnabro Nicole, Secr\u00e9taire G\u00e9n\u00e9rale de la mairie, apr\u00e8s avoir salu\u00e9 les \u00ab\u00a0efforts incommensurables\u00a0\u00bb consentis en quelques ann\u00e9es de gestion de l\u2019actuel maire, a soulign\u00e9 entre autres, le rappel de 10 mois de salaires diff\u00e9rentiels du d\u00e9blocage de 2019 ; les avancements, les r\u00e9gularisations des salaires de 2020 en cours ; l\u2019implication des repr\u00e9sentants des agents dans les prises de d\u00e9cision les concernant (\u2026).<\/p>\n<p>Le maire \u00e0 son tour, a d\u2019abord exprim\u00e9 aux uns et aux autres, ses v\u0153ux de sant\u00e9, de bonheur et de prosp\u00e9rit\u00e9 ainsi que de paix pour la C\u00f4te d\u2019Ivoire.<\/p>\n<p>Il a ensuite fait un tour d\u2019horizon de quelques actions majeurs qui ont marqu\u00e9 la marche de la commune en 2020, notamment la r\u00e9habilitation de la mairie et l&rsquo;am\u00e9lioration de conditions de travail des agents par la dotation en \u00e9quipements de plusieurs services.<\/p>\n<p>A cet \u00e9gard, il a soulign\u00e9 la volont\u00e9 du conseil municipal \u00e0 poursuivre ces actions pour le mieux-\u00eatre de tous les travailleurs.<\/p>\n<p>S&rsquo;agissant des dol\u00e9ances, le maire Anobl\u00e9 a promis donner satisfaction dans la mesure des moyens de la mairie, lesquels moyens doivent \u00eatre mobilis\u00e9s, selon ses dires, par le travail bien accompli, avec abn\u00e9gation et en toute responsabilit\u00e9 par les travailleurs m\u00eames.<\/p>\n<p>Par ailleurs, le premier magistrat de la commune de San-Pedro a donn\u00e9 instruction, pour le paiement du rappel de 10 mois de salaires diff\u00e9rentiels du d\u00e9blocage de 2019.<br \/>\nThierry Lagognon<\/p>\n","protected":false},"excerpt":{"rendered":"<p>La mairie de San-Pedro, dans toute ses composantes, a pr\u00e9sent\u00e9 ses v\u0153ux de bonne ann\u00e9e au premier magistrat de la commune au cours d\u2019une c\u00e9r\u00e9monie, vendredi 8 janvier 2021, au sein de la mairie. Cette c\u00e9r\u00e9monie de pr\u00e9sentation des v\u0153ux a \u00e9t\u00e9 marqu\u00e9e par plusieurs \u00e9changes en pr\u00e9sence du s\u00e9nateur, Yebarth Justin et de l\u2019honorable [&hellip;]<\/p>\n","protected":false},"author":2,"featured_media":2280,"comment_status":"closed","ping_status":"closed","sticky":true,"template":"","format":"standard","meta":{"_acf_changed":false,"footnotes":""},"categories":[],"tags":[],"class_list":["post-2279","post","type-post","status-publish","format-standard","has-post-thumbnail","hentry"],"acf":[],"yoast_head":"<!-- This site is optimized with the Yoast SEO plugin v27.5 - https:\/\/yoast.com\/product\/yoast-seo-wordpress\/ -->\n<title>C\u00e9r\u00e9monie de pr\u00e9sentation de v\u0153ux au maire de Sans-P\u00e9dro - Amanien| L&#039;actualit\u00e9 Ivoirienne et Internationale<\/title>\n<meta name=\"robots\" content=\"index, follow, max-snippet:-1, max-image-preview:large, max-video-preview:-1\" \/>\n<link rel=\"canonical\" href=\"https:\/\/www.amanien.info\/news\/ceremonie-de-presentation-de-voeux-au-maire-de-sans-pedro\/\" \/>\n<meta property=\"og:locale\" content=\"fr_FR\" \/>\n<meta property=\"og:type\" content=\"article\" \/>\n<meta property=\"og:title\" content=\"C\u00e9r\u00e9monie de pr\u00e9sentation de v\u0153ux au maire de Sans-P\u00e9dro - Amanien| L&#039;actualit\u00e9 Ivoirienne et Internationale\" \/>\n<meta property=\"og:description\" content=\"La mairie de San-Pedro, dans toute ses composantes, a pr\u00e9sent\u00e9 ses v\u0153ux de bonne ann\u00e9e au premier magistrat de la commune au cours d\u2019une c\u00e9r\u00e9monie, vendredi 8 janvier 2021, au sein de la mairie. Cette c\u00e9r\u00e9monie de pr\u00e9sentation des v\u0153ux a \u00e9t\u00e9 marqu\u00e9e par plusieurs \u00e9changes en pr\u00e9sence du s\u00e9nateur, Yebarth Justin et de l\u2019honorable [&hellip;]\" \/>\n<meta property=\"og:url\" content=\"https:\/\/www.amanien.info\/news\/ceremonie-de-presentation-de-voeux-au-maire-de-sans-pedro\/\" \/>\n<meta property=\"og:site_name\" content=\"Amanien| L&#039;actualit\u00e9 Ivoirienne et Internationale\" \/>\n<meta property=\"article:published_time\" content=\"2021-01-10T16:10:45+00:00\" \/>\n<meta property=\"article:modified_time\" content=\"2021-01-10T16:12:04+00:00\" \/>\n<meta property=\"og:image\" content=\"https:\/\/www.amanien.info\/news\/wp-content\/uploads\/2021\/01\/thumbnail-4.jpg\" \/>\n\t<meta property=\"og:image:width\" content=\"1080\" \/>\n\t<meta property=\"og:image:height\" content=\"608\" \/>\n\t<meta property=\"og:image:type\" content=\"image\/jpeg\" \/>\n<meta name=\"author\" content=\"Germain Ndri\" \/>\n<meta name=\"twitter:card\" content=\"summary_large_image\" \/>\n<meta name=\"twitter:label1\" content=\"\u00c9crit par\" \/>\n\t<meta name=\"twitter:data1\" content=\"Germain Ndri\" \/>\n\t<meta name=\"twitter:label2\" content=\"Dur\u00e9e de lecture estim\u00e9e\" \/>\n\t<meta name=\"twitter:data2\" content=\"2 minutes\" \/>\n<script type=\"application\/ld+json\" class=\"yoast-schema-graph\">{\"@context\":\"https:\\\/\\\/schema.org\",\"@graph\":[{\"@type\":\"Article\",\"@id\":\"https:\\\/\\\/www.amanien.info\\\/news\\\/ceremonie-de-presentation-de-voeux-au-maire-de-sans-pedro\\\/#article\",\"isPartOf\":{\"@id\":\"https:\\\/\\\/www.amanien.info\\\/news\\\/ceremonie-de-presentation-de-voeux-au-maire-de-sans-pedro\\\/\"},\"author\":{\"name\":\"Germain Ndri\",\"@id\":\"https:\\\/\\\/www.amanien.info\\\/news\\\/#\\\/schema\\\/person\\\/b21093345753a1a98242d505bd894f42\"},\"headline\":\"C\u00e9r\u00e9monie de pr\u00e9sentation de v\u0153ux au maire de Sans-P\u00e9dro\",\"datePublished\":\"2021-01-10T16:10:45+00:00\",\"dateModified\":\"2021-01-10T16:12:04+00:00\",\"mainEntityOfPage\":{\"@id\":\"https:\\\/\\\/www.amanien.info\\\/news\\\/ceremonie-de-presentation-de-voeux-au-maire-de-sans-pedro\\\/\"},\"wordCount\":419,\"image\":{\"@id\":\"https:\\\/\\\/www.amanien.info\\\/news\\\/ceremonie-de-presentation-de-voeux-au-maire-de-sans-pedro\\\/#primaryimage\"},\"thumbnailUrl\":\"https:\\\/\\\/www.amanien.info\\\/news\\\/wp-content\\\/uploads\\\/2021\\\/01\\\/thumbnail-4.jpg\",\"inLanguage\":\"fr-FR\"},{\"@type\":\"WebPage\",\"@id\":\"https:\\\/\\\/www.amanien.info\\\/news\\\/ceremonie-de-presentation-de-voeux-au-maire-de-sans-pedro\\\/\",\"url\":\"https:\\\/\\\/www.amanien.info\\\/news\\\/ceremonie-de-presentation-de-voeux-au-maire-de-sans-pedro\\\/\",\"name\":\"C\u00e9r\u00e9monie de pr\u00e9sentation de v\u0153ux au maire de Sans-P\u00e9dro - Amanien| L&#039;actualit\u00e9 Ivoirienne et Internationale\",\"isPartOf\":{\"@id\":\"https:\\\/\\\/www.amanien.info\\\/news\\\/#website\"},\"primaryImageOfPage\":{\"@id\":\"https:\\\/\\\/www.amanien.info\\\/news\\\/ceremonie-de-presentation-de-voeux-au-maire-de-sans-pedro\\\/#primaryimage\"},\"image\":{\"@id\":\"https:\\\/\\\/www.amanien.info\\\/news\\\/ceremonie-de-presentation-de-voeux-au-maire-de-sans-pedro\\\/#primaryimage\"},\"thumbnailUrl\":\"https:\\\/\\\/www.amanien.info\\\/news\\\/wp-content\\\/uploads\\\/2021\\\/01\\\/thumbnail-4.jpg\",\"datePublished\":\"2021-01-10T16:10:45+00:00\",\"dateModified\":\"2021-01-10T16:12:04+00:00\",\"author\":{\"@id\":\"https:\\\/\\\/www.amanien.info\\\/news\\\/#\\\/schema\\\/person\\\/b21093345753a1a98242d505bd894f42\"},\"breadcrumb\":{\"@id\":\"https:\\\/\\\/www.amanien.info\\\/news\\\/ceremonie-de-presentation-de-voeux-au-maire-de-sans-pedro\\\/#breadcrumb\"},\"inLanguage\":\"fr-FR\",\"potentialAction\":[{\"@type\":\"ReadAction\",\"target\":[\"https:\\\/\\\/www.amanien.info\\\/news\\\/ceremonie-de-presentation-de-voeux-au-maire-de-sans-pedro\\\/\"]}]},{\"@type\":\"ImageObject\",\"inLanguage\":\"fr-FR\",\"@id\":\"https:\\\/\\\/www.amanien.info\\\/news\\\/ceremonie-de-presentation-de-voeux-au-maire-de-sans-pedro\\\/#primaryimage\",\"url\":\"https:\\\/\\\/www.amanien.info\\\/news\\\/wp-content\\\/uploads\\\/2021\\\/01\\\/thumbnail-4.jpg\",\"contentUrl\":\"https:\\\/\\\/www.amanien.info\\\/news\\\/wp-content\\\/uploads\\\/2021\\\/01\\\/thumbnail-4.jpg\",\"width\":1080,\"height\":608},{\"@type\":\"BreadcrumbList\",\"@id\":\"https:\\\/\\\/www.amanien.info\\\/news\\\/ceremonie-de-presentation-de-voeux-au-maire-de-sans-pedro\\\/#breadcrumb\",\"itemListElement\":[{\"@type\":\"ListItem\",\"position\":1,\"name\":\"Accueil\",\"item\":\"https:\\\/\\\/www.amanien.info\\\/news\\\/\"},{\"@type\":\"ListItem\",\"position\":2,\"name\":\"C\u00e9r\u00e9monie de pr\u00e9sentation de v\u0153ux au maire de Sans-P\u00e9dro\"}]},{\"@type\":\"WebSite\",\"@id\":\"https:\\\/\\\/www.amanien.info\\\/news\\\/#website\",\"url\":\"https:\\\/\\\/www.amanien.info\\\/news\\\/\",\"name\":\"Amanien| L&#039;actualit\u00e9 Ivoirienne et Internationale\",\"description\":\"L&#039;actualit\u00e9 Ivoirienne et Internationale\",\"potentialAction\":[{\"@type\":\"SearchAction\",\"target\":{\"@type\":\"EntryPoint\",\"urlTemplate\":\"https:\\\/\\\/www.amanien.info\\\/news\\\/?s={search_term_string}\"},\"query-input\":{\"@type\":\"PropertyValueSpecification\",\"valueRequired\":true,\"valueName\":\"search_term_string\"}}],\"inLanguage\":\"fr-FR\"},{\"@type\":\"Person\",\"@id\":\"https:\\\/\\\/www.amanien.info\\\/news\\\/#\\\/schema\\\/person\\\/b21093345753a1a98242d505bd894f42\",\"name\":\"Germain Ndri\",\"url\":\"https:\\\/\\\/www.amanien.info\\\/news\\\/author\\\/amanien-infos\\\/\"}]}<\/script>\n<!-- \/ Yoast SEO plugin. -->","yoast_head_json":{"title":"C\u00e9r\u00e9monie de pr\u00e9sentation de v\u0153ux au maire de Sans-P\u00e9dro - Amanien| L&#039;actualit\u00e9 Ivoirienne et Internationale","robots":{"index":"index","follow":"follow","max-snippet":"max-snippet:-1","max-image-preview":"max-image-preview:large","max-video-preview":"max-video-preview:-1"},"canonical":"https:\/\/www.amanien.info\/news\/ceremonie-de-presentation-de-voeux-au-maire-de-sans-pedro\/","og_locale":"fr_FR","og_type":"article","og_title":"C\u00e9r\u00e9monie de pr\u00e9sentation de v\u0153ux au maire de Sans-P\u00e9dro - Amanien| L&#039;actualit\u00e9 Ivoirienne et Internationale","og_description":"La mairie de San-Pedro, dans toute ses composantes, a pr\u00e9sent\u00e9 ses v\u0153ux de bonne ann\u00e9e au premier magistrat de la commune au cours d\u2019une c\u00e9r\u00e9monie, vendredi 8 janvier 2021, au sein de la mairie. Cette c\u00e9r\u00e9monie de pr\u00e9sentation des v\u0153ux a \u00e9t\u00e9 marqu\u00e9e par plusieurs \u00e9changes en pr\u00e9sence du s\u00e9nateur, Yebarth Justin et de l\u2019honorable [&hellip;]","og_url":"https:\/\/www.amanien.info\/news\/ceremonie-de-presentation-de-voeux-au-maire-de-sans-pedro\/","og_site_name":"Amanien| L&#039;actualit\u00e9 Ivoirienne et Internationale","article_published_time":"2021-01-10T16:10:45+00:00","article_modified_time":"2021-01-10T16:12:04+00:00","og_image":[{"width":1080,"height":608,"url":"https:\/\/www.amanien.info\/news\/wp-content\/uploads\/2021\/01\/thumbnail-4.jpg","type":"image\/jpeg"}],"author":"Germain Ndri","twitter_card":"summary_large_image","twitter_misc":{"\u00c9crit par":"Germain Ndri","Dur\u00e9e de lecture estim\u00e9e":"2 minutes"},"schema":{"@context":"https:\/\/schema.org","@graph":[{"@type":"Article","@id":"https:\/\/www.amanien.info\/news\/ceremonie-de-presentation-de-voeux-au-maire-de-sans-pedro\/#article","isPartOf":{"@id":"https:\/\/www.amanien.info\/news\/ceremonie-de-presentation-de-voeux-au-maire-de-sans-pedro\/"},"author":{"name":"Germain Ndri","@id":"https:\/\/www.amanien.info\/news\/#\/schema\/person\/b21093345753a1a98242d505bd894f42"},"headline":"C\u00e9r\u00e9monie de pr\u00e9sentation de v\u0153ux au maire de Sans-P\u00e9dro","datePublished":"2021-01-10T16:10:45+00:00","dateModified":"2021-01-10T16:12:04+00:00","mainEntityOfPage":{"@id":"https:\/\/www.amanien.info\/news\/ceremonie-de-presentation-de-voeux-au-maire-de-sans-pedro\/"},"wordCount":419,"image":{"@id":"https:\/\/www.amanien.info\/news\/ceremonie-de-presentation-de-voeux-au-maire-de-sans-pedro\/#primaryimage"},"thumbnailUrl":"https:\/\/www.amanien.info\/news\/wp-content\/uploads\/2021\/01\/thumbnail-4.jpg","inLanguage":"fr-FR"},{"@type":"WebPage","@id":"https:\/\/www.amanien.info\/news\/ceremonie-de-presentation-de-voeux-au-maire-de-sans-pedro\/","url":"https:\/\/www.amanien.info\/news\/ceremonie-de-presentation-de-voeux-au-maire-de-sans-pedro\/","name":"C\u00e9r\u00e9monie de pr\u00e9sentation de v\u0153ux au maire de Sans-P\u00e9dro - Amanien| L&#039;actualit\u00e9 Ivoirienne et Internationale","isPartOf":{"@id":"https:\/\/www.amanien.info\/news\/#website"},"primaryImageOfPage":{"@id":"https:\/\/www.amanien.info\/news\/ceremonie-de-presentation-de-voeux-au-maire-de-sans-pedro\/#primaryimage"},"image":{"@id":"https:\/\/www.amanien.info\/news\/ceremonie-de-presentation-de-voeux-au-maire-de-sans-pedro\/#primaryimage"},"thumbnailUrl":"https:\/\/www.amanien.info\/news\/wp-content\/uploads\/2021\/01\/thumbnail-4.jpg","datePublished":"2021-01-10T16:10:45+00:00","dateModified":"2021-01-10T16:12:04+00:00","author":{"@id":"https:\/\/www.amanien.info\/news\/#\/schema\/person\/b21093345753a1a98242d505bd894f42"},"breadcrumb":{"@id":"https:\/\/www.amanien.info\/news\/ceremonie-de-presentation-de-voeux-au-maire-de-sans-pedro\/#breadcrumb"},"inLanguage":"fr-FR","potentialAction":[{"@type":"ReadAction","target":["https:\/\/www.amanien.info\/news\/ceremonie-de-presentation-de-voeux-au-maire-de-sans-pedro\/"]}]},{"@type":"ImageObject","inLanguage":"fr-FR","@id":"https:\/\/www.amanien.info\/news\/ceremonie-de-presentation-de-voeux-au-maire-de-sans-pedro\/#primaryimage","url":"https:\/\/www.amanien.info\/news\/wp-content\/uploads\/2021\/01\/thumbnail-4.jpg","contentUrl":"https:\/\/www.amanien.info\/news\/wp-content\/uploads\/2021\/01\/thumbnail-4.jpg","width":1080,"height":608},{"@type":"BreadcrumbList","@id":"https:\/\/www.amanien.info\/news\/ceremonie-de-presentation-de-voeux-au-maire-de-sans-pedro\/#breadcrumb","itemListElement":[{"@type":"ListItem","position":1,"name":"Accueil","item":"https:\/\/www.amanien.info\/news\/"},{"@type":"ListItem","position":2,"name":"C\u00e9r\u00e9monie de pr\u00e9sentation de v\u0153ux au maire de Sans-P\u00e9dro"}]},{"@type":"WebSite","@id":"https:\/\/www.amanien.info\/news\/#website","url":"https:\/\/www.amanien.info\/news\/","name":"Amanien| L&#039;actualit\u00e9 Ivoirienne et Internationale","description":"L&#039;actualit\u00e9 Ivoirienne et Internationale","potentialAction":[{"@type":"SearchAction","target":{"@type":"EntryPoint","urlTemplate":"https:\/\/www.amanien.info\/news\/?s={search_term_string}"},"query-input":{"@type":"PropertyValueSpecification","valueRequired":true,"valueName":"search_term_string"}}],"inLanguage":"fr-FR"},{"@type":"Person","@id":"https:\/\/www.amanien.info\/news\/#\/schema\/person\/b21093345753a1a98242d505bd894f42","name":"Germain Ndri","url":"https:\/\/www.amanien.info\/news\/author\/amanien-infos\/"}]}},"_links":{"self":[{"href":"https:\/\/www.amanien.info\/news\/wp-json\/wp\/v2\/posts\/2279","targetHints":{"allow":["GET"]}}],"collection":[{"href":"https:\/\/www.amanien.info\/news\/wp-json\/wp\/v2\/posts"}],"about":[{"href":"https:\/\/www.amanien.info\/news\/wp-json\/wp\/v2\/types\/post"}],"author":[{"embeddable":true,"href":"https:\/\/www.amanien.info\/news\/wp-json\/wp\/v2\/users\/2"}],"replies":[{"embeddable":true,"href":"https:\/\/www.amanien.info\/news\/wp-json\/wp\/v2\/comments?post=2279"}],"version-history":[{"count":0,"href":"https:\/\/www.amanien.info\/news\/wp-json\/wp\/v2\/posts\/2279\/revisions"}],"wp:featuredmedia":[{"embeddable":true,"href":"https:\/\/www.amanien.info\/news\/wp-json\/wp\/v2\/media\/2280"}],"wp:attachment":[{"href":"https:\/\/www.amanien.info\/news\/wp-json\/wp\/v2\/media?parent=2279"}],"wp:term":[{"taxonomy":"category","embeddable":true,"href":"https:\/\/www.amanien.info\/news\/wp-json\/wp\/v2\/categories?post=2279"},{"taxonomy":"post_tag","embeddable":true,"href":"https:\/\/www.amanien.info\/news\/wp-json\/wp\/v2\/tags?post=2279"}],"curies":[{"name":"wp","href":"https:\/\/api.w.org\/{rel}","templated":true}]}}