{"id":2276,"date":"2021-01-09T08:29:45","date_gmt":"2021-01-09T07:29:45","guid":{"rendered":"http:\/\/https:\/\/zozo.buyee.jp\/\/news\/?p=2276"},"modified":"2021-01-09T08:30:08","modified_gmt":"2021-01-09T07:30:08","slug":"la-premiere-dame-honore-des-humoristes-ivoiriens-primes-a-letranger","status":"publish","type":"post","link":"https:\/\/www.amanien.info\/news\/la-premiere-dame-honore-des-humoristes-ivoiriens-primes-a-letranger\/","title":{"rendered":"La Premi\u00e8re Dame honore des humoristes ivoiriens prim\u00e9s \u00e0 l\u2019\u00e9tranger"},"content":{"rendered":"<p>La Premi\u00e8re Dame Dominique Ouattara a c\u00e9l\u00e9br\u00e9 au cours d\u2019une r\u00e9ception les artistes Bleu Brigitte Agbr\u00e9, Gohou Michel et Bomou Mamadou, le vendredi 8 janvier 2021, \u00e0 son cabinet \u00e0 Cocody. \u00a0Laur\u00e9ats de plusieurs prix \u00e0 l\u2019international notamment \u00e0 Kigali et \u00e0 Abuja \u00a0au cours l\u2019ann\u00e9e derni\u00e8re, ces artistes ont tenu \u00e0 venir pr\u00e9senter leurs r\u00e9compenses \u00e0 l\u2019\u00e9pouse du chef de l\u2019Etat.<\/p>\n<p>La r\u00e9ception s\u2019est d\u00e9roul\u00e9e en pr\u00e9sence de Madame Raymonde Goudou Coffie, Ministre de la Culture et de la Francophonie, M. Gouhou Michel, c\u00e9l\u00e8bre humoriste et com\u00e9dien, M. Bomou Mamadou, le ma\u00eetre de la parole, Madame Bleu Brigitte, actrice-com\u00e9dienne, de la chanteuse sud-africaine Nomcebo Zikode, auteure du tube au milliard de vues \u00ab\u00a0J\u00e9rusalema\u00a0\u00bb sur Youtube et de bien d\u2019autres personnalit\u00e9s.<\/p>\n<p>En effet, ces artistes qui contribuent au rayonnement artistique et culturel de C\u00f4te d\u2019Ivoire ont re\u00e7u des prix \u00e0 l\u2019international pour leur travail et leur performance. Il s\u2019agit notamment\u00a0 de M. Gohou Michel Dagrou, d\u00e9sign\u00e9 meilleur humoriste africain aux Prix Africains de D\u00e9veloppement (PADEV) \u00e0 Kigali au Rwanda le 20 octobre 2020, M. Bomou Mamadou, qui a re\u00e7u le prix PADEV en qualit\u00e9 de meilleur \u00ab\u00a0parolier\u00a0\u00bb \u00e9galement \u00e0 Kigali au Rwanda, le 20 octobre 2020 et enfin Madame Bleu Brigitte, qui a re\u00e7u deux (02) prix pour sa s\u00e9rie\u00a0: \u00ab\u00a0les larmes de l\u2019amour\u00a0\u00bb \u00e0 savoir\u00a0: le prix de la meilleure s\u00e9rie t\u00e9l\u00e9vis\u00e9e et le prix du meilleur \u00a0sc\u00e9nario s\u00e9rie t\u00e9l\u00e9vis\u00e9e de l\u2019espace francophone \u00e0 Abuja au Nig\u00e9ria au cours du\u00a0 ZAFAA Global Awards 2020, le 20 f\u00e9vrier 2020.<\/p>\n<p>Madame Dominique Ouattara a f\u00e9licit\u00e9 ces artistes pour leur talent et leur travail remarquable qui leur valu ces prix. \u00ab(\u2026) Vous avez travaill\u00e9\u00a0 avec rigueur et abn\u00e9gation depuis de longues ann\u00e9es et aujourd\u2019hui, vos comp\u00e9tences sont reconnues sur le plan international et je voudrais que vous sachiez que je suis fi\u00e8re de vous\u00a0\u00bb, a-t-elle f\u00e9licit\u00e9. La Premi\u00e8re Dame a termin\u00e9 en acceptant\u00a0 de parrainer le futur comit\u00e9 de s\u00e9lection qui va promouvoir les artistes qui positionnent la C\u00f4te d\u2019Ivoire\u00a0 au plan national et international. Demande faite plus t\u00f4t par Madame Raymonde Goudou Coffie, Ministre de la Culture et de la Francophonie.<\/p>\n<p>Madame Raymonde Goudou Coffie, Ministre de la Culture et de la Francophonie\u00a0 a tenu \u00e0 f\u00e9liciter ces artistes. Face aux comp\u00e9tences diverses et \u00e0 la richesse du monde de la culture ivoirien, Madame Raymonde Goudou Coffie a \u00e9mis le v\u0153u de mettre sur pied un comit\u00e9 de s\u00e9lection des artistes qui aura pour mission de promouvoir ceux d\u2019entre eux qui font rayonner au plan national et international le pays.<\/p>\n<p>Les artistes Bleu Brigitte, Michel Gohou et Bomou Mamdou ont quant \u00e0 eux, remerci\u00e9\u00a0 Madame Dominique Ouattara pour son soutien au monde de la culture.<\/p>\n<p>Notons que la Premi\u00e8re Dame fid\u00e8le \u00e0 son titre de marraine du monde de la culture a offert la somme de trois (3) millions F CFA \u00e0 chacun de ces artistes.<\/p>\n<p>&#8211; L\u2019artiste sud-africaine Nomcebo Zikode auteure du tube au milliard de vues \u00ab\u00a0J\u00e9rusalema\u00a0\u00bb est arriv\u00e9e ce mercredi dans la capitale Ivoirienne o\u00f9 elle doit donner un concert le 02 janvier au Palais de la culture de Treichville<\/p>\n<p>-Bleu Brigitte<\/p>\n<p>-Bomou Mamadou<\/p>\n","protected":false},"excerpt":{"rendered":"<p>La Premi\u00e8re Dame Dominique Ouattara a c\u00e9l\u00e9br\u00e9 au cours d\u2019une r\u00e9ception les artistes Bleu Brigitte Agbr\u00e9, Gohou Michel et Bomou Mamadou, le vendredi 8 janvier 2021, \u00e0 son cabinet \u00e0 Cocody. \u00a0Laur\u00e9ats de plusieurs prix \u00e0 l\u2019international notamment \u00e0 Kigali et \u00e0 Abuja \u00a0au cours l\u2019ann\u00e9e derni\u00e8re, ces artistes ont tenu \u00e0 venir pr\u00e9senter leurs [&hellip;]<\/p>\n","protected":false},"author":2,"featured_media":2277,"comment_status":"closed","ping_status":"closed","sticky":true,"template":"","format":"standard","meta":{"_acf_changed":false,"footnotes":""},"categories":[],"tags":[],"class_list":["post-2276","post","type-post","status-publish","format-standard","has-post-thumbnail","hentry"],"acf":[],"yoast_head":"<!-- This site is optimized with the Yoast SEO plugin v27.5 - https:\/\/yoast.com\/product\/yoast-seo-wordpress\/ -->\n<title>La Premi\u00e8re Dame honore des humoristes ivoiriens prim\u00e9s \u00e0 l\u2019\u00e9tranger - Amanien| L&#039;actualit\u00e9 Ivoirienne et Internationale<\/title>\n<meta name=\"robots\" content=\"index, follow, max-snippet:-1, max-image-preview:large, max-video-preview:-1\" \/>\n<link rel=\"canonical\" href=\"https:\/\/www.amanien.info\/news\/la-premiere-dame-honore-des-humoristes-ivoiriens-primes-a-letranger\/\" \/>\n<meta property=\"og:locale\" content=\"fr_FR\" \/>\n<meta property=\"og:type\" content=\"article\" \/>\n<meta property=\"og:title\" content=\"La Premi\u00e8re Dame honore des humoristes ivoiriens prim\u00e9s \u00e0 l\u2019\u00e9tranger - Amanien| L&#039;actualit\u00e9 Ivoirienne et Internationale\" \/>\n<meta property=\"og:description\" content=\"La Premi\u00e8re Dame Dominique Ouattara a c\u00e9l\u00e9br\u00e9 au cours d\u2019une r\u00e9ception les artistes Bleu Brigitte Agbr\u00e9, Gohou Michel et Bomou Mamadou, le vendredi 8 janvier 2021, \u00e0 son cabinet \u00e0 Cocody. \u00a0Laur\u00e9ats de plusieurs prix \u00e0 l\u2019international notamment \u00e0 Kigali et \u00e0 Abuja \u00a0au cours l\u2019ann\u00e9e derni\u00e8re, ces artistes ont tenu \u00e0 venir pr\u00e9senter leurs [&hellip;]\" \/>\n<meta property=\"og:url\" content=\"https:\/\/www.amanien.info\/news\/la-premiere-dame-honore-des-humoristes-ivoiriens-primes-a-letranger\/\" \/>\n<meta property=\"og:site_name\" content=\"Amanien| L&#039;actualit\u00e9 Ivoirienne et Internationale\" \/>\n<meta property=\"article:published_time\" content=\"2021-01-09T07:29:45+00:00\" \/>\n<meta property=\"article:modified_time\" content=\"2021-01-09T07:30:08+00:00\" \/>\n<meta property=\"og:image\" content=\"https:\/\/www.amanien.info\/news\/wp-content\/uploads\/2021\/01\/thumbnail-3.jpg\" \/>\n\t<meta property=\"og:image:width\" content=\"1080\" \/>\n\t<meta property=\"og:image:height\" content=\"719\" \/>\n\t<meta property=\"og:image:type\" content=\"image\/jpeg\" \/>\n<meta name=\"author\" content=\"Germain Ndri\" \/>\n<meta name=\"twitter:card\" content=\"summary_large_image\" \/>\n<meta name=\"twitter:label1\" content=\"\u00c9crit par\" \/>\n\t<meta name=\"twitter:data1\" content=\"Germain Ndri\" \/>\n\t<meta name=\"twitter:label2\" content=\"Dur\u00e9e de lecture estim\u00e9e\" \/>\n\t<meta name=\"twitter:data2\" content=\"3 minutes\" \/>\n<script type=\"application\/ld+json\" class=\"yoast-schema-graph\">{\"@context\":\"https:\\\/\\\/schema.org\",\"@graph\":[{\"@type\":\"Article\",\"@id\":\"https:\\\/\\\/www.amanien.info\\\/news\\\/la-premiere-dame-honore-des-humoristes-ivoiriens-primes-a-letranger\\\/#article\",\"isPartOf\":{\"@id\":\"https:\\\/\\\/www.amanien.info\\\/news\\\/la-premiere-dame-honore-des-humoristes-ivoiriens-primes-a-letranger\\\/\"},\"author\":{\"name\":\"Germain Ndri\",\"@id\":\"https:\\\/\\\/www.amanien.info\\\/news\\\/#\\\/schema\\\/person\\\/b21093345753a1a98242d505bd894f42\"},\"headline\":\"La Premi\u00e8re Dame honore des humoristes ivoiriens prim\u00e9s \u00e0 l\u2019\u00e9tranger\",\"datePublished\":\"2021-01-09T07:29:45+00:00\",\"dateModified\":\"2021-01-09T07:30:08+00:00\",\"mainEntityOfPage\":{\"@id\":\"https:\\\/\\\/www.amanien.info\\\/news\\\/la-premiere-dame-honore-des-humoristes-ivoiriens-primes-a-letranger\\\/\"},\"wordCount\":570,\"image\":{\"@id\":\"https:\\\/\\\/www.amanien.info\\\/news\\\/la-premiere-dame-honore-des-humoristes-ivoiriens-primes-a-letranger\\\/#primaryimage\"},\"thumbnailUrl\":\"https:\\\/\\\/www.amanien.info\\\/news\\\/wp-content\\\/uploads\\\/2021\\\/01\\\/thumbnail-3.jpg\",\"inLanguage\":\"fr-FR\"},{\"@type\":\"WebPage\",\"@id\":\"https:\\\/\\\/www.amanien.info\\\/news\\\/la-premiere-dame-honore-des-humoristes-ivoiriens-primes-a-letranger\\\/\",\"url\":\"https:\\\/\\\/www.amanien.info\\\/news\\\/la-premiere-dame-honore-des-humoristes-ivoiriens-primes-a-letranger\\\/\",\"name\":\"La Premi\u00e8re Dame honore des humoristes ivoiriens prim\u00e9s \u00e0 l\u2019\u00e9tranger - Amanien| L&#039;actualit\u00e9 Ivoirienne et Internationale\",\"isPartOf\":{\"@id\":\"https:\\\/\\\/www.amanien.info\\\/news\\\/#website\"},\"primaryImageOfPage\":{\"@id\":\"https:\\\/\\\/www.amanien.info\\\/news\\\/la-premiere-dame-honore-des-humoristes-ivoiriens-primes-a-letranger\\\/#primaryimage\"},\"image\":{\"@id\":\"https:\\\/\\\/www.amanien.info\\\/news\\\/la-premiere-dame-honore-des-humoristes-ivoiriens-primes-a-letranger\\\/#primaryimage\"},\"thumbnailUrl\":\"https:\\\/\\\/www.amanien.info\\\/news\\\/wp-content\\\/uploads\\\/2021\\\/01\\\/thumbnail-3.jpg\",\"datePublished\":\"2021-01-09T07:29:45+00:00\",\"dateModified\":\"2021-01-09T07:30:08+00:00\",\"author\":{\"@id\":\"https:\\\/\\\/www.amanien.info\\\/news\\\/#\\\/schema\\\/person\\\/b21093345753a1a98242d505bd894f42\"},\"breadcrumb\":{\"@id\":\"https:\\\/\\\/www.amanien.info\\\/news\\\/la-premiere-dame-honore-des-humoristes-ivoiriens-primes-a-letranger\\\/#breadcrumb\"},\"inLanguage\":\"fr-FR\",\"potentialAction\":[{\"@type\":\"ReadAction\",\"target\":[\"https:\\\/\\\/www.amanien.info\\\/news\\\/la-premiere-dame-honore-des-humoristes-ivoiriens-primes-a-letranger\\\/\"]}]},{\"@type\":\"ImageObject\",\"inLanguage\":\"fr-FR\",\"@id\":\"https:\\\/\\\/www.amanien.info\\\/news\\\/la-premiere-dame-honore-des-humoristes-ivoiriens-primes-a-letranger\\\/#primaryimage\",\"url\":\"https:\\\/\\\/www.amanien.info\\\/news\\\/wp-content\\\/uploads\\\/2021\\\/01\\\/thumbnail-3.jpg\",\"contentUrl\":\"https:\\\/\\\/www.amanien.info\\\/news\\\/wp-content\\\/uploads\\\/2021\\\/01\\\/thumbnail-3.jpg\",\"width\":1080,\"height\":719},{\"@type\":\"BreadcrumbList\",\"@id\":\"https:\\\/\\\/www.amanien.info\\\/news\\\/la-premiere-dame-honore-des-humoristes-ivoiriens-primes-a-letranger\\\/#breadcrumb\",\"itemListElement\":[{\"@type\":\"ListItem\",\"position\":1,\"name\":\"Accueil\",\"item\":\"https:\\\/\\\/www.amanien.info\\\/news\\\/\"},{\"@type\":\"ListItem\",\"position\":2,\"name\":\"La Premi\u00e8re Dame honore des humoristes ivoiriens prim\u00e9s \u00e0 l\u2019\u00e9tranger\"}]},{\"@type\":\"WebSite\",\"@id\":\"https:\\\/\\\/www.amanien.info\\\/news\\\/#website\",\"url\":\"https:\\\/\\\/www.amanien.info\\\/news\\\/\",\"name\":\"Amanien| L&#039;actualit\u00e9 Ivoirienne et Internationale\",\"description\":\"L&#039;actualit\u00e9 Ivoirienne et Internationale\",\"potentialAction\":[{\"@type\":\"SearchAction\",\"target\":{\"@type\":\"EntryPoint\",\"urlTemplate\":\"https:\\\/\\\/www.amanien.info\\\/news\\\/?s={search_term_string}\"},\"query-input\":{\"@type\":\"PropertyValueSpecification\",\"valueRequired\":true,\"valueName\":\"search_term_string\"}}],\"inLanguage\":\"fr-FR\"},{\"@type\":\"Person\",\"@id\":\"https:\\\/\\\/www.amanien.info\\\/news\\\/#\\\/schema\\\/person\\\/b21093345753a1a98242d505bd894f42\",\"name\":\"Germain Ndri\",\"url\":\"https:\\\/\\\/www.amanien.info\\\/news\\\/author\\\/amanien-infos\\\/\"}]}<\/script>\n<!-- \/ Yoast SEO plugin. -->","yoast_head_json":{"title":"La Premi\u00e8re Dame honore des humoristes ivoiriens prim\u00e9s \u00e0 l\u2019\u00e9tranger - Amanien| L&#039;actualit\u00e9 Ivoirienne et Internationale","robots":{"index":"index","follow":"follow","max-snippet":"max-snippet:-1","max-image-preview":"max-image-preview:large","max-video-preview":"max-video-preview:-1"},"canonical":"https:\/\/www.amanien.info\/news\/la-premiere-dame-honore-des-humoristes-ivoiriens-primes-a-letranger\/","og_locale":"fr_FR","og_type":"article","og_title":"La Premi\u00e8re Dame honore des humoristes ivoiriens prim\u00e9s \u00e0 l\u2019\u00e9tranger - Amanien| L&#039;actualit\u00e9 Ivoirienne et Internationale","og_description":"La Premi\u00e8re Dame Dominique Ouattara a c\u00e9l\u00e9br\u00e9 au cours d\u2019une r\u00e9ception les artistes Bleu Brigitte Agbr\u00e9, Gohou Michel et Bomou Mamadou, le vendredi 8 janvier 2021, \u00e0 son cabinet \u00e0 Cocody. \u00a0Laur\u00e9ats de plusieurs prix \u00e0 l\u2019international notamment \u00e0 Kigali et \u00e0 Abuja \u00a0au cours l\u2019ann\u00e9e derni\u00e8re, ces artistes ont tenu \u00e0 venir pr\u00e9senter leurs [&hellip;]","og_url":"https:\/\/www.amanien.info\/news\/la-premiere-dame-honore-des-humoristes-ivoiriens-primes-a-letranger\/","og_site_name":"Amanien| L&#039;actualit\u00e9 Ivoirienne et Internationale","article_published_time":"2021-01-09T07:29:45+00:00","article_modified_time":"2021-01-09T07:30:08+00:00","og_image":[{"width":1080,"height":719,"url":"https:\/\/www.amanien.info\/news\/wp-content\/uploads\/2021\/01\/thumbnail-3.jpg","type":"image\/jpeg"}],"author":"Germain Ndri","twitter_card":"summary_large_image","twitter_misc":{"\u00c9crit par":"Germain Ndri","Dur\u00e9e de lecture estim\u00e9e":"3 minutes"},"schema":{"@context":"https:\/\/schema.org","@graph":[{"@type":"Article","@id":"https:\/\/www.amanien.info\/news\/la-premiere-dame-honore-des-humoristes-ivoiriens-primes-a-letranger\/#article","isPartOf":{"@id":"https:\/\/www.amanien.info\/news\/la-premiere-dame-honore-des-humoristes-ivoiriens-primes-a-letranger\/"},"author":{"name":"Germain Ndri","@id":"https:\/\/www.amanien.info\/news\/#\/schema\/person\/b21093345753a1a98242d505bd894f42"},"headline":"La Premi\u00e8re Dame honore des humoristes ivoiriens prim\u00e9s \u00e0 l\u2019\u00e9tranger","datePublished":"2021-01-09T07:29:45+00:00","dateModified":"2021-01-09T07:30:08+00:00","mainEntityOfPage":{"@id":"https:\/\/www.amanien.info\/news\/la-premiere-dame-honore-des-humoristes-ivoiriens-primes-a-letranger\/"},"wordCount":570,"image":{"@id":"https:\/\/www.amanien.info\/news\/la-premiere-dame-honore-des-humoristes-ivoiriens-primes-a-letranger\/#primaryimage"},"thumbnailUrl":"https:\/\/www.amanien.info\/news\/wp-content\/uploads\/2021\/01\/thumbnail-3.jpg","inLanguage":"fr-FR"},{"@type":"WebPage","@id":"https:\/\/www.amanien.info\/news\/la-premiere-dame-honore-des-humoristes-ivoiriens-primes-a-letranger\/","url":"https:\/\/www.amanien.info\/news\/la-premiere-dame-honore-des-humoristes-ivoiriens-primes-a-letranger\/","name":"La Premi\u00e8re Dame honore des humoristes ivoiriens prim\u00e9s \u00e0 l\u2019\u00e9tranger - Amanien| L&#039;actualit\u00e9 Ivoirienne et Internationale","isPartOf":{"@id":"https:\/\/www.amanien.info\/news\/#website"},"primaryImageOfPage":{"@id":"https:\/\/www.amanien.info\/news\/la-premiere-dame-honore-des-humoristes-ivoiriens-primes-a-letranger\/#primaryimage"},"image":{"@id":"https:\/\/www.amanien.info\/news\/la-premiere-dame-honore-des-humoristes-ivoiriens-primes-a-letranger\/#primaryimage"},"thumbnailUrl":"https:\/\/www.amanien.info\/news\/wp-content\/uploads\/2021\/01\/thumbnail-3.jpg","datePublished":"2021-01-09T07:29:45+00:00","dateModified":"2021-01-09T07:30:08+00:00","author":{"@id":"https:\/\/www.amanien.info\/news\/#\/schema\/person\/b21093345753a1a98242d505bd894f42"},"breadcrumb":{"@id":"https:\/\/www.amanien.info\/news\/la-premiere-dame-honore-des-humoristes-ivoiriens-primes-a-letranger\/#breadcrumb"},"inLanguage":"fr-FR","potentialAction":[{"@type":"ReadAction","target":["https:\/\/www.amanien.info\/news\/la-premiere-dame-honore-des-humoristes-ivoiriens-primes-a-letranger\/"]}]},{"@type":"ImageObject","inLanguage":"fr-FR","@id":"https:\/\/www.amanien.info\/news\/la-premiere-dame-honore-des-humoristes-ivoiriens-primes-a-letranger\/#primaryimage","url":"https:\/\/www.amanien.info\/news\/wp-content\/uploads\/2021\/01\/thumbnail-3.jpg","contentUrl":"https:\/\/www.amanien.info\/news\/wp-content\/uploads\/2021\/01\/thumbnail-3.jpg","width":1080,"height":719},{"@type":"BreadcrumbList","@id":"https:\/\/www.amanien.info\/news\/la-premiere-dame-honore-des-humoristes-ivoiriens-primes-a-letranger\/#breadcrumb","itemListElement":[{"@type":"ListItem","position":1,"name":"Accueil","item":"https:\/\/www.amanien.info\/news\/"},{"@type":"ListItem","position":2,"name":"La Premi\u00e8re Dame honore des humoristes ivoiriens prim\u00e9s \u00e0 l\u2019\u00e9tranger"}]},{"@type":"WebSite","@id":"https:\/\/www.amanien.info\/news\/#website","url":"https:\/\/www.amanien.info\/news\/","name":"Amanien| L&#039;actualit\u00e9 Ivoirienne et Internationale","description":"L&#039;actualit\u00e9 Ivoirienne et Internationale","potentialAction":[{"@type":"SearchAction","target":{"@type":"EntryPoint","urlTemplate":"https:\/\/www.amanien.info\/news\/?s={search_term_string}"},"query-input":{"@type":"PropertyValueSpecification","valueRequired":true,"valueName":"search_term_string"}}],"inLanguage":"fr-FR"},{"@type":"Person","@id":"https:\/\/www.amanien.info\/news\/#\/schema\/person\/b21093345753a1a98242d505bd894f42","name":"Germain Ndri","url":"https:\/\/www.amanien.info\/news\/author\/amanien-infos\/"}]}},"_links":{"self":[{"href":"https:\/\/www.amanien.info\/news\/wp-json\/wp\/v2\/posts\/2276","targetHints":{"allow":["GET"]}}],"collection":[{"href":"https:\/\/www.amanien.info\/news\/wp-json\/wp\/v2\/posts"}],"about":[{"href":"https:\/\/www.amanien.info\/news\/wp-json\/wp\/v2\/types\/post"}],"author":[{"embeddable":true,"href":"https:\/\/www.amanien.info\/news\/wp-json\/wp\/v2\/users\/2"}],"replies":[{"embeddable":true,"href":"https:\/\/www.amanien.info\/news\/wp-json\/wp\/v2\/comments?post=2276"}],"version-history":[{"count":0,"href":"https:\/\/www.amanien.info\/news\/wp-json\/wp\/v2\/posts\/2276\/revisions"}],"wp:featuredmedia":[{"embeddable":true,"href":"https:\/\/www.amanien.info\/news\/wp-json\/wp\/v2\/media\/2277"}],"wp:attachment":[{"href":"https:\/\/www.amanien.info\/news\/wp-json\/wp\/v2\/media?parent=2276"}],"wp:term":[{"taxonomy":"category","embeddable":true,"href":"https:\/\/www.amanien.info\/news\/wp-json\/wp\/v2\/categories?post=2276"},{"taxonomy":"post_tag","embeddable":true,"href":"https:\/\/www.amanien.info\/news\/wp-json\/wp\/v2\/tags?post=2276"}],"curies":[{"name":"wp","href":"https:\/\/api.w.org\/{rel}","templated":true}]}}