{"id":2245,"date":"2020-12-31T14:42:06","date_gmt":"2020-12-31T13:42:06","guid":{"rendered":"http:\/\/https:\/\/zozo.buyee.jp\/\/news\/?p=2245"},"modified":"2020-12-31T14:42:27","modified_gmt":"2020-12-31T13:42:27","slug":"pascal-affi-n-guessan-mis-en-liberte-provisoire","status":"publish","type":"post","link":"https:\/\/www.amanien.info\/news\/pascal-affi-n-guessan-mis-en-liberte-provisoire\/","title":{"rendered":"Pascal Affi N&rsquo; Guessan mis en libert\u00e9 provisoire"},"content":{"rendered":"<p>Le pr\u00e9sident du Front populaire ivoirien (FPI), Pascal Affi N\u2019Guessan, a \u00e9t\u00e9 mis en libert\u00e9 et plac\u00e9 sous contr\u00f4le judiciaire le mercredi 30 d\u00e9cembre 2020 \u00e0 Abidjan. Selon l\u2019un de ses avocats, Ma\u00eetre Dagbo, le pr\u00e9sident du Front Populaire Ivoirien ( FPI) s\u2019est pr\u00e9sent\u00e9 devant un juge du 9\u1d49 cabinet d\u2019instruction aujourd&rsquo;hui. Il \u00e9tait incarc\u00e9r\u00e9 depuis le 7 novembre, apr\u00e8s son arrestation \u00e0 Akoup\u00e9.<br \/>\nIl \u00e9tait poursuivi pour complot contre l\u2019autorit\u00e9 de l\u2019\u00c9tat , mouvement insurrectionnel , assassinat et actes de terrorisme.<\/p>\n","protected":false},"excerpt":{"rendered":"<p>Le pr\u00e9sident du Front populaire ivoirien (FPI), Pascal Affi N\u2019Guessan, a \u00e9t\u00e9 mis en libert\u00e9 et plac\u00e9 sous contr\u00f4le judiciaire le mercredi 30 d\u00e9cembre 2020 \u00e0 Abidjan. Selon l\u2019un de ses avocats, Ma\u00eetre Dagbo, le pr\u00e9sident du Front Populaire Ivoirien ( FPI) s\u2019est pr\u00e9sent\u00e9 devant un juge du 9\u1d49 cabinet d\u2019instruction aujourd&rsquo;hui. Il \u00e9tait incarc\u00e9r\u00e9 [&hellip;]<\/p>\n","protected":false},"author":2,"featured_media":2246,"comment_status":"closed","ping_status":"closed","sticky":true,"template":"","format":"standard","meta":{"_acf_changed":false,"footnotes":""},"categories":[],"tags":[],"class_list":["post-2245","post","type-post","status-publish","format-standard","has-post-thumbnail","hentry"],"acf":[],"yoast_head":"<!-- This site is optimized with the Yoast SEO plugin v27.5 - https:\/\/yoast.com\/product\/yoast-seo-wordpress\/ -->\n<title>Pascal Affi N&#039; Guessan mis en libert\u00e9 provisoire - Amanien| L&#039;actualit\u00e9 Ivoirienne et Internationale<\/title>\n<meta name=\"robots\" content=\"index, follow, max-snippet:-1, max-image-preview:large, max-video-preview:-1\" \/>\n<link rel=\"canonical\" href=\"https:\/\/www.amanien.info\/news\/pascal-affi-n-guessan-mis-en-liberte-provisoire\/\" \/>\n<meta property=\"og:locale\" content=\"fr_FR\" \/>\n<meta property=\"og:type\" content=\"article\" \/>\n<meta property=\"og:title\" content=\"Pascal Affi N&#039; Guessan mis en libert\u00e9 provisoire - Amanien| L&#039;actualit\u00e9 Ivoirienne et Internationale\" \/>\n<meta property=\"og:description\" content=\"Le pr\u00e9sident du Front populaire ivoirien (FPI), Pascal Affi N\u2019Guessan, a \u00e9t\u00e9 mis en libert\u00e9 et plac\u00e9 sous contr\u00f4le judiciaire le mercredi 30 d\u00e9cembre 2020 \u00e0 Abidjan. Selon l\u2019un de ses avocats, Ma\u00eetre Dagbo, le pr\u00e9sident du Front Populaire Ivoirien ( FPI) s\u2019est pr\u00e9sent\u00e9 devant un juge du 9\u1d49 cabinet d\u2019instruction aujourd&rsquo;hui. Il \u00e9tait incarc\u00e9r\u00e9 [&hellip;]\" \/>\n<meta property=\"og:url\" content=\"https:\/\/www.amanien.info\/news\/pascal-affi-n-guessan-mis-en-liberte-provisoire\/\" \/>\n<meta property=\"og:site_name\" content=\"Amanien| L&#039;actualit\u00e9 Ivoirienne et Internationale\" \/>\n<meta property=\"article:published_time\" content=\"2020-12-31T13:42:06+00:00\" \/>\n<meta property=\"article:modified_time\" content=\"2020-12-31T13:42:27+00:00\" \/>\n<meta property=\"og:image\" content=\"https:\/\/www.amanien.info\/news\/wp-content\/uploads\/2020\/12\/thumbnail-6.png\" \/>\n\t<meta property=\"og:image:width\" content=\"200\" \/>\n\t<meta property=\"og:image:height\" content=\"133\" \/>\n\t<meta property=\"og:image:type\" content=\"image\/png\" \/>\n<meta name=\"author\" content=\"Germain Ndri\" \/>\n<meta name=\"twitter:card\" content=\"summary_large_image\" \/>\n<meta name=\"twitter:label1\" content=\"\u00c9crit par\" \/>\n\t<meta name=\"twitter:data1\" content=\"Germain Ndri\" \/>\n<script type=\"application\/ld+json\" class=\"yoast-schema-graph\">{\"@context\":\"https:\\\/\\\/schema.org\",\"@graph\":[{\"@type\":\"Article\",\"@id\":\"https:\\\/\\\/www.amanien.info\\\/news\\\/pascal-affi-n-guessan-mis-en-liberte-provisoire\\\/#article\",\"isPartOf\":{\"@id\":\"https:\\\/\\\/www.amanien.info\\\/news\\\/pascal-affi-n-guessan-mis-en-liberte-provisoire\\\/\"},\"author\":{\"name\":\"Germain Ndri\",\"@id\":\"https:\\\/\\\/www.amanien.info\\\/news\\\/#\\\/schema\\\/person\\\/b21093345753a1a98242d505bd894f42\"},\"headline\":\"Pascal Affi N&rsquo; Guessan mis en libert\u00e9 provisoire\",\"datePublished\":\"2020-12-31T13:42:06+00:00\",\"dateModified\":\"2020-12-31T13:42:27+00:00\",\"mainEntityOfPage\":{\"@id\":\"https:\\\/\\\/www.amanien.info\\\/news\\\/pascal-affi-n-guessan-mis-en-liberte-provisoire\\\/\"},\"wordCount\":96,\"image\":{\"@id\":\"https:\\\/\\\/www.amanien.info\\\/news\\\/pascal-affi-n-guessan-mis-en-liberte-provisoire\\\/#primaryimage\"},\"thumbnailUrl\":\"https:\\\/\\\/www.amanien.info\\\/news\\\/wp-content\\\/uploads\\\/2020\\\/12\\\/thumbnail-6.png\",\"inLanguage\":\"fr-FR\"},{\"@type\":\"WebPage\",\"@id\":\"https:\\\/\\\/www.amanien.info\\\/news\\\/pascal-affi-n-guessan-mis-en-liberte-provisoire\\\/\",\"url\":\"https:\\\/\\\/www.amanien.info\\\/news\\\/pascal-affi-n-guessan-mis-en-liberte-provisoire\\\/\",\"name\":\"Pascal Affi N' Guessan mis en libert\u00e9 provisoire - Amanien| L&#039;actualit\u00e9 Ivoirienne et Internationale\",\"isPartOf\":{\"@id\":\"https:\\\/\\\/www.amanien.info\\\/news\\\/#website\"},\"primaryImageOfPage\":{\"@id\":\"https:\\\/\\\/www.amanien.info\\\/news\\\/pascal-affi-n-guessan-mis-en-liberte-provisoire\\\/#primaryimage\"},\"image\":{\"@id\":\"https:\\\/\\\/www.amanien.info\\\/news\\\/pascal-affi-n-guessan-mis-en-liberte-provisoire\\\/#primaryimage\"},\"thumbnailUrl\":\"https:\\\/\\\/www.amanien.info\\\/news\\\/wp-content\\\/uploads\\\/2020\\\/12\\\/thumbnail-6.png\",\"datePublished\":\"2020-12-31T13:42:06+00:00\",\"dateModified\":\"2020-12-31T13:42:27+00:00\",\"author\":{\"@id\":\"https:\\\/\\\/www.amanien.info\\\/news\\\/#\\\/schema\\\/person\\\/b21093345753a1a98242d505bd894f42\"},\"breadcrumb\":{\"@id\":\"https:\\\/\\\/www.amanien.info\\\/news\\\/pascal-affi-n-guessan-mis-en-liberte-provisoire\\\/#breadcrumb\"},\"inLanguage\":\"fr-FR\",\"potentialAction\":[{\"@type\":\"ReadAction\",\"target\":[\"https:\\\/\\\/www.amanien.info\\\/news\\\/pascal-affi-n-guessan-mis-en-liberte-provisoire\\\/\"]}]},{\"@type\":\"ImageObject\",\"inLanguage\":\"fr-FR\",\"@id\":\"https:\\\/\\\/www.amanien.info\\\/news\\\/pascal-affi-n-guessan-mis-en-liberte-provisoire\\\/#primaryimage\",\"url\":\"https:\\\/\\\/www.amanien.info\\\/news\\\/wp-content\\\/uploads\\\/2020\\\/12\\\/thumbnail-6.png\",\"contentUrl\":\"https:\\\/\\\/www.amanien.info\\\/news\\\/wp-content\\\/uploads\\\/2020\\\/12\\\/thumbnail-6.png\",\"width\":200,\"height\":133},{\"@type\":\"BreadcrumbList\",\"@id\":\"https:\\\/\\\/www.amanien.info\\\/news\\\/pascal-affi-n-guessan-mis-en-liberte-provisoire\\\/#breadcrumb\",\"itemListElement\":[{\"@type\":\"ListItem\",\"position\":1,\"name\":\"Accueil\",\"item\":\"https:\\\/\\\/www.amanien.info\\\/news\\\/\"},{\"@type\":\"ListItem\",\"position\":2,\"name\":\"Pascal Affi N&rsquo; Guessan mis en libert\u00e9 provisoire\"}]},{\"@type\":\"WebSite\",\"@id\":\"https:\\\/\\\/www.amanien.info\\\/news\\\/#website\",\"url\":\"https:\\\/\\\/www.amanien.info\\\/news\\\/\",\"name\":\"Amanien| L&#039;actualit\u00e9 Ivoirienne et Internationale\",\"description\":\"L&#039;actualit\u00e9 Ivoirienne et Internationale\",\"potentialAction\":[{\"@type\":\"SearchAction\",\"target\":{\"@type\":\"EntryPoint\",\"urlTemplate\":\"https:\\\/\\\/www.amanien.info\\\/news\\\/?s={search_term_string}\"},\"query-input\":{\"@type\":\"PropertyValueSpecification\",\"valueRequired\":true,\"valueName\":\"search_term_string\"}}],\"inLanguage\":\"fr-FR\"},{\"@type\":\"Person\",\"@id\":\"https:\\\/\\\/www.amanien.info\\\/news\\\/#\\\/schema\\\/person\\\/b21093345753a1a98242d505bd894f42\",\"name\":\"Germain Ndri\",\"url\":\"https:\\\/\\\/www.amanien.info\\\/news\\\/author\\\/amanien-infos\\\/\"}]}<\/script>\n<!-- \/ Yoast SEO plugin. -->","yoast_head_json":{"title":"Pascal Affi N' Guessan mis en libert\u00e9 provisoire - Amanien| L&#039;actualit\u00e9 Ivoirienne et Internationale","robots":{"index":"index","follow":"follow","max-snippet":"max-snippet:-1","max-image-preview":"max-image-preview:large","max-video-preview":"max-video-preview:-1"},"canonical":"https:\/\/www.amanien.info\/news\/pascal-affi-n-guessan-mis-en-liberte-provisoire\/","og_locale":"fr_FR","og_type":"article","og_title":"Pascal Affi N' Guessan mis en libert\u00e9 provisoire - Amanien| L&#039;actualit\u00e9 Ivoirienne et Internationale","og_description":"Le pr\u00e9sident du Front populaire ivoirien (FPI), Pascal Affi N\u2019Guessan, a \u00e9t\u00e9 mis en libert\u00e9 et plac\u00e9 sous contr\u00f4le judiciaire le mercredi 30 d\u00e9cembre 2020 \u00e0 Abidjan. Selon l\u2019un de ses avocats, Ma\u00eetre Dagbo, le pr\u00e9sident du Front Populaire Ivoirien ( FPI) s\u2019est pr\u00e9sent\u00e9 devant un juge du 9\u1d49 cabinet d\u2019instruction aujourd&rsquo;hui. Il \u00e9tait incarc\u00e9r\u00e9 [&hellip;]","og_url":"https:\/\/www.amanien.info\/news\/pascal-affi-n-guessan-mis-en-liberte-provisoire\/","og_site_name":"Amanien| L&#039;actualit\u00e9 Ivoirienne et Internationale","article_published_time":"2020-12-31T13:42:06+00:00","article_modified_time":"2020-12-31T13:42:27+00:00","og_image":[{"width":200,"height":133,"url":"https:\/\/www.amanien.info\/news\/wp-content\/uploads\/2020\/12\/thumbnail-6.png","type":"image\/png"}],"author":"Germain Ndri","twitter_card":"summary_large_image","twitter_misc":{"\u00c9crit par":"Germain Ndri"},"schema":{"@context":"https:\/\/schema.org","@graph":[{"@type":"Article","@id":"https:\/\/www.amanien.info\/news\/pascal-affi-n-guessan-mis-en-liberte-provisoire\/#article","isPartOf":{"@id":"https:\/\/www.amanien.info\/news\/pascal-affi-n-guessan-mis-en-liberte-provisoire\/"},"author":{"name":"Germain Ndri","@id":"https:\/\/www.amanien.info\/news\/#\/schema\/person\/b21093345753a1a98242d505bd894f42"},"headline":"Pascal Affi N&rsquo; Guessan mis en libert\u00e9 provisoire","datePublished":"2020-12-31T13:42:06+00:00","dateModified":"2020-12-31T13:42:27+00:00","mainEntityOfPage":{"@id":"https:\/\/www.amanien.info\/news\/pascal-affi-n-guessan-mis-en-liberte-provisoire\/"},"wordCount":96,"image":{"@id":"https:\/\/www.amanien.info\/news\/pascal-affi-n-guessan-mis-en-liberte-provisoire\/#primaryimage"},"thumbnailUrl":"https:\/\/www.amanien.info\/news\/wp-content\/uploads\/2020\/12\/thumbnail-6.png","inLanguage":"fr-FR"},{"@type":"WebPage","@id":"https:\/\/www.amanien.info\/news\/pascal-affi-n-guessan-mis-en-liberte-provisoire\/","url":"https:\/\/www.amanien.info\/news\/pascal-affi-n-guessan-mis-en-liberte-provisoire\/","name":"Pascal Affi N' Guessan mis en libert\u00e9 provisoire - Amanien| L&#039;actualit\u00e9 Ivoirienne et Internationale","isPartOf":{"@id":"https:\/\/www.amanien.info\/news\/#website"},"primaryImageOfPage":{"@id":"https:\/\/www.amanien.info\/news\/pascal-affi-n-guessan-mis-en-liberte-provisoire\/#primaryimage"},"image":{"@id":"https:\/\/www.amanien.info\/news\/pascal-affi-n-guessan-mis-en-liberte-provisoire\/#primaryimage"},"thumbnailUrl":"https:\/\/www.amanien.info\/news\/wp-content\/uploads\/2020\/12\/thumbnail-6.png","datePublished":"2020-12-31T13:42:06+00:00","dateModified":"2020-12-31T13:42:27+00:00","author":{"@id":"https:\/\/www.amanien.info\/news\/#\/schema\/person\/b21093345753a1a98242d505bd894f42"},"breadcrumb":{"@id":"https:\/\/www.amanien.info\/news\/pascal-affi-n-guessan-mis-en-liberte-provisoire\/#breadcrumb"},"inLanguage":"fr-FR","potentialAction":[{"@type":"ReadAction","target":["https:\/\/www.amanien.info\/news\/pascal-affi-n-guessan-mis-en-liberte-provisoire\/"]}]},{"@type":"ImageObject","inLanguage":"fr-FR","@id":"https:\/\/www.amanien.info\/news\/pascal-affi-n-guessan-mis-en-liberte-provisoire\/#primaryimage","url":"https:\/\/www.amanien.info\/news\/wp-content\/uploads\/2020\/12\/thumbnail-6.png","contentUrl":"https:\/\/www.amanien.info\/news\/wp-content\/uploads\/2020\/12\/thumbnail-6.png","width":200,"height":133},{"@type":"BreadcrumbList","@id":"https:\/\/www.amanien.info\/news\/pascal-affi-n-guessan-mis-en-liberte-provisoire\/#breadcrumb","itemListElement":[{"@type":"ListItem","position":1,"name":"Accueil","item":"https:\/\/www.amanien.info\/news\/"},{"@type":"ListItem","position":2,"name":"Pascal Affi N&rsquo; Guessan mis en libert\u00e9 provisoire"}]},{"@type":"WebSite","@id":"https:\/\/www.amanien.info\/news\/#website","url":"https:\/\/www.amanien.info\/news\/","name":"Amanien| L&#039;actualit\u00e9 Ivoirienne et Internationale","description":"L&#039;actualit\u00e9 Ivoirienne et Internationale","potentialAction":[{"@type":"SearchAction","target":{"@type":"EntryPoint","urlTemplate":"https:\/\/www.amanien.info\/news\/?s={search_term_string}"},"query-input":{"@type":"PropertyValueSpecification","valueRequired":true,"valueName":"search_term_string"}}],"inLanguage":"fr-FR"},{"@type":"Person","@id":"https:\/\/www.amanien.info\/news\/#\/schema\/person\/b21093345753a1a98242d505bd894f42","name":"Germain Ndri","url":"https:\/\/www.amanien.info\/news\/author\/amanien-infos\/"}]}},"_links":{"self":[{"href":"https:\/\/www.amanien.info\/news\/wp-json\/wp\/v2\/posts\/2245","targetHints":{"allow":["GET"]}}],"collection":[{"href":"https:\/\/www.amanien.info\/news\/wp-json\/wp\/v2\/posts"}],"about":[{"href":"https:\/\/www.amanien.info\/news\/wp-json\/wp\/v2\/types\/post"}],"author":[{"embeddable":true,"href":"https:\/\/www.amanien.info\/news\/wp-json\/wp\/v2\/users\/2"}],"replies":[{"embeddable":true,"href":"https:\/\/www.amanien.info\/news\/wp-json\/wp\/v2\/comments?post=2245"}],"version-history":[{"count":0,"href":"https:\/\/www.amanien.info\/news\/wp-json\/wp\/v2\/posts\/2245\/revisions"}],"wp:featuredmedia":[{"embeddable":true,"href":"https:\/\/www.amanien.info\/news\/wp-json\/wp\/v2\/media\/2246"}],"wp:attachment":[{"href":"https:\/\/www.amanien.info\/news\/wp-json\/wp\/v2\/media?parent=2245"}],"wp:term":[{"taxonomy":"category","embeddable":true,"href":"https:\/\/www.amanien.info\/news\/wp-json\/wp\/v2\/categories?post=2245"},{"taxonomy":"post_tag","embeddable":true,"href":"https:\/\/www.amanien.info\/news\/wp-json\/wp\/v2\/tags?post=2245"}],"curies":[{"name":"wp","href":"https:\/\/api.w.org\/{rel}","templated":true}]}}