{"id":2242,"date":"2020-12-31T14:39:21","date_gmt":"2020-12-31T13:39:21","guid":{"rendered":"http:\/\/https:\/\/zozo.buyee.jp\/\/news\/?p=2242"},"modified":"2020-12-31T14:39:41","modified_gmt":"2020-12-31T13:39:41","slug":"apaisement-du-climat-sociologique-le-president-alassane-ouattara-et-le-president-bedie-continuent-le-dialogue","status":"publish","type":"post","link":"https:\/\/www.amanien.info\/news\/apaisement-du-climat-sociologique-le-president-alassane-ouattara-et-le-president-bedie-continuent-le-dialogue\/","title":{"rendered":"Apaisement du climat sociologique: Le pr\u00e9sident Alassane Ouattara et le pr\u00e9sident Bedi\u00e9 continuent le dialogue"},"content":{"rendered":"<p>A l&rsquo; entame du conseil des ministres qui s&rsquo; est tenu le mercredi 30 d\u00e9cembre, le pr\u00e9sident de la R\u00e9publique Alassane Ouattara, s&rsquo; est r\u00e9jouit de la reprise du dialogue politique avec l&rsquo; opposition. Il a annonc\u00e9 avoir maintenu le contact avec l&rsquo; ex chef d&rsquo; \u00c9tat Henri Konan Bedi\u00e9, pr\u00e9sident du PDCI- RDA. \u00a0\u00bb Le Pr\u00e9sident B\u00e9di\u00e9 et moi nous nous sommes parl\u00e9 \u00e0 plusieurs occasions ces derniers temps, et nous sommes convenus de reprendre le dialogue bilat\u00e9ral dans les prochains jours, certainement dans la deuxi\u00e8me quinzaine du mois de janvier\u00a0\u00bb a-t-il dit.<\/p>\n<p>Il a ajout\u00e9 que cela permettra d\u2019\u00e9voquer un certain nombre de points en suspens, et de montrer aux concitoyens que nous sommes sur la voie de la consolidation de la paix pour notre pays. Selon le chef de l&rsquo; \u00c9tat, \u00a0\u00bb Nous voulons un pays en paix et compte tenu des progr\u00e8s qui sont r\u00e9alis\u00e9s, avec la paix nous irons encore plus vite\u00a0\u00bb.<br \/>\nLe Pr\u00e9sident Alassane Ouattara a en outre f\u00e9licit\u00e9 tous les participants au dialogue entre le gouvernement et l&rsquo; opposition, qui s&rsquo; est achev\u00e9 mardi 29 d\u00e9cembre. \u2019\u2019c\u2019est tr\u00e8s important d\u2019avoir des \u00e9lections inclusives. Je note que tous les partis politiques ont indiqu\u00e9 leur souhait de participer \u00e0 ces \u00e9lections qui nous permettront de voir le vrai paysage politique de notre pays apr\u00e8s plus de 10 ans d\u2019absences de certains partis politiques. Je suis personnellement engag\u00e9 \u00e0 faire en sorte que les mesures d\u2019apaisements puissent \u00eatre prises, mais dans le cadre de la loi bien \u00e9videmment\u2019\u2019 a dit le chef de l&rsquo;\u00c9tat. L&rsquo; \u00e9lection l\u00e9gislative se tiendra le 6 mars 2021.<br \/>\nC.W<\/p>\n","protected":false},"excerpt":{"rendered":"<p>A l&rsquo; entame du conseil des ministres qui s&rsquo; est tenu le mercredi 30 d\u00e9cembre, le pr\u00e9sident de la R\u00e9publique Alassane Ouattara, s&rsquo; est r\u00e9jouit de la reprise du dialogue politique avec l&rsquo; opposition. Il a annonc\u00e9 avoir maintenu le contact avec l&rsquo; ex chef d&rsquo; \u00c9tat Henri Konan Bedi\u00e9, pr\u00e9sident du PDCI- RDA. \u00a0\u00bb [&hellip;]<\/p>\n","protected":false},"author":2,"featured_media":2243,"comment_status":"closed","ping_status":"closed","sticky":true,"template":"","format":"standard","meta":{"_acf_changed":false,"footnotes":""},"categories":[],"tags":[],"class_list":["post-2242","post","type-post","status-publish","format-standard","has-post-thumbnail","hentry"],"acf":[],"yoast_head":"<!-- This site is optimized with the Yoast SEO plugin v27.5 - https:\/\/yoast.com\/product\/yoast-seo-wordpress\/ -->\n<title>Apaisement du climat sociologique: Le pr\u00e9sident Alassane Ouattara et le pr\u00e9sident Bedi\u00e9 continuent le dialogue - Amanien| L&#039;actualit\u00e9 Ivoirienne et Internationale<\/title>\n<meta name=\"robots\" content=\"index, follow, max-snippet:-1, max-image-preview:large, max-video-preview:-1\" \/>\n<link rel=\"canonical\" href=\"https:\/\/www.amanien.info\/news\/apaisement-du-climat-sociologique-le-president-alassane-ouattara-et-le-president-bedie-continuent-le-dialogue\/\" \/>\n<meta property=\"og:locale\" content=\"fr_FR\" \/>\n<meta property=\"og:type\" content=\"article\" \/>\n<meta property=\"og:title\" content=\"Apaisement du climat sociologique: Le pr\u00e9sident Alassane Ouattara et le pr\u00e9sident Bedi\u00e9 continuent le dialogue - Amanien| L&#039;actualit\u00e9 Ivoirienne et Internationale\" \/>\n<meta property=\"og:description\" content=\"A l&rsquo; entame du conseil des ministres qui s&rsquo; est tenu le mercredi 30 d\u00e9cembre, le pr\u00e9sident de la R\u00e9publique Alassane Ouattara, s&rsquo; est r\u00e9jouit de la reprise du dialogue politique avec l&rsquo; opposition. Il a annonc\u00e9 avoir maintenu le contact avec l&rsquo; ex chef d&rsquo; \u00c9tat Henri Konan Bedi\u00e9, pr\u00e9sident du PDCI- RDA. \u00a0\u00bb [&hellip;]\" \/>\n<meta property=\"og:url\" content=\"https:\/\/www.amanien.info\/news\/apaisement-du-climat-sociologique-le-president-alassane-ouattara-et-le-president-bedie-continuent-le-dialogue\/\" \/>\n<meta property=\"og:site_name\" content=\"Amanien| L&#039;actualit\u00e9 Ivoirienne et Internationale\" \/>\n<meta property=\"article:published_time\" content=\"2020-12-31T13:39:21+00:00\" \/>\n<meta property=\"article:modified_time\" content=\"2020-12-31T13:39:41+00:00\" \/>\n<meta property=\"og:image\" content=\"https:\/\/www.amanien.info\/news\/wp-content\/uploads\/2020\/12\/thumbnail-5.png\" \/>\n\t<meta property=\"og:image:width\" content=\"200\" \/>\n\t<meta property=\"og:image:height\" content=\"200\" \/>\n\t<meta property=\"og:image:type\" content=\"image\/png\" \/>\n<meta name=\"author\" content=\"Germain Ndri\" \/>\n<meta name=\"twitter:card\" content=\"summary_large_image\" \/>\n<meta name=\"twitter:label1\" content=\"\u00c9crit par\" \/>\n\t<meta name=\"twitter:data1\" content=\"Germain Ndri\" \/>\n\t<meta name=\"twitter:label2\" content=\"Dur\u00e9e de lecture estim\u00e9e\" \/>\n\t<meta name=\"twitter:data2\" content=\"1 minute\" \/>\n<script type=\"application\/ld+json\" class=\"yoast-schema-graph\">{\"@context\":\"https:\\\/\\\/schema.org\",\"@graph\":[{\"@type\":\"Article\",\"@id\":\"https:\\\/\\\/www.amanien.info\\\/news\\\/apaisement-du-climat-sociologique-le-president-alassane-ouattara-et-le-president-bedie-continuent-le-dialogue\\\/#article\",\"isPartOf\":{\"@id\":\"https:\\\/\\\/www.amanien.info\\\/news\\\/apaisement-du-climat-sociologique-le-president-alassane-ouattara-et-le-president-bedie-continuent-le-dialogue\\\/\"},\"author\":{\"name\":\"Germain Ndri\",\"@id\":\"https:\\\/\\\/www.amanien.info\\\/news\\\/#\\\/schema\\\/person\\\/b21093345753a1a98242d505bd894f42\"},\"headline\":\"Apaisement du climat sociologique: Le pr\u00e9sident Alassane Ouattara et le pr\u00e9sident Bedi\u00e9 continuent le dialogue\",\"datePublished\":\"2020-12-31T13:39:21+00:00\",\"dateModified\":\"2020-12-31T13:39:41+00:00\",\"mainEntityOfPage\":{\"@id\":\"https:\\\/\\\/www.amanien.info\\\/news\\\/apaisement-du-climat-sociologique-le-president-alassane-ouattara-et-le-president-bedie-continuent-le-dialogue\\\/\"},\"wordCount\":300,\"image\":{\"@id\":\"https:\\\/\\\/www.amanien.info\\\/news\\\/apaisement-du-climat-sociologique-le-president-alassane-ouattara-et-le-president-bedie-continuent-le-dialogue\\\/#primaryimage\"},\"thumbnailUrl\":\"https:\\\/\\\/www.amanien.info\\\/news\\\/wp-content\\\/uploads\\\/2020\\\/12\\\/thumbnail-5.png\",\"inLanguage\":\"fr-FR\"},{\"@type\":\"WebPage\",\"@id\":\"https:\\\/\\\/www.amanien.info\\\/news\\\/apaisement-du-climat-sociologique-le-president-alassane-ouattara-et-le-president-bedie-continuent-le-dialogue\\\/\",\"url\":\"https:\\\/\\\/www.amanien.info\\\/news\\\/apaisement-du-climat-sociologique-le-president-alassane-ouattara-et-le-president-bedie-continuent-le-dialogue\\\/\",\"name\":\"Apaisement du climat sociologique: Le pr\u00e9sident Alassane Ouattara et le pr\u00e9sident Bedi\u00e9 continuent le dialogue - Amanien| L&#039;actualit\u00e9 Ivoirienne et Internationale\",\"isPartOf\":{\"@id\":\"https:\\\/\\\/www.amanien.info\\\/news\\\/#website\"},\"primaryImageOfPage\":{\"@id\":\"https:\\\/\\\/www.amanien.info\\\/news\\\/apaisement-du-climat-sociologique-le-president-alassane-ouattara-et-le-president-bedie-continuent-le-dialogue\\\/#primaryimage\"},\"image\":{\"@id\":\"https:\\\/\\\/www.amanien.info\\\/news\\\/apaisement-du-climat-sociologique-le-president-alassane-ouattara-et-le-president-bedie-continuent-le-dialogue\\\/#primaryimage\"},\"thumbnailUrl\":\"https:\\\/\\\/www.amanien.info\\\/news\\\/wp-content\\\/uploads\\\/2020\\\/12\\\/thumbnail-5.png\",\"datePublished\":\"2020-12-31T13:39:21+00:00\",\"dateModified\":\"2020-12-31T13:39:41+00:00\",\"author\":{\"@id\":\"https:\\\/\\\/www.amanien.info\\\/news\\\/#\\\/schema\\\/person\\\/b21093345753a1a98242d505bd894f42\"},\"breadcrumb\":{\"@id\":\"https:\\\/\\\/www.amanien.info\\\/news\\\/apaisement-du-climat-sociologique-le-president-alassane-ouattara-et-le-president-bedie-continuent-le-dialogue\\\/#breadcrumb\"},\"inLanguage\":\"fr-FR\",\"potentialAction\":[{\"@type\":\"ReadAction\",\"target\":[\"https:\\\/\\\/www.amanien.info\\\/news\\\/apaisement-du-climat-sociologique-le-president-alassane-ouattara-et-le-president-bedie-continuent-le-dialogue\\\/\"]}]},{\"@type\":\"ImageObject\",\"inLanguage\":\"fr-FR\",\"@id\":\"https:\\\/\\\/www.amanien.info\\\/news\\\/apaisement-du-climat-sociologique-le-president-alassane-ouattara-et-le-president-bedie-continuent-le-dialogue\\\/#primaryimage\",\"url\":\"https:\\\/\\\/www.amanien.info\\\/news\\\/wp-content\\\/uploads\\\/2020\\\/12\\\/thumbnail-5.png\",\"contentUrl\":\"https:\\\/\\\/www.amanien.info\\\/news\\\/wp-content\\\/uploads\\\/2020\\\/12\\\/thumbnail-5.png\",\"width\":200,\"height\":200},{\"@type\":\"BreadcrumbList\",\"@id\":\"https:\\\/\\\/www.amanien.info\\\/news\\\/apaisement-du-climat-sociologique-le-president-alassane-ouattara-et-le-president-bedie-continuent-le-dialogue\\\/#breadcrumb\",\"itemListElement\":[{\"@type\":\"ListItem\",\"position\":1,\"name\":\"Accueil\",\"item\":\"https:\\\/\\\/www.amanien.info\\\/news\\\/\"},{\"@type\":\"ListItem\",\"position\":2,\"name\":\"Apaisement du climat sociologique: Le pr\u00e9sident Alassane Ouattara et le pr\u00e9sident Bedi\u00e9 continuent le dialogue\"}]},{\"@type\":\"WebSite\",\"@id\":\"https:\\\/\\\/www.amanien.info\\\/news\\\/#website\",\"url\":\"https:\\\/\\\/www.amanien.info\\\/news\\\/\",\"name\":\"Amanien| L&#039;actualit\u00e9 Ivoirienne et Internationale\",\"description\":\"L&#039;actualit\u00e9 Ivoirienne et Internationale\",\"potentialAction\":[{\"@type\":\"SearchAction\",\"target\":{\"@type\":\"EntryPoint\",\"urlTemplate\":\"https:\\\/\\\/www.amanien.info\\\/news\\\/?s={search_term_string}\"},\"query-input\":{\"@type\":\"PropertyValueSpecification\",\"valueRequired\":true,\"valueName\":\"search_term_string\"}}],\"inLanguage\":\"fr-FR\"},{\"@type\":\"Person\",\"@id\":\"https:\\\/\\\/www.amanien.info\\\/news\\\/#\\\/schema\\\/person\\\/b21093345753a1a98242d505bd894f42\",\"name\":\"Germain Ndri\",\"url\":\"https:\\\/\\\/www.amanien.info\\\/news\\\/author\\\/amanien-infos\\\/\"}]}<\/script>\n<!-- \/ Yoast SEO plugin. -->","yoast_head_json":{"title":"Apaisement du climat sociologique: Le pr\u00e9sident Alassane Ouattara et le pr\u00e9sident Bedi\u00e9 continuent le dialogue - Amanien| L&#039;actualit\u00e9 Ivoirienne et Internationale","robots":{"index":"index","follow":"follow","max-snippet":"max-snippet:-1","max-image-preview":"max-image-preview:large","max-video-preview":"max-video-preview:-1"},"canonical":"https:\/\/www.amanien.info\/news\/apaisement-du-climat-sociologique-le-president-alassane-ouattara-et-le-president-bedie-continuent-le-dialogue\/","og_locale":"fr_FR","og_type":"article","og_title":"Apaisement du climat sociologique: Le pr\u00e9sident Alassane Ouattara et le pr\u00e9sident Bedi\u00e9 continuent le dialogue - Amanien| L&#039;actualit\u00e9 Ivoirienne et Internationale","og_description":"A l&rsquo; entame du conseil des ministres qui s&rsquo; est tenu le mercredi 30 d\u00e9cembre, le pr\u00e9sident de la R\u00e9publique Alassane Ouattara, s&rsquo; est r\u00e9jouit de la reprise du dialogue politique avec l&rsquo; opposition. Il a annonc\u00e9 avoir maintenu le contact avec l&rsquo; ex chef d&rsquo; \u00c9tat Henri Konan Bedi\u00e9, pr\u00e9sident du PDCI- RDA. \u00a0\u00bb [&hellip;]","og_url":"https:\/\/www.amanien.info\/news\/apaisement-du-climat-sociologique-le-president-alassane-ouattara-et-le-president-bedie-continuent-le-dialogue\/","og_site_name":"Amanien| L&#039;actualit\u00e9 Ivoirienne et Internationale","article_published_time":"2020-12-31T13:39:21+00:00","article_modified_time":"2020-12-31T13:39:41+00:00","og_image":[{"width":200,"height":200,"url":"https:\/\/www.amanien.info\/news\/wp-content\/uploads\/2020\/12\/thumbnail-5.png","type":"image\/png"}],"author":"Germain Ndri","twitter_card":"summary_large_image","twitter_misc":{"\u00c9crit par":"Germain Ndri","Dur\u00e9e de lecture estim\u00e9e":"1 minute"},"schema":{"@context":"https:\/\/schema.org","@graph":[{"@type":"Article","@id":"https:\/\/www.amanien.info\/news\/apaisement-du-climat-sociologique-le-president-alassane-ouattara-et-le-president-bedie-continuent-le-dialogue\/#article","isPartOf":{"@id":"https:\/\/www.amanien.info\/news\/apaisement-du-climat-sociologique-le-president-alassane-ouattara-et-le-president-bedie-continuent-le-dialogue\/"},"author":{"name":"Germain Ndri","@id":"https:\/\/www.amanien.info\/news\/#\/schema\/person\/b21093345753a1a98242d505bd894f42"},"headline":"Apaisement du climat sociologique: Le pr\u00e9sident Alassane Ouattara et le pr\u00e9sident Bedi\u00e9 continuent le dialogue","datePublished":"2020-12-31T13:39:21+00:00","dateModified":"2020-12-31T13:39:41+00:00","mainEntityOfPage":{"@id":"https:\/\/www.amanien.info\/news\/apaisement-du-climat-sociologique-le-president-alassane-ouattara-et-le-president-bedie-continuent-le-dialogue\/"},"wordCount":300,"image":{"@id":"https:\/\/www.amanien.info\/news\/apaisement-du-climat-sociologique-le-president-alassane-ouattara-et-le-president-bedie-continuent-le-dialogue\/#primaryimage"},"thumbnailUrl":"https:\/\/www.amanien.info\/news\/wp-content\/uploads\/2020\/12\/thumbnail-5.png","inLanguage":"fr-FR"},{"@type":"WebPage","@id":"https:\/\/www.amanien.info\/news\/apaisement-du-climat-sociologique-le-president-alassane-ouattara-et-le-president-bedie-continuent-le-dialogue\/","url":"https:\/\/www.amanien.info\/news\/apaisement-du-climat-sociologique-le-president-alassane-ouattara-et-le-president-bedie-continuent-le-dialogue\/","name":"Apaisement du climat sociologique: Le pr\u00e9sident Alassane Ouattara et le pr\u00e9sident Bedi\u00e9 continuent le dialogue - Amanien| L&#039;actualit\u00e9 Ivoirienne et Internationale","isPartOf":{"@id":"https:\/\/www.amanien.info\/news\/#website"},"primaryImageOfPage":{"@id":"https:\/\/www.amanien.info\/news\/apaisement-du-climat-sociologique-le-president-alassane-ouattara-et-le-president-bedie-continuent-le-dialogue\/#primaryimage"},"image":{"@id":"https:\/\/www.amanien.info\/news\/apaisement-du-climat-sociologique-le-president-alassane-ouattara-et-le-president-bedie-continuent-le-dialogue\/#primaryimage"},"thumbnailUrl":"https:\/\/www.amanien.info\/news\/wp-content\/uploads\/2020\/12\/thumbnail-5.png","datePublished":"2020-12-31T13:39:21+00:00","dateModified":"2020-12-31T13:39:41+00:00","author":{"@id":"https:\/\/www.amanien.info\/news\/#\/schema\/person\/b21093345753a1a98242d505bd894f42"},"breadcrumb":{"@id":"https:\/\/www.amanien.info\/news\/apaisement-du-climat-sociologique-le-president-alassane-ouattara-et-le-president-bedie-continuent-le-dialogue\/#breadcrumb"},"inLanguage":"fr-FR","potentialAction":[{"@type":"ReadAction","target":["https:\/\/www.amanien.info\/news\/apaisement-du-climat-sociologique-le-president-alassane-ouattara-et-le-president-bedie-continuent-le-dialogue\/"]}]},{"@type":"ImageObject","inLanguage":"fr-FR","@id":"https:\/\/www.amanien.info\/news\/apaisement-du-climat-sociologique-le-president-alassane-ouattara-et-le-president-bedie-continuent-le-dialogue\/#primaryimage","url":"https:\/\/www.amanien.info\/news\/wp-content\/uploads\/2020\/12\/thumbnail-5.png","contentUrl":"https:\/\/www.amanien.info\/news\/wp-content\/uploads\/2020\/12\/thumbnail-5.png","width":200,"height":200},{"@type":"BreadcrumbList","@id":"https:\/\/www.amanien.info\/news\/apaisement-du-climat-sociologique-le-president-alassane-ouattara-et-le-president-bedie-continuent-le-dialogue\/#breadcrumb","itemListElement":[{"@type":"ListItem","position":1,"name":"Accueil","item":"https:\/\/www.amanien.info\/news\/"},{"@type":"ListItem","position":2,"name":"Apaisement du climat sociologique: Le pr\u00e9sident Alassane Ouattara et le pr\u00e9sident Bedi\u00e9 continuent le dialogue"}]},{"@type":"WebSite","@id":"https:\/\/www.amanien.info\/news\/#website","url":"https:\/\/www.amanien.info\/news\/","name":"Amanien| L&#039;actualit\u00e9 Ivoirienne et Internationale","description":"L&#039;actualit\u00e9 Ivoirienne et Internationale","potentialAction":[{"@type":"SearchAction","target":{"@type":"EntryPoint","urlTemplate":"https:\/\/www.amanien.info\/news\/?s={search_term_string}"},"query-input":{"@type":"PropertyValueSpecification","valueRequired":true,"valueName":"search_term_string"}}],"inLanguage":"fr-FR"},{"@type":"Person","@id":"https:\/\/www.amanien.info\/news\/#\/schema\/person\/b21093345753a1a98242d505bd894f42","name":"Germain Ndri","url":"https:\/\/www.amanien.info\/news\/author\/amanien-infos\/"}]}},"_links":{"self":[{"href":"https:\/\/www.amanien.info\/news\/wp-json\/wp\/v2\/posts\/2242","targetHints":{"allow":["GET"]}}],"collection":[{"href":"https:\/\/www.amanien.info\/news\/wp-json\/wp\/v2\/posts"}],"about":[{"href":"https:\/\/www.amanien.info\/news\/wp-json\/wp\/v2\/types\/post"}],"author":[{"embeddable":true,"href":"https:\/\/www.amanien.info\/news\/wp-json\/wp\/v2\/users\/2"}],"replies":[{"embeddable":true,"href":"https:\/\/www.amanien.info\/news\/wp-json\/wp\/v2\/comments?post=2242"}],"version-history":[{"count":0,"href":"https:\/\/www.amanien.info\/news\/wp-json\/wp\/v2\/posts\/2242\/revisions"}],"wp:featuredmedia":[{"embeddable":true,"href":"https:\/\/www.amanien.info\/news\/wp-json\/wp\/v2\/media\/2243"}],"wp:attachment":[{"href":"https:\/\/www.amanien.info\/news\/wp-json\/wp\/v2\/media?parent=2242"}],"wp:term":[{"taxonomy":"category","embeddable":true,"href":"https:\/\/www.amanien.info\/news\/wp-json\/wp\/v2\/categories?post=2242"},{"taxonomy":"post_tag","embeddable":true,"href":"https:\/\/www.amanien.info\/news\/wp-json\/wp\/v2\/tags?post=2242"}],"curies":[{"name":"wp","href":"https:\/\/api.w.org\/{rel}","templated":true}]}}