{"id":2236,"date":"2020-12-29T20:13:42","date_gmt":"2020-12-29T19:13:42","guid":{"rendered":"http:\/\/https:\/\/zozo.buyee.jp\/\/news\/?p=2236"},"modified":"2020-12-29T20:14:30","modified_gmt":"2020-12-29T19:14:30","slug":"fetes-de-fin-dannee-assahore-en-communion-avec-la-jeunesse-de-languibonou","status":"publish","type":"post","link":"https:\/\/www.amanien.info\/news\/fetes-de-fin-dannee-assahore-en-communion-avec-la-jeunesse-de-languibonou\/","title":{"rendered":"F\u00eates de fin d\u2019ann\u00e9e\u00a0:ASSAHORE en communion avec la jeunesse de Languibonou"},"content":{"rendered":"<p>ASSAHORE Konan Jacques, le Directeur G\u00e9n\u00e9ral du Tr\u00e9sor et de la Comptabilit\u00e9 Publique, \u00e9tait l\u2019invit\u00e9 sp\u00e9cial de la jeunesse centrale de de la Sous-Pr\u00e9fecture de Languibonou ce dimanche 27 d\u00e9cembre.<\/p>\n<p>R\u00e9unis pour la circonstance sur la place publique d\u2019Akproabo, ces jeunes venus des diff\u00e9rents villages de cette sous-pr\u00e9fecture ont profit\u00e9 de l\u2019occasion pour adresser \u00e0 l\u2019endroit de leur h\u00f4te, leurs remerciements pour ses nombreuses actions en faveur du d\u00e9veloppement et de la coh\u00e9sion des fils et filles du d\u00e9partement de Botro. Ils lui ont aussi pr\u00e9sent\u00e9 les traditionnels v\u0153ux du nouvel an pour l\u2019ann\u00e9e 2021.<\/p>\n<p>Le Directeur G\u00e9n\u00e9ral, fils de cette localit\u00e9, marqu\u00e9 par la mobilisation exceptionnelle, a r\u00e9affirm\u00e9 son engagement \u00e0 soutenir les initiatives qui participent au d\u00e9veloppement du d\u00e9partement de Botro. Pour lui\u00a0: \u00ab\u00a0faire de la politique, c\u2019est penser au bien-\u00eatre de sa population\u00a0\u00bb.<\/p>\n<p>Il a par ailleurs exhort\u00e9 cette jeunesse \u00e0 s\u2019inscrire dans la dynamique de d\u00e9veloppement pr\u00f4n\u00e9 par le Pr\u00e9sident de la R\u00e9publique, \u00e0 s\u2019unir pour initier des activit\u00e9s g\u00e9n\u00e9ratrices de revenus afin de garantir leur autonomie financi\u00e8re, et enfin, \u00e0 s\u2019\u00e9loigner des divisions politiques.<\/p>\n<p>Il a en retour, formul\u00e9 des v\u0153ux de bonheur, de sant\u00e9 et de long\u00e9vit\u00e9 aux populations et souhait\u00e9 que la nouvelle ann\u00e9e 2021 soit une ann\u00e9e de paix pour tous.<\/p>\n","protected":false},"excerpt":{"rendered":"<p>ASSAHORE Konan Jacques, le Directeur G\u00e9n\u00e9ral du Tr\u00e9sor et de la Comptabilit\u00e9 Publique, \u00e9tait l\u2019invit\u00e9 sp\u00e9cial de la jeunesse centrale de de la Sous-Pr\u00e9fecture de Languibonou ce dimanche 27 d\u00e9cembre. R\u00e9unis pour la circonstance sur la place publique d\u2019Akproabo, ces jeunes venus des diff\u00e9rents villages de cette sous-pr\u00e9fecture ont profit\u00e9 de l\u2019occasion pour adresser \u00e0 [&hellip;]<\/p>\n","protected":false},"author":2,"featured_media":2237,"comment_status":"closed","ping_status":"closed","sticky":true,"template":"","format":"standard","meta":{"_acf_changed":false,"footnotes":""},"categories":[],"tags":[],"class_list":["post-2236","post","type-post","status-publish","format-standard","has-post-thumbnail","hentry"],"acf":[],"yoast_head":"<!-- This site is optimized with the Yoast SEO plugin v27.4 - https:\/\/yoast.com\/product\/yoast-seo-wordpress\/ -->\n<title>F\u00eates de fin d\u2019ann\u00e9e\u00a0:ASSAHORE en communion avec la jeunesse de Languibonou - Amanien| L&#039;actualit\u00e9 Ivoirienne et Internationale<\/title>\n<meta name=\"robots\" content=\"index, follow, max-snippet:-1, max-image-preview:large, max-video-preview:-1\" \/>\n<link rel=\"canonical\" href=\"https:\/\/www.amanien.info\/news\/fetes-de-fin-dannee-assahore-en-communion-avec-la-jeunesse-de-languibonou\/\" \/>\n<meta property=\"og:locale\" content=\"fr_FR\" \/>\n<meta property=\"og:type\" content=\"article\" \/>\n<meta property=\"og:title\" content=\"F\u00eates de fin d\u2019ann\u00e9e\u00a0:ASSAHORE en communion avec la jeunesse de Languibonou - Amanien| L&#039;actualit\u00e9 Ivoirienne et Internationale\" \/>\n<meta property=\"og:description\" content=\"ASSAHORE Konan Jacques, le Directeur G\u00e9n\u00e9ral du Tr\u00e9sor et de la Comptabilit\u00e9 Publique, \u00e9tait l\u2019invit\u00e9 sp\u00e9cial de la jeunesse centrale de de la Sous-Pr\u00e9fecture de Languibonou ce dimanche 27 d\u00e9cembre. R\u00e9unis pour la circonstance sur la place publique d\u2019Akproabo, ces jeunes venus des diff\u00e9rents villages de cette sous-pr\u00e9fecture ont profit\u00e9 de l\u2019occasion pour adresser \u00e0 [&hellip;]\" \/>\n<meta property=\"og:url\" content=\"https:\/\/www.amanien.info\/news\/fetes-de-fin-dannee-assahore-en-communion-avec-la-jeunesse-de-languibonou\/\" \/>\n<meta property=\"og:site_name\" content=\"Amanien| L&#039;actualit\u00e9 Ivoirienne et Internationale\" \/>\n<meta property=\"article:published_time\" content=\"2020-12-29T19:13:42+00:00\" \/>\n<meta property=\"article:modified_time\" content=\"2020-12-29T19:14:30+00:00\" \/>\n<meta property=\"og:image\" content=\"https:\/\/www.amanien.info\/news\/wp-content\/uploads\/2020\/12\/thumbnail-12.jpg\" \/>\n\t<meta property=\"og:image:width\" content=\"960\" \/>\n\t<meta property=\"og:image:height\" content=\"540\" \/>\n\t<meta property=\"og:image:type\" content=\"image\/jpeg\" \/>\n<meta name=\"author\" content=\"Germain Ndri\" \/>\n<meta name=\"twitter:card\" content=\"summary_large_image\" \/>\n<meta name=\"twitter:label1\" content=\"\u00c9crit par\" \/>\n\t<meta name=\"twitter:data1\" content=\"Germain Ndri\" \/>\n\t<meta name=\"twitter:label2\" content=\"Dur\u00e9e de lecture estim\u00e9e\" \/>\n\t<meta name=\"twitter:data2\" content=\"1 minute\" \/>\n<script type=\"application\/ld+json\" class=\"yoast-schema-graph\">{\"@context\":\"https:\\\/\\\/schema.org\",\"@graph\":[{\"@type\":\"Article\",\"@id\":\"https:\\\/\\\/www.amanien.info\\\/news\\\/fetes-de-fin-dannee-assahore-en-communion-avec-la-jeunesse-de-languibonou\\\/#article\",\"isPartOf\":{\"@id\":\"https:\\\/\\\/www.amanien.info\\\/news\\\/fetes-de-fin-dannee-assahore-en-communion-avec-la-jeunesse-de-languibonou\\\/\"},\"author\":{\"name\":\"Germain Ndri\",\"@id\":\"https:\\\/\\\/www.amanien.info\\\/news\\\/#\\\/schema\\\/person\\\/b21093345753a1a98242d505bd894f42\"},\"headline\":\"F\u00eates de fin d\u2019ann\u00e9e\u00a0:ASSAHORE en communion avec la jeunesse de Languibonou\",\"datePublished\":\"2020-12-29T19:13:42+00:00\",\"dateModified\":\"2020-12-29T19:14:30+00:00\",\"mainEntityOfPage\":{\"@id\":\"https:\\\/\\\/www.amanien.info\\\/news\\\/fetes-de-fin-dannee-assahore-en-communion-avec-la-jeunesse-de-languibonou\\\/\"},\"wordCount\":259,\"image\":{\"@id\":\"https:\\\/\\\/www.amanien.info\\\/news\\\/fetes-de-fin-dannee-assahore-en-communion-avec-la-jeunesse-de-languibonou\\\/#primaryimage\"},\"thumbnailUrl\":\"https:\\\/\\\/www.amanien.info\\\/news\\\/wp-content\\\/uploads\\\/2020\\\/12\\\/thumbnail-12.jpg\",\"inLanguage\":\"fr-FR\"},{\"@type\":\"WebPage\",\"@id\":\"https:\\\/\\\/www.amanien.info\\\/news\\\/fetes-de-fin-dannee-assahore-en-communion-avec-la-jeunesse-de-languibonou\\\/\",\"url\":\"https:\\\/\\\/www.amanien.info\\\/news\\\/fetes-de-fin-dannee-assahore-en-communion-avec-la-jeunesse-de-languibonou\\\/\",\"name\":\"F\u00eates de fin d\u2019ann\u00e9e\u00a0:ASSAHORE en communion avec la jeunesse de Languibonou - Amanien| L&#039;actualit\u00e9 Ivoirienne et Internationale\",\"isPartOf\":{\"@id\":\"https:\\\/\\\/www.amanien.info\\\/news\\\/#website\"},\"primaryImageOfPage\":{\"@id\":\"https:\\\/\\\/www.amanien.info\\\/news\\\/fetes-de-fin-dannee-assahore-en-communion-avec-la-jeunesse-de-languibonou\\\/#primaryimage\"},\"image\":{\"@id\":\"https:\\\/\\\/www.amanien.info\\\/news\\\/fetes-de-fin-dannee-assahore-en-communion-avec-la-jeunesse-de-languibonou\\\/#primaryimage\"},\"thumbnailUrl\":\"https:\\\/\\\/www.amanien.info\\\/news\\\/wp-content\\\/uploads\\\/2020\\\/12\\\/thumbnail-12.jpg\",\"datePublished\":\"2020-12-29T19:13:42+00:00\",\"dateModified\":\"2020-12-29T19:14:30+00:00\",\"author\":{\"@id\":\"https:\\\/\\\/www.amanien.info\\\/news\\\/#\\\/schema\\\/person\\\/b21093345753a1a98242d505bd894f42\"},\"breadcrumb\":{\"@id\":\"https:\\\/\\\/www.amanien.info\\\/news\\\/fetes-de-fin-dannee-assahore-en-communion-avec-la-jeunesse-de-languibonou\\\/#breadcrumb\"},\"inLanguage\":\"fr-FR\",\"potentialAction\":[{\"@type\":\"ReadAction\",\"target\":[\"https:\\\/\\\/www.amanien.info\\\/news\\\/fetes-de-fin-dannee-assahore-en-communion-avec-la-jeunesse-de-languibonou\\\/\"]}]},{\"@type\":\"ImageObject\",\"inLanguage\":\"fr-FR\",\"@id\":\"https:\\\/\\\/www.amanien.info\\\/news\\\/fetes-de-fin-dannee-assahore-en-communion-avec-la-jeunesse-de-languibonou\\\/#primaryimage\",\"url\":\"https:\\\/\\\/www.amanien.info\\\/news\\\/wp-content\\\/uploads\\\/2020\\\/12\\\/thumbnail-12.jpg\",\"contentUrl\":\"https:\\\/\\\/www.amanien.info\\\/news\\\/wp-content\\\/uploads\\\/2020\\\/12\\\/thumbnail-12.jpg\",\"width\":960,\"height\":540},{\"@type\":\"BreadcrumbList\",\"@id\":\"https:\\\/\\\/www.amanien.info\\\/news\\\/fetes-de-fin-dannee-assahore-en-communion-avec-la-jeunesse-de-languibonou\\\/#breadcrumb\",\"itemListElement\":[{\"@type\":\"ListItem\",\"position\":1,\"name\":\"Accueil\",\"item\":\"https:\\\/\\\/www.amanien.info\\\/news\\\/\"},{\"@type\":\"ListItem\",\"position\":2,\"name\":\"F\u00eates de fin d\u2019ann\u00e9e\u00a0:ASSAHORE en communion avec la jeunesse de Languibonou\"}]},{\"@type\":\"WebSite\",\"@id\":\"https:\\\/\\\/www.amanien.info\\\/news\\\/#website\",\"url\":\"https:\\\/\\\/www.amanien.info\\\/news\\\/\",\"name\":\"Amanien| L&#039;actualit\u00e9 Ivoirienne et Internationale\",\"description\":\"L&#039;actualit\u00e9 Ivoirienne et Internationale\",\"potentialAction\":[{\"@type\":\"SearchAction\",\"target\":{\"@type\":\"EntryPoint\",\"urlTemplate\":\"https:\\\/\\\/www.amanien.info\\\/news\\\/?s={search_term_string}\"},\"query-input\":{\"@type\":\"PropertyValueSpecification\",\"valueRequired\":true,\"valueName\":\"search_term_string\"}}],\"inLanguage\":\"fr-FR\"},{\"@type\":\"Person\",\"@id\":\"https:\\\/\\\/www.amanien.info\\\/news\\\/#\\\/schema\\\/person\\\/b21093345753a1a98242d505bd894f42\",\"name\":\"Germain Ndri\",\"url\":\"https:\\\/\\\/www.amanien.info\\\/news\\\/author\\\/amanien-infos\\\/\"}]}<\/script>\n<!-- \/ Yoast SEO plugin. -->","yoast_head_json":{"title":"F\u00eates de fin d\u2019ann\u00e9e\u00a0:ASSAHORE en communion avec la jeunesse de Languibonou - Amanien| L&#039;actualit\u00e9 Ivoirienne et Internationale","robots":{"index":"index","follow":"follow","max-snippet":"max-snippet:-1","max-image-preview":"max-image-preview:large","max-video-preview":"max-video-preview:-1"},"canonical":"https:\/\/www.amanien.info\/news\/fetes-de-fin-dannee-assahore-en-communion-avec-la-jeunesse-de-languibonou\/","og_locale":"fr_FR","og_type":"article","og_title":"F\u00eates de fin d\u2019ann\u00e9e\u00a0:ASSAHORE en communion avec la jeunesse de Languibonou - Amanien| L&#039;actualit\u00e9 Ivoirienne et Internationale","og_description":"ASSAHORE Konan Jacques, le Directeur G\u00e9n\u00e9ral du Tr\u00e9sor et de la Comptabilit\u00e9 Publique, \u00e9tait l\u2019invit\u00e9 sp\u00e9cial de la jeunesse centrale de de la Sous-Pr\u00e9fecture de Languibonou ce dimanche 27 d\u00e9cembre. R\u00e9unis pour la circonstance sur la place publique d\u2019Akproabo, ces jeunes venus des diff\u00e9rents villages de cette sous-pr\u00e9fecture ont profit\u00e9 de l\u2019occasion pour adresser \u00e0 [&hellip;]","og_url":"https:\/\/www.amanien.info\/news\/fetes-de-fin-dannee-assahore-en-communion-avec-la-jeunesse-de-languibonou\/","og_site_name":"Amanien| L&#039;actualit\u00e9 Ivoirienne et Internationale","article_published_time":"2020-12-29T19:13:42+00:00","article_modified_time":"2020-12-29T19:14:30+00:00","og_image":[{"width":960,"height":540,"url":"https:\/\/www.amanien.info\/news\/wp-content\/uploads\/2020\/12\/thumbnail-12.jpg","type":"image\/jpeg"}],"author":"Germain Ndri","twitter_card":"summary_large_image","twitter_misc":{"\u00c9crit par":"Germain Ndri","Dur\u00e9e de lecture estim\u00e9e":"1 minute"},"schema":{"@context":"https:\/\/schema.org","@graph":[{"@type":"Article","@id":"https:\/\/www.amanien.info\/news\/fetes-de-fin-dannee-assahore-en-communion-avec-la-jeunesse-de-languibonou\/#article","isPartOf":{"@id":"https:\/\/www.amanien.info\/news\/fetes-de-fin-dannee-assahore-en-communion-avec-la-jeunesse-de-languibonou\/"},"author":{"name":"Germain Ndri","@id":"https:\/\/www.amanien.info\/news\/#\/schema\/person\/b21093345753a1a98242d505bd894f42"},"headline":"F\u00eates de fin d\u2019ann\u00e9e\u00a0:ASSAHORE en communion avec la jeunesse de Languibonou","datePublished":"2020-12-29T19:13:42+00:00","dateModified":"2020-12-29T19:14:30+00:00","mainEntityOfPage":{"@id":"https:\/\/www.amanien.info\/news\/fetes-de-fin-dannee-assahore-en-communion-avec-la-jeunesse-de-languibonou\/"},"wordCount":259,"image":{"@id":"https:\/\/www.amanien.info\/news\/fetes-de-fin-dannee-assahore-en-communion-avec-la-jeunesse-de-languibonou\/#primaryimage"},"thumbnailUrl":"https:\/\/www.amanien.info\/news\/wp-content\/uploads\/2020\/12\/thumbnail-12.jpg","inLanguage":"fr-FR"},{"@type":"WebPage","@id":"https:\/\/www.amanien.info\/news\/fetes-de-fin-dannee-assahore-en-communion-avec-la-jeunesse-de-languibonou\/","url":"https:\/\/www.amanien.info\/news\/fetes-de-fin-dannee-assahore-en-communion-avec-la-jeunesse-de-languibonou\/","name":"F\u00eates de fin d\u2019ann\u00e9e\u00a0:ASSAHORE en communion avec la jeunesse de Languibonou - Amanien| L&#039;actualit\u00e9 Ivoirienne et Internationale","isPartOf":{"@id":"https:\/\/www.amanien.info\/news\/#website"},"primaryImageOfPage":{"@id":"https:\/\/www.amanien.info\/news\/fetes-de-fin-dannee-assahore-en-communion-avec-la-jeunesse-de-languibonou\/#primaryimage"},"image":{"@id":"https:\/\/www.amanien.info\/news\/fetes-de-fin-dannee-assahore-en-communion-avec-la-jeunesse-de-languibonou\/#primaryimage"},"thumbnailUrl":"https:\/\/www.amanien.info\/news\/wp-content\/uploads\/2020\/12\/thumbnail-12.jpg","datePublished":"2020-12-29T19:13:42+00:00","dateModified":"2020-12-29T19:14:30+00:00","author":{"@id":"https:\/\/www.amanien.info\/news\/#\/schema\/person\/b21093345753a1a98242d505bd894f42"},"breadcrumb":{"@id":"https:\/\/www.amanien.info\/news\/fetes-de-fin-dannee-assahore-en-communion-avec-la-jeunesse-de-languibonou\/#breadcrumb"},"inLanguage":"fr-FR","potentialAction":[{"@type":"ReadAction","target":["https:\/\/www.amanien.info\/news\/fetes-de-fin-dannee-assahore-en-communion-avec-la-jeunesse-de-languibonou\/"]}]},{"@type":"ImageObject","inLanguage":"fr-FR","@id":"https:\/\/www.amanien.info\/news\/fetes-de-fin-dannee-assahore-en-communion-avec-la-jeunesse-de-languibonou\/#primaryimage","url":"https:\/\/www.amanien.info\/news\/wp-content\/uploads\/2020\/12\/thumbnail-12.jpg","contentUrl":"https:\/\/www.amanien.info\/news\/wp-content\/uploads\/2020\/12\/thumbnail-12.jpg","width":960,"height":540},{"@type":"BreadcrumbList","@id":"https:\/\/www.amanien.info\/news\/fetes-de-fin-dannee-assahore-en-communion-avec-la-jeunesse-de-languibonou\/#breadcrumb","itemListElement":[{"@type":"ListItem","position":1,"name":"Accueil","item":"https:\/\/www.amanien.info\/news\/"},{"@type":"ListItem","position":2,"name":"F\u00eates de fin d\u2019ann\u00e9e\u00a0:ASSAHORE en communion avec la jeunesse de Languibonou"}]},{"@type":"WebSite","@id":"https:\/\/www.amanien.info\/news\/#website","url":"https:\/\/www.amanien.info\/news\/","name":"Amanien| L&#039;actualit\u00e9 Ivoirienne et Internationale","description":"L&#039;actualit\u00e9 Ivoirienne et Internationale","potentialAction":[{"@type":"SearchAction","target":{"@type":"EntryPoint","urlTemplate":"https:\/\/www.amanien.info\/news\/?s={search_term_string}"},"query-input":{"@type":"PropertyValueSpecification","valueRequired":true,"valueName":"search_term_string"}}],"inLanguage":"fr-FR"},{"@type":"Person","@id":"https:\/\/www.amanien.info\/news\/#\/schema\/person\/b21093345753a1a98242d505bd894f42","name":"Germain Ndri","url":"https:\/\/www.amanien.info\/news\/author\/amanien-infos\/"}]}},"_links":{"self":[{"href":"https:\/\/www.amanien.info\/news\/wp-json\/wp\/v2\/posts\/2236","targetHints":{"allow":["GET"]}}],"collection":[{"href":"https:\/\/www.amanien.info\/news\/wp-json\/wp\/v2\/posts"}],"about":[{"href":"https:\/\/www.amanien.info\/news\/wp-json\/wp\/v2\/types\/post"}],"author":[{"embeddable":true,"href":"https:\/\/www.amanien.info\/news\/wp-json\/wp\/v2\/users\/2"}],"replies":[{"embeddable":true,"href":"https:\/\/www.amanien.info\/news\/wp-json\/wp\/v2\/comments?post=2236"}],"version-history":[{"count":0,"href":"https:\/\/www.amanien.info\/news\/wp-json\/wp\/v2\/posts\/2236\/revisions"}],"wp:featuredmedia":[{"embeddable":true,"href":"https:\/\/www.amanien.info\/news\/wp-json\/wp\/v2\/media\/2237"}],"wp:attachment":[{"href":"https:\/\/www.amanien.info\/news\/wp-json\/wp\/v2\/media?parent=2236"}],"wp:term":[{"taxonomy":"category","embeddable":true,"href":"https:\/\/www.amanien.info\/news\/wp-json\/wp\/v2\/categories?post=2236"},{"taxonomy":"post_tag","embeddable":true,"href":"https:\/\/www.amanien.info\/news\/wp-json\/wp\/v2\/tags?post=2236"}],"curies":[{"name":"wp","href":"https:\/\/api.w.org\/{rel}","templated":true}]}}