{"id":2225,"date":"2020-12-22T10:50:25","date_gmt":"2020-12-22T09:50:25","guid":{"rendered":"http:\/\/https:\/\/zozo.buyee.jp\/\/news\/?p=2225"},"modified":"2020-12-22T10:51:24","modified_gmt":"2020-12-22T09:51:24","slug":"elections-a-la-presidence-de-la-caf-le-candidat-jacques-anouma-rassure-je-matelerai-a-la-mise-en-oeuvre-de-mon-projet-ambitieux","status":"publish","type":"post","link":"https:\/\/www.amanien.info\/news\/elections-a-la-presidence-de-la-caf-le-candidat-jacques-anouma-rassure-je-matelerai-a-la-mise-en-oeuvre-de-mon-projet-ambitieux\/","title":{"rendered":"\u00c9lections \u00e0 la pr\u00e9sidence de la CAF : Le candidat, Jacques Anouma rassure : \u00a0\u00bb Je m\u2019att\u00e8lerai \u00e0 la mise en \u0153uvre de mon projet  ambitieux"},"content":{"rendered":"<p>\u00ab <i>Je m\u2019engage officiellement pour la conqu\u00eate de la pr\u00e9sidence de la Conf\u00e9d\u00e9ration Africaine de Football. La comp\u00e9tition \u00e0 laquelle nous nous engageons est capitale pour l\u2019avenir du football sur le continent. Je m\u2019at\u00e8lerai\u00a0\u00e0 la mise en \u0153uvre de mon projet ambitieux, r\u00e9aliste et viable\u00a0 pour une\u00a0 gestion moderne, responsable et transparente de la Caf <\/i><i>\u00bb a a<\/i>nnonc\u00e9\u00a0\u00a0l\u2019ivoirien, Jacques Anouma, lors d&rsquo;une conf\u00e9rence de presse qu&rsquo;il a anim\u00e9e, ce lundi 21 d\u00e9cembre 2020 \u00e0 l\u2019auditorium du minist\u00e8re des Affaires \u00e9trang\u00e8res d&rsquo;Abidjan-plateau.<\/p>\n<p>L\u2019Ancien Pr\u00e9sident de la FIF, Jacques Anouma entend ainsi \u00a0\u00bb restaurer la CAF\u00a0 gr\u00e2ce \u00e0\u00a0 une vision claire et un projet de d\u00e9veloppement innovant\u00a0\u00bb.<\/p>\n<p>L&rsquo;Ambassadeur Jacques Anouma compte sur sa strat\u00e9gie qu\u2019il appelle \u2019\u2019le sch\u00e9ma tactique de base 4.4.2 \u00e9volutif\u00a0\u00bb. Cette \u00e9quipe est compos\u00e9e d\u2019un comit\u00e9 de sages encadr\u00e9 par le gouvernement avec en sa t\u00eate le pr\u00e9sident de la R\u00e9publique, Alassane Ouattara et le Premier ministre, Hamed Bakayoko ainsi que de toute la diplomatie mise en \u0153uvre autour de cette candidature.<\/p>\n<p>A ces soutiens, s\u2019ajoute celui de l\u2019Union Nationale des Journalistes de C\u00f4te d\u2019Ivoire ( UNJCI) dont le pr\u00e9sident, Jean-Claude Coulibaly, a assur\u00e9 l\u2019engagement des journalistes pour la campagne m\u00e9diatique de cette candidature.<\/p>\n<p>Faut-il le rappeler,\u00a0 la validation des dossiers de candidatures se fera le mardi 12 janvier 2021,<\/p>\n<div>Pour ce qui est des \u00e9lections proprement dites,\u00a0 elles se tiendront le 12 mars prochain.<\/div>\n<div><\/div>\n<div><\/div>\n<div><\/div>\n<div><\/div>\n<div>Sunday ALAIN<\/div>\n","protected":false},"excerpt":{"rendered":"<p>\u00ab Je m\u2019engage officiellement pour la conqu\u00eate de la pr\u00e9sidence de la Conf\u00e9d\u00e9ration Africaine de Football. La comp\u00e9tition \u00e0 laquelle nous nous engageons est capitale pour l\u2019avenir du football sur le continent. Je m\u2019at\u00e8lerai\u00a0\u00e0 la mise en \u0153uvre de mon projet ambitieux, r\u00e9aliste et viable\u00a0 pour une\u00a0 gestion moderne, responsable et transparente de la Caf [&hellip;]<\/p>\n","protected":false},"author":2,"featured_media":2226,"comment_status":"closed","ping_status":"closed","sticky":true,"template":"","format":"standard","meta":{"_acf_changed":false,"footnotes":""},"categories":[],"tags":[],"class_list":["post-2225","post","type-post","status-publish","format-standard","has-post-thumbnail","hentry"],"acf":[],"yoast_head":"<!-- This site is optimized with the Yoast SEO plugin v27.5 - https:\/\/yoast.com\/product\/yoast-seo-wordpress\/ -->\n<title>\u00c9lections \u00e0 la pr\u00e9sidence de la CAF : Le candidat, Jacques Anouma rassure : &#039;&#039; Je m\u2019att\u00e8lerai \u00e0 la mise en \u0153uvre de mon projet ambitieux - Amanien| L&#039;actualit\u00e9 Ivoirienne et Internationale<\/title>\n<meta name=\"robots\" content=\"index, follow, max-snippet:-1, max-image-preview:large, max-video-preview:-1\" \/>\n<link rel=\"canonical\" href=\"https:\/\/www.amanien.info\/news\/elections-a-la-presidence-de-la-caf-le-candidat-jacques-anouma-rassure-je-matelerai-a-la-mise-en-oeuvre-de-mon-projet-ambitieux\/\" \/>\n<meta property=\"og:locale\" content=\"fr_FR\" \/>\n<meta property=\"og:type\" content=\"article\" \/>\n<meta property=\"og:title\" content=\"\u00c9lections \u00e0 la pr\u00e9sidence de la CAF : Le candidat, Jacques Anouma rassure : &#039;&#039; Je m\u2019att\u00e8lerai \u00e0 la mise en \u0153uvre de mon projet ambitieux - Amanien| L&#039;actualit\u00e9 Ivoirienne et Internationale\" \/>\n<meta property=\"og:description\" content=\"\u00ab Je m\u2019engage officiellement pour la conqu\u00eate de la pr\u00e9sidence de la Conf\u00e9d\u00e9ration Africaine de Football. La comp\u00e9tition \u00e0 laquelle nous nous engageons est capitale pour l\u2019avenir du football sur le continent. Je m\u2019at\u00e8lerai\u00a0\u00e0 la mise en \u0153uvre de mon projet ambitieux, r\u00e9aliste et viable\u00a0 pour une\u00a0 gestion moderne, responsable et transparente de la Caf [&hellip;]\" \/>\n<meta property=\"og:url\" content=\"https:\/\/www.amanien.info\/news\/elections-a-la-presidence-de-la-caf-le-candidat-jacques-anouma-rassure-je-matelerai-a-la-mise-en-oeuvre-de-mon-projet-ambitieux\/\" \/>\n<meta property=\"og:site_name\" content=\"Amanien| L&#039;actualit\u00e9 Ivoirienne et Internationale\" \/>\n<meta property=\"article:published_time\" content=\"2020-12-22T09:50:25+00:00\" \/>\n<meta property=\"article:modified_time\" content=\"2020-12-22T09:51:24+00:00\" \/>\n<meta property=\"og:image\" content=\"https:\/\/www.amanien.info\/news\/wp-content\/uploads\/2020\/12\/thumbnail-4.png\" \/>\n\t<meta property=\"og:image:width\" content=\"720\" \/>\n\t<meta property=\"og:image:height\" content=\"480\" \/>\n\t<meta property=\"og:image:type\" content=\"image\/png\" \/>\n<meta name=\"author\" content=\"Germain Ndri\" \/>\n<meta name=\"twitter:card\" content=\"summary_large_image\" \/>\n<meta name=\"twitter:label1\" content=\"\u00c9crit par\" \/>\n\t<meta name=\"twitter:data1\" content=\"Germain Ndri\" \/>\n\t<meta name=\"twitter:label2\" content=\"Dur\u00e9e de lecture estim\u00e9e\" \/>\n\t<meta name=\"twitter:data2\" content=\"1 minute\" \/>\n<script type=\"application\/ld+json\" class=\"yoast-schema-graph\">{\"@context\":\"https:\\\/\\\/schema.org\",\"@graph\":[{\"@type\":\"Article\",\"@id\":\"https:\\\/\\\/www.amanien.info\\\/news\\\/elections-a-la-presidence-de-la-caf-le-candidat-jacques-anouma-rassure-je-matelerai-a-la-mise-en-oeuvre-de-mon-projet-ambitieux\\\/#article\",\"isPartOf\":{\"@id\":\"https:\\\/\\\/www.amanien.info\\\/news\\\/elections-a-la-presidence-de-la-caf-le-candidat-jacques-anouma-rassure-je-matelerai-a-la-mise-en-oeuvre-de-mon-projet-ambitieux\\\/\"},\"author\":{\"name\":\"Germain Ndri\",\"@id\":\"https:\\\/\\\/www.amanien.info\\\/news\\\/#\\\/schema\\\/person\\\/b21093345753a1a98242d505bd894f42\"},\"headline\":\"\u00c9lections \u00e0 la pr\u00e9sidence de la CAF : Le candidat, Jacques Anouma rassure : \u00a0\u00bb Je m\u2019att\u00e8lerai \u00e0 la mise en \u0153uvre de mon projet ambitieux\",\"datePublished\":\"2020-12-22T09:50:25+00:00\",\"dateModified\":\"2020-12-22T09:51:24+00:00\",\"mainEntityOfPage\":{\"@id\":\"https:\\\/\\\/www.amanien.info\\\/news\\\/elections-a-la-presidence-de-la-caf-le-candidat-jacques-anouma-rassure-je-matelerai-a-la-mise-en-oeuvre-de-mon-projet-ambitieux\\\/\"},\"wordCount\":280,\"image\":{\"@id\":\"https:\\\/\\\/www.amanien.info\\\/news\\\/elections-a-la-presidence-de-la-caf-le-candidat-jacques-anouma-rassure-je-matelerai-a-la-mise-en-oeuvre-de-mon-projet-ambitieux\\\/#primaryimage\"},\"thumbnailUrl\":\"https:\\\/\\\/www.amanien.info\\\/news\\\/wp-content\\\/uploads\\\/2020\\\/12\\\/thumbnail-4.png\",\"inLanguage\":\"fr-FR\"},{\"@type\":\"WebPage\",\"@id\":\"https:\\\/\\\/www.amanien.info\\\/news\\\/elections-a-la-presidence-de-la-caf-le-candidat-jacques-anouma-rassure-je-matelerai-a-la-mise-en-oeuvre-de-mon-projet-ambitieux\\\/\",\"url\":\"https:\\\/\\\/www.amanien.info\\\/news\\\/elections-a-la-presidence-de-la-caf-le-candidat-jacques-anouma-rassure-je-matelerai-a-la-mise-en-oeuvre-de-mon-projet-ambitieux\\\/\",\"name\":\"\u00c9lections \u00e0 la pr\u00e9sidence de la CAF : Le candidat, Jacques Anouma rassure : '' Je m\u2019att\u00e8lerai \u00e0 la mise en \u0153uvre de mon projet ambitieux - Amanien| L&#039;actualit\u00e9 Ivoirienne et Internationale\",\"isPartOf\":{\"@id\":\"https:\\\/\\\/www.amanien.info\\\/news\\\/#website\"},\"primaryImageOfPage\":{\"@id\":\"https:\\\/\\\/www.amanien.info\\\/news\\\/elections-a-la-presidence-de-la-caf-le-candidat-jacques-anouma-rassure-je-matelerai-a-la-mise-en-oeuvre-de-mon-projet-ambitieux\\\/#primaryimage\"},\"image\":{\"@id\":\"https:\\\/\\\/www.amanien.info\\\/news\\\/elections-a-la-presidence-de-la-caf-le-candidat-jacques-anouma-rassure-je-matelerai-a-la-mise-en-oeuvre-de-mon-projet-ambitieux\\\/#primaryimage\"},\"thumbnailUrl\":\"https:\\\/\\\/www.amanien.info\\\/news\\\/wp-content\\\/uploads\\\/2020\\\/12\\\/thumbnail-4.png\",\"datePublished\":\"2020-12-22T09:50:25+00:00\",\"dateModified\":\"2020-12-22T09:51:24+00:00\",\"author\":{\"@id\":\"https:\\\/\\\/www.amanien.info\\\/news\\\/#\\\/schema\\\/person\\\/b21093345753a1a98242d505bd894f42\"},\"breadcrumb\":{\"@id\":\"https:\\\/\\\/www.amanien.info\\\/news\\\/elections-a-la-presidence-de-la-caf-le-candidat-jacques-anouma-rassure-je-matelerai-a-la-mise-en-oeuvre-de-mon-projet-ambitieux\\\/#breadcrumb\"},\"inLanguage\":\"fr-FR\",\"potentialAction\":[{\"@type\":\"ReadAction\",\"target\":[\"https:\\\/\\\/www.amanien.info\\\/news\\\/elections-a-la-presidence-de-la-caf-le-candidat-jacques-anouma-rassure-je-matelerai-a-la-mise-en-oeuvre-de-mon-projet-ambitieux\\\/\"]}]},{\"@type\":\"ImageObject\",\"inLanguage\":\"fr-FR\",\"@id\":\"https:\\\/\\\/www.amanien.info\\\/news\\\/elections-a-la-presidence-de-la-caf-le-candidat-jacques-anouma-rassure-je-matelerai-a-la-mise-en-oeuvre-de-mon-projet-ambitieux\\\/#primaryimage\",\"url\":\"https:\\\/\\\/www.amanien.info\\\/news\\\/wp-content\\\/uploads\\\/2020\\\/12\\\/thumbnail-4.png\",\"contentUrl\":\"https:\\\/\\\/www.amanien.info\\\/news\\\/wp-content\\\/uploads\\\/2020\\\/12\\\/thumbnail-4.png\",\"width\":720,\"height\":480},{\"@type\":\"BreadcrumbList\",\"@id\":\"https:\\\/\\\/www.amanien.info\\\/news\\\/elections-a-la-presidence-de-la-caf-le-candidat-jacques-anouma-rassure-je-matelerai-a-la-mise-en-oeuvre-de-mon-projet-ambitieux\\\/#breadcrumb\",\"itemListElement\":[{\"@type\":\"ListItem\",\"position\":1,\"name\":\"Accueil\",\"item\":\"https:\\\/\\\/www.amanien.info\\\/news\\\/\"},{\"@type\":\"ListItem\",\"position\":2,\"name\":\"\u00c9lections \u00e0 la pr\u00e9sidence de la CAF : Le candidat, Jacques Anouma rassure : \u00a0\u00bb Je m\u2019att\u00e8lerai \u00e0 la mise en \u0153uvre de mon projet ambitieux\"}]},{\"@type\":\"WebSite\",\"@id\":\"https:\\\/\\\/www.amanien.info\\\/news\\\/#website\",\"url\":\"https:\\\/\\\/www.amanien.info\\\/news\\\/\",\"name\":\"Amanien| L&#039;actualit\u00e9 Ivoirienne et Internationale\",\"description\":\"L&#039;actualit\u00e9 Ivoirienne et Internationale\",\"potentialAction\":[{\"@type\":\"SearchAction\",\"target\":{\"@type\":\"EntryPoint\",\"urlTemplate\":\"https:\\\/\\\/www.amanien.info\\\/news\\\/?s={search_term_string}\"},\"query-input\":{\"@type\":\"PropertyValueSpecification\",\"valueRequired\":true,\"valueName\":\"search_term_string\"}}],\"inLanguage\":\"fr-FR\"},{\"@type\":\"Person\",\"@id\":\"https:\\\/\\\/www.amanien.info\\\/news\\\/#\\\/schema\\\/person\\\/b21093345753a1a98242d505bd894f42\",\"name\":\"Germain Ndri\",\"url\":\"https:\\\/\\\/www.amanien.info\\\/news\\\/author\\\/amanien-infos\\\/\"}]}<\/script>\n<!-- \/ Yoast SEO plugin. -->","yoast_head_json":{"title":"\u00c9lections \u00e0 la pr\u00e9sidence de la CAF : Le candidat, Jacques Anouma rassure : '' Je m\u2019att\u00e8lerai \u00e0 la mise en \u0153uvre de mon projet ambitieux - Amanien| L&#039;actualit\u00e9 Ivoirienne et Internationale","robots":{"index":"index","follow":"follow","max-snippet":"max-snippet:-1","max-image-preview":"max-image-preview:large","max-video-preview":"max-video-preview:-1"},"canonical":"https:\/\/www.amanien.info\/news\/elections-a-la-presidence-de-la-caf-le-candidat-jacques-anouma-rassure-je-matelerai-a-la-mise-en-oeuvre-de-mon-projet-ambitieux\/","og_locale":"fr_FR","og_type":"article","og_title":"\u00c9lections \u00e0 la pr\u00e9sidence de la CAF : Le candidat, Jacques Anouma rassure : '' Je m\u2019att\u00e8lerai \u00e0 la mise en \u0153uvre de mon projet ambitieux - Amanien| L&#039;actualit\u00e9 Ivoirienne et Internationale","og_description":"\u00ab Je m\u2019engage officiellement pour la conqu\u00eate de la pr\u00e9sidence de la Conf\u00e9d\u00e9ration Africaine de Football. La comp\u00e9tition \u00e0 laquelle nous nous engageons est capitale pour l\u2019avenir du football sur le continent. Je m\u2019at\u00e8lerai\u00a0\u00e0 la mise en \u0153uvre de mon projet ambitieux, r\u00e9aliste et viable\u00a0 pour une\u00a0 gestion moderne, responsable et transparente de la Caf [&hellip;]","og_url":"https:\/\/www.amanien.info\/news\/elections-a-la-presidence-de-la-caf-le-candidat-jacques-anouma-rassure-je-matelerai-a-la-mise-en-oeuvre-de-mon-projet-ambitieux\/","og_site_name":"Amanien| L&#039;actualit\u00e9 Ivoirienne et Internationale","article_published_time":"2020-12-22T09:50:25+00:00","article_modified_time":"2020-12-22T09:51:24+00:00","og_image":[{"width":720,"height":480,"url":"https:\/\/www.amanien.info\/news\/wp-content\/uploads\/2020\/12\/thumbnail-4.png","type":"image\/png"}],"author":"Germain Ndri","twitter_card":"summary_large_image","twitter_misc":{"\u00c9crit par":"Germain Ndri","Dur\u00e9e de lecture estim\u00e9e":"1 minute"},"schema":{"@context":"https:\/\/schema.org","@graph":[{"@type":"Article","@id":"https:\/\/www.amanien.info\/news\/elections-a-la-presidence-de-la-caf-le-candidat-jacques-anouma-rassure-je-matelerai-a-la-mise-en-oeuvre-de-mon-projet-ambitieux\/#article","isPartOf":{"@id":"https:\/\/www.amanien.info\/news\/elections-a-la-presidence-de-la-caf-le-candidat-jacques-anouma-rassure-je-matelerai-a-la-mise-en-oeuvre-de-mon-projet-ambitieux\/"},"author":{"name":"Germain Ndri","@id":"https:\/\/www.amanien.info\/news\/#\/schema\/person\/b21093345753a1a98242d505bd894f42"},"headline":"\u00c9lections \u00e0 la pr\u00e9sidence de la CAF : Le candidat, Jacques Anouma rassure : \u00a0\u00bb Je m\u2019att\u00e8lerai \u00e0 la mise en \u0153uvre de mon projet ambitieux","datePublished":"2020-12-22T09:50:25+00:00","dateModified":"2020-12-22T09:51:24+00:00","mainEntityOfPage":{"@id":"https:\/\/www.amanien.info\/news\/elections-a-la-presidence-de-la-caf-le-candidat-jacques-anouma-rassure-je-matelerai-a-la-mise-en-oeuvre-de-mon-projet-ambitieux\/"},"wordCount":280,"image":{"@id":"https:\/\/www.amanien.info\/news\/elections-a-la-presidence-de-la-caf-le-candidat-jacques-anouma-rassure-je-matelerai-a-la-mise-en-oeuvre-de-mon-projet-ambitieux\/#primaryimage"},"thumbnailUrl":"https:\/\/www.amanien.info\/news\/wp-content\/uploads\/2020\/12\/thumbnail-4.png","inLanguage":"fr-FR"},{"@type":"WebPage","@id":"https:\/\/www.amanien.info\/news\/elections-a-la-presidence-de-la-caf-le-candidat-jacques-anouma-rassure-je-matelerai-a-la-mise-en-oeuvre-de-mon-projet-ambitieux\/","url":"https:\/\/www.amanien.info\/news\/elections-a-la-presidence-de-la-caf-le-candidat-jacques-anouma-rassure-je-matelerai-a-la-mise-en-oeuvre-de-mon-projet-ambitieux\/","name":"\u00c9lections \u00e0 la pr\u00e9sidence de la CAF : Le candidat, Jacques Anouma rassure : '' Je m\u2019att\u00e8lerai \u00e0 la mise en \u0153uvre de mon projet ambitieux - Amanien| L&#039;actualit\u00e9 Ivoirienne et Internationale","isPartOf":{"@id":"https:\/\/www.amanien.info\/news\/#website"},"primaryImageOfPage":{"@id":"https:\/\/www.amanien.info\/news\/elections-a-la-presidence-de-la-caf-le-candidat-jacques-anouma-rassure-je-matelerai-a-la-mise-en-oeuvre-de-mon-projet-ambitieux\/#primaryimage"},"image":{"@id":"https:\/\/www.amanien.info\/news\/elections-a-la-presidence-de-la-caf-le-candidat-jacques-anouma-rassure-je-matelerai-a-la-mise-en-oeuvre-de-mon-projet-ambitieux\/#primaryimage"},"thumbnailUrl":"https:\/\/www.amanien.info\/news\/wp-content\/uploads\/2020\/12\/thumbnail-4.png","datePublished":"2020-12-22T09:50:25+00:00","dateModified":"2020-12-22T09:51:24+00:00","author":{"@id":"https:\/\/www.amanien.info\/news\/#\/schema\/person\/b21093345753a1a98242d505bd894f42"},"breadcrumb":{"@id":"https:\/\/www.amanien.info\/news\/elections-a-la-presidence-de-la-caf-le-candidat-jacques-anouma-rassure-je-matelerai-a-la-mise-en-oeuvre-de-mon-projet-ambitieux\/#breadcrumb"},"inLanguage":"fr-FR","potentialAction":[{"@type":"ReadAction","target":["https:\/\/www.amanien.info\/news\/elections-a-la-presidence-de-la-caf-le-candidat-jacques-anouma-rassure-je-matelerai-a-la-mise-en-oeuvre-de-mon-projet-ambitieux\/"]}]},{"@type":"ImageObject","inLanguage":"fr-FR","@id":"https:\/\/www.amanien.info\/news\/elections-a-la-presidence-de-la-caf-le-candidat-jacques-anouma-rassure-je-matelerai-a-la-mise-en-oeuvre-de-mon-projet-ambitieux\/#primaryimage","url":"https:\/\/www.amanien.info\/news\/wp-content\/uploads\/2020\/12\/thumbnail-4.png","contentUrl":"https:\/\/www.amanien.info\/news\/wp-content\/uploads\/2020\/12\/thumbnail-4.png","width":720,"height":480},{"@type":"BreadcrumbList","@id":"https:\/\/www.amanien.info\/news\/elections-a-la-presidence-de-la-caf-le-candidat-jacques-anouma-rassure-je-matelerai-a-la-mise-en-oeuvre-de-mon-projet-ambitieux\/#breadcrumb","itemListElement":[{"@type":"ListItem","position":1,"name":"Accueil","item":"https:\/\/www.amanien.info\/news\/"},{"@type":"ListItem","position":2,"name":"\u00c9lections \u00e0 la pr\u00e9sidence de la CAF : Le candidat, Jacques Anouma rassure : \u00a0\u00bb Je m\u2019att\u00e8lerai \u00e0 la mise en \u0153uvre de mon projet ambitieux"}]},{"@type":"WebSite","@id":"https:\/\/www.amanien.info\/news\/#website","url":"https:\/\/www.amanien.info\/news\/","name":"Amanien| L&#039;actualit\u00e9 Ivoirienne et Internationale","description":"L&#039;actualit\u00e9 Ivoirienne et Internationale","potentialAction":[{"@type":"SearchAction","target":{"@type":"EntryPoint","urlTemplate":"https:\/\/www.amanien.info\/news\/?s={search_term_string}"},"query-input":{"@type":"PropertyValueSpecification","valueRequired":true,"valueName":"search_term_string"}}],"inLanguage":"fr-FR"},{"@type":"Person","@id":"https:\/\/www.amanien.info\/news\/#\/schema\/person\/b21093345753a1a98242d505bd894f42","name":"Germain Ndri","url":"https:\/\/www.amanien.info\/news\/author\/amanien-infos\/"}]}},"_links":{"self":[{"href":"https:\/\/www.amanien.info\/news\/wp-json\/wp\/v2\/posts\/2225","targetHints":{"allow":["GET"]}}],"collection":[{"href":"https:\/\/www.amanien.info\/news\/wp-json\/wp\/v2\/posts"}],"about":[{"href":"https:\/\/www.amanien.info\/news\/wp-json\/wp\/v2\/types\/post"}],"author":[{"embeddable":true,"href":"https:\/\/www.amanien.info\/news\/wp-json\/wp\/v2\/users\/2"}],"replies":[{"embeddable":true,"href":"https:\/\/www.amanien.info\/news\/wp-json\/wp\/v2\/comments?post=2225"}],"version-history":[{"count":0,"href":"https:\/\/www.amanien.info\/news\/wp-json\/wp\/v2\/posts\/2225\/revisions"}],"wp:featuredmedia":[{"embeddable":true,"href":"https:\/\/www.amanien.info\/news\/wp-json\/wp\/v2\/media\/2226"}],"wp:attachment":[{"href":"https:\/\/www.amanien.info\/news\/wp-json\/wp\/v2\/media?parent=2225"}],"wp:term":[{"taxonomy":"category","embeddable":true,"href":"https:\/\/www.amanien.info\/news\/wp-json\/wp\/v2\/categories?post=2225"},{"taxonomy":"post_tag","embeddable":true,"href":"https:\/\/www.amanien.info\/news\/wp-json\/wp\/v2\/tags?post=2225"}],"curies":[{"name":"wp","href":"https:\/\/api.w.org\/{rel}","templated":true}]}}