{"id":2142,"date":"2020-11-26T09:46:35","date_gmt":"2020-11-26T08:46:35","guid":{"rendered":"http:\/\/https:\/\/zozo.buyee.jp\/\/news\/?p=2142"},"modified":"2020-11-26T09:46:54","modified_gmt":"2020-11-26T08:46:54","slug":"eglise-du-christianisme-celeste-la-paroisse-saint-raphael-celebre-sa-40eme-fete-des-moissons","status":"publish","type":"post","link":"https:\/\/www.amanien.info\/news\/eglise-du-christianisme-celeste-la-paroisse-saint-raphael-celebre-sa-40eme-fete-des-moissons\/","title":{"rendered":"\u00c9glise du christianisme c\u00e9leste: La paroisse Saint Rapha\u00ebl c\u00e9l\u00e8bre sa 40\u00e8me f\u00eate des moissons"},"content":{"rendered":"<p>La paroisse Saint Rapha\u00ebl de vridi, va c\u00e9l\u00e9brer le dimanche 29 novembre, sa 40\u00e8me f\u00eate des moissons. Lors d&rsquo; une conf\u00e9rence de presse organis\u00e9e le mercredi 25 novembre sur ladite paroisse, le r\u00e9v\u00e9rend pasteur Ediemou Blin Jacob, s&rsquo; est dit heureux de voir se r\u00e9aliser cet \u00e9v\u00e9nement. \u00a0\u00bb Dieu nous permet de faire ce qu&rsquo; aucune paroisse n&rsquo; a fait, c\u00e9l\u00e9brer sans interruption 40 f\u00eate des moissons. Nous ne pouvons que rendre gloire \u00e0 Dieu\u00a0\u00bb a dit le pr\u00e9sident de l&rsquo;\u00e9glise du christianisme c\u00e9leste de C\u00f4te d&rsquo;Ivoire. Il a rappel\u00e9 que cette \u00e9glise a \u00e9t\u00e9 cr\u00e9\u00e9e le 29 septembre 1949 \u00e0 Porto Novo au B\u00e9nin, par le proph\u00e8te Oschoffa. \u00a0\u00bb Il a plu au Seigneur J\u00e9sus de fonder l&rsquo;\u00e9glise du christianisme c\u00e9leste, \u00e9glise africaine, o\u00f9 l&rsquo; on doit adorer Dieu seul, afin que le diable ne nous touche pas. Il n&rsquo; y a pas un continent o\u00f9 il n&rsquo; y a pas cette \u00e9glise\u00a0\u00bb a soulign\u00e9 le pasteur Ediemou.<\/p>\n<p>Il a ajout\u00e9 qu&rsquo; apr\u00e8s sa rencontre avec le proph\u00e8te Oschoffa au Nigeria en 1975, sa vie a chang\u00e9. \u00a0\u00bb En 1978, le proph\u00e8te m&rsquo; as demand\u00e9 de ne plus travailler et de me consacrer \u00e0 l&rsquo; \u00e9glise. J&rsquo; ai laiss\u00e9 mes fonctions d&rsquo; attach\u00e9 de cabinet du ministre Sery Gnoleba pour me consacrer \u00e0 l&rsquo; \u00e9glise et ob\u00e9ir ainsi au proph\u00e8te Oschoffa. C&rsquo;est lui m\u00eame qui a envoy\u00e9 l&rsquo;\u00e9glise en C\u00f4te d&rsquo;Ivoire en 1981. La 1\u00e8re f\u00eate des moissons a \u00e9t\u00e9 c\u00e9l\u00e9br\u00e9e sur cette paroisse le 29 novembre 1981&Prime; a-t-il indiqu\u00e9. Il a rappel\u00e9 que le pr\u00e9sident Houphou\u00ebt Boigny disait que c&rsquo; \u00e9tait l&rsquo;\u00e9glise d&rsquo; Ediemou. Selon le conf\u00e9rencier, le proph\u00e8te Oschoffa est parti en exil au Nigeria le 7 janvier 1976. Tandis que la vierge Marie s&rsquo; est r\u00e9v\u00e9l\u00e9e \u00e0 lui en 1977. Il a \u00e9voqu\u00e9 l&rsquo; importance des chiffres dans l&rsquo; \u00e9glise, dont les 7 alleluyas que les fid\u00e8les r\u00e9citent dans les quatre points cardinaux \u00e0 la fin de chaque pri\u00e8re. La f\u00eate des moissons est le 6\u00e8me sacr\u00e9ment de l&rsquo;\u00e9glise du christianisme c\u00e9leste. \u00a0\u00bb La charit\u00e9 couvre une multitude de p\u00e9ch\u00e9s. C&rsquo;est la c\u00e9r\u00e9monie du donner et du recevoir. C&rsquo; est un don \u00e0 Dieu \u00e0 travers la vente de charit\u00e9\u00a0\u00bb a dit le r\u00e9v\u00e9rend pasteur Ediemou.Il a not\u00e9 que Cette 40\u00e8me f\u00eate des moissons \u00e0 un caract\u00e8re particulier.<br \/>\nIl a relev\u00e9 qu&rsquo; en 2020, le diable a montr\u00e9 sa puissance \u00e0 travers la covid19 et invit\u00e9 chaque croyant \u00e0 prier pour la paix en C\u00f4te d&rsquo;Ivoire, en cette fin d&rsquo; ann\u00e9e.\u00a0\u00bb Le pr\u00e9sident Houphou\u00ebt nous a laiss\u00e9 la paix comme seconde religion. Les pr\u00e9sidents Alassane et B\u00e9di\u00e9 ont fait un geste fort en se rencontrant \u00e0 l&rsquo; h\u00f4tel du Golf.Je remercie Alassane d&rsquo; avoir tendu la main \u00e0 B\u00e9di\u00e9 et je le remercie d&rsquo; avoir saisi la main tendue du pr\u00e9sident Alassane. Pour moi, c&rsquo;est un signe divin\u00a0\u00bb a-t-il dit.<br \/>\nCalvin Wandji<\/p>\n","protected":false},"excerpt":{"rendered":"<p>La paroisse Saint Rapha\u00ebl de vridi, va c\u00e9l\u00e9brer le dimanche 29 novembre, sa 40\u00e8me f\u00eate des moissons. Lors d&rsquo; une conf\u00e9rence de presse organis\u00e9e le mercredi 25 novembre sur ladite paroisse, le r\u00e9v\u00e9rend pasteur Ediemou Blin Jacob, s&rsquo; est dit heureux de voir se r\u00e9aliser cet \u00e9v\u00e9nement. \u00a0\u00bb Dieu nous permet de faire ce qu&rsquo; [&hellip;]<\/p>\n","protected":false},"author":2,"featured_media":2143,"comment_status":"closed","ping_status":"closed","sticky":true,"template":"","format":"standard","meta":{"_acf_changed":false,"footnotes":""},"categories":[],"tags":[],"class_list":["post-2142","post","type-post","status-publish","format-standard","has-post-thumbnail","hentry"],"acf":[],"yoast_head":"<!-- This site is optimized with the Yoast SEO plugin v27.5 - https:\/\/yoast.com\/product\/yoast-seo-wordpress\/ -->\n<title>\u00c9glise du christianisme c\u00e9leste: La paroisse Saint Rapha\u00ebl c\u00e9l\u00e8bre sa 40\u00e8me f\u00eate des moissons - Amanien| L&#039;actualit\u00e9 Ivoirienne et Internationale<\/title>\n<meta name=\"robots\" content=\"index, follow, max-snippet:-1, max-image-preview:large, max-video-preview:-1\" \/>\n<link rel=\"canonical\" href=\"https:\/\/www.amanien.info\/news\/eglise-du-christianisme-celeste-la-paroisse-saint-raphael-celebre-sa-40eme-fete-des-moissons\/\" \/>\n<meta property=\"og:locale\" content=\"fr_FR\" \/>\n<meta property=\"og:type\" content=\"article\" \/>\n<meta property=\"og:title\" content=\"\u00c9glise du christianisme c\u00e9leste: La paroisse Saint Rapha\u00ebl c\u00e9l\u00e8bre sa 40\u00e8me f\u00eate des moissons - Amanien| L&#039;actualit\u00e9 Ivoirienne et Internationale\" \/>\n<meta property=\"og:description\" content=\"La paroisse Saint Rapha\u00ebl de vridi, va c\u00e9l\u00e9brer le dimanche 29 novembre, sa 40\u00e8me f\u00eate des moissons. Lors d&rsquo; une conf\u00e9rence de presse organis\u00e9e le mercredi 25 novembre sur ladite paroisse, le r\u00e9v\u00e9rend pasteur Ediemou Blin Jacob, s&rsquo; est dit heureux de voir se r\u00e9aliser cet \u00e9v\u00e9nement. \u00a0\u00bb Dieu nous permet de faire ce qu&rsquo; [&hellip;]\" \/>\n<meta property=\"og:url\" content=\"https:\/\/www.amanien.info\/news\/eglise-du-christianisme-celeste-la-paroisse-saint-raphael-celebre-sa-40eme-fete-des-moissons\/\" \/>\n<meta property=\"og:site_name\" content=\"Amanien| L&#039;actualit\u00e9 Ivoirienne et Internationale\" \/>\n<meta property=\"article:published_time\" content=\"2020-11-26T08:46:35+00:00\" \/>\n<meta property=\"article:modified_time\" content=\"2020-11-26T08:46:54+00:00\" \/>\n<meta property=\"og:image\" content=\"https:\/\/www.amanien.info\/news\/wp-content\/uploads\/2020\/11\/thumbnail-8.jpg\" \/>\n\t<meta property=\"og:image:width\" content=\"1080\" \/>\n\t<meta property=\"og:image:height\" content=\"608\" \/>\n\t<meta property=\"og:image:type\" content=\"image\/jpeg\" \/>\n<meta name=\"author\" content=\"Germain Ndri\" \/>\n<meta name=\"twitter:card\" content=\"summary_large_image\" \/>\n<meta name=\"twitter:label1\" content=\"\u00c9crit par\" \/>\n\t<meta name=\"twitter:data1\" content=\"Germain Ndri\" \/>\n\t<meta name=\"twitter:label2\" content=\"Dur\u00e9e de lecture estim\u00e9e\" \/>\n\t<meta name=\"twitter:data2\" content=\"3 minutes\" \/>\n<script type=\"application\/ld+json\" class=\"yoast-schema-graph\">{\"@context\":\"https:\\\/\\\/schema.org\",\"@graph\":[{\"@type\":\"Article\",\"@id\":\"https:\\\/\\\/www.amanien.info\\\/news\\\/eglise-du-christianisme-celeste-la-paroisse-saint-raphael-celebre-sa-40eme-fete-des-moissons\\\/#article\",\"isPartOf\":{\"@id\":\"https:\\\/\\\/www.amanien.info\\\/news\\\/eglise-du-christianisme-celeste-la-paroisse-saint-raphael-celebre-sa-40eme-fete-des-moissons\\\/\"},\"author\":{\"name\":\"Germain Ndri\",\"@id\":\"https:\\\/\\\/www.amanien.info\\\/news\\\/#\\\/schema\\\/person\\\/b21093345753a1a98242d505bd894f42\"},\"headline\":\"\u00c9glise du christianisme c\u00e9leste: La paroisse Saint Rapha\u00ebl c\u00e9l\u00e8bre sa 40\u00e8me f\u00eate des moissons\",\"datePublished\":\"2020-11-26T08:46:35+00:00\",\"dateModified\":\"2020-11-26T08:46:54+00:00\",\"mainEntityOfPage\":{\"@id\":\"https:\\\/\\\/www.amanien.info\\\/news\\\/eglise-du-christianisme-celeste-la-paroisse-saint-raphael-celebre-sa-40eme-fete-des-moissons\\\/\"},\"wordCount\":538,\"image\":{\"@id\":\"https:\\\/\\\/www.amanien.info\\\/news\\\/eglise-du-christianisme-celeste-la-paroisse-saint-raphael-celebre-sa-40eme-fete-des-moissons\\\/#primaryimage\"},\"thumbnailUrl\":\"https:\\\/\\\/www.amanien.info\\\/news\\\/wp-content\\\/uploads\\\/2020\\\/11\\\/thumbnail-8.jpg\",\"inLanguage\":\"fr-FR\"},{\"@type\":\"WebPage\",\"@id\":\"https:\\\/\\\/www.amanien.info\\\/news\\\/eglise-du-christianisme-celeste-la-paroisse-saint-raphael-celebre-sa-40eme-fete-des-moissons\\\/\",\"url\":\"https:\\\/\\\/www.amanien.info\\\/news\\\/eglise-du-christianisme-celeste-la-paroisse-saint-raphael-celebre-sa-40eme-fete-des-moissons\\\/\",\"name\":\"\u00c9glise du christianisme c\u00e9leste: La paroisse Saint Rapha\u00ebl c\u00e9l\u00e8bre sa 40\u00e8me f\u00eate des moissons - Amanien| L&#039;actualit\u00e9 Ivoirienne et Internationale\",\"isPartOf\":{\"@id\":\"https:\\\/\\\/www.amanien.info\\\/news\\\/#website\"},\"primaryImageOfPage\":{\"@id\":\"https:\\\/\\\/www.amanien.info\\\/news\\\/eglise-du-christianisme-celeste-la-paroisse-saint-raphael-celebre-sa-40eme-fete-des-moissons\\\/#primaryimage\"},\"image\":{\"@id\":\"https:\\\/\\\/www.amanien.info\\\/news\\\/eglise-du-christianisme-celeste-la-paroisse-saint-raphael-celebre-sa-40eme-fete-des-moissons\\\/#primaryimage\"},\"thumbnailUrl\":\"https:\\\/\\\/www.amanien.info\\\/news\\\/wp-content\\\/uploads\\\/2020\\\/11\\\/thumbnail-8.jpg\",\"datePublished\":\"2020-11-26T08:46:35+00:00\",\"dateModified\":\"2020-11-26T08:46:54+00:00\",\"author\":{\"@id\":\"https:\\\/\\\/www.amanien.info\\\/news\\\/#\\\/schema\\\/person\\\/b21093345753a1a98242d505bd894f42\"},\"breadcrumb\":{\"@id\":\"https:\\\/\\\/www.amanien.info\\\/news\\\/eglise-du-christianisme-celeste-la-paroisse-saint-raphael-celebre-sa-40eme-fete-des-moissons\\\/#breadcrumb\"},\"inLanguage\":\"fr-FR\",\"potentialAction\":[{\"@type\":\"ReadAction\",\"target\":[\"https:\\\/\\\/www.amanien.info\\\/news\\\/eglise-du-christianisme-celeste-la-paroisse-saint-raphael-celebre-sa-40eme-fete-des-moissons\\\/\"]}]},{\"@type\":\"ImageObject\",\"inLanguage\":\"fr-FR\",\"@id\":\"https:\\\/\\\/www.amanien.info\\\/news\\\/eglise-du-christianisme-celeste-la-paroisse-saint-raphael-celebre-sa-40eme-fete-des-moissons\\\/#primaryimage\",\"url\":\"https:\\\/\\\/www.amanien.info\\\/news\\\/wp-content\\\/uploads\\\/2020\\\/11\\\/thumbnail-8.jpg\",\"contentUrl\":\"https:\\\/\\\/www.amanien.info\\\/news\\\/wp-content\\\/uploads\\\/2020\\\/11\\\/thumbnail-8.jpg\",\"width\":1080,\"height\":608},{\"@type\":\"BreadcrumbList\",\"@id\":\"https:\\\/\\\/www.amanien.info\\\/news\\\/eglise-du-christianisme-celeste-la-paroisse-saint-raphael-celebre-sa-40eme-fete-des-moissons\\\/#breadcrumb\",\"itemListElement\":[{\"@type\":\"ListItem\",\"position\":1,\"name\":\"Accueil\",\"item\":\"https:\\\/\\\/www.amanien.info\\\/news\\\/\"},{\"@type\":\"ListItem\",\"position\":2,\"name\":\"\u00c9glise du christianisme c\u00e9leste: La paroisse Saint Rapha\u00ebl c\u00e9l\u00e8bre sa 40\u00e8me f\u00eate des moissons\"}]},{\"@type\":\"WebSite\",\"@id\":\"https:\\\/\\\/www.amanien.info\\\/news\\\/#website\",\"url\":\"https:\\\/\\\/www.amanien.info\\\/news\\\/\",\"name\":\"Amanien| L&#039;actualit\u00e9 Ivoirienne et Internationale\",\"description\":\"L&#039;actualit\u00e9 Ivoirienne et Internationale\",\"potentialAction\":[{\"@type\":\"SearchAction\",\"target\":{\"@type\":\"EntryPoint\",\"urlTemplate\":\"https:\\\/\\\/www.amanien.info\\\/news\\\/?s={search_term_string}\"},\"query-input\":{\"@type\":\"PropertyValueSpecification\",\"valueRequired\":true,\"valueName\":\"search_term_string\"}}],\"inLanguage\":\"fr-FR\"},{\"@type\":\"Person\",\"@id\":\"https:\\\/\\\/www.amanien.info\\\/news\\\/#\\\/schema\\\/person\\\/b21093345753a1a98242d505bd894f42\",\"name\":\"Germain Ndri\",\"url\":\"https:\\\/\\\/www.amanien.info\\\/news\\\/author\\\/amanien-infos\\\/\"}]}<\/script>\n<!-- \/ Yoast SEO plugin. -->","yoast_head_json":{"title":"\u00c9glise du christianisme c\u00e9leste: La paroisse Saint Rapha\u00ebl c\u00e9l\u00e8bre sa 40\u00e8me f\u00eate des moissons - Amanien| L&#039;actualit\u00e9 Ivoirienne et Internationale","robots":{"index":"index","follow":"follow","max-snippet":"max-snippet:-1","max-image-preview":"max-image-preview:large","max-video-preview":"max-video-preview:-1"},"canonical":"https:\/\/www.amanien.info\/news\/eglise-du-christianisme-celeste-la-paroisse-saint-raphael-celebre-sa-40eme-fete-des-moissons\/","og_locale":"fr_FR","og_type":"article","og_title":"\u00c9glise du christianisme c\u00e9leste: La paroisse Saint Rapha\u00ebl c\u00e9l\u00e8bre sa 40\u00e8me f\u00eate des moissons - Amanien| L&#039;actualit\u00e9 Ivoirienne et Internationale","og_description":"La paroisse Saint Rapha\u00ebl de vridi, va c\u00e9l\u00e9brer le dimanche 29 novembre, sa 40\u00e8me f\u00eate des moissons. Lors d&rsquo; une conf\u00e9rence de presse organis\u00e9e le mercredi 25 novembre sur ladite paroisse, le r\u00e9v\u00e9rend pasteur Ediemou Blin Jacob, s&rsquo; est dit heureux de voir se r\u00e9aliser cet \u00e9v\u00e9nement. \u00a0\u00bb Dieu nous permet de faire ce qu&rsquo; [&hellip;]","og_url":"https:\/\/www.amanien.info\/news\/eglise-du-christianisme-celeste-la-paroisse-saint-raphael-celebre-sa-40eme-fete-des-moissons\/","og_site_name":"Amanien| L&#039;actualit\u00e9 Ivoirienne et Internationale","article_published_time":"2020-11-26T08:46:35+00:00","article_modified_time":"2020-11-26T08:46:54+00:00","og_image":[{"width":1080,"height":608,"url":"https:\/\/www.amanien.info\/news\/wp-content\/uploads\/2020\/11\/thumbnail-8.jpg","type":"image\/jpeg"}],"author":"Germain Ndri","twitter_card":"summary_large_image","twitter_misc":{"\u00c9crit par":"Germain Ndri","Dur\u00e9e de lecture estim\u00e9e":"3 minutes"},"schema":{"@context":"https:\/\/schema.org","@graph":[{"@type":"Article","@id":"https:\/\/www.amanien.info\/news\/eglise-du-christianisme-celeste-la-paroisse-saint-raphael-celebre-sa-40eme-fete-des-moissons\/#article","isPartOf":{"@id":"https:\/\/www.amanien.info\/news\/eglise-du-christianisme-celeste-la-paroisse-saint-raphael-celebre-sa-40eme-fete-des-moissons\/"},"author":{"name":"Germain Ndri","@id":"https:\/\/www.amanien.info\/news\/#\/schema\/person\/b21093345753a1a98242d505bd894f42"},"headline":"\u00c9glise du christianisme c\u00e9leste: La paroisse Saint Rapha\u00ebl c\u00e9l\u00e8bre sa 40\u00e8me f\u00eate des moissons","datePublished":"2020-11-26T08:46:35+00:00","dateModified":"2020-11-26T08:46:54+00:00","mainEntityOfPage":{"@id":"https:\/\/www.amanien.info\/news\/eglise-du-christianisme-celeste-la-paroisse-saint-raphael-celebre-sa-40eme-fete-des-moissons\/"},"wordCount":538,"image":{"@id":"https:\/\/www.amanien.info\/news\/eglise-du-christianisme-celeste-la-paroisse-saint-raphael-celebre-sa-40eme-fete-des-moissons\/#primaryimage"},"thumbnailUrl":"https:\/\/www.amanien.info\/news\/wp-content\/uploads\/2020\/11\/thumbnail-8.jpg","inLanguage":"fr-FR"},{"@type":"WebPage","@id":"https:\/\/www.amanien.info\/news\/eglise-du-christianisme-celeste-la-paroisse-saint-raphael-celebre-sa-40eme-fete-des-moissons\/","url":"https:\/\/www.amanien.info\/news\/eglise-du-christianisme-celeste-la-paroisse-saint-raphael-celebre-sa-40eme-fete-des-moissons\/","name":"\u00c9glise du christianisme c\u00e9leste: La paroisse Saint Rapha\u00ebl c\u00e9l\u00e8bre sa 40\u00e8me f\u00eate des moissons - Amanien| L&#039;actualit\u00e9 Ivoirienne et Internationale","isPartOf":{"@id":"https:\/\/www.amanien.info\/news\/#website"},"primaryImageOfPage":{"@id":"https:\/\/www.amanien.info\/news\/eglise-du-christianisme-celeste-la-paroisse-saint-raphael-celebre-sa-40eme-fete-des-moissons\/#primaryimage"},"image":{"@id":"https:\/\/www.amanien.info\/news\/eglise-du-christianisme-celeste-la-paroisse-saint-raphael-celebre-sa-40eme-fete-des-moissons\/#primaryimage"},"thumbnailUrl":"https:\/\/www.amanien.info\/news\/wp-content\/uploads\/2020\/11\/thumbnail-8.jpg","datePublished":"2020-11-26T08:46:35+00:00","dateModified":"2020-11-26T08:46:54+00:00","author":{"@id":"https:\/\/www.amanien.info\/news\/#\/schema\/person\/b21093345753a1a98242d505bd894f42"},"breadcrumb":{"@id":"https:\/\/www.amanien.info\/news\/eglise-du-christianisme-celeste-la-paroisse-saint-raphael-celebre-sa-40eme-fete-des-moissons\/#breadcrumb"},"inLanguage":"fr-FR","potentialAction":[{"@type":"ReadAction","target":["https:\/\/www.amanien.info\/news\/eglise-du-christianisme-celeste-la-paroisse-saint-raphael-celebre-sa-40eme-fete-des-moissons\/"]}]},{"@type":"ImageObject","inLanguage":"fr-FR","@id":"https:\/\/www.amanien.info\/news\/eglise-du-christianisme-celeste-la-paroisse-saint-raphael-celebre-sa-40eme-fete-des-moissons\/#primaryimage","url":"https:\/\/www.amanien.info\/news\/wp-content\/uploads\/2020\/11\/thumbnail-8.jpg","contentUrl":"https:\/\/www.amanien.info\/news\/wp-content\/uploads\/2020\/11\/thumbnail-8.jpg","width":1080,"height":608},{"@type":"BreadcrumbList","@id":"https:\/\/www.amanien.info\/news\/eglise-du-christianisme-celeste-la-paroisse-saint-raphael-celebre-sa-40eme-fete-des-moissons\/#breadcrumb","itemListElement":[{"@type":"ListItem","position":1,"name":"Accueil","item":"https:\/\/www.amanien.info\/news\/"},{"@type":"ListItem","position":2,"name":"\u00c9glise du christianisme c\u00e9leste: La paroisse Saint Rapha\u00ebl c\u00e9l\u00e8bre sa 40\u00e8me f\u00eate des moissons"}]},{"@type":"WebSite","@id":"https:\/\/www.amanien.info\/news\/#website","url":"https:\/\/www.amanien.info\/news\/","name":"Amanien| L&#039;actualit\u00e9 Ivoirienne et Internationale","description":"L&#039;actualit\u00e9 Ivoirienne et Internationale","potentialAction":[{"@type":"SearchAction","target":{"@type":"EntryPoint","urlTemplate":"https:\/\/www.amanien.info\/news\/?s={search_term_string}"},"query-input":{"@type":"PropertyValueSpecification","valueRequired":true,"valueName":"search_term_string"}}],"inLanguage":"fr-FR"},{"@type":"Person","@id":"https:\/\/www.amanien.info\/news\/#\/schema\/person\/b21093345753a1a98242d505bd894f42","name":"Germain Ndri","url":"https:\/\/www.amanien.info\/news\/author\/amanien-infos\/"}]}},"_links":{"self":[{"href":"https:\/\/www.amanien.info\/news\/wp-json\/wp\/v2\/posts\/2142","targetHints":{"allow":["GET"]}}],"collection":[{"href":"https:\/\/www.amanien.info\/news\/wp-json\/wp\/v2\/posts"}],"about":[{"href":"https:\/\/www.amanien.info\/news\/wp-json\/wp\/v2\/types\/post"}],"author":[{"embeddable":true,"href":"https:\/\/www.amanien.info\/news\/wp-json\/wp\/v2\/users\/2"}],"replies":[{"embeddable":true,"href":"https:\/\/www.amanien.info\/news\/wp-json\/wp\/v2\/comments?post=2142"}],"version-history":[{"count":0,"href":"https:\/\/www.amanien.info\/news\/wp-json\/wp\/v2\/posts\/2142\/revisions"}],"wp:featuredmedia":[{"embeddable":true,"href":"https:\/\/www.amanien.info\/news\/wp-json\/wp\/v2\/media\/2143"}],"wp:attachment":[{"href":"https:\/\/www.amanien.info\/news\/wp-json\/wp\/v2\/media?parent=2142"}],"wp:term":[{"taxonomy":"category","embeddable":true,"href":"https:\/\/www.amanien.info\/news\/wp-json\/wp\/v2\/categories?post=2142"},{"taxonomy":"post_tag","embeddable":true,"href":"https:\/\/www.amanien.info\/news\/wp-json\/wp\/v2\/tags?post=2142"}],"curies":[{"name":"wp","href":"https:\/\/api.w.org\/{rel}","templated":true}]}}